{"id":2113,"date":"2015-05-11T00:01:00","date_gmt":"2015-05-11T00:01:00","guid":{"rendered":"https:\/\/ouiouiblog.wordpress.com\/?p=2113"},"modified":"2015-09-01T16:39:58","modified_gmt":"2015-09-01T14:39:58","slug":"el-cesto-cuna-que-es-cuna-portatil","status":"publish","type":"post","link":"https:\/\/oui-oui.es\/blog\/el-cesto-cuna-que-es-cuna-portatil\/","title":{"rendered":"El cesto-cuna que es cuna port\u00e1til"},"content":{"rendered":"<p><a href=\"http:\/\/www.nestasnest.com\/\"><img loading=\"lazy\" decoding=\"async\" class=\"aligncenter size-full wp-image-2117\" src=\"https:\/\/ouiouiblog.files.wordpress.com\/2015\/04\/oui-oui-cuna-portatil-bebe-cuna-meter-dentro-de-la-cama-cuna-viaje-bebe-nestas-nest-4.jpg\" alt=\"Oui Oui-cuna portatil bebe-cuna meter dentro de la cama-cuna viaje bebe-nestas nest (4)\" width=\"580\" height=\"580\" \/><\/a><\/p>\n<p>Nunca me han gustado mucho las <strong>cunas de viaje<\/strong>, me parece que ocupan much\u00edsimo en el coche, son un rollo de montar (es verdad que cuando le coges el truquillo son dos pasos, pero a\u00fan as\u00ed, no me gustan, llamadme rara), pero son \u00fatiles, sobretodo cuando tu beb\u00e9 va creciendo y no cabe en el carrito (nosotros ten\u00edamos un capazo enorme y al principio pod\u00eda dormir ah\u00ed) y si quieres viajar sin problemas, pues tienes que llev\u00e1rtela.<\/p>\n<p><a href=\"https:\/\/ouiouiblog.files.wordpress.com\/2015\/04\/oui-oui-cuna-de-viaje-nesta-nest.png\"><img loading=\"lazy\" decoding=\"async\" class=\"aligncenter size-large wp-image-2118\" src=\"https:\/\/ouiouiblog.files.wordpress.com\/2015\/04\/oui-oui-cuna-de-viaje-nesta-nest.png?w=660\" alt=\"Oui Oui-cuna de viaje Nesta Nest\" width=\"660\" height=\"327\" \/><\/a><\/p>\n<p>El caso es que durante el embarazo vi una <strong>cuna de viaje peque\u00f1a, para beb\u00e9s, modo capazo<\/strong>, para poner dentro de la cama de los padres, pero entre ellos, as\u00ed podr\u00eda dormir junto a ellos, en la cama de un hotel, pero si que fuera peligroso a la vez que dejara descansar a los padres, no la he vuelto a ver y estoy en su b\u00fasqueda, quiz\u00e1s para el siguiente, pero he encontrado otra cuna que quiz\u00e1s pueda cubrir la misma necesidad, es un poco m\u00e1s grande (pues en realidad va encima de unas patas), pero me ha gustado el dise\u00f1o, el tejido y, tambi\u00e9n, que puedes usarla despu\u00e9s como cesto de juguetes!<\/p>\n<p><a href=\"http:\/\/www.nestasnest.com\/\"><img loading=\"lazy\" decoding=\"async\" class=\"aligncenter size-full wp-image-2114\" src=\"https:\/\/ouiouiblog.files.wordpress.com\/2015\/04\/oui-oui-cuna-portatil-bebe-cuna-meter-dentro-de-la-cama-cuna-viaje-bebe-nestas-nest-1.jpg\" alt=\"Oui Oui-cuna portatil bebe-cuna meter dentro de la cama-cuna viaje bebe-nestas nest (1)\" width=\"640\" height=\"307\" \/><\/a><\/p>\n<p>Se trata de la cuna port\u00e1til\u00a0<em><strong><a href=\"http:\/\/www.nestasnest.com\/\" target=\"_blank\">Nesta\u2019s Nest<\/a> , <\/strong><\/em>una cuna de viaje para beb\u00e9s que luego puedes reutilizar como cesto para lo que quieras.\u00a0La cuna est\u00e1 realizada con fieltro 100% de algod\u00f3n y cosida a mano a una plancha acolchada de madera de abedul.<\/p>\n<p><a href=\"https:\/\/ouiouiblog.files.wordpress.com\/2015\/04\/oui-oui-cuna-portatil-bebe-cuna-meter-dentro-de-la-cama-cuna-viaje-bebe-nestas-nest-2.jpg\"><img loading=\"lazy\" decoding=\"async\" class=\"aligncenter size-full wp-image-2115\" src=\"https:\/\/ouiouiblog.files.wordpress.com\/2015\/04\/oui-oui-cuna-portatil-bebe-cuna-meter-dentro-de-la-cama-cuna-viaje-bebe-nestas-nest-2.jpg\" alt=\"Oui Oui-cuna portatil bebe-cuna meter dentro de la cama-cuna viaje bebe-nestas nest (2)\" width=\"640\" height=\"275\" \/><\/a><\/p>\n<p>Y queda as\u00ed de bonita como cesto de juguetes!<\/p>\n<p><a href=\"http:\/\/www.nestasnest.com\/\"><img loading=\"lazy\" decoding=\"async\" class=\"aligncenter size-full wp-image-2116\" src=\"https:\/\/ouiouiblog.files.wordpress.com\/2015\/04\/oui-oui-cuna-portatil-bebe-cuna-meter-dentro-de-la-cama-cuna-viaje-bebe-nestas-nest-3.jpg\" alt=\"Oui Oui-cuna portatil bebe-cuna meter dentro de la cama-cuna viaje bebe-nestas nest (3)\" width=\"640\" height=\"255\" \/><\/a><\/p>\n<p>\u00bfQu\u00e9 os parece? \u00bfConoc\u00edais la cuna que os digo de meter dentro de la cama?, si es as\u00ed ayudadme porfi!<\/p>\n","protected":false},"excerpt":{"rendered":"<p>Nunca me han gustado mucho las cunas de viaje, me parece que ocupan much\u00edsimo en el coche, son un rollo de montar (es verdad que cuando le coges el truquillo son dos pasos, pero a\u00fan as\u00ed, no me gustan, llamadme rara), pero son \u00fatiles, sobretodo cuando tu beb\u00e9 va creciendo y no cabe en el [&hellip;]<\/p>\n","protected":false},"author":1,"featured_media":3077,"comment_status":"open","ping_status":"open","sticky":false,"template":"","format":"standard","meta":{"jetpack_post_was_ever_published":false,"_jetpack_newsletter_access":"","_jetpack_dont_email_post_to_subs":false,"_jetpack_newsletter_tier_id":0,"_jetpack_memberships_contains_paywalled_content":false,"_jetpack_memberships_contains_paid_content":false,"footnotes":"","jetpack_publicize_message":"","jetpack_publicize_feature_enabled":true,"jetpack_social_post_already_shared":false,"jetpack_social_options":{"image_generator_settings":{"template":"highway","default_image_id":0,"font":"","enabled":false},"version":2}},"categories":[535],"tags":[700,720],"class_list":["post-2113","post","type-post","status-publish","format-standard","has-post-thumbnail","hentry","category-maternidad","tag-compras-bebe","tag-deco-bebes"],"aioseo_notices":[],"jetpack_publicize_connections":[],"jetpack_featured_media_url":"https:\/\/oui-oui.es\/blog\/wp-content\/uploads\/2015\/05\/oui-oui-cuna-portatil-bebe-cuna-meter-dentro-de-la-cama-cuna-viaje-bebe-nestas-nest-3.jpg","jetpack_sharing_enabled":true,"jetpack-related-posts":[{"id":4264,"url":"https:\/\/oui-oui.es\/blog\/5-marcas-espanolas-de-ropa-de-bebe\/","url_meta":{"origin":2113,"position":0},"title":"5 marcas espa\u00f1olas de ropa de beb\u00e9","author":"Mar\u00eda \u2665Oui Oui\u2665","date":"6 mayo, 2016","format":false,"excerpt":"Este post es la continuaci\u00f3n del de 10 marcas de ropa espa\u00f1olas para beb\u00e9, cada semana descubro marcas nuevas que me encantan, muchas espa\u00f1olas y otras no, pero me pareci\u00f3 interesante dividirlas as\u00ed, como no me cab\u00edan todas en un post, aqu\u00ed va la segunda tanda ;) Las agujas de\u2026","rel":"","context":"En \u00abMATERNIDAD\u00bb","block_context":{"text":"MATERNIDAD","link":"https:\/\/oui-oui.es\/blog\/category\/maternidad\/"},"img":{"alt_text":"","src":"https:\/\/i0.wp.com\/oui-oui.es\/blog\/wp-content\/uploads\/2016\/05\/Oui-Oui-marcas-espa%C3%B1olas-ropa-bebe-jersey-inicial-las-agujas-de-mama.jpg?resize=350%2C200&ssl=1","width":350,"height":200,"srcset":"https:\/\/i0.wp.com\/oui-oui.es\/blog\/wp-content\/uploads\/2016\/05\/Oui-Oui-marcas-espa%C3%B1olas-ropa-bebe-jersey-inicial-las-agujas-de-mama.jpg?resize=350%2C200&ssl=1 1x, https:\/\/i0.wp.com\/oui-oui.es\/blog\/wp-content\/uploads\/2016\/05\/Oui-Oui-marcas-espa%C3%B1olas-ropa-bebe-jersey-inicial-las-agujas-de-mama.jpg?resize=525%2C300&ssl=1 1.5x"},"classes":[]},{"id":2447,"url":"https:\/\/oui-oui.es\/blog\/en-busca-de-una-cama-montessori\/","url_meta":{"origin":2113,"position":1},"title":"En busca de una cama Montessori","author":"Mar\u00eda \u2665Oui Oui\u2665","date":"29 mayo, 2015","format":false,"excerpt":"Fui a un colegio Montessori desde beb\u00e9 y una de las cosas que ten\u00eda claras cuando me qued\u00e9 embarazada de Mart\u00edn es que quer\u00eda educarle, en la medida de los posible, con esa filosof\u00eda. Para los que no sep\u00e1is de qu\u00e9 se trata, el m\u00e9todo Montessori es\u00a0una forma de educar\u2026","rel":"","context":"En \u00abMATERNIDAD\u00bb","block_context":{"text":"MATERNIDAD","link":"https:\/\/oui-oui.es\/blog\/category\/maternidad\/"},"img":{"alt_text":"","src":"https:\/\/i0.wp.com\/oui-oui.es\/blog\/wp-content\/uploads\/2015\/05\/oui-oui-blog-cama-montessori-cama-baja-para-bebes-8.jpg?resize=350%2C200&ssl=1","width":350,"height":200,"srcset":"https:\/\/i0.wp.com\/oui-oui.es\/blog\/wp-content\/uploads\/2015\/05\/oui-oui-blog-cama-montessori-cama-baja-para-bebes-8.jpg?resize=350%2C200&ssl=1 1x, https:\/\/i0.wp.com\/oui-oui.es\/blog\/wp-content\/uploads\/2015\/05\/oui-oui-blog-cama-montessori-cama-baja-para-bebes-8.jpg?resize=525%2C300&ssl=1 1.5x, https:\/\/i0.wp.com\/oui-oui.es\/blog\/wp-content\/uploads\/2015\/05\/oui-oui-blog-cama-montessori-cama-baja-para-bebes-8.jpg?resize=700%2C400&ssl=1 2x"},"classes":[]},{"id":1413,"url":"https:\/\/oui-oui.es\/blog\/mucho-mas-que-una-mini-candy\/","url_meta":{"origin":2113,"position":2},"title":"Mucho m\u00e1s que una mini candy","author":"Mar\u00eda \u2665Oui Oui\u2665","date":"6 marzo, 2014","format":false,"excerpt":"Cuando conoc\u00ed las mini candys de Rebeca de Terr\u00f3n de Az\u00facar me parecieron estupendas como regalo de nacimiento, llevar chuches a la madre de una forma diferente, original y realmente sorprendente.De hecho, la inclu\u00ed en mi wishlist de nacimiento, pero no me hicieron caso :( Si no la conoc\u00e9is, vais\u2026","rel":"","context":"En \u00abA una futura o reciente mam\u00e1\u00bb","block_context":{"text":"A una futura o reciente mam\u00e1","link":"https:\/\/oui-oui.es\/blog\/category\/no-se-que-regalar\/a-una-futura-o-reciente-mama\/"},"img":{"alt_text":"","src":"https:\/\/i0.wp.com\/oui-oui.es\/blog\/wp-content\/uploads\/2014\/03\/oui-oui-mini-candy-gimnasia-artc3adstica-7.jpg?resize=350%2C200&ssl=1","width":350,"height":200,"srcset":"https:\/\/i0.wp.com\/oui-oui.es\/blog\/wp-content\/uploads\/2014\/03\/oui-oui-mini-candy-gimnasia-artc3adstica-7.jpg?resize=350%2C200&ssl=1 1x, https:\/\/i0.wp.com\/oui-oui.es\/blog\/wp-content\/uploads\/2014\/03\/oui-oui-mini-candy-gimnasia-artc3adstica-7.jpg?resize=525%2C300&ssl=1 1.5x"},"classes":[]},{"id":3915,"url":"https:\/\/oui-oui.es\/blog\/iv-wishlist-de-frida\/","url_meta":{"origin":2113,"position":3},"title":"IV Wishlist de Frida ;)","author":"Mar\u00eda \u2665Oui Oui\u2665","date":"20 enero, 2016","format":false,"excerpt":"Este fin de semana hemos organizado casi todo para la llegada de Frida, as\u00ed que voy viendo m\u00e1s claro las cosas que le faltan y alg\u00fan caprichito que quiero darle(me). Como el m\u00f3vil de cisne y plumas de Vanessa Byrne que me tiene enamorada, absolutamente delicado... La mini butaca Enmanuelle\u2026","rel":"","context":"En \u00abMATERNIDAD\u00bb","block_context":{"text":"MATERNIDAD","link":"https:\/\/oui-oui.es\/blog\/category\/maternidad\/"},"img":{"alt_text":"","src":"https:\/\/i0.wp.com\/oui-oui.es\/blog\/wp-content\/uploads\/2016\/01\/Oui-Oui-wishlist-frida-m%C3%B3bil-cuna-plumas-y-cisne.jpg?resize=350%2C200&ssl=1","width":350,"height":200,"srcset":"https:\/\/i0.wp.com\/oui-oui.es\/blog\/wp-content\/uploads\/2016\/01\/Oui-Oui-wishlist-frida-m%C3%B3bil-cuna-plumas-y-cisne.jpg?resize=350%2C200&ssl=1 1x, https:\/\/i0.wp.com\/oui-oui.es\/blog\/wp-content\/uploads\/2016\/01\/Oui-Oui-wishlist-frida-m%C3%B3bil-cuna-plumas-y-cisne.jpg?resize=525%2C300&ssl=1 1.5x, https:\/\/i0.wp.com\/oui-oui.es\/blog\/wp-content\/uploads\/2016\/01\/Oui-Oui-wishlist-frida-m%C3%B3bil-cuna-plumas-y-cisne.jpg?resize=700%2C400&ssl=1 2x"},"classes":[]},{"id":2810,"url":"https:\/\/oui-oui.es\/blog\/la-sillita-de-paseo-perfecta-para-verano-net-stroller-de-inglesina\/","url_meta":{"origin":2113,"position":4},"title":"La sillita de paseo perfecta para verano  Net Stroller de Inglesina","author":"Mar\u00eda \u2665Oui Oui\u2665","date":"28 julio, 2015","format":false,"excerpt":"Recuerdo cuando compramos el carrito de beb\u00e9 de Mart\u00edn lo much\u00edsimo que le\u00edmos, buscamos informaci\u00f3n, comparamos chasis, tejidos, tama\u00f1os, pesos, hasta acabamos en la otra punta de Madrid en una \"clase para escoger el carrito de beb\u00e9\"...Una locura que s\u00f3lo puedes hacer cuando a\u00fan no tienes ning\u00fan hijo y cuando\u2026","rel":"","context":"En \u00abMATERNIDAD\u00bb","block_context":{"text":"MATERNIDAD","link":"https:\/\/oui-oui.es\/blog\/category\/maternidad\/"},"img":{"alt_text":"","src":"https:\/\/i0.wp.com\/oui-oui.es\/blog\/wp-content\/uploads\/Oui-Oui-sillita-paseo-inglesina-net-stroller.jpg?resize=350%2C200&ssl=1","width":350,"height":200,"srcset":"https:\/\/i0.wp.com\/oui-oui.es\/blog\/wp-content\/uploads\/Oui-Oui-sillita-paseo-inglesina-net-stroller.jpg?resize=350%2C200&ssl=1 1x, https:\/\/i0.wp.com\/oui-oui.es\/blog\/wp-content\/uploads\/Oui-Oui-sillita-paseo-inglesina-net-stroller.jpg?resize=525%2C300&ssl=1 1.5x"},"classes":[]},{"id":4868,"url":"https:\/\/oui-oui.es\/blog\/tranquilidad-y-apego\/","url_meta":{"origin":2113,"position":5},"title":"Tranquilidad y Apego","author":"Mar\u00eda \u2665Oui Oui\u2665","date":"9 noviembre, 2016","format":false,"excerpt":"El fin de semana pasado tuve la oportunidad de acudir a la charla sobre tranquilidad y apego que daba Raquel de Diego , a la que conoc\u00eda por el portal Gestionando Hijos (os recomiendo que os pas\u00e9is a echar un vistazo), en la feria de Beb\u00e9s y Mam\u00e1s. Antes de\u2026","rel":"","context":"En \u00abNI\u00d1OS Y NI\u00d1AS\u00bb","block_context":{"text":"NI\u00d1OS Y NI\u00d1AS","link":"https:\/\/oui-oui.es\/blog\/category\/ninos\/"},"img":{"alt_text":"","src":"https:\/\/i0.wp.com\/oui-oui.es\/blog\/wp-content\/uploads\/2016\/11\/Oui-Oui-tranquilidad-y-paego-frida-derechos-de-la-foto-protegida-prohibida-su-reproduccion-elena-bau.jpg?resize=350%2C200&ssl=1","width":350,"height":200,"srcset":"https:\/\/i0.wp.com\/oui-oui.es\/blog\/wp-content\/uploads\/2016\/11\/Oui-Oui-tranquilidad-y-paego-frida-derechos-de-la-foto-protegida-prohibida-su-reproduccion-elena-bau.jpg?resize=350%2C200&ssl=1 1x, https:\/\/i0.wp.com\/oui-oui.es\/blog\/wp-content\/uploads\/2016\/11\/Oui-Oui-tranquilidad-y-paego-frida-derechos-de-la-foto-protegida-prohibida-su-reproduccion-elena-bau.jpg?resize=525%2C300&ssl=1 1.5x, https:\/\/i0.wp.com\/oui-oui.es\/blog\/wp-content\/uploads\/2016\/11\/Oui-Oui-tranquilidad-y-paego-frida-derechos-de-la-foto-protegida-prohibida-su-reproduccion-elena-bau.jpg?resize=700%2C400&ssl=1 2x, https:\/\/i0.wp.com\/oui-oui.es\/blog\/wp-content\/uploads\/2016\/11\/Oui-Oui-tranquilidad-y-paego-frida-derechos-de-la-foto-protegida-prohibida-su-reproduccion-elena-bau.jpg?resize=1050%2C600&ssl=1 3x, https:\/\/i0.wp.com\/oui-oui.es\/blog\/wp-content\/uploads\/2016\/11\/Oui-Oui-tranquilidad-y-paego-frida-derechos-de-la-foto-protegida-prohibida-su-reproduccion-elena-bau.jpg?resize=1400%2C800&ssl=1 4x"},"classes":[]}],"_links":{"self":[{"href":"https:\/\/oui-oui.es\/blog\/wp-json\/wp\/v2\/posts\/2113","targetHints":{"allow":["GET"]}}],"collection":[{"href":"https:\/\/oui-oui.es\/blog\/wp-json\/wp\/v2\/posts"}],"about":[{"href":"https:\/\/oui-oui.es\/blog\/wp-json\/wp\/v2\/types\/post"}],"author":[{"embeddable":true,"href":"https:\/\/oui-oui.es\/blog\/wp-json\/wp\/v2\/users\/1"}],"replies":[{"embeddable":true,"href":"https:\/\/oui-oui.es\/blog\/wp-json\/wp\/v2\/comments?post=2113"}],"version-history":[{"count":1,"href":"https:\/\/oui-oui.es\/blog\/wp-json\/wp\/v2\/posts\/2113\/revisions"}],"predecessor-version":[{"id":3007,"href":"https:\/\/oui-oui.es\/blog\/wp-json\/wp\/v2\/posts\/2113\/revisions\/3007"}],"wp:featuredmedia":[{"embeddable":true,"href":"https:\/\/oui-oui.es\/blog\/wp-json\/wp\/v2\/media\/3077"}],"wp:attachment":[{"href":"https:\/\/oui-oui.es\/blog\/wp-json\/wp\/v2\/media?parent=2113"}],"wp:term":[{"taxonomy":"category","embeddable":true,"href":"https:\/\/oui-oui.es\/blog\/wp-json\/wp\/v2\/categories?post=2113"},{"taxonomy":"post_tag","embeddable":true,"href":"https:\/\/oui-oui.es\/blog\/wp-json\/wp\/v2\/tags?post=2113"}],"curies":[{"name":"wp","href":"https:\/\/api.w.org\/{rel}","templated":true}]}}