{"id":212,"date":"2012-11-28T15:59:37","date_gmt":"2012-11-28T13:59:37","guid":{"rendered":"http:\/\/ouiouiblog.wordpress.com\/?p=212"},"modified":"2012-11-28T15:59:37","modified_gmt":"2012-11-28T13:59:37","slug":"boda-nevada-novia-afortunada","status":"publish","type":"post","link":"https:\/\/oui-oui.es\/blog\/boda-nevada-novia-afortunada\/","title":{"rendered":"Boda nevada, novia afortunada"},"content":{"rendered":"<p style=\"text-align:center;\"><a href=\"https:\/\/oui-oui.es\/blog\/wp-content\/uploads\/oui-oui-boda-invierno-frio-nieve-cartel-original.jpg\"><img loading=\"lazy\" decoding=\"async\" class=\"aligncenter size-full wp-image-223\" title=\"Oui Oui-boda invierno-frio-nieve-cartel original\" alt=\"\" src=\"https:\/\/oui-oui.es\/blog\/wp-content\/uploads\/oui-oui-boda-invierno-frio-nieve-cartel-original.jpg\" height=\"669\" width=\"529\" srcset=\"https:\/\/oui-oui.es\/blog\/wp-content\/uploads\/oui-oui-boda-invierno-frio-nieve-cartel-original.jpg 554w, https:\/\/oui-oui.es\/blog\/wp-content\/uploads\/oui-oui-boda-invierno-frio-nieve-cartel-original-237x300.jpg 237w\" sizes=\"auto, (max-width: 529px) 100vw, 529px\" \/><\/a><\/p>\n<p style=\"text-align:center;\"><strong>Me gusta el frio, el olor a frio<\/strong>. Y a tres d\u00edas de acudir a una boda en la que se preveen <strong>temperaturas bajo cero<\/strong> con <strong>altas probabilidades de nevada<\/strong> no dejo de pensar en una <strong>boda invernal al completo<\/strong>.<\/p>\n<p style=\"text-align:center;\"><a href=\"https:\/\/oui-oui.es\/blog\/wp-content\/uploads\/oui-oui-boda-invierno-detalle-original-barra-dulces-blanco.jpg\"><img loading=\"lazy\" decoding=\"async\" class=\"aligncenter size-full wp-image-214\" title=\"Oui Oui-boda invierno-detalle original-barra dulces blanco\" alt=\"\" src=\"https:\/\/oui-oui.es\/blog\/wp-content\/uploads\/oui-oui-boda-invierno-detalle-original-barra-dulces-blanco.jpg\" height=\"689\" width=\"529\" srcset=\"https:\/\/oui-oui.es\/blog\/wp-content\/uploads\/oui-oui-boda-invierno-detalle-original-barra-dulces-blanco.jpg 553w, https:\/\/oui-oui.es\/blog\/wp-content\/uploads\/oui-oui-boda-invierno-detalle-original-barra-dulces-blanco-230x300.jpg 230w\" sizes=\"auto, (max-width: 529px) 100vw, 529px\" \/><\/a><\/p>\n<p style=\"text-align:center;\">A esto se le une el constante tintineo del whatsapp; es el grupo que tenemos las <strong>amigas que vamos a la boda<\/strong> y <strong>empiezan a dudar si llevar orejeras en lugar de tocado <\/strong>(yo he preferido optar por el <strong>sombrero<\/strong>).<\/p>\n<p style=\"text-align:center;\"><a href=\"https:\/\/oui-oui.es\/blog\/wp-content\/uploads\/oui-oui-boda-invierno-nevada-novia-invierno-nieve.jpg\"><img loading=\"lazy\" decoding=\"async\" class=\"aligncenter size-full wp-image-224\" title=\"Oui Oui-boda invierno-nevada-novia invierno-nieve\" alt=\"\" src=\"https:\/\/oui-oui.es\/blog\/wp-content\/uploads\/oui-oui-boda-invierno-nevada-novia-invierno-nieve.jpg\" height=\"611\" width=\"491\" srcset=\"https:\/\/oui-oui.es\/blog\/wp-content\/uploads\/oui-oui-boda-invierno-nevada-novia-invierno-nieve.jpg 491w, https:\/\/oui-oui.es\/blog\/wp-content\/uploads\/oui-oui-boda-invierno-nevada-novia-invierno-nieve-241x300.jpg 241w\" sizes=\"auto, (max-width: 491px) 100vw, 491px\" \/><\/a><\/p>\n<p style=\"text-align:center;\">O los crampones para <strong>subir la rampa de la Iglesia<\/strong><\/p>\n<p style=\"text-align:center;\"><a href=\"https:\/\/oui-oui.es\/blog\/wp-content\/uploads\/oui-oui-boda-invierno-nieve-camino-iglesia-nevado.jpg\"><img loading=\"lazy\" decoding=\"async\" class=\"aligncenter size-full wp-image-218\" title=\"Oui Oui-boda invierno-nieve-camino iglesia nevado\" alt=\"\" src=\"https:\/\/oui-oui.es\/blog\/wp-content\/uploads\/oui-oui-boda-invierno-nieve-camino-iglesia-nevado.jpg\" height=\"450\" width=\"360\" srcset=\"https:\/\/oui-oui.es\/blog\/wp-content\/uploads\/oui-oui-boda-invierno-nieve-camino-iglesia-nevado.jpg 360w, https:\/\/oui-oui.es\/blog\/wp-content\/uploads\/oui-oui-boda-invierno-nieve-camino-iglesia-nevado-240x300.jpg 240w\" sizes=\"auto, (max-width: 360px) 100vw, 360px\" \/><\/a><\/p>\n<p style=\"text-align:center;\">Se augura una <strong>boda preciosa y muy muy divertida<\/strong>, pero en este juego de <strong>imaginarnos con un metro de nieve andando entre el hotel y la iglesia<\/strong> me permito la licencia de compartir algunas <strong>ideas<\/strong>.<\/p>\n<p style=\"text-align:center;\"><a href=\"https:\/\/oui-oui.es\/blog\/wp-content\/uploads\/oui-oui-boda-invierno-boda-nevada-novios-nieve-beso-bucolica.jpg\"><img loading=\"lazy\" decoding=\"async\" class=\"aligncenter size-full wp-image-219\" title=\"Oui Oui-boda invierno-boda nevada-novios nieve-beso-bucolica\" alt=\"\" src=\"https:\/\/oui-oui.es\/blog\/wp-content\/uploads\/oui-oui-boda-invierno-boda-nevada-novios-nieve-beso-bucolica.jpg\" height=\"750\" width=\"500\" srcset=\"https:\/\/oui-oui.es\/blog\/wp-content\/uploads\/oui-oui-boda-invierno-boda-nevada-novios-nieve-beso-bucolica.jpg 500w, https:\/\/oui-oui.es\/blog\/wp-content\/uploads\/oui-oui-boda-invierno-boda-nevada-novios-nieve-beso-bucolica-200x300.jpg 200w\" sizes=\"auto, (max-width: 500px) 100vw, 500px\" \/><\/a><\/p>\n<p style=\"text-align:center;\">La <strong>barra de chocolates calientes<\/strong> para recibir en una boda de ma\u00f1ana o como <strong>recena<\/strong>, me encanta.<\/p>\n<p style=\"text-align:center;\"><a href=\"https:\/\/oui-oui.es\/blog\/wp-content\/uploads\/oui-oui-boda-invierno-detalle-original-barra-chocolates-calientes.jpg\"><img loading=\"lazy\" decoding=\"async\" class=\"aligncenter size-full wp-image-213\" title=\"Oui Oui-boda invierno-detalle original-barra chocolates calientes\" alt=\"\" src=\"https:\/\/oui-oui.es\/blog\/wp-content\/uploads\/oui-oui-boda-invierno-detalle-original-barra-chocolates-calientes.jpg\" height=\"200\" width=\"300\" \/><\/a><\/p>\n<p style=\"text-align:center;\"><a href=\"https:\/\/oui-oui.es\/blog\/wp-content\/uploads\/oui-oui-boda-invierno-nieve-detalle-invitados-chocolate-caliente.jpg\"><img loading=\"lazy\" decoding=\"async\" class=\"aligncenter size-full wp-image-215\" title=\"Oui Oui-boda invierno-nieve-detalle invitados-chocolate caliente\" alt=\"\" src=\"https:\/\/oui-oui.es\/blog\/wp-content\/uploads\/oui-oui-boda-invierno-nieve-detalle-invitados-chocolate-caliente.jpg\" height=\"528\" width=\"529\" srcset=\"https:\/\/oui-oui.es\/blog\/wp-content\/uploads\/oui-oui-boda-invierno-nieve-detalle-invitados-chocolate-caliente.jpg 554w, https:\/\/oui-oui.es\/blog\/wp-content\/uploads\/oui-oui-boda-invierno-nieve-detalle-invitados-chocolate-caliente-150x150.jpg 150w, https:\/\/oui-oui.es\/blog\/wp-content\/uploads\/oui-oui-boda-invierno-nieve-detalle-invitados-chocolate-caliente-300x300.jpg 300w\" sizes=\"auto, (max-width: 529px) 100vw, 529px\" \/><\/a><\/p>\n<p style=\"text-align:center;\">Tambi\u00e9n como <strong>detalle para los invitados<\/strong>, para hacer en casa un <strong>chocolate caliente<\/strong><\/p>\n<p style=\"text-align:center;\"><a href=\"https:\/\/oui-oui.es\/blog\/wp-content\/uploads\/oui-oui-boda-invierno-boda-nevada-regalo-original-invitados-cacao-en-polvo-para-hacer-en-casa-diy.jpg\"><img loading=\"lazy\" decoding=\"async\" class=\"aligncenter size-full wp-image-220\" title=\"Oui Oui-boda invierno-boda nevada-regalo original invitados-cacao en polvo para hacer en casa-diy\" alt=\"\" src=\"https:\/\/oui-oui.es\/blog\/wp-content\/uploads\/oui-oui-boda-invierno-boda-nevada-regalo-original-invitados-cacao-en-polvo-para-hacer-en-casa-diy.jpg\" height=\"640\" width=\"425\" srcset=\"https:\/\/oui-oui.es\/blog\/wp-content\/uploads\/oui-oui-boda-invierno-boda-nevada-regalo-original-invitados-cacao-en-polvo-para-hacer-en-casa-diy.jpg 425w, https:\/\/oui-oui.es\/blog\/wp-content\/uploads\/oui-oui-boda-invierno-boda-nevada-regalo-original-invitados-cacao-en-polvo-para-hacer-en-casa-diy-199x300.jpg 199w\" sizes=\"auto, (max-width: 425px) 100vw, 425px\" \/><\/a><\/p>\n<p style=\"text-align:center;\">Unas <strong>botas calentitas<\/strong> para ellas y una <strong>petaca<\/strong> para ellos, como <strong>regalo a los invitados<\/strong><\/p>\n<p style=\"text-align:center;\"><a href=\"https:\/\/oui-oui.es\/blog\/wp-content\/uploads\/oui-oui-boda-invierno-regalo-original-invitados-botas-y-petaca.jpg\"><img loading=\"lazy\" decoding=\"async\" class=\"aligncenter size-full wp-image-217\" title=\"Oui Oui-boda invierno-regalo original invitados-botas y petaca\" alt=\"\" src=\"https:\/\/oui-oui.es\/blog\/wp-content\/uploads\/oui-oui-boda-invierno-regalo-original-invitados-botas-y-petaca.jpg\" height=\"450\" width=\"360\" srcset=\"https:\/\/oui-oui.es\/blog\/wp-content\/uploads\/oui-oui-boda-invierno-regalo-original-invitados-botas-y-petaca.jpg 360w, https:\/\/oui-oui.es\/blog\/wp-content\/uploads\/oui-oui-boda-invierno-regalo-original-invitados-botas-y-petaca-240x300.jpg 240w\" sizes=\"auto, (max-width: 360px) 100vw, 360px\" \/><\/a><\/p>\n<p style=\"text-align:center;\">Aunque alguna amiga suger\u00eda que<strong> igual regalaban manoplas \ud83d\ude09<\/strong><\/p>\n<p style=\"text-align:center;\"><a href=\"https:\/\/oui-oui.es\/blog\/wp-content\/uploads\/oui-oui-boda-invierno-nieve-regalo-invitados-original-manoplas.jpg\"><img loading=\"lazy\" decoding=\"async\" class=\"aligncenter size-full wp-image-221\" title=\"Oui Oui-boda invierno-nieve-regalo invitados original-manoplas\" alt=\"\" src=\"https:\/\/oui-oui.es\/blog\/wp-content\/uploads\/oui-oui-boda-invierno-nieve-regalo-invitados-original-manoplas.jpg\" height=\"793\" width=\"529\" srcset=\"https:\/\/oui-oui.es\/blog\/wp-content\/uploads\/oui-oui-boda-invierno-nieve-regalo-invitados-original-manoplas.jpg 554w, https:\/\/oui-oui.es\/blog\/wp-content\/uploads\/oui-oui-boda-invierno-nieve-regalo-invitados-original-manoplas-200x300.jpg 200w\" sizes=\"auto, (max-width: 529px) 100vw, 529px\" \/><\/a><\/p>\n<p style=\"text-align:center;\">Otra comentaba que <strong>los novios salieran en trineo<\/strong><\/p>\n<p style=\"text-align:center;\"><a href=\"https:\/\/oui-oui.es\/blog\/wp-content\/uploads\/oui-oui-boda-invierno-nieve-novios-trineo.jpg\"><img loading=\"lazy\" decoding=\"async\" class=\"aligncenter size-full wp-image-216\" title=\"Oui Oui-boda invierno-nieve-novios-trineo\" alt=\"\" src=\"https:\/\/oui-oui.es\/blog\/wp-content\/uploads\/oui-oui-boda-invierno-nieve-novios-trineo.jpg\" height=\"529\" width=\"529\" srcset=\"https:\/\/oui-oui.es\/blog\/wp-content\/uploads\/oui-oui-boda-invierno-nieve-novios-trineo.jpg 554w, https:\/\/oui-oui.es\/blog\/wp-content\/uploads\/oui-oui-boda-invierno-nieve-novios-trineo-150x150.jpg 150w, https:\/\/oui-oui.es\/blog\/wp-content\/uploads\/oui-oui-boda-invierno-nieve-novios-trineo-300x300.jpg 300w\" sizes=\"auto, (max-width: 529px) 100vw, 529px\" \/><\/a><\/p>\n<p style=\"text-align:center;\">Y, por \u00faltimo, mi reivindicaci\u00f3n de <strong>la tarta en la boda<\/strong>, \u00e9sta <strong>blanca, invernal y con el toque de las pi\u00f1as<\/strong>, me encanta<\/p>\n<p><a href=\"https:\/\/oui-oui.es\/blog\/wp-content\/uploads\/oui-oui-boda-invierno-tarta-original-boda-invierno-pic3b1as.jpg\"><img loading=\"lazy\" decoding=\"async\" class=\"aligncenter size-full wp-image-222\" title=\"Oui Oui-boda-invierno-tarta original boda invierno-pi\u00f1as\" alt=\"\" src=\"https:\/\/oui-oui.es\/blog\/wp-content\/uploads\/oui-oui-boda-invierno-tarta-original-boda-invierno-pic3b1as.jpg\" height=\"475\" width=\"475\" srcset=\"https:\/\/oui-oui.es\/blog\/wp-content\/uploads\/oui-oui-boda-invierno-tarta-original-boda-invierno-pic3b1as.jpg 475w, https:\/\/oui-oui.es\/blog\/wp-content\/uploads\/oui-oui-boda-invierno-tarta-original-boda-invierno-pic3b1as-150x150.jpg 150w, https:\/\/oui-oui.es\/blog\/wp-content\/uploads\/oui-oui-boda-invierno-tarta-original-boda-invierno-pic3b1as-300x300.jpg 300w\" sizes=\"auto, (max-width: 475px) 100vw, 475px\" \/><\/a><\/p>\n<p style=\"text-align:center;\">Todas las im\u00e1genes son de <strong>Pinterest<\/strong>, pod\u00e9is encontrar los cr\u00e9ditos <a href=\"http:\/\/pinterest.com\/ouiouidetalles\/winter-wedding\/\" target=\"_blank\">aqu\u00ed<\/a><\/p>\n","protected":false},"excerpt":{"rendered":"<p>Me gusta el frio, el olor a frio. Y a tres d\u00edas de acudir a una boda en la que se preveen temperaturas bajo cero con altas probabilidades de nevada no dejo de pensar en una boda invernal al completo. A esto se le une el constante tintineo del whatsapp; es el grupo que tenemos [&hellip;]<\/p>\n","protected":false},"author":1,"featured_media":223,"comment_status":"open","ping_status":"open","sticky":false,"template":"","format":"standard","meta":{"jetpack_post_was_ever_published":false,"_jetpack_newsletter_access":"","_jetpack_dont_email_post_to_subs":false,"_jetpack_newsletter_tier_id":0,"_jetpack_memberships_contains_paywalled_content":false,"_jetpack_memberships_contains_paid_content":false,"footnotes":"","jetpack_publicize_message":"","jetpack_publicize_feature_enabled":true,"jetpack_social_post_already_shared":false,"jetpack_social_options":{"image_generator_settings":{"template":"highway","default_image_id":0,"font":"","enabled":false},"version":2}},"categories":[704],"tags":[47,53,74,695,716,115,734],"class_list":["post-212","post","type-post","status-publish","format-standard","has-post-thumbnail","hentry","category-boda","tag-boda-invierno","tag-candy-bar","tag-detalles-invitados","tag-gastro","tag-looks-boda","tag-nieve","tag-regalos"],"aioseo_notices":[],"jetpack_publicize_connections":[],"jetpack_featured_media_url":"https:\/\/oui-oui.es\/blog\/wp-content\/uploads\/oui-oui-boda-invierno-frio-nieve-cartel-original.jpg","jetpack_sharing_enabled":true,"jetpack-related-posts":[{"id":241,"url":"https:\/\/oui-oui.es\/blog\/tocados-de-invierno\/","url_meta":{"origin":212,"position":0},"title":"Tocados de Invierno","author":"Mar\u00eda \u2665Oui Oui\u2665","date":"4 diciembre, 2012","format":false,"excerpt":"No creo que haya vestidos a los que \"no les vaya\" un tocado, sino que hay un tocado para cada vestido y ocasi\u00f3n, saber acertar con la combinaci\u00f3n correcta es el reto y no s\u00f3lo influye que la celebraci\u00f3n sea de ma\u00f1ana o de tarde\/noche (que tambi\u00e9n), sino la \u00e9poca\u2026","rel":"","context":"En \u00abBoda\u00bb","block_context":{"text":"Boda","link":"https:\/\/oui-oui.es\/blog\/category\/fiestas-celebraciones\/boda\/"},"img":{"alt_text":"","src":"https:\/\/i0.wp.com\/oui-oui.es\/blog\/wp-content\/uploads\/oui-oui-tocados-boda-invierno-chistera-fieltro-azul-pompon-plumas-mimoki.jpg?resize=350%2C200&ssl=1","width":350,"height":200,"srcset":"https:\/\/i0.wp.com\/oui-oui.es\/blog\/wp-content\/uploads\/oui-oui-tocados-boda-invierno-chistera-fieltro-azul-pompon-plumas-mimoki.jpg?resize=350%2C200&ssl=1 1x, https:\/\/i0.wp.com\/oui-oui.es\/blog\/wp-content\/uploads\/oui-oui-tocados-boda-invierno-chistera-fieltro-azul-pompon-plumas-mimoki.jpg?resize=525%2C300&ssl=1 1.5x"},"classes":[]},{"id":1206,"url":"https:\/\/oui-oui.es\/blog\/its-gstaad-baby\/","url_meta":{"origin":212,"position":1},"title":"It\u00b4s Gstaad Baby!","author":"Mar\u00eda \u2665Oui Oui\u2665","date":"3 febrero, 2014","format":false,"excerpt":"A la espera de ver \u00a1pronto, por favor! las fotos y reportaje oficial (si es que lo vemos, que espero que s\u00ed) del bod\u00f3n invernal de Tatiana Santodomingo y Andrea Casiraghi aqu\u00ed os dejo con lo que se ha filtrado hasta el momento (todas las fotos son tomadas de Instagram\u2026","rel":"","context":"En \u00abBoda\u00bb","block_context":{"text":"Boda","link":"https:\/\/oui-oui.es\/blog\/category\/fiestas-celebraciones\/boda\/"},"img":{"alt_text":"","src":"https:\/\/i0.wp.com\/oui-oui.es\/blog\/wp-content\/uploads\/2014\/02\/oui-oui-boda-tatiana-santodomingo-andrea-casiraghi-gstaad-boda-invernal-boda-invierno-9.jpg?resize=350%2C200&ssl=1","width":350,"height":200,"srcset":"https:\/\/i0.wp.com\/oui-oui.es\/blog\/wp-content\/uploads\/2014\/02\/oui-oui-boda-tatiana-santodomingo-andrea-casiraghi-gstaad-boda-invernal-boda-invierno-9.jpg?resize=350%2C200&ssl=1 1x, https:\/\/i0.wp.com\/oui-oui.es\/blog\/wp-content\/uploads\/2014\/02\/oui-oui-boda-tatiana-santodomingo-andrea-casiraghi-gstaad-boda-invernal-boda-invierno-9.jpg?resize=525%2C300&ssl=1 1.5x"},"classes":[]},{"id":1103,"url":"https:\/\/oui-oui.es\/blog\/decorar-con-guirnaldas\/","url_meta":{"origin":212,"position":2},"title":"Decorar con guirnaldas","author":"Mar\u00eda \u2665Oui Oui\u2665","date":"21 enero, 2014","format":false,"excerpt":"Las hab\u00eda echado el ojo hace tiempo y por fin est\u00e1n en Oui Oui, las guirnaldas de borlas, de tiras de papel o tassel garlands. Una alternativa a los banderines, me gustaban para decorar cualquier rinc\u00f3n de una fiesta; para la mesa de dulces, la zona de baile o una\u2026","rel":"","context":"En \u00abBoda\u00bb","block_context":{"text":"Boda","link":"https:\/\/oui-oui.es\/blog\/category\/fiestas-celebraciones\/boda\/"},"img":{"alt_text":"","src":"https:\/\/i0.wp.com\/oui-oui.es\/blog\/wp-content\/uploads\/2014\/01\/oui-oui-decorar-con-guirnaldas-guirnadas-de-flecos-guirnaldas-de-borlas-tassel-garlands-decoracion-original-boda-boda-rustic-chic-1.jpg?resize=350%2C200&ssl=1","width":350,"height":200,"srcset":"https:\/\/i0.wp.com\/oui-oui.es\/blog\/wp-content\/uploads\/2014\/01\/oui-oui-decorar-con-guirnaldas-guirnadas-de-flecos-guirnaldas-de-borlas-tassel-garlands-decoracion-original-boda-boda-rustic-chic-1.jpg?resize=350%2C200&ssl=1 1x, https:\/\/i0.wp.com\/oui-oui.es\/blog\/wp-content\/uploads\/2014\/01\/oui-oui-decorar-con-guirnaldas-guirnadas-de-flecos-guirnaldas-de-borlas-tassel-garlands-decoracion-original-boda-boda-rustic-chic-1.jpg?resize=525%2C300&ssl=1 1.5x"},"classes":[]},{"id":434,"url":"https:\/\/oui-oui.es\/blog\/una-invitacion-de-boda-diferente-arroz-nupcial\/","url_meta":{"origin":212,"position":3},"title":"Una invitaci\u00f3n de boda diferente, arroz nupcial","author":"Mar\u00eda \u2665Oui Oui\u2665","date":"14 enero, 2013","format":false,"excerpt":"Hoy os traigo una invitaci\u00f3n de boda diferente, me ha gustado porque juega con un elemento cl\u00e1sico en las bodas como es el arroz pero lo descontexualiza, una invitaci\u00f3n de boda que en realidad es un saquito de arroz. Personalmente no soy de tirar arroz en las bodas ni lo\u2026","rel":"","context":"En \u00abBoda\u00bb","block_context":{"text":"Boda","link":"https:\/\/oui-oui.es\/blog\/category\/fiestas-celebraciones\/boda\/"},"img":{"alt_text":"","src":"https:\/\/i0.wp.com\/oui-oui.es\/blog\/wp-content\/uploads\/2013\/01\/oui-oui-blog-invitaciones-boda-originales-arroz-nupcial-menudostudio-1.jpg?resize=350%2C200&ssl=1","width":350,"height":200,"srcset":"https:\/\/i0.wp.com\/oui-oui.es\/blog\/wp-content\/uploads\/2013\/01\/oui-oui-blog-invitaciones-boda-originales-arroz-nupcial-menudostudio-1.jpg?resize=350%2C200&ssl=1 1x, https:\/\/i0.wp.com\/oui-oui.es\/blog\/wp-content\/uploads\/2013\/01\/oui-oui-blog-invitaciones-boda-originales-arroz-nupcial-menudostudio-1.jpg?resize=525%2C300&ssl=1 1.5x"},"classes":[]},{"id":272,"url":"https:\/\/oui-oui.es\/blog\/el-ramo-de-una-boda-de-invierno\/","url_meta":{"origin":212,"position":4},"title":"El ramo de una boda de invierno","author":"Mar\u00eda \u2665Oui Oui\u2665","date":"12 diciembre, 2012","format":false,"excerpt":"Uno de los detalles que m\u00e1s me gust\u00f3 de la boda de invierno en la que estuvimos hace dos semanas fu\u00e9 el ramo de la novia; nos sorprendi\u00f3 a todos con un ramo de barillas de algod\u00f3n; un ramo sencillo, pero muy c\u00e1lido, r\u00fastico pero que complementaba a la perfecci\u00f3n\u2026","rel":"","context":"En \u00abBoda\u00bb","block_context":{"text":"Boda","link":"https:\/\/oui-oui.es\/blog\/category\/fiestas-celebraciones\/boda\/"},"img":{"alt_text":"","src":"https:\/\/i0.wp.com\/oui-oui.es\/blog\/wp-content\/uploads\/boda-invierno-ramo-algodon-pedraza-vestido-novia-tul-chaqueta-militar-2.jpg?resize=350%2C200&ssl=1","width":350,"height":200,"srcset":"https:\/\/i0.wp.com\/oui-oui.es\/blog\/wp-content\/uploads\/boda-invierno-ramo-algodon-pedraza-vestido-novia-tul-chaqueta-militar-2.jpg?resize=350%2C200&ssl=1 1x, https:\/\/i0.wp.com\/oui-oui.es\/blog\/wp-content\/uploads\/boda-invierno-ramo-algodon-pedraza-vestido-novia-tul-chaqueta-militar-2.jpg?resize=525%2C300&ssl=1 1.5x, https:\/\/i0.wp.com\/oui-oui.es\/blog\/wp-content\/uploads\/boda-invierno-ramo-algodon-pedraza-vestido-novia-tul-chaqueta-militar-2.jpg?resize=700%2C400&ssl=1 2x, https:\/\/i0.wp.com\/oui-oui.es\/blog\/wp-content\/uploads\/boda-invierno-ramo-algodon-pedraza-vestido-novia-tul-chaqueta-militar-2.jpg?resize=1050%2C600&ssl=1 3x, https:\/\/i0.wp.com\/oui-oui.es\/blog\/wp-content\/uploads\/boda-invierno-ramo-algodon-pedraza-vestido-novia-tul-chaqueta-militar-2.jpg?resize=1400%2C800&ssl=1 4x"},"classes":[]},{"id":457,"url":"https:\/\/oui-oui.es\/blog\/querida-valentina-invitaciones-para-una-boda-rustica-chic\/","url_meta":{"origin":212,"position":5},"title":"Querida Valentina&#8230;Invitaciones para una boda r\u00fastica-chic","author":"Mar\u00eda \u2665Oui Oui\u2665","date":"21 enero, 2013","format":false,"excerpt":"Cuando organizas una boda lo que menos tienes es tiempo y tener que pedir cita previa para cualquier cosa se hace muy pesado, Querida Valentina se di\u00f3 cuenta y ofrece un dise\u00f1o natural y muy cuidado en toda la papeler\u00eda de la boda a un solo click. Es decir, puedes\u2026","rel":"","context":"En \u00abBoda\u00bb","block_context":{"text":"Boda","link":"https:\/\/oui-oui.es\/blog\/category\/fiestas-celebraciones\/boda\/"},"img":{"alt_text":"","src":"https:\/\/i0.wp.com\/oui-oui.es\/blog\/wp-content\/uploads\/oui-oui-querida-valentina-invitaciones-rustico-chic.jpg?resize=350%2C200&ssl=1","width":350,"height":200,"srcset":"https:\/\/i0.wp.com\/oui-oui.es\/blog\/wp-content\/uploads\/oui-oui-querida-valentina-invitaciones-rustico-chic.jpg?resize=350%2C200&ssl=1 1x, https:\/\/i0.wp.com\/oui-oui.es\/blog\/wp-content\/uploads\/oui-oui-querida-valentina-invitaciones-rustico-chic.jpg?resize=525%2C300&ssl=1 1.5x, https:\/\/i0.wp.com\/oui-oui.es\/blog\/wp-content\/uploads\/oui-oui-querida-valentina-invitaciones-rustico-chic.jpg?resize=700%2C400&ssl=1 2x"},"classes":[]}],"_links":{"self":[{"href":"https:\/\/oui-oui.es\/blog\/wp-json\/wp\/v2\/posts\/212","targetHints":{"allow":["GET"]}}],"collection":[{"href":"https:\/\/oui-oui.es\/blog\/wp-json\/wp\/v2\/posts"}],"about":[{"href":"https:\/\/oui-oui.es\/blog\/wp-json\/wp\/v2\/types\/post"}],"author":[{"embeddable":true,"href":"https:\/\/oui-oui.es\/blog\/wp-json\/wp\/v2\/users\/1"}],"replies":[{"embeddable":true,"href":"https:\/\/oui-oui.es\/blog\/wp-json\/wp\/v2\/comments?post=212"}],"version-history":[{"count":0,"href":"https:\/\/oui-oui.es\/blog\/wp-json\/wp\/v2\/posts\/212\/revisions"}],"wp:featuredmedia":[{"embeddable":true,"href":"https:\/\/oui-oui.es\/blog\/wp-json\/wp\/v2\/media\/223"}],"wp:attachment":[{"href":"https:\/\/oui-oui.es\/blog\/wp-json\/wp\/v2\/media?parent=212"}],"wp:term":[{"taxonomy":"category","embeddable":true,"href":"https:\/\/oui-oui.es\/blog\/wp-json\/wp\/v2\/categories?post=212"},{"taxonomy":"post_tag","embeddable":true,"href":"https:\/\/oui-oui.es\/blog\/wp-json\/wp\/v2\/tags?post=212"}],"curies":[{"name":"wp","href":"https:\/\/api.w.org\/{rel}","templated":true}]}}