{"id":2120,"date":"2015-04-24T00:01:11","date_gmt":"2015-04-23T22:01:11","guid":{"rendered":"https:\/\/ouiouiblog.wordpress.com\/?p=2120"},"modified":"2015-09-01T16:58:42","modified_gmt":"2015-09-01T14:58:42","slug":"quieres-una-boda-diy-no-te-pierdas-mi-evento-handmade","status":"publish","type":"post","link":"https:\/\/oui-oui.es\/blog\/quieres-una-boda-diy-no-te-pierdas-mi-evento-handmade\/","title":{"rendered":"\u00bfQuieres una boda DIY? no te pierdas \u00abMi evento handmade\u00bb"},"content":{"rendered":"<p>&nbsp;<\/p>\n<p><a href=\"https:\/\/ouiouiblog.files.wordpress.com\/2015\/04\/oui-oui-mi-evento-handmade-lettering-bodas-packaging-bodas-centros-flores-en-el-columpio.jpg\"><img loading=\"lazy\" decoding=\"async\" class=\"aligncenter size-full wp-image-2127\" src=\"https:\/\/ouiouiblog.files.wordpress.com\/2015\/04\/oui-oui-mi-evento-handmade-lettering-bodas-packaging-bodas-centros-flores-en-el-columpio.jpg\" alt=\"Oui Oui-mi evento handmade-lettering bodas-packaging bodas-centros flores en el columpio\" width=\"479\" height=\"479\" \/><\/a><\/p>\n<p>Hace un par de semanas pasamos una tarde muy divertida aprendiendo a hacer diferentes cosas que <strong>pudieran ayudarnos si organiz\u00e1bamos nuestra propia boda, fiesta o evento<\/strong>, aprendimos a <strong>carvar sellos<\/strong>; una disciplina muy relajante que os recomiendo si no la conoc\u00e9is! , <strong>hicimos nuestra propia cajita<\/strong> (que pod\u00edamos haber hecho hasta con nuestro propio papel estampado con el sello!).<\/p>\n<p><a href=\"https:\/\/ouiouiblog.files.wordpress.com\/2015\/04\/oui-oui-mi-evento-handmade-lettering-bodas-packaging-bodas-centros-flores-diy-32.jpg\"><img loading=\"lazy\" decoding=\"async\" class=\"aligncenter size-full wp-image-2124\" src=\"https:\/\/ouiouiblog.files.wordpress.com\/2015\/04\/oui-oui-mi-evento-handmade-lettering-bodas-packaging-bodas-centros-flores-diy-32.jpg\" alt=\"Oui Oui-mi evento handmade-lettering bodas-packaging bodas-centros flores diy (32)\" width=\"636\" height=\"480\" \/><\/a><\/p>\n<p>Practicamos <em><strong>lettering<\/strong><\/em>; lo que llaman <strong>el nuevo yoga<\/strong> (la verdad que a m\u00ed no me parece tan relajante porque me estreso cuando no me sale, pero sin duda <strong>es un taller para profundizar m\u00e1s tiempo porque quedan cosas ideales<\/strong>&#8230;<\/p>\n<p><a href=\"https:\/\/ouiouiblog.files.wordpress.com\/2015\/04\/oui-oui-mi-evento-handmade-lettering-bodas-packaging-bodas-centros-flores-diy-39.jpg\"><img loading=\"lazy\" decoding=\"async\" class=\"aligncenter size-full wp-image-2125\" src=\"https:\/\/ouiouiblog.files.wordpress.com\/2015\/04\/oui-oui-mi-evento-handmade-lettering-bodas-packaging-bodas-centros-flores-diy-39.jpg\" alt=\"Oui Oui-mi evento handmade-lettering bodas-packaging bodas-centros flores diy (39)\" width=\"636\" height=\"424\" \/><\/a><\/p>\n<p>Mirad que bonito qued\u00f3 <strong>\u00abOui Oui\u00bb<\/strong> en la cajita&#8230;Eso s\u00ed, me lo escribi\u00f3 Mar\u00eda de <strong>Happy Letters<\/strong> \ud83d\ude09<\/p>\n<p><a href=\"http:\/\/www.oui-oui.es\/decoracion-casa\/864-tijeras-torre-eiffel.html\"><img loading=\"lazy\" decoding=\"async\" class=\"aligncenter wp-image-2126 size-full\" src=\"https:\/\/ouiouiblog.files.wordpress.com\/2015\/04\/oui-oui-mi-evento-handmade-lettering-bodas-packaging-bodas-centros-flores-diy-tijeras-torre-eiffel.jpg\" alt=\"Oui Oui-mi evento handmade-lettering bodas-packaging bodas-centros flores diy-tijeras torre eiffel\" width=\"479\" height=\"479\" \/><\/a><\/p>\n<p>Y, para finalizar, creamos <strong>nuestro propio centro de flores preservadas<\/strong> con Mar\u00eda de <strong>Flores en el Columpio<\/strong>, ya sab\u00e9is que me encanta todo lo que hace.<\/p>\n<p><a href=\"https:\/\/ouiouiblog.files.wordpress.com\/2015\/04\/oui-oui-mi-evento-handmade-lettering-bodas-packaging-bodas-centros-flores-diy-9.jpg\"><img loading=\"lazy\" decoding=\"async\" class=\"aligncenter size-full wp-image-2122\" src=\"https:\/\/ouiouiblog.files.wordpress.com\/2015\/04\/oui-oui-mi-evento-handmade-lettering-bodas-packaging-bodas-centros-flores-diy-9.jpg\" alt=\"Oui Oui-mi evento handmade-lettering bodas-packaging bodas-centros flores diy (9)\" width=\"636\" height=\"424\" \/><\/a><\/p>\n<p>Estas <strong>cuatro emprendedoras<\/strong>; Marta (<strong>Atelier Polarit\u00e9<\/strong>),Gema (<strong>El tarro de ideas<\/strong>),\u00a0Marta\u00a0(<strong>Happy Letters<\/strong>) y Mar\u00eda (<strong>Flores en el Columpio<\/strong>) han creado<a href=\"http:\/\/www.thehobbymaker.com\/user\/el-tarro-de-ideas\/\" target=\"_blank\"><strong> \u00abMi evento handmade\u00bb<\/strong><\/a> una serie de talleres para que <strong>aprendas a hacer con tus propias manos<\/strong> muchas de las cosas necesarias para organizar un evento; el <em><strong>lettering<\/strong> <\/em>para invitaciones y carteles, el <em><strong>packaging<\/strong><\/em>, los <em><strong>sellos<\/strong> <\/em>para personalizar cualquier detalle y los <em><strong>centros de flores<\/strong><\/em>.<\/p>\n<p>Puedes hacer <strong>cada taller por separado<\/strong>, s\u00f3lo debes inscribirte <a href=\"http:\/\/www.thehobbymaker.com\/user\/el-tarro-de-ideas\/\" target=\"_blank\">aqu\u00ed\u00a0<\/a><\/p>\n","protected":false},"excerpt":{"rendered":"<p>&nbsp; Hace un par de semanas pasamos una tarde muy divertida aprendiendo a hacer diferentes cosas que pudieran ayudarnos si organiz\u00e1bamos nuestra propia boda, fiesta o evento, aprendimos a carvar sellos; una disciplina muy relajante que os recomiendo si no la conoc\u00e9is! , hicimos nuestra propia cajita (que pod\u00edamos haber hecho hasta con nuestro propio [&hellip;]<\/p>\n","protected":false},"author":1,"featured_media":3097,"comment_status":"open","ping_status":"open","sticky":false,"template":"","format":"standard","meta":{"jetpack_post_was_ever_published":false,"_jetpack_newsletter_access":"","_jetpack_dont_email_post_to_subs":false,"_jetpack_newsletter_tier_id":0,"_jetpack_memberships_contains_paywalled_content":false,"_jetpack_memberships_contains_paid_content":false,"footnotes":"","jetpack_publicize_message":"","jetpack_publicize_feature_enabled":true,"jetpack_social_post_already_shared":false,"jetpack_social_options":{"image_generator_settings":{"template":"highway","default_image_id":0,"font":"","enabled":false},"version":2}},"categories":[704,7],"tags":[86],"class_list":["post-2120","post","type-post","status-publish","format-standard","has-post-thumbnail","hentry","category-boda","category-fiestas-celebraciones","tag-diy"],"aioseo_notices":[],"jetpack_publicize_connections":[],"jetpack_featured_media_url":"https:\/\/oui-oui.es\/blog\/wp-content\/uploads\/2015\/04\/oui-oui-mi-evento-handmade-lettering-bodas-packaging-bodas-centros-flores-diy-tijeras-torre-eiffel.jpg","jetpack_sharing_enabled":true,"jetpack-related-posts":[{"id":457,"url":"https:\/\/oui-oui.es\/blog\/querida-valentina-invitaciones-para-una-boda-rustica-chic\/","url_meta":{"origin":2120,"position":0},"title":"Querida Valentina&#8230;Invitaciones para una boda r\u00fastica-chic","author":"Mar\u00eda \u2665Oui Oui\u2665","date":"21 enero, 2013","format":false,"excerpt":"Cuando organizas una boda lo que menos tienes es tiempo y tener que pedir cita previa para cualquier cosa se hace muy pesado, Querida Valentina se di\u00f3 cuenta y ofrece un dise\u00f1o natural y muy cuidado en toda la papeler\u00eda de la boda a un solo click. Es decir, puedes\u2026","rel":"","context":"En \u00abBoda\u00bb","block_context":{"text":"Boda","link":"https:\/\/oui-oui.es\/blog\/category\/fiestas-celebraciones\/boda\/"},"img":{"alt_text":"","src":"https:\/\/i0.wp.com\/oui-oui.es\/blog\/wp-content\/uploads\/oui-oui-querida-valentina-invitaciones-rustico-chic.jpg?resize=350%2C200&ssl=1","width":350,"height":200,"srcset":"https:\/\/i0.wp.com\/oui-oui.es\/blog\/wp-content\/uploads\/oui-oui-querida-valentina-invitaciones-rustico-chic.jpg?resize=350%2C200&ssl=1 1x, https:\/\/i0.wp.com\/oui-oui.es\/blog\/wp-content\/uploads\/oui-oui-querida-valentina-invitaciones-rustico-chic.jpg?resize=525%2C300&ssl=1 1.5x, https:\/\/i0.wp.com\/oui-oui.es\/blog\/wp-content\/uploads\/oui-oui-querida-valentina-invitaciones-rustico-chic.jpg?resize=700%2C400&ssl=1 2x"},"classes":[]},{"id":2435,"url":"https:\/\/oui-oui.es\/blog\/te-esperamos-en-el-ii-encuentro-de-telva-novias\/","url_meta":{"origin":2120,"position":1},"title":"Te esperamos en el II Encuentro de Telva Novias","author":"Mar\u00eda \u2665Oui Oui\u2665","date":"26 mayo, 2015","format":false,"excerpt":"\u00bfEst\u00e1s organizando tu boda pero a\u00fan no tienes claro un mont\u00f3n de cosas?; la finca o el hotel, el catering, si necesitas wedding planner o no (ya te digo que s\u00ed la necesitas), qu\u00e9 regalar\u00e1s a los invitados, o, m\u00e1s f\u00e1cil, c\u00f3mo hacer una candybar original y diferente, no como\u2026","rel":"","context":"En \u00abBoda\u00bb","block_context":{"text":"Boda","link":"https:\/\/oui-oui.es\/blog\/category\/fiestas-celebraciones\/boda\/"},"img":{"alt_text":"","src":"https:\/\/i0.wp.com\/oui-oui.es\/blog\/wp-content\/uploads\/2015\/05\/oui-oui-tienda-online-detalles-decoracion-boda-foto-elena-bau-10.jpg?resize=350%2C200&ssl=1","width":350,"height":200,"srcset":"https:\/\/i0.wp.com\/oui-oui.es\/blog\/wp-content\/uploads\/2015\/05\/oui-oui-tienda-online-detalles-decoracion-boda-foto-elena-bau-10.jpg?resize=350%2C200&ssl=1 1x, https:\/\/i0.wp.com\/oui-oui.es\/blog\/wp-content\/uploads\/2015\/05\/oui-oui-tienda-online-detalles-decoracion-boda-foto-elena-bau-10.jpg?resize=525%2C300&ssl=1 1.5x"},"classes":[]},{"id":2661,"url":"https:\/\/oui-oui.es\/blog\/memorias-del-ayer-los-muebles-mas-bonitos-para-tu-boda\/","url_meta":{"origin":2120,"position":2},"title":"Memorias del Ayer: los muebles m\u00e1s bonitos para tu boda","author":"Mar\u00eda \u2665Oui Oui\u2665","date":"24 junio, 2015","format":false,"excerpt":"Descubr\u00ed a las chicas de Memorias del Ayer cuando buscando mesa para el evento de Telva, Eva nos las sugiri\u00f3 y ellas nos prestaron la mesa del candy bar encantadas. Desde entonces he podido conocer su trabajo un poquito m\u00e1s y quer\u00eda compartirlo porque quiz\u00e1s te sirva de ayuda si\u2026","rel":"","context":"En \u00abBoda\u00bb","block_context":{"text":"Boda","link":"https:\/\/oui-oui.es\/blog\/category\/fiestas-celebraciones\/boda\/"},"img":{"alt_text":"","src":"https:\/\/i0.wp.com\/oui-oui.es\/blog\/wp-content\/uploads\/Oui-Oui-alquiler-muebles-vintage-bodas-memorias-del-ayer-2.jpg?resize=350%2C200&ssl=1","width":350,"height":200,"srcset":"https:\/\/i0.wp.com\/oui-oui.es\/blog\/wp-content\/uploads\/Oui-Oui-alquiler-muebles-vintage-bodas-memorias-del-ayer-2.jpg?resize=350%2C200&ssl=1 1x, https:\/\/i0.wp.com\/oui-oui.es\/blog\/wp-content\/uploads\/Oui-Oui-alquiler-muebles-vintage-bodas-memorias-del-ayer-2.jpg?resize=525%2C300&ssl=1 1.5x, https:\/\/i0.wp.com\/oui-oui.es\/blog\/wp-content\/uploads\/Oui-Oui-alquiler-muebles-vintage-bodas-memorias-del-ayer-2.jpg?resize=700%2C400&ssl=1 2x, https:\/\/i0.wp.com\/oui-oui.es\/blog\/wp-content\/uploads\/Oui-Oui-alquiler-muebles-vintage-bodas-memorias-del-ayer-2.jpg?resize=1050%2C600&ssl=1 3x"},"classes":[]},{"id":487,"url":"https:\/\/oui-oui.es\/blog\/sorprende-con-la-recena\/","url_meta":{"origin":2120,"position":3},"title":"Sorprende con la recena","author":"Mar\u00eda \u2665Oui Oui\u2665","date":"28 enero, 2013","format":false,"excerpt":"Uno de los momentos de la boda que est\u00e1 ganando protagonismo en la bodas en los \u00faltimos a\u00f1os es la recena, a la gente te la ganas por el est\u00f3mago y si bien es cierto que demasiados platos en el men\u00fa pueden resultar obscenos (yo s\u00e9 de uno que se\u2026","rel":"","context":"En \u00abBoda\u00bb","block_context":{"text":"Boda","link":"https:\/\/oui-oui.es\/blog\/category\/fiestas-celebraciones\/boda\/"},"img":{"alt_text":"","src":"https:\/\/i0.wp.com\/oui-oui.es\/blog\/wp-content\/uploads\/oui-oui-blog-mesa-dulces-boho-chic.jpg?resize=350%2C200&ssl=1","width":350,"height":200,"srcset":"https:\/\/i0.wp.com\/oui-oui.es\/blog\/wp-content\/uploads\/oui-oui-blog-mesa-dulces-boho-chic.jpg?resize=350%2C200&ssl=1 1x, https:\/\/i0.wp.com\/oui-oui.es\/blog\/wp-content\/uploads\/oui-oui-blog-mesa-dulces-boho-chic.jpg?resize=525%2C300&ssl=1 1.5x"},"classes":[]},{"id":96,"url":"https:\/\/oui-oui.es\/blog\/una-boda-sencilla-llena-de-detalles-y-con-un-estilo-muy-campestre\/","url_meta":{"origin":2120,"position":4},"title":"Una boda sencilla, llena de detalles y con un estilo muy campestre","author":"Mar\u00eda \u2665Oui Oui\u2665","date":"20 noviembre, 2012","format":false,"excerpt":"\u00c1lvaro y yo nos casamos en septiembre del a\u00f1o pasado y hasta ahora no he escrito un post completo sobre la boda (en Superfluo Imprescindible lo hice sobre los zapatos y sobre el ramo) por lo abrumador que se me hac\u00eda pensar c\u00f3mo contarlo todo. Pero tras ped\u00edrmelo muchas personas\u2026","rel":"","context":"En \u00abBoda\u00bb","block_context":{"text":"Boda","link":"https:\/\/oui-oui.es\/blog\/category\/fiestas-celebraciones\/boda\/"},"img":{"alt_text":"","src":"https:\/\/i0.wp.com\/oui-oui.es\/blog\/wp-content\/uploads\/oui-oui-boda-ma-carteles-madera-boda-palacio-de-rubianes.jpg?resize=350%2C200&ssl=1","width":350,"height":200,"srcset":"https:\/\/i0.wp.com\/oui-oui.es\/blog\/wp-content\/uploads\/oui-oui-boda-ma-carteles-madera-boda-palacio-de-rubianes.jpg?resize=350%2C200&ssl=1 1x, https:\/\/i0.wp.com\/oui-oui.es\/blog\/wp-content\/uploads\/oui-oui-boda-ma-carteles-madera-boda-palacio-de-rubianes.jpg?resize=525%2C300&ssl=1 1.5x, https:\/\/i0.wp.com\/oui-oui.es\/blog\/wp-content\/uploads\/oui-oui-boda-ma-carteles-madera-boda-palacio-de-rubianes.jpg?resize=700%2C400&ssl=1 2x, https:\/\/i0.wp.com\/oui-oui.es\/blog\/wp-content\/uploads\/oui-oui-boda-ma-carteles-madera-boda-palacio-de-rubianes.jpg?resize=1050%2C600&ssl=1 3x"},"classes":[]},{"id":212,"url":"https:\/\/oui-oui.es\/blog\/boda-nevada-novia-afortunada\/","url_meta":{"origin":2120,"position":5},"title":"Boda nevada, novia afortunada","author":"Mar\u00eda \u2665Oui Oui\u2665","date":"28 noviembre, 2012","format":false,"excerpt":"Me gusta el frio, el olor a frio. Y a tres d\u00edas de acudir a una boda en la que se preveen temperaturas bajo cero con altas probabilidades de nevada no dejo de pensar en una boda invernal al completo. A esto se le une el constante tintineo del whatsapp;\u2026","rel":"","context":"En \u00abBoda\u00bb","block_context":{"text":"Boda","link":"https:\/\/oui-oui.es\/blog\/category\/fiestas-celebraciones\/boda\/"},"img":{"alt_text":"","src":"https:\/\/i0.wp.com\/oui-oui.es\/blog\/wp-content\/uploads\/oui-oui-boda-invierno-frio-nieve-cartel-original.jpg?resize=350%2C200&ssl=1","width":350,"height":200,"srcset":"https:\/\/i0.wp.com\/oui-oui.es\/blog\/wp-content\/uploads\/oui-oui-boda-invierno-frio-nieve-cartel-original.jpg?resize=350%2C200&ssl=1 1x, https:\/\/i0.wp.com\/oui-oui.es\/blog\/wp-content\/uploads\/oui-oui-boda-invierno-frio-nieve-cartel-original.jpg?resize=525%2C300&ssl=1 1.5x"},"classes":[]}],"_links":{"self":[{"href":"https:\/\/oui-oui.es\/blog\/wp-json\/wp\/v2\/posts\/2120","targetHints":{"allow":["GET"]}}],"collection":[{"href":"https:\/\/oui-oui.es\/blog\/wp-json\/wp\/v2\/posts"}],"about":[{"href":"https:\/\/oui-oui.es\/blog\/wp-json\/wp\/v2\/types\/post"}],"author":[{"embeddable":true,"href":"https:\/\/oui-oui.es\/blog\/wp-json\/wp\/v2\/users\/1"}],"replies":[{"embeddable":true,"href":"https:\/\/oui-oui.es\/blog\/wp-json\/wp\/v2\/comments?post=2120"}],"version-history":[{"count":1,"href":"https:\/\/oui-oui.es\/blog\/wp-json\/wp\/v2\/posts\/2120\/revisions"}],"predecessor-version":[{"id":3098,"href":"https:\/\/oui-oui.es\/blog\/wp-json\/wp\/v2\/posts\/2120\/revisions\/3098"}],"wp:featuredmedia":[{"embeddable":true,"href":"https:\/\/oui-oui.es\/blog\/wp-json\/wp\/v2\/media\/3097"}],"wp:attachment":[{"href":"https:\/\/oui-oui.es\/blog\/wp-json\/wp\/v2\/media?parent=2120"}],"wp:term":[{"taxonomy":"category","embeddable":true,"href":"https:\/\/oui-oui.es\/blog\/wp-json\/wp\/v2\/categories?post=2120"},{"taxonomy":"post_tag","embeddable":true,"href":"https:\/\/oui-oui.es\/blog\/wp-json\/wp\/v2\/tags?post=2120"}],"curies":[{"name":"wp","href":"https:\/\/api.w.org\/{rel}","templated":true}]}}