{"id":2167,"date":"2015-04-27T00:01:53","date_gmt":"2015-04-26T22:01:53","guid":{"rendered":"https:\/\/ouiouiblog.wordpress.com\/?p=2167"},"modified":"2015-09-01T16:58:00","modified_gmt":"2015-09-01T14:58:00","slug":"macera-taller-bar","status":"publish","type":"post","link":"https:\/\/oui-oui.es\/blog\/macera-taller-bar\/","title":{"rendered":"Macera taller bar"},"content":{"rendered":"<p><a href=\"https:\/\/ouiouiblog.files.wordpress.com\/2015\/04\/oui-oui-macera-restaurante-narciso-bermejo-11.jpg\"><img loading=\"lazy\" decoding=\"async\" class=\"aligncenter size-full wp-image-2172\" src=\"https:\/\/ouiouiblog.files.wordpress.com\/2015\/04\/oui-oui-macera-restaurante-narciso-bermejo-11.jpg\" alt=\"Oui Oui-macera restaurante-narciso bermejo 11\" width=\"600\" height=\"600\" \/><\/a><\/p>\n<p><strong>Macera taller bar<\/strong> es un <strong>nuevo concepto<\/strong>, de cocteler\u00eda pero tambi\u00e9n de restaurante.<\/p>\n<p><a href=\"https:\/\/ouiouiblog.files.wordpress.com\/2015\/04\/oui-oui-macera-taller-bar.jpg\"><img loading=\"lazy\" decoding=\"async\" class=\"aligncenter size-full wp-image-2178\" src=\"https:\/\/ouiouiblog.files.wordpress.com\/2015\/04\/oui-oui-macera-taller-bar.jpg\" alt=\"Oui Oui-macera taller bar\" width=\"479\" height=\"479\" \/><\/a><\/p>\n<p>Su est\u00e9tica ya paraliza y sorprende, parece que <strong>ralentizas tu ritmo al entrar<\/strong>, para observar el collage de l\u00e1minas de la pared principal, <strong>la luz que atraviesa el color de sus botellas<\/strong> o los licores que est\u00e1n macerando al fondo del local.<\/p>\n<p><a href=\"https:\/\/ouiouiblog.files.wordpress.com\/2015\/04\/oui-oui-macera-restaurante-narciso-bermejo-10.jpg\"><img loading=\"lazy\" decoding=\"async\" class=\"aligncenter size-full wp-image-2171\" src=\"https:\/\/ouiouiblog.files.wordpress.com\/2015\/04\/oui-oui-macera-restaurante-narciso-bermejo-10.jpg\" alt=\"Oui Oui-macera restaurante-narciso bermejo 10\" width=\"600\" height=\"600\" \/><\/a><\/p>\n<p><a href=\"https:\/\/ouiouiblog.files.wordpress.com\/2015\/04\/oui-oui-macera-restaurante-narciso-bermejo-2.jpg\"><img loading=\"lazy\" decoding=\"async\" class=\"aligncenter size-full wp-image-2168\" src=\"https:\/\/ouiouiblog.files.wordpress.com\/2015\/04\/oui-oui-macera-restaurante-narciso-bermejo-2.jpg\" alt=\"Oui Oui-macera restaurante-narciso bermejo 2\" width=\"636\" height=\"636\" \/><\/a><\/p>\n<p>En macera puedes comer o merendar, los zumos naturales (antioxidantes, para un d\u00eda de resaca o para un d\u00eda de deporte), est\u00e1n buen\u00edsimos, las tartas ten\u00edan muy buena pinta pero nos las probamos por aquello de la dieta \ud83d\ude09<\/p>\n<p><a href=\"https:\/\/ouiouiblog.files.wordpress.com\/2015\/04\/oui-oui-macera-restaurante-narciso-bermejo-9.jpg\"><img loading=\"lazy\" decoding=\"async\" class=\"aligncenter size-full wp-image-2170\" src=\"https:\/\/ouiouiblog.files.wordpress.com\/2015\/04\/oui-oui-macera-restaurante-narciso-bermejo-9.jpg\" alt=\"Oui Oui-macera restaurante-narciso bermejo 9\" width=\"600\" height=\"600\" \/><\/a><\/p>\n<p>Pero lo que m\u00e1s nos gust\u00f3, sorprendi\u00f3 y lo que me parece un <strong>ide\u00f3n<\/strong> es su oferta de <strong>destilados artesanales<\/strong>, es decir, en <strong>Macera<\/strong> no encontrar\u00e1s ninguna marca de ginebra, ron o whisky, lo destila todo <strong>Narciso Bermejo<\/strong>, creador del concepto y alma mater del proyecto, con diferentes bot\u00e1nicos consigue matices distintos\u00a0y totalmente naturales, los refrescos (excepto la Coca-Cola), tambi\u00e9n los hacen ellos.<\/p>\n<p><a href=\"https:\/\/ouiouiblog.files.wordpress.com\/2015\/04\/oui-oui-macera-restaurante-narciso-bermejo-12.jpg\"><img loading=\"lazy\" decoding=\"async\" class=\"aligncenter size-full wp-image-2173\" src=\"https:\/\/ouiouiblog.files.wordpress.com\/2015\/04\/oui-oui-macera-restaurante-narciso-bermejo-12.jpg\" alt=\"Oui Oui-macera restaurante-narciso bermejo 12\" width=\"600\" height=\"450\" \/><\/a><\/p>\n<p><a href=\"https:\/\/ouiouiblog.files.wordpress.com\/2015\/04\/oui-oui-macera-taller-bar-2.jpg\"><img loading=\"lazy\" decoding=\"async\" class=\"aligncenter size-full wp-image-2176\" src=\"https:\/\/ouiouiblog.files.wordpress.com\/2015\/04\/oui-oui-macera-taller-bar-2.jpg\" alt=\"Oui Oui-macera taller bar 2\" width=\"479\" height=\"479\" \/><\/a><\/p>\n<p>Pero lo mejor de lo mejor, es que pueden crearte tu propia botella, puedes encargarle\u00a0una botella de cualquiera de los destilados que elaboran (14\u20ac) o, mejor a\u00fan, pedirle que cree un <strong>destilado\u00a0\u00fanico<\/strong>, tu le cuentas la idea y \u00e9l desarrolla el concepto en forma de destilado, en <strong>una botella con un dise\u00f1o muy cuidado, una etiqueta personalizada y una tarjeta con el reflejo del proceso creativo<\/strong>, y todo con un precio s\u00faper competitivo (22\u20ac)<\/p>\n<p><a href=\"https:\/\/ouiouiblog.files.wordpress.com\/2015\/04\/oui-oui-macera-taller-bar-1.jpg\"><img loading=\"lazy\" decoding=\"async\" class=\"aligncenter size-full wp-image-2175\" src=\"https:\/\/ouiouiblog.files.wordpress.com\/2015\/04\/oui-oui-macera-taller-bar-1.jpg\" alt=\"Oui Oui-macera taller bar 1\" width=\"479\" height=\"479\" \/><\/a><\/p>\n<p><a href=\"https:\/\/ouiouiblog.files.wordpress.com\/2015\/04\/oui-oui-macera-taller-bar-3.jpg\"><img loading=\"lazy\" decoding=\"async\" class=\"aligncenter size-full wp-image-2177\" src=\"https:\/\/ouiouiblog.files.wordpress.com\/2015\/04\/oui-oui-macera-taller-bar-3.jpg\" alt=\"Oui Oui-macera taller bar 3\" width=\"479\" height=\"479\" \/><\/a><\/p>\n<p><a href=\"https:\/\/ouiouiblog.files.wordpress.com\/2015\/04\/oui-oui-macera-restaurante-narciso-bermejo-7.jpg\"><img loading=\"lazy\" decoding=\"async\" class=\"aligncenter size-full wp-image-2169\" src=\"https:\/\/ouiouiblog.files.wordpress.com\/2015\/04\/oui-oui-macera-restaurante-narciso-bermejo-7.jpg\" alt=\"Oui Oui-macera restaurante-narciso bermejo 7\" width=\"600\" height=\"600\" \/><\/a><\/p>\n<p>Dar\u00e1 que hablar, seguro.<\/p>\n<p>Shhh&#8230;Tambi\u00e9n dar\u00e1n talleres!<\/p>\n<p><strong>Macera<\/strong> est\u00e1 en C\/San Mateo, 21<\/p>\n<blockquote><p>Val\u00f3rate co\u00f1o, que nadie robe tu esfuerzo. Jorge Monta\u00f1ez.<\/p><\/blockquote>\n","protected":false},"excerpt":{"rendered":"<p>Macera taller bar es un nuevo concepto, de cocteler\u00eda pero tambi\u00e9n de restaurante. Su est\u00e9tica ya paraliza y sorprende, parece que ralentizas tu ritmo al entrar, para observar el collage de l\u00e1minas de la pared principal, la luz que atraviesa el color de sus botellas o los licores que est\u00e1n macerando al fondo del local. [&hellip;]<\/p>\n","protected":false},"author":1,"featured_media":3095,"comment_status":"open","ping_status":"open","sticky":false,"template":"","format":"standard","meta":{"jetpack_post_was_ever_published":false,"_jetpack_newsletter_access":"","_jetpack_dont_email_post_to_subs":false,"_jetpack_newsletter_tier_id":0,"_jetpack_memberships_contains_paywalled_content":false,"_jetpack_memberships_contains_paid_content":false,"footnotes":"","jetpack_publicize_message":"","jetpack_publicize_feature_enabled":true,"jetpack_social_post_already_shared":false,"jetpack_social_options":{"image_generator_settings":{"template":"highway","default_image_id":0,"font":"","enabled":false},"version":2}},"categories":[176,177],"tags":[],"class_list":["post-2167","post","type-post","status-publish","format-standard","has-post-thumbnail","hentry","category-a-un-chico","category-lifestyle-2"],"aioseo_notices":[],"jetpack_publicize_connections":[],"jetpack_featured_media_url":"https:\/\/oui-oui.es\/blog\/wp-content\/uploads\/2015\/04\/oui-oui-macera-restaurante-narciso-bermejo-2.jpg","jetpack_sharing_enabled":true,"jetpack-related-posts":[{"id":4472,"url":"https:\/\/oui-oui.es\/blog\/cenar-en-un-taller-de-coches\/","url_meta":{"origin":2167,"position":0},"title":"Cenar en un taller de coches","author":"Mar\u00eda \u2665Oui Oui\u2665","date":"13 junio, 2016","format":false,"excerpt":"Descubro este restaurante porque un amigo de mi cu\u00f1ado ha decidido celebrar sus 40 a\u00f1os invitando a cenar all\u00ed a sus amigos, y cuando me cuentan que cenaron entre coches en un inmenso local industrial ten\u00eda que apuntarlo en mi gu\u00eda. Se trata del restaurante Hotel de Goudfazant, que aunque\u2026","rel":"","context":"En \u00abLA GU\u00cdA DE MAR\u00cdA\u00bb","block_context":{"text":"LA GU\u00cdA DE MAR\u00cdA","link":"https:\/\/oui-oui.es\/blog\/category\/la-guia-de-maria\/"},"img":{"alt_text":"","src":"https:\/\/i0.wp.com\/oui-oui.es\/blog\/wp-content\/uploads\/2016\/06\/Oui-Oui-restaurante-taller-coches-amsterdam-hotel-de-goudfazant-mesas-entre-coches.jpg?resize=350%2C200&ssl=1","width":350,"height":200,"srcset":"https:\/\/i0.wp.com\/oui-oui.es\/blog\/wp-content\/uploads\/2016\/06\/Oui-Oui-restaurante-taller-coches-amsterdam-hotel-de-goudfazant-mesas-entre-coches.jpg?resize=350%2C200&ssl=1 1x, https:\/\/i0.wp.com\/oui-oui.es\/blog\/wp-content\/uploads\/2016\/06\/Oui-Oui-restaurante-taller-coches-amsterdam-hotel-de-goudfazant-mesas-entre-coches.jpg?resize=525%2C300&ssl=1 1.5x, https:\/\/i0.wp.com\/oui-oui.es\/blog\/wp-content\/uploads\/2016\/06\/Oui-Oui-restaurante-taller-coches-amsterdam-hotel-de-goudfazant-mesas-entre-coches.jpg?resize=700%2C400&ssl=1 2x"},"classes":[]},{"id":3349,"url":"https:\/\/oui-oui.es\/blog\/ganas-de-emprender-te-esperamos\/","url_meta":{"origin":2167,"position":1},"title":"\u00bfGanas de emprender? \u00a1te esperamos!","author":"Mar\u00eda \u2665Oui Oui\u2665","date":"17 septiembre, 2015","format":false,"excerpt":"Sabes que quieres cambiar tu forma de ganarte la vida pero no sabes c\u00f3mo, o tienes una idea que crees que puede gustar a la gente pero no te decides a arrancar y te cuesta darle forma...Muchas de las personas que quieren dejar su trabajo por cuenta ajena para montar\u2026","rel":"","context":"En \u00abESTILO DE VIDA\u00bb","block_context":{"text":"ESTILO DE VIDA","link":"https:\/\/oui-oui.es\/blog\/category\/lifestyle-2\/"},"img":{"alt_text":"","src":"https:\/\/i0.wp.com\/oui-oui.es\/blog\/wp-content\/uploads\/2015\/09\/Oui-Oui-finca-monte-cutamilla-taller-emprendedores-experienciar-8.jpg?resize=350%2C200&ssl=1","width":350,"height":200,"srcset":"https:\/\/i0.wp.com\/oui-oui.es\/blog\/wp-content\/uploads\/2015\/09\/Oui-Oui-finca-monte-cutamilla-taller-emprendedores-experienciar-8.jpg?resize=350%2C200&ssl=1 1x, https:\/\/i0.wp.com\/oui-oui.es\/blog\/wp-content\/uploads\/2015\/09\/Oui-Oui-finca-monte-cutamilla-taller-emprendedores-experienciar-8.jpg?resize=525%2C300&ssl=1 1.5x"},"classes":[]},{"id":5788,"url":"https:\/\/oui-oui.es\/blog\/como-organizarte-para-emprender\/","url_meta":{"origin":2167,"position":2},"title":"C\u00f3mo organizarte para emprender","author":"Mar\u00eda \u2665Oui Oui\u2665","date":"23 junio, 2017","format":false,"excerpt":"Cuando tienes el gusanillo de emprender, cuando tienes las ganas o la idea (me he encontrado con muchas personas con ganas pero sin una idea concreta y otras con la idea pero con miedo o falta de un empujoncito para ponerse a ello) parece que es bueno fijarse en todos\u2026","rel":"","context":"En \u00abEMPRENDEDORAS\u00bb","block_context":{"text":"EMPRENDEDORAS","link":"https:\/\/oui-oui.es\/blog\/category\/mentoring-emprendedores\/"},"img":{"alt_text":"","src":"https:\/\/i0.wp.com\/oui-oui.es\/blog\/wp-content\/uploads\/2017\/06\/C%C3%B3mo-organizarte-para-emprender-taller-emprendimiento-oui-oui-ham-on-market.png?resize=350%2C200&ssl=1","width":350,"height":200,"srcset":"https:\/\/i0.wp.com\/oui-oui.es\/blog\/wp-content\/uploads\/2017\/06\/C%C3%B3mo-organizarte-para-emprender-taller-emprendimiento-oui-oui-ham-on-market.png?resize=350%2C200&ssl=1 1x, https:\/\/i0.wp.com\/oui-oui.es\/blog\/wp-content\/uploads\/2017\/06\/C%C3%B3mo-organizarte-para-emprender-taller-emprendimiento-oui-oui-ham-on-market.png?resize=525%2C300&ssl=1 1.5x, https:\/\/i0.wp.com\/oui-oui.es\/blog\/wp-content\/uploads\/2017\/06\/C%C3%B3mo-organizarte-para-emprender-taller-emprendimiento-oui-oui-ham-on-market.png?resize=700%2C400&ssl=1 2x, https:\/\/i0.wp.com\/oui-oui.es\/blog\/wp-content\/uploads\/2017\/06\/C%C3%B3mo-organizarte-para-emprender-taller-emprendimiento-oui-oui-ham-on-market.png?resize=1050%2C600&ssl=1 3x"},"classes":[]},{"id":2254,"url":"https:\/\/oui-oui.es\/blog\/el-vestido-de-flores-de-primavera-les-tulipes-y-andrea-amoretti\/","url_meta":{"origin":2167,"position":3},"title":"El vestido de flores de primavera, Les Tulipes y Andrea Amoretti","author":"Mar\u00eda \u2665Oui Oui\u2665","date":"6 mayo, 2015","format":false,"excerpt":"Despu\u00e9s de un mes de abril un poco raro, ya estamos en mayo, mes de las flores, de empezar a quedar en terrazas y de bodas con estilo, bautizos y otras celebraciones... Si est\u00e1s buscando look para alguna de ellas, te propongo que le eches un vistazo a Les Tulipes,\u2026","rel":"","context":"En \u00abBoda\u00bb","block_context":{"text":"Boda","link":"https:\/\/oui-oui.es\/blog\/category\/fiestas-celebraciones\/boda\/"},"img":{"alt_text":"","src":"https:\/\/i0.wp.com\/oui-oui.es\/blog\/wp-content\/uploads\/2015\/05\/oui-oui-vestidos-boda-monos-les-tulipes-andrea-amoretti-14.jpg?resize=350%2C200&ssl=1","width":350,"height":200,"srcset":"https:\/\/i0.wp.com\/oui-oui.es\/blog\/wp-content\/uploads\/2015\/05\/oui-oui-vestidos-boda-monos-les-tulipes-andrea-amoretti-14.jpg?resize=350%2C200&ssl=1 1x, https:\/\/i0.wp.com\/oui-oui.es\/blog\/wp-content\/uploads\/2015\/05\/oui-oui-vestidos-boda-monos-les-tulipes-andrea-amoretti-14.jpg?resize=525%2C300&ssl=1 1.5x"},"classes":[]},{"id":1149,"url":"https:\/\/oui-oui.es\/blog\/lo-nuevo-de-david-christian\/","url_meta":{"origin":2167,"position":4},"title":"Lo nuevo de David Christian","author":"Mar\u00eda \u2665Oui Oui\u2665","date":"24 enero, 2014","format":false,"excerpt":"Me perd\u00ed la inauguraci\u00f3n de su nueva tienda taller en el coraz\u00f3n de Madrid y a\u00fan no he podido pasarme a conocerla, pero me hace much\u00edsima ilusi\u00f3n ver c\u00f3mo ha crecido David Christian como marca, pues confi\u00e9 en ellas para mi vestido de novia y qued\u00e9 content\u00edsima. En esta nueva\u2026","rel":"","context":"En \u00abBoda\u00bb","block_context":{"text":"Boda","link":"https:\/\/oui-oui.es\/blog\/category\/fiestas-celebraciones\/boda\/"},"img":{"alt_text":"","src":"https:\/\/i0.wp.com\/oui-oui.es\/blog\/wp-content\/uploads\/2014\/01\/nueva-tienda-david-christian.jpg?resize=350%2C200&ssl=1","width":350,"height":200,"srcset":"https:\/\/i0.wp.com\/oui-oui.es\/blog\/wp-content\/uploads\/2014\/01\/nueva-tienda-david-christian.jpg?resize=350%2C200&ssl=1 1x, https:\/\/i0.wp.com\/oui-oui.es\/blog\/wp-content\/uploads\/2014\/01\/nueva-tienda-david-christian.jpg?resize=525%2C300&ssl=1 1.5x, https:\/\/i0.wp.com\/oui-oui.es\/blog\/wp-content\/uploads\/2014\/01\/nueva-tienda-david-christian.jpg?resize=700%2C400&ssl=1 2x, https:\/\/i0.wp.com\/oui-oui.es\/blog\/wp-content\/uploads\/2014\/01\/nueva-tienda-david-christian.jpg?resize=1050%2C600&ssl=1 3x, https:\/\/i0.wp.com\/oui-oui.es\/blog\/wp-content\/uploads\/2014\/01\/nueva-tienda-david-christian.jpg?resize=1400%2C800&ssl=1 4x"},"classes":[]},{"id":4730,"url":"https:\/\/oui-oui.es\/blog\/thinkoteca-ocio-y-educacion-emocional\/","url_meta":{"origin":2167,"position":5},"title":"Thinkoteca; ocio y educaci\u00f3n emocional","author":"Mar\u00eda \u2665Oui Oui\u2665","date":"10 octubre, 2016","format":false,"excerpt":"Empieza una semana cortita, cojas o no puente es una semana facilona as\u00ed que si te quedas en Madrid te propongo que aproveches las jornadas abiertas de Thinkoteca para conocer sus clases y talleres de forma gratuita. Thinkoteca es un lugar donde los ni\u00f1os podr\u00e1n explorar y divertirse realizando actividades\u2026","rel":"","context":"En \u00abNI\u00d1OS Y NI\u00d1AS\u00bb","block_context":{"text":"NI\u00d1OS Y NI\u00d1AS","link":"https:\/\/oui-oui.es\/blog\/category\/ninos\/"},"img":{"alt_text":"","src":"https:\/\/i0.wp.com\/oui-oui.es\/blog\/wp-content\/uploads\/2016\/10\/Oui-Oui-thinkoteca-talleres-emocionales-robotica.jpg?resize=350%2C200&ssl=1","width":350,"height":200},"classes":[]}],"_links":{"self":[{"href":"https:\/\/oui-oui.es\/blog\/wp-json\/wp\/v2\/posts\/2167","targetHints":{"allow":["GET"]}}],"collection":[{"href":"https:\/\/oui-oui.es\/blog\/wp-json\/wp\/v2\/posts"}],"about":[{"href":"https:\/\/oui-oui.es\/blog\/wp-json\/wp\/v2\/types\/post"}],"author":[{"embeddable":true,"href":"https:\/\/oui-oui.es\/blog\/wp-json\/wp\/v2\/users\/1"}],"replies":[{"embeddable":true,"href":"https:\/\/oui-oui.es\/blog\/wp-json\/wp\/v2\/comments?post=2167"}],"version-history":[{"count":1,"href":"https:\/\/oui-oui.es\/blog\/wp-json\/wp\/v2\/posts\/2167\/revisions"}],"predecessor-version":[{"id":3096,"href":"https:\/\/oui-oui.es\/blog\/wp-json\/wp\/v2\/posts\/2167\/revisions\/3096"}],"wp:featuredmedia":[{"embeddable":true,"href":"https:\/\/oui-oui.es\/blog\/wp-json\/wp\/v2\/media\/3095"}],"wp:attachment":[{"href":"https:\/\/oui-oui.es\/blog\/wp-json\/wp\/v2\/media?parent=2167"}],"wp:term":[{"taxonomy":"category","embeddable":true,"href":"https:\/\/oui-oui.es\/blog\/wp-json\/wp\/v2\/categories?post=2167"},{"taxonomy":"post_tag","embeddable":true,"href":"https:\/\/oui-oui.es\/blog\/wp-json\/wp\/v2\/tags?post=2167"}],"curies":[{"name":"wp","href":"https:\/\/api.w.org\/{rel}","templated":true}]}}