{"id":2192,"date":"2015-04-28T00:01:05","date_gmt":"2015-04-27T22:01:05","guid":{"rendered":"https:\/\/ouiouiblog.wordpress.com\/?p=2192"},"modified":"2015-09-01T16:56:42","modified_gmt":"2015-09-01T14:56:42","slug":"a-tope-de-rosa-y-dorado","status":"publish","type":"post","link":"https:\/\/oui-oui.es\/blog\/a-tope-de-rosa-y-dorado\/","title":{"rendered":"A tope de rosa y dorado"},"content":{"rendered":"<p><a href=\"http:\/\/www.oui-oui.es\/fiesta\/571-globos-gigantes-blancos.html\"><img loading=\"lazy\" decoding=\"async\" class=\"aligncenter size-full wp-image-2205\" src=\"https:\/\/ouiouiblog.files.wordpress.com\/2015\/04\/oui-oui-fiesta-rosa-y-dorado-candy-bar-rosa-y-dorado-globos.jpg\" alt=\"Oui Oui-fiesta rosa y dorado-candy bar rosa y dorado-globos\" width=\"403\" height=\"600\" \/><\/a><\/p>\n<p>\u00bfNo os pasa que a veces ten\u00e9is unos colores o combinaci\u00f3n de ellos constantemente en la cabeza?, a m\u00ed, desde hace unos meses, me ha dado por <strong>el rosa y el dorado<\/strong>, en diferentes tonalidades; <strong>rosa pastel + glitter<\/strong>, <strong>rosa fl\u00faor + glitter<\/strong>&#8230;Y por eso no resist\u00ed traer una l\u00ednea de cositas para fiesta en estos tonos; queda genial tanto en un <strong>candybar de una boda<\/strong>, como en un <strong>cumplea\u00f1os<\/strong> o una celebraci\u00f3n al aire libre.<\/p>\n<p><a href=\"http:\/\/www.oui-oui.es\/todos\/859-banderin-candy-bar-rosa-y-dorado.html\"><img loading=\"lazy\" decoding=\"async\" class=\"aligncenter wp-image-2199 size-full\" src=\"https:\/\/ouiouiblog.files.wordpress.com\/2015\/04\/oui-oui-banderc3adn-candy-bar-rosa-y-dorado.jpg\" alt=\"Oui Oui-Bander\u00edn CANDY BAR rosa y dorado\" width=\"636\" height=\"636\" \/><\/a><\/p>\n<p><strong>Banderines, guirnaldas, pajitas, tarros, toppers, pinchitos<\/strong>&#8230;Tenemos un mont\u00f3n de detalles de decoraci\u00f3n en <strong><a href=\"http:\/\/www.oui-oui.es\/buscar?orderby=position&amp;orderway=desc&amp;search_query=rosa&amp;submit_search.x=0&amp;submit_search.y=0\" target=\"_blank\">rosa <\/a>y <a href=\"http:\/\/www.oui-oui.es\/buscar?orderby=position&amp;orderway=desc&amp;search_query=dorado&amp;submit_search.x=0&amp;submit_search.y=0\" target=\"_blank\">dorado<\/a><\/strong>, puedes ver<a href=\"http:\/\/www.oui-oui.es\/buscar?orderby=position&amp;orderway=desc&amp;search_query=rosa&amp;submit_search.x=0&amp;submit_search.y=0\" target=\"_blank\"> aqu\u00ed <\/a>y <a href=\"http:\/\/www.oui-oui.es\/buscar?orderby=position&amp;orderway=desc&amp;search_query=dorado&amp;submit_search.x=0&amp;submit_search.y=0\" target=\"_blank\">aqu\u00ed<\/a><\/p>\n<p><a href=\"http:\/\/www.oui-oui.es\/papeleria-regalos-craft\/858-etiquetas-rosas-con-purpurina-oro.html\"><img loading=\"lazy\" decoding=\"async\" class=\"aligncenter wp-image-2201 size-full\" src=\"https:\/\/ouiouiblog.files.wordpress.com\/2015\/04\/oui-oui-etiquetas-dorado-y-rosa-1.jpg\" alt=\"Oui Oui-Etiquetas dorado y rosa 1\" width=\"636\" height=\"636\" \/><\/a><\/p>\n<p><a href=\"http:\/\/www.oui-oui.es\/fiestas\/862-pinchitos-corazones-glitter.html\"><img loading=\"lazy\" decoding=\"async\" class=\"aligncenter wp-image-2198 size-full\" src=\"https:\/\/ouiouiblog.files.wordpress.com\/2015\/04\/oui-oui-coleccic3b3n-rosa-y-dorado-topper-corazc3b3n-1.jpg\" alt=\"Oui Oui-Colecci\u00f3n Rosa y Dorado. Topper coraz\u00f3n 1\" width=\"636\" height=\"636\" \/><\/a><\/p>\n<p><a href=\"http:\/\/www.oui-oui.es\/fiestas\/854-guirnalda-estrellas-doradas.html\"><img loading=\"lazy\" decoding=\"async\" class=\"aligncenter wp-image-2196 size-full\" src=\"https:\/\/ouiouiblog.files.wordpress.com\/2015\/04\/oui-oui-coleccic3b3n-rosa-y-dorado-guirnalda-estrellas.jpg\" alt=\"Oui Oui-Colecci\u00f3n Rosa y Dorado. Guirnalda estrellas\" width=\"636\" height=\"636\" \/><\/a><\/p>\n<p><a href=\"http:\/\/www.oui-oui.es\/fiestas\/860-topper-banderin-rosa-y-dorado.html\"><img loading=\"lazy\" decoding=\"async\" class=\"aligncenter wp-image-2193 size-full\" src=\"https:\/\/ouiouiblog.files.wordpress.com\/2015\/04\/oui-oui-coleccic3b3n-rosa-y-dorado-1.jpg\" alt=\"Oui Oui-Colecci\u00f3n Rosa y Dorado 1\" width=\"636\" height=\"636\" \/><\/a><\/p>\n<p><a href=\"https:\/\/ouiouiblog.files.wordpress.com\/2015\/04\/oui-oui-fiesta-rosa-y-dorado-candy-bar-rosa-y-dorado-pajitas.jpg\"><img loading=\"lazy\" decoding=\"async\" class=\"aligncenter size-full wp-image-2206\" src=\"https:\/\/ouiouiblog.files.wordpress.com\/2015\/04\/oui-oui-fiesta-rosa-y-dorado-candy-bar-rosa-y-dorado-pajitas.jpg\" alt=\"Oui Oui-fiesta rosa y dorado-candy bar rosa y dorado-pajitas\" width=\"600\" height=\"898\" \/><\/a><\/p>\n<p><a href=\"https:\/\/ouiouiblog.files.wordpress.com\/2015\/04\/oui-oui-fiesta-rosa-y-dorado-candy-bar-rosa-y-dorado.jpg\"><img loading=\"lazy\" decoding=\"async\" class=\"aligncenter size-full wp-image-2204\" src=\"https:\/\/ouiouiblog.files.wordpress.com\/2015\/04\/oui-oui-fiesta-rosa-y-dorado-candy-bar-rosa-y-dorado.jpg\" alt=\"Oui Oui-fiesta rosa y dorado-candy bar rosa y dorado\" width=\"550\" height=\"825\" \/><\/a><\/p>\n<p><a href=\"http:\/\/www.oui-oui.es\/todos\/861-banderin-just-married-rosa-y-dorado.html\"><img loading=\"lazy\" decoding=\"async\" class=\"aligncenter size-full wp-image-2207\" src=\"https:\/\/ouiouiblog.files.wordpress.com\/2015\/04\/oui-oui-banderc3adn-just-married-rosa-y-dorado.jpg\" alt=\"Oui Oui-Bander\u00edn JUST MARRIED rosa y dorado\" width=\"636\" height=\"636\" \/><\/a><\/p>\n<p>&nbsp;<\/p>\n<p>\u00bfQu\u00e9 os parece?, os gusta la tendencia?<\/p>\n","protected":false},"excerpt":{"rendered":"<p>\u00bfNo os pasa que a veces ten\u00e9is unos colores o combinaci\u00f3n de ellos constantemente en la cabeza?, a m\u00ed, desde hace unos meses, me ha dado por el rosa y el dorado, en diferentes tonalidades; rosa pastel + glitter, rosa fl\u00faor + glitter&#8230;Y por eso no resist\u00ed traer una l\u00ednea de cositas para fiesta en [&hellip;]<\/p>\n","protected":false},"author":1,"featured_media":3093,"comment_status":"open","ping_status":"open","sticky":false,"template":"","format":"standard","meta":{"jetpack_post_was_ever_published":false,"_jetpack_newsletter_access":"","_jetpack_dont_email_post_to_subs":false,"_jetpack_newsletter_tier_id":0,"_jetpack_memberships_contains_paywalled_content":false,"_jetpack_memberships_contains_paid_content":false,"footnotes":"","jetpack_publicize_message":"","jetpack_publicize_feature_enabled":true,"jetpack_social_post_already_shared":false,"jetpack_social_options":{"image_generator_settings":{"template":"highway","default_image_id":0,"font":"","enabled":false},"version":2}},"categories":[7],"tags":[53],"class_list":["post-2192","post","type-post","status-publish","format-standard","has-post-thumbnail","hentry","category-fiestas-celebraciones","tag-candy-bar"],"aioseo_notices":[],"jetpack_publicize_connections":[],"jetpack_featured_media_url":"https:\/\/oui-oui.es\/blog\/wp-content\/uploads\/2015\/04\/oui-oui-banderc3adn-candy-bar-rosa-y-dorado.jpg","jetpack_sharing_enabled":true,"jetpack-related-posts":[{"id":5144,"url":"https:\/\/oui-oui.es\/blog\/marzo-rosa\/","url_meta":{"origin":2192,"position":0},"title":"Marzo rosa","author":"Mar\u00eda \u2665Oui Oui\u2665","date":"1 marzo, 2017","format":false,"excerpt":"Comienza marzo y creo que es el mejor d\u00eda para (re) volver al blog, despu\u00e9s de un par de semanas de ausencia porque no encontraba hueco para escribir. Marzo es mi mes por excelencia, en marzo es mi cumple, el de varios de mis mejores amig@s, es el mes en\u2026","rel":"","context":"En \u00abDECORACI\u00d3N\u00bb","block_context":{"text":"DECORACI\u00d3N","link":"https:\/\/oui-oui.es\/blog\/category\/decoracion-de-casa\/"},"img":{"alt_text":"","src":"https:\/\/i0.wp.com\/oui-oui.es\/blog\/wp-content\/uploads\/2017\/02\/LENZO-Trentham-Wedding-oui-oui-globo-LOVE-oro-rosa-candy-bar.jpg?resize=350%2C200&ssl=1","width":350,"height":200,"srcset":"https:\/\/i0.wp.com\/oui-oui.es\/blog\/wp-content\/uploads\/2017\/02\/LENZO-Trentham-Wedding-oui-oui-globo-LOVE-oro-rosa-candy-bar.jpg?resize=350%2C200&ssl=1 1x, https:\/\/i0.wp.com\/oui-oui.es\/blog\/wp-content\/uploads\/2017\/02\/LENZO-Trentham-Wedding-oui-oui-globo-LOVE-oro-rosa-candy-bar.jpg?resize=525%2C300&ssl=1 1.5x"},"classes":[]},{"id":4078,"url":"https:\/\/oui-oui.es\/blog\/la-pasteleria-que-se-convirtio-en-un-arrecife-rosa\/","url_meta":{"origin":2192,"position":1},"title":"La pasteler\u00eda que se convirti\u00f3 en un arrecife rosa","author":"Mar\u00eda \u2665Oui Oui\u2665","date":"8 marzo, 2016","format":false,"excerpt":"Hay muchas razones para visitar Alcal\u00e1 de Henares, pero la reciente remodelaci\u00f3n de una antigua pasteler\u00eda me llama especialmente para acercarme en cuanto pueda. El estudio de arquitectura IDEO ha concebido esta remodelaci\u00f3n, manteniendo la estructura original del espacio, con el ladrillo visto, pero incorporando el color rosa, con m\u00e1s\u2026","rel":"","context":"En \u00abESTILO DE VIDA\u00bb","block_context":{"text":"ESTILO DE VIDA","link":"https:\/\/oui-oui.es\/blog\/category\/lifestyle-2\/"},"img":{"alt_text":"","src":"https:\/\/i0.wp.com\/oui-oui.es\/blog\/wp-content\/uploads\/2016\/02\/Oui-Oui-ideo-arquitectura-madrid-bakery-art-installation-strawberry-sticks-pasteleria-rosa-alcala-henares-3.jpg?resize=350%2C200&ssl=1","width":350,"height":200,"srcset":"https:\/\/i0.wp.com\/oui-oui.es\/blog\/wp-content\/uploads\/2016\/02\/Oui-Oui-ideo-arquitectura-madrid-bakery-art-installation-strawberry-sticks-pasteleria-rosa-alcala-henares-3.jpg?resize=350%2C200&ssl=1 1x, https:\/\/i0.wp.com\/oui-oui.es\/blog\/wp-content\/uploads\/2016\/02\/Oui-Oui-ideo-arquitectura-madrid-bakery-art-installation-strawberry-sticks-pasteleria-rosa-alcala-henares-3.jpg?resize=525%2C300&ssl=1 1.5x, https:\/\/i0.wp.com\/oui-oui.es\/blog\/wp-content\/uploads\/2016\/02\/Oui-Oui-ideo-arquitectura-madrid-bakery-art-installation-strawberry-sticks-pasteleria-rosa-alcala-henares-3.jpg?resize=700%2C400&ssl=1 2x"},"classes":[]},{"id":718,"url":"https:\/\/oui-oui.es\/blog\/mas-cositas-nuevas-en-la-tienda\/","url_meta":{"origin":2192,"position":2},"title":"M\u00e1s cositas nuevas en la tienda!","author":"Mar\u00eda \u2665Oui Oui\u2665","date":"13 mayo, 2013","format":false,"excerpt":"Como promet\u00ed, aunque no sepa de d\u00f3nde sacar el tiempo, habr\u00e1 novedades en la tienda todas las semanas y aqu\u00ed os presento las de \u00e9sta...Muy variadas! Empezamos con cojines nuevos, los dos que ten\u00edamos hasta ahora, el del bigote y el de Home han tenido mucho \u00e9xito, as\u00ed que espero\u2026","rel":"","context":"En \u00abDECORACI\u00d3N\u00bb","block_context":{"text":"DECORACI\u00d3N","link":"https:\/\/oui-oui.es\/blog\/category\/decoracion-de-casa\/"},"img":{"alt_text":"Down that little lane","src":"https:\/\/ouiouiblog.files.wordpress.com\/2013\/05\/oui-oui-nuevo-tienda-pinterest.jpg?w=350&h=200&crop=1","width":350,"height":200},"classes":[]},{"id":1758,"url":"https:\/\/oui-oui.es\/blog\/pon-una-pina-en-tu-vida\/","url_meta":{"origin":2192,"position":3},"title":"Pon una pi\u00f1a en tu vida","author":"Mar\u00eda \u2665Oui Oui\u2665","date":"29 enero, 2015","format":false,"excerpt":"Que las pi\u00f1as est\u00e1n de moda no es noticia, a pesar de que parecen un elemento veraniego, desde el principio del curso nos siguen gustando, sobretodo en decoraci\u00f3n. Y eso es lo que me pas\u00f3 al ver a l\u00e1mpara pi\u00f1a mint en una puesta en escena de interiorismo...Fue un flechazo\u2026","rel":"","context":"En \u00abDECORACI\u00d3N\u00bb","block_context":{"text":"DECORACI\u00d3N","link":"https:\/\/oui-oui.es\/blog\/category\/decoracion-de-casa\/"},"img":{"alt_text":"","src":"https:\/\/i0.wp.com\/oui-oui.es\/blog\/wp-content\/uploads\/2015\/01\/oui-oui-lampara-pic3b1a-pic3b1a-colada-lamp-mint-rosa-amarillo-suelo.jpg?resize=350%2C200&ssl=1","width":350,"height":200,"srcset":"https:\/\/i0.wp.com\/oui-oui.es\/blog\/wp-content\/uploads\/2015\/01\/oui-oui-lampara-pic3b1a-pic3b1a-colada-lamp-mint-rosa-amarillo-suelo.jpg?resize=350%2C200&ssl=1 1x, https:\/\/i0.wp.com\/oui-oui.es\/blog\/wp-content\/uploads\/2015\/01\/oui-oui-lampara-pic3b1a-pic3b1a-colada-lamp-mint-rosa-amarillo-suelo.jpg?resize=525%2C300&ssl=1 1.5x"},"classes":[]},{"id":1290,"url":"https:\/\/oui-oui.es\/blog\/novedades-de-febrero\/","url_meta":{"origin":2192,"position":4},"title":"Novedades de febrero!","author":"Mar\u00eda \u2665Oui Oui\u2665","date":"18 febrero, 2014","format":false,"excerpt":"Aunque quedan algunas novedades por llegar no me aguantaba sin contaros todas las cositas nuevas para fiesta que he tra\u00eddo! Ya os dije que las guirnaldas de borlas, o de flecos iban a ser la sensaci\u00f3n de la temporada, pues bien, adem\u00e1s de las que ya ten\u00edamos que estaban montadas\u2026","rel":"","context":"En \u00abBoda\u00bb","block_context":{"text":"Boda","link":"https:\/\/oui-oui.es\/blog\/category\/fiestas-celebraciones\/boda\/"},"img":{"alt_text":"","src":"https:\/\/i0.wp.com\/oui-oui.es\/blog\/wp-content\/uploads\/2014\/02\/oui-oui-lifestyle-bolas-nido-abeja-ventiladores-voladores-guirnalda-honeycomb.jpg?resize=350%2C200&ssl=1","width":350,"height":200,"srcset":"https:\/\/i0.wp.com\/oui-oui.es\/blog\/wp-content\/uploads\/2014\/02\/oui-oui-lifestyle-bolas-nido-abeja-ventiladores-voladores-guirnalda-honeycomb.jpg?resize=350%2C200&ssl=1 1x, https:\/\/i0.wp.com\/oui-oui.es\/blog\/wp-content\/uploads\/2014\/02\/oui-oui-lifestyle-bolas-nido-abeja-ventiladores-voladores-guirnalda-honeycomb.jpg?resize=525%2C300&ssl=1 1.5x"},"classes":[]},{"id":4174,"url":"https:\/\/oui-oui.es\/blog\/flamingo-fever\/","url_meta":{"origin":2192,"position":5},"title":"Flamingo Fever","author":"Mar\u00eda \u2665Oui Oui\u2665","date":"13 abril, 2016","format":false,"excerpt":"Lo reconozco, cuando me da por algo soy intensa, como escrib\u00eda el otro d\u00eda en Ello ; La pi\u00f1a fue el nuevo moustache El unicornio fue la nueva pi\u00f1a El cactus el nuevo unicornio El flamenco el nuevo cactus Y el cisne el nuevo flamenco... No todos relevan completamente al\u2026","rel":"","context":"En \u00abESTILO DE VIDA\u00bb","block_context":{"text":"ESTILO DE VIDA","link":"https:\/\/oui-oui.es\/blog\/category\/lifestyle-2\/"},"img":{"alt_text":"","src":"https:\/\/i0.wp.com\/oui-oui.es\/blog\/wp-content\/uploads\/2016\/04\/Oui-Oui-luminoso-flamenco-flamenco-con-bombillas-flamenco-luminoso.jpg?resize=350%2C200&ssl=1","width":350,"height":200,"srcset":"https:\/\/i0.wp.com\/oui-oui.es\/blog\/wp-content\/uploads\/2016\/04\/Oui-Oui-luminoso-flamenco-flamenco-con-bombillas-flamenco-luminoso.jpg?resize=350%2C200&ssl=1 1x, https:\/\/i0.wp.com\/oui-oui.es\/blog\/wp-content\/uploads\/2016\/04\/Oui-Oui-luminoso-flamenco-flamenco-con-bombillas-flamenco-luminoso.jpg?resize=525%2C300&ssl=1 1.5x, https:\/\/i0.wp.com\/oui-oui.es\/blog\/wp-content\/uploads\/2016\/04\/Oui-Oui-luminoso-flamenco-flamenco-con-bombillas-flamenco-luminoso.jpg?resize=700%2C400&ssl=1 2x"},"classes":[]}],"_links":{"self":[{"href":"https:\/\/oui-oui.es\/blog\/wp-json\/wp\/v2\/posts\/2192","targetHints":{"allow":["GET"]}}],"collection":[{"href":"https:\/\/oui-oui.es\/blog\/wp-json\/wp\/v2\/posts"}],"about":[{"href":"https:\/\/oui-oui.es\/blog\/wp-json\/wp\/v2\/types\/post"}],"author":[{"embeddable":true,"href":"https:\/\/oui-oui.es\/blog\/wp-json\/wp\/v2\/users\/1"}],"replies":[{"embeddable":true,"href":"https:\/\/oui-oui.es\/blog\/wp-json\/wp\/v2\/comments?post=2192"}],"version-history":[{"count":1,"href":"https:\/\/oui-oui.es\/blog\/wp-json\/wp\/v2\/posts\/2192\/revisions"}],"predecessor-version":[{"id":3094,"href":"https:\/\/oui-oui.es\/blog\/wp-json\/wp\/v2\/posts\/2192\/revisions\/3094"}],"wp:featuredmedia":[{"embeddable":true,"href":"https:\/\/oui-oui.es\/blog\/wp-json\/wp\/v2\/media\/3093"}],"wp:attachment":[{"href":"https:\/\/oui-oui.es\/blog\/wp-json\/wp\/v2\/media?parent=2192"}],"wp:term":[{"taxonomy":"category","embeddable":true,"href":"https:\/\/oui-oui.es\/blog\/wp-json\/wp\/v2\/categories?post=2192"},{"taxonomy":"post_tag","embeddable":true,"href":"https:\/\/oui-oui.es\/blog\/wp-json\/wp\/v2\/tags?post=2192"}],"curies":[{"name":"wp","href":"https:\/\/api.w.org\/{rel}","templated":true}]}}