{"id":230,"date":"2012-12-03T18:36:52","date_gmt":"2012-12-03T16:36:52","guid":{"rendered":"http:\/\/ouiouiblog.wordpress.com\/?p=230"},"modified":"2012-12-03T18:36:52","modified_gmt":"2012-12-03T16:36:52","slug":"pensando-ya-en-el-arbol-de-navidad","status":"publish","type":"post","link":"https:\/\/oui-oui.es\/blog\/pensando-ya-en-el-arbol-de-navidad\/","title":{"rendered":"Pensando ya en el \u00e1rbol de Navidad"},"content":{"rendered":"<div id=\"attachment_239\" style=\"width: 410px\" class=\"wp-caption aligncenter\"><a href=\"http:\/\/ouiouiblog.files.wordpress.com\/2012\/12\/oui-oui-ideas-originales-arbol-navidad.jpg\"><img loading=\"lazy\" decoding=\"async\" aria-describedby=\"caption-attachment-239\" class=\"size-full wp-image-239\" alt=\"Pinterest\" src=\"http:\/\/ouiouiblog.files.wordpress.com\/2012\/12\/oui-oui-ideas-originales-arbol-navidad.jpg\" height=\"402\" width=\"400\" srcset=\"https:\/\/oui-oui.es\/blog\/wp-content\/uploads\/oui-oui-ideas-originales-arbol-navidad.jpg 400w, https:\/\/oui-oui.es\/blog\/wp-content\/uploads\/oui-oui-ideas-originales-arbol-navidad-150x150.jpg 150w, https:\/\/oui-oui.es\/blog\/wp-content\/uploads\/oui-oui-ideas-originales-arbol-navidad-298x300.jpg 298w\" sizes=\"auto, (max-width: 400px) 100vw, 400px\" \/><\/a><p id=\"caption-attachment-239\" class=\"wp-caption-text\">Pinterest<\/p><\/div>\n<p style=\"text-align:center;\">Cada vez me gusta m\u00e1s la idea de tener un <strong>\u00e1rbol de navidad diferente<\/strong> y <strong>que ocupe poco<\/strong>, es m\u00e1s, cada vez me gustan m\u00e1s los <strong>\u00e1rboles de Navidad de pared<\/strong>.<\/p>\n<p style=\"text-align:center;\">El a\u00f1o pasado opt\u00e9 por la versi\u00f3n <strong>\u00e1rbol de post-it<\/strong> y este a\u00f1o a\u00fan lo estoy pensando.<\/p>\n<p style=\"text-align:center;\"><a href=\"http:\/\/ouiouiblog.files.wordpress.com\/2012\/12\/oui-oui-arbol-navidad-post-it.jpg\"><img loading=\"lazy\" decoding=\"async\" class=\"aligncenter size-full wp-image-235\" alt=\"Oui Oui-arbol navidad post-it\" src=\"http:\/\/ouiouiblog.files.wordpress.com\/2012\/12\/oui-oui-arbol-navidad-post-it.jpg\" height=\"400\" width=\"400\" srcset=\"https:\/\/oui-oui.es\/blog\/wp-content\/uploads\/oui-oui-arbol-navidad-post-it.jpg 400w, https:\/\/oui-oui.es\/blog\/wp-content\/uploads\/oui-oui-arbol-navidad-post-it-150x150.jpg 150w, https:\/\/oui-oui.es\/blog\/wp-content\/uploads\/oui-oui-arbol-navidad-post-it-300x300.jpg 300w\" sizes=\"auto, (max-width: 400px) 100vw, 400px\" \/><\/a><\/p>\n<p style=\"text-align:center;\">Acabo de descubrir esta idea con la <strong>tela-abeto<\/strong> de <strong>Ikea<\/strong> y me parece genial!<\/p>\n<p style=\"text-align:center;\"><a href=\"http:\/\/ouiouiblog.files.wordpress.com\/2012\/12\/oui-oui-arbol-navidad-tela-dos-dimensiones-ikea.jpg\"><img loading=\"lazy\" decoding=\"async\" class=\"aligncenter size-full wp-image-231\" alt=\"Oui Oui-arbol navidad tela dos dimensiones-ikea\" src=\"http:\/\/ouiouiblog.files.wordpress.com\/2012\/12\/oui-oui-arbol-navidad-tela-dos-dimensiones-ikea.jpg\" height=\"640\" width=\"407\" srcset=\"https:\/\/oui-oui.es\/blog\/wp-content\/uploads\/oui-oui-arbol-navidad-tela-dos-dimensiones-ikea.jpg 407w, https:\/\/oui-oui.es\/blog\/wp-content\/uploads\/oui-oui-arbol-navidad-tela-dos-dimensiones-ikea-190x300.jpg 190w\" sizes=\"auto, (max-width: 407px) 100vw, 407px\" \/><\/a><\/p>\n<p style=\"text-align:center;\">Esta opci\u00f3n <strong>con papel de seda<\/strong> tampoco est\u00e1 mal, aunque yo le subir\u00eda un poco el color del verde<\/p>\n<div id=\"attachment_233\" style=\"width: 539px\" class=\"wp-caption aligncenter\"><a href=\"http:\/\/ouiouiblog.files.wordpress.com\/2012\/12\/oui-oui-arbol-navidad-papel-seda.jpg\"><img loading=\"lazy\" decoding=\"async\" aria-describedby=\"caption-attachment-233\" class=\"size-full wp-image-233\" alt=\"Curbly\" src=\"http:\/\/ouiouiblog.files.wordpress.com\/2012\/12\/oui-oui-arbol-navidad-papel-seda.jpg\" height=\"384\" width=\"529\" srcset=\"https:\/\/oui-oui.es\/blog\/wp-content\/uploads\/oui-oui-arbol-navidad-papel-seda.jpg 550w, https:\/\/oui-oui.es\/blog\/wp-content\/uploads\/oui-oui-arbol-navidad-papel-seda-300x218.jpg 300w\" sizes=\"auto, (max-width: 529px) 100vw, 529px\" \/><\/a><p id=\"caption-attachment-233\" class=\"wp-caption-text\">Curbly<\/p><\/div>\n<p style=\"text-align:center;\">Para los que tengan una <strong>pared de pizarra, con tiza y una guirnalda<\/strong> puede quedar fenomenal.<\/p>\n<div id=\"attachment_238\" style=\"width: 510px\" class=\"wp-caption aligncenter\"><a href=\"http:\/\/ouiouiblog.files.wordpress.com\/2012\/12\/oui-oui-arbol-navidad-tiza-pared.jpg\"><img loading=\"lazy\" decoding=\"async\" aria-describedby=\"caption-attachment-238\" class=\"size-full wp-image-238\" alt=\"Pinterest\" src=\"http:\/\/ouiouiblog.files.wordpress.com\/2012\/12\/oui-oui-arbol-navidad-tiza-pared.jpg\" height=\"500\" width=\"500\" srcset=\"https:\/\/oui-oui.es\/blog\/wp-content\/uploads\/oui-oui-arbol-navidad-tiza-pared.jpg 500w, https:\/\/oui-oui.es\/blog\/wp-content\/uploads\/oui-oui-arbol-navidad-tiza-pared-150x150.jpg 150w, https:\/\/oui-oui.es\/blog\/wp-content\/uploads\/oui-oui-arbol-navidad-tiza-pared-300x300.jpg 300w\" sizes=\"auto, (max-width: 500px) 100vw, 500px\" \/><\/a><p id=\"caption-attachment-238\" class=\"wp-caption-text\">Pinterest<\/p><\/div>\n<p style=\"text-align:center;\">Y este <strong>\u00e1rbol<\/strong>, hecho <strong>con objetos de recuerdo<\/strong> es mi asignatura pendiente, cuando tenga una pared ociosa que no importe <em>tocar<\/em>, lo har\u00e9<\/p>\n<div id=\"attachment_237\" style=\"width: 539px\" class=\"wp-caption aligncenter\"><a href=\"http:\/\/ouiouiblog.files.wordpress.com\/2012\/12\/oui-oui-arbol-navidad-objetos-recuerdos-pared.jpg\"><img loading=\"lazy\" decoding=\"async\" aria-describedby=\"caption-attachment-237\" class=\"size-full wp-image-237\" alt=\"Pinterest\" src=\"http:\/\/ouiouiblog.files.wordpress.com\/2012\/12\/oui-oui-arbol-navidad-objetos-recuerdos-pared.jpg\" height=\"412\" width=\"529\" srcset=\"https:\/\/oui-oui.es\/blog\/wp-content\/uploads\/oui-oui-arbol-navidad-objetos-recuerdos-pared.jpg 554w, https:\/\/oui-oui.es\/blog\/wp-content\/uploads\/oui-oui-arbol-navidad-objetos-recuerdos-pared-300x233.jpg 300w\" sizes=\"auto, (max-width: 529px) 100vw, 529px\" \/><\/a><p id=\"caption-attachment-237\" class=\"wp-caption-text\">Pinterest<\/p><\/div>\n<p style=\"text-align:center;\">Y la opci\u00f3n con frases, escritas a mano o hechas con vinilo, tambi\u00e9n me gusta mucho<\/p>\n<div id=\"attachment_236\" style=\"width: 447px\" class=\"wp-caption aligncenter\"><a href=\"http:\/\/ouiouiblog.files.wordpress.com\/2012\/12\/oui-oui-arbol-navidad-diferente-frases-pared-vinilo.jpg\"><img loading=\"lazy\" decoding=\"async\" aria-describedby=\"caption-attachment-236\" class=\"size-full wp-image-236\" alt=\"Pinterest\" src=\"http:\/\/ouiouiblog.files.wordpress.com\/2012\/12\/oui-oui-arbol-navidad-diferente-frases-pared-vinilo.jpg\" height=\"500\" width=\"437\" srcset=\"https:\/\/oui-oui.es\/blog\/wp-content\/uploads\/oui-oui-arbol-navidad-diferente-frases-pared-vinilo.jpg 437w, https:\/\/oui-oui.es\/blog\/wp-content\/uploads\/oui-oui-arbol-navidad-diferente-frases-pared-vinilo-262x300.jpg 262w\" sizes=\"auto, (max-width: 437px) 100vw, 437px\" \/><\/a><p id=\"caption-attachment-236\" class=\"wp-caption-text\">Pinterest<\/p><\/div>\n<p style=\"text-align:center;\">Pasaremos la <strong>Nochebuena<\/strong> en la sierra, as\u00ed que all\u00ed podemos darrienda suelta a nuestros caprichos decorativos, una<strong> navidad r\u00fastica<\/strong> en toda regla!.Este <strong>\u00e1rbol con maderas no se me va de la cabeza<\/strong>, espero que podamos hacerlo!<\/p>\n<div id=\"attachment_234\" style=\"width: 438px\" class=\"wp-caption aligncenter\"><a href=\"http:\/\/ouiouiblog.files.wordpress.com\/2012\/12\/oui-oui-arbol-navidad-maderas-rustico-luces.jpg\"><img loading=\"lazy\" decoding=\"async\" aria-describedby=\"caption-attachment-234\" class=\"size-full wp-image-234\" alt=\"Pinterest\" src=\"http:\/\/ouiouiblog.files.wordpress.com\/2012\/12\/oui-oui-arbol-navidad-maderas-rustico-luces.jpg\" height=\"750\" width=\"428\" srcset=\"https:\/\/oui-oui.es\/blog\/wp-content\/uploads\/oui-oui-arbol-navidad-maderas-rustico-luces.jpg 428w, https:\/\/oui-oui.es\/blog\/wp-content\/uploads\/oui-oui-arbol-navidad-maderas-rustico-luces-171x300.jpg 171w\" sizes=\"auto, (max-width: 428px) 100vw, 428px\" \/><\/a><p id=\"caption-attachment-234\" class=\"wp-caption-text\">Pinterest<\/p><\/div>\n<p style=\"text-align:center;\">Si a t\u00ed tambi\u00e9n te gusta pero prefieres comprarlo, te chiflar\u00e1 el de <strong>Rue Vintage 74<\/strong>.<\/p>\n<div id=\"attachment_232\" style=\"width: 539px\" class=\"wp-caption aligncenter\"><a href=\"http:\/\/ouiouiblog.files.wordpress.com\/2012\/12\/oui-oui-arbol-navidad-maderas-rue-vintage.jpg\"><img loading=\"lazy\" decoding=\"async\" aria-describedby=\"caption-attachment-232\" class=\"size-full wp-image-232\" alt=\"Rue Vintage 74\" src=\"http:\/\/ouiouiblog.files.wordpress.com\/2012\/12\/oui-oui-arbol-navidad-maderas-rue-vintage.jpg\" height=\"746\" width=\"529\" srcset=\"https:\/\/oui-oui.es\/blog\/wp-content\/uploads\/oui-oui-arbol-navidad-maderas-rue-vintage.jpg 680w, https:\/\/oui-oui.es\/blog\/wp-content\/uploads\/oui-oui-arbol-navidad-maderas-rue-vintage-212x300.jpg 212w\" sizes=\"auto, (max-width: 529px) 100vw, 529px\" \/><\/a><p id=\"caption-attachment-232\" class=\"wp-caption-text\">Rue Vintage 74<\/p><\/div>\n","protected":false},"excerpt":{"rendered":"<p>Cada vez me gusta m\u00e1s la idea de tener un \u00e1rbol de navidad diferente y que ocupe poco, es m\u00e1s, cada vez me gustan m\u00e1s los \u00e1rboles de Navidad de pared. El a\u00f1o pasado opt\u00e9 por la versi\u00f3n \u00e1rbol de post-it y este a\u00f1o a\u00fan lo estoy pensando. Acabo de descubrir esta idea con la [&hellip;]<\/p>\n","protected":false},"author":1,"featured_media":239,"comment_status":"open","ping_status":"open","sticky":false,"template":"","format":"standard","meta":{"jetpack_post_was_ever_published":false,"_jetpack_newsletter_access":"","_jetpack_dont_email_post_to_subs":false,"_jetpack_newsletter_tier_id":0,"_jetpack_memberships_contains_paywalled_content":false,"_jetpack_memberships_contains_paid_content":false,"footnotes":"","jetpack_publicize_message":"","jetpack_publicize_feature_enabled":true,"jetpack_social_post_already_shared":false,"jetpack_social_options":{"image_generator_settings":{"template":"highway","default_image_id":0,"font":"","enabled":false},"version":2}},"categories":[173],"tags":[86,584],"class_list":["post-230","post","type-post","status-publish","format-standard","has-post-thumbnail","hentry","category-decoracion-de-casa","tag-diy","tag-navidad-2"],"aioseo_notices":[],"jetpack_publicize_connections":[],"jetpack_featured_media_url":"https:\/\/oui-oui.es\/blog\/wp-content\/uploads\/oui-oui-ideas-originales-arbol-navidad.jpg","jetpack_sharing_enabled":true,"jetpack-related-posts":[{"id":374,"url":"https:\/\/oui-oui.es\/blog\/el-arbol-diy-de-este-ano\/","url_meta":{"origin":230,"position":0},"title":"El \u00e1rbol DIY de este a\u00f1o","author":"Mar\u00eda \u2665Oui Oui\u2665","date":"21 diciembre, 2012","format":false,"excerpt":"Hace una semana escrib\u00eda sobre formas diferentes de crear y decorar \u00e1rboles de navidad, m\u00e1s all\u00e1 del natural de toda la vida. La idea de este a\u00f1o era hacer un \u00e1rbol con troncos, pues estamos en la sierra y era lo m\u00e1s apropiado adem\u00e1s de f\u00e1cil de conseguir. Hoy lo\u2026","rel":"","context":"En \u00abNavidad\u00bb","block_context":{"text":"Navidad","link":"https:\/\/oui-oui.es\/blog\/category\/fiestas-celebraciones\/navidad\/"},"img":{"alt_text":"","src":"https:\/\/i0.wp.com\/oui-oui.es\/blog\/wp-content\/uploads\/oui-oui-arbol-navidad-ramas-troncos-diy-arbol-navidad-diferente-4.jpg?resize=350%2C200&ssl=1","width":350,"height":200,"srcset":"https:\/\/i0.wp.com\/oui-oui.es\/blog\/wp-content\/uploads\/oui-oui-arbol-navidad-ramas-troncos-diy-arbol-navidad-diferente-4.jpg?resize=350%2C200&ssl=1 1x, https:\/\/i0.wp.com\/oui-oui.es\/blog\/wp-content\/uploads\/oui-oui-arbol-navidad-ramas-troncos-diy-arbol-navidad-diferente-4.jpg?resize=525%2C300&ssl=1 1.5x, https:\/\/i0.wp.com\/oui-oui.es\/blog\/wp-content\/uploads\/oui-oui-arbol-navidad-ramas-troncos-diy-arbol-navidad-diferente-4.jpg?resize=700%2C400&ssl=1 2x, https:\/\/i0.wp.com\/oui-oui.es\/blog\/wp-content\/uploads\/oui-oui-arbol-navidad-ramas-troncos-diy-arbol-navidad-diferente-4.jpg?resize=1050%2C600&ssl=1 3x, https:\/\/i0.wp.com\/oui-oui.es\/blog\/wp-content\/uploads\/oui-oui-arbol-navidad-ramas-troncos-diy-arbol-navidad-diferente-4.jpg?resize=1400%2C800&ssl=1 4x"},"classes":[]},{"id":3777,"url":"https:\/\/oui-oui.es\/blog\/empezamos-a-decorar-la-navidad\/","url_meta":{"origin":230,"position":1},"title":"\u00bfEmpezamos a decorar la Navidad?","author":"Mar\u00eda \u2665Oui Oui\u2665","date":"19 noviembre, 2015","format":false,"excerpt":"Tradicionalmente he empezado a decorar la casa en el puente de diciembre (cuando no estaba esquiando los \u00faltimos a\u00f1os), pero ya me pas\u00f3 el a\u00f1o pasado que, como pasamos varios d\u00edas de Navidad fuera de Madrid, me aprece que \"no he vivido\" la Navidad en casa lo suficiente...As\u00ed que ayer\u2026","rel":"","context":"En \u00abNavidad\u00bb","block_context":{"text":"Navidad","link":"https:\/\/oui-oui.es\/blog\/category\/fiestas-celebraciones\/navidad\/"},"img":{"alt_text":"","src":"https:\/\/i0.wp.com\/oui-oui.es\/blog\/wp-content\/uploads\/2015\/11\/Oui-Oui-arbol-navidad-ramas-arbol-navidad-troncos-colgador-christmas.jpg?resize=350%2C200&ssl=1","width":350,"height":200,"srcset":"https:\/\/i0.wp.com\/oui-oui.es\/blog\/wp-content\/uploads\/2015\/11\/Oui-Oui-arbol-navidad-ramas-arbol-navidad-troncos-colgador-christmas.jpg?resize=350%2C200&ssl=1 1x, https:\/\/i0.wp.com\/oui-oui.es\/blog\/wp-content\/uploads\/2015\/11\/Oui-Oui-arbol-navidad-ramas-arbol-navidad-troncos-colgador-christmas.jpg?resize=525%2C300&ssl=1 1.5x"},"classes":[]},{"id":286,"url":"https:\/\/oui-oui.es\/blog\/una-mesa-de-postres-para-navidad\/","url_meta":{"origin":230,"position":2},"title":"Una mesa de postres para Navidad","author":"Mar\u00eda \u2665Oui Oui\u2665","date":"11 diciembre, 2012","format":false,"excerpt":"Estas Navidades pasaremos Nochebuena en la sierra, pero como subiremos el viernes es como si la Navidad empezase el 21, ese fin de semana decoraremos, haremos el \u00e1rbol, cocinaremos...Todos juntos para que todo est\u00e9 listo para Nochebuena y Navidad. As\u00ed que, con tiempo por delante, una de las cosas que\u2026","rel":"","context":"En \u00abDECORACI\u00d3N\u00bb","block_context":{"text":"DECORACI\u00d3N","link":"https:\/\/oui-oui.es\/blog\/category\/decoracion-de-casa\/"},"img":{"alt_text":"","src":"https:\/\/i0.wp.com\/oui-oui.es\/blog\/wp-content\/uploads\/oui-oui-navidad-rustica-chic.jpg?resize=350%2C200&ssl=1","width":350,"height":200},"classes":[]},{"id":1052,"url":"https:\/\/oui-oui.es\/blog\/ahora-si-que-si-navidad\/","url_meta":{"origin":230,"position":3},"title":"Ahora s\u00ed que s\u00ed&#8230;Navidad!","author":"Mar\u00eda \u2665Oui Oui\u2665","date":"29 noviembre, 2013","format":false,"excerpt":"Desde hace varios a\u00f1os (mejor dicho, desde que dej\u00e9 de irme a esquiar en el Puente de diciembre), la Navidad empieza en ese Puente, pues aprovechamos para sacar los adornos y colocar todo.Este a\u00f1o no ser\u00e1 menos y a\u00fan tengo que pensar bien qu\u00e9 y c\u00f3mo lo quiero colocar, aunque\u2026","rel":"","context":"En \u00abNavidad\u00bb","block_context":{"text":"Navidad","link":"https:\/\/oui-oui.es\/blog\/category\/fiestas-celebraciones\/navidad\/"},"img":{"alt_text":"","src":"https:\/\/i0.wp.com\/oui-oui.es\/blog\/wp-content\/uploads\/2013\/11\/oui-oui-bodegc3b3n-navidad.jpg?resize=350%2C200&ssl=1","width":350,"height":200,"srcset":"https:\/\/i0.wp.com\/oui-oui.es\/blog\/wp-content\/uploads\/2013\/11\/oui-oui-bodegc3b3n-navidad.jpg?resize=350%2C200&ssl=1 1x, https:\/\/i0.wp.com\/oui-oui.es\/blog\/wp-content\/uploads\/2013\/11\/oui-oui-bodegc3b3n-navidad.jpg?resize=525%2C300&ssl=1 1.5x, https:\/\/i0.wp.com\/oui-oui.es\/blog\/wp-content\/uploads\/2013\/11\/oui-oui-bodegc3b3n-navidad.jpg?resize=700%2C400&ssl=1 2x, https:\/\/i0.wp.com\/oui-oui.es\/blog\/wp-content\/uploads\/2013\/11\/oui-oui-bodegc3b3n-navidad.jpg?resize=1050%2C600&ssl=1 3x"},"classes":[]},{"id":4949,"url":"https:\/\/oui-oui.es\/blog\/los-jerseys-de-navidad\/","url_meta":{"origin":230,"position":4},"title":"Los jerseys de Navidad","author":"Mar\u00eda \u2665Oui Oui\u2665","date":"30 noviembre, 2016","format":false,"excerpt":"Los\u00a0 jers\u00e9ys navide\u00f1os o jumper christmas son esos divertidos jers\u00e9is con motivos navide\u00f1os que conocimos gracias a Marc Darcy en Bridget Jones Pero que en los \u00faltimos a\u00f1os se han popularizado en nuestro pa\u00eds, los tienes con nariz de reno en 3D, con cascabeles, y hasta con luces. Aqu\u00ed tienes\u2026","rel":"","context":"En \u00abFIESTAS y CELEBRACIONES\u00bb","block_context":{"text":"FIESTAS y CELEBRACIONES","link":"https:\/\/oui-oui.es\/blog\/category\/fiestas-celebraciones\/"},"img":{"alt_text":"","src":"https:\/\/i0.wp.com\/oui-oui.es\/blog\/wp-content\/uploads\/2016\/11\/Oui-Oui-etiquetas-regalo-jerseys-navide%C3%B1os-jumper-christmas-gift-tag.jpg?resize=350%2C200&ssl=1","width":350,"height":200,"srcset":"https:\/\/i0.wp.com\/oui-oui.es\/blog\/wp-content\/uploads\/2016\/11\/Oui-Oui-etiquetas-regalo-jerseys-navide%C3%B1os-jumper-christmas-gift-tag.jpg?resize=350%2C200&ssl=1 1x, https:\/\/i0.wp.com\/oui-oui.es\/blog\/wp-content\/uploads\/2016\/11\/Oui-Oui-etiquetas-regalo-jerseys-navide%C3%B1os-jumper-christmas-gift-tag.jpg?resize=525%2C300&ssl=1 1.5x, https:\/\/i0.wp.com\/oui-oui.es\/blog\/wp-content\/uploads\/2016\/11\/Oui-Oui-etiquetas-regalo-jerseys-navide%C3%B1os-jumper-christmas-gift-tag.jpg?resize=700%2C400&ssl=1 2x"},"classes":[]},{"id":1133,"url":"https:\/\/oui-oui.es\/blog\/weddsgiving-o-el-planazo-de-las-navidades-pasadas\/","url_meta":{"origin":230,"position":5},"title":"Weddsgiving, o el planazo de las navidades pasadas","author":"Mar\u00eda \u2665Oui Oui\u2665","date":"22 enero, 2014","format":false,"excerpt":"Llego tarde, ya lo s\u00e9, en este mundo bloggeril, o escribes sobre el \"evento en cuesti\u00f3n\" como tarde a la semana siguiente de acudir o ya puede parecer \"pasado\"...Pues bien, yo escribo este post m\u00e1s de un mes despu\u00e9s, porque es cuando he tenido tiempo y porque me apetece. Es\u2026","rel":"","context":"En \u00abNavidad\u00bb","block_context":{"text":"Navidad","link":"https:\/\/oui-oui.es\/blog\/category\/fiestas-celebraciones\/navidad\/"},"img":{"alt_text":"","src":"https:\/\/i0.wp.com\/oui-oui.es\/blog\/wp-content\/uploads\/2014\/01\/oui-oui-weddsgiving-comida-navidad-bloggers-vaqueria-suiza-savethedateproject-ranasyprincesas-debodaconmaron-tocadosletouquet-7.jpg?resize=350%2C200&ssl=1","width":350,"height":200},"classes":[]}],"_links":{"self":[{"href":"https:\/\/oui-oui.es\/blog\/wp-json\/wp\/v2\/posts\/230","targetHints":{"allow":["GET"]}}],"collection":[{"href":"https:\/\/oui-oui.es\/blog\/wp-json\/wp\/v2\/posts"}],"about":[{"href":"https:\/\/oui-oui.es\/blog\/wp-json\/wp\/v2\/types\/post"}],"author":[{"embeddable":true,"href":"https:\/\/oui-oui.es\/blog\/wp-json\/wp\/v2\/users\/1"}],"replies":[{"embeddable":true,"href":"https:\/\/oui-oui.es\/blog\/wp-json\/wp\/v2\/comments?post=230"}],"version-history":[{"count":0,"href":"https:\/\/oui-oui.es\/blog\/wp-json\/wp\/v2\/posts\/230\/revisions"}],"wp:featuredmedia":[{"embeddable":true,"href":"https:\/\/oui-oui.es\/blog\/wp-json\/wp\/v2\/media\/239"}],"wp:attachment":[{"href":"https:\/\/oui-oui.es\/blog\/wp-json\/wp\/v2\/media?parent=230"}],"wp:term":[{"taxonomy":"category","embeddable":true,"href":"https:\/\/oui-oui.es\/blog\/wp-json\/wp\/v2\/categories?post=230"},{"taxonomy":"post_tag","embeddable":true,"href":"https:\/\/oui-oui.es\/blog\/wp-json\/wp\/v2\/tags?post=230"}],"curies":[{"name":"wp","href":"https:\/\/api.w.org\/{rel}","templated":true}]}}