{"id":2341,"date":"2015-05-12T00:01:30","date_gmt":"2015-05-12T00:01:30","guid":{"rendered":"https:\/\/ouiouiblog.wordpress.com\/?p=2341"},"modified":"2015-09-01T16:39:07","modified_gmt":"2015-09-01T14:39:07","slug":"un-verano-en-sainte-claire","status":"publish","type":"post","link":"https:\/\/oui-oui.es\/blog\/un-verano-en-sainte-claire\/","title":{"rendered":"Un verano en Sainte Claire"},"content":{"rendered":"<p><a href=\"https:\/\/ouiouiblog.files.wordpress.com\/2015\/05\/oui-oui-sainte-claire-ropa-bebes-con-estilo-7.jpg\"><img loading=\"lazy\" decoding=\"async\" class=\"aligncenter size-full wp-image-2348\" src=\"https:\/\/ouiouiblog.files.wordpress.com\/2015\/05\/oui-oui-sainte-claire-ropa-bebes-con-estilo-7.jpg\" alt=\"Oui Oui-sainte Claire-ropa bebes con estilo (7)\" width=\"636\" height=\"422\" \/><\/a><\/p>\n<p>Me encanta\u00a0descubrir nuevas marcas de ropa para ni\u00f1os y hace unas semanas me hablaron de <strong><a href=\"http:\/\/www.sainteclaire.es\" target=\"_blank\">Sainte Claire<\/a><\/strong>, una <strong>marca\u00a0espa\u00f1ola con aire afrancesado<\/strong> que combina a la perfecci\u00f3n un lujo accesible con el estilo cl\u00e1sico de\u00a0toques m\u00e1s atrevidos.<\/p>\n<p>Para <strong>beb\u00e9s<\/strong> tienen unos <strong>conjuntos de punto ideales<\/strong><\/p>\n<p><a href=\"https:\/\/ouiouiblog.files.wordpress.com\/2015\/05\/oui-oui-marca-ropa-sainte-claire-2.jpg\"><img loading=\"lazy\" decoding=\"async\" class=\"aligncenter size-full wp-image-2352\" src=\"https:\/\/ouiouiblog.files.wordpress.com\/2015\/05\/oui-oui-marca-ropa-sainte-claire-2.jpg\" alt=\"Oui Oui-Marca ropa Sainte Claire (2)\" width=\"500\" height=\"500\" \/><\/a><\/p>\n<p>&nbsp;<\/p>\n<p>Aunque sus <strong>algodones y linos<\/strong> no se quedan atr\u00e1s<\/p>\n<p><a href=\"https:\/\/ouiouiblog.files.wordpress.com\/2015\/05\/oui-oui-sainte-claire-ropa-bebes-con-estilo-8.jpg\"><img loading=\"lazy\" decoding=\"async\" class=\"aligncenter size-full wp-image-2349\" src=\"https:\/\/ouiouiblog.files.wordpress.com\/2015\/05\/oui-oui-sainte-claire-ropa-bebes-con-estilo-8.jpg\" alt=\"Oui Oui-sainte Claire-ropa bebes con estilo (8)\" width=\"636\" height=\"814\" \/><\/a><\/p>\n<p>&nbsp;<\/p>\n<p>Sus prendas, confeccionadas con fibras 100% naturales hacen que el ni\u00f1o est\u00e9 c\u00f3modo pero que no pierda su estilo, este fin de semana varias personas me preguntaron por la camisa que llevaba Mart\u00edn, una<strong> camisa azul Oxford con cuello Mao<\/strong>, con un acabado impecable que al final se nota en el conjunto.<\/p>\n<p><a href=\"https:\/\/ouiouiblog.files.wordpress.com\/2015\/05\/oui-oui-sainte-claire-bebes-con-estilo-1.jpg\"><img loading=\"lazy\" decoding=\"async\" class=\"aligncenter size-full wp-image-2353\" src=\"https:\/\/ouiouiblog.files.wordpress.com\/2015\/05\/oui-oui-sainte-claire-bebes-con-estilo-1.jpg\" alt=\"Oui OUi-sainte Claire-bebes con estilo (1)\" width=\"500\" height=\"500\" \/><\/a><\/p>\n<p>Para esos beb\u00e9s que han crecido un mont\u00f3n pero que a\u00fan no son ni\u00f1os (como Mart\u00edn), me gustan mucho sus prendas <em>fondo de armario<\/em>, como este <strong>jersey de rayas<\/strong>, perfecto para el verano en el norte.<\/p>\n<p><a href=\"https:\/\/ouiouiblog.files.wordpress.com\/2015\/05\/oui-oui-sainte-claire-ropa-bebes-con-estilo-6.jpg\"><img loading=\"lazy\" decoding=\"async\" class=\"aligncenter size-full wp-image-2347\" src=\"https:\/\/ouiouiblog.files.wordpress.com\/2015\/05\/oui-oui-sainte-claire-ropa-bebes-con-estilo-6.jpg\" alt=\"Oui Oui-sainte Claire-ropa bebes con estilo (6)\" width=\"636\" height=\"958\" \/><\/a><\/p>\n<p>Para <strong>ni\u00f1as<\/strong> tienen <strong>sencillos vestidos,<\/strong> para que puedan ir apropiadas a cada ocasi\u00f3n sin perder su inocente estilo.<\/p>\n<p><a href=\"https:\/\/ouiouiblog.files.wordpress.com\/2015\/05\/oui-oui-sainte-claire-ropa-bebes-con-estilo-5.jpg\"><img loading=\"lazy\" decoding=\"async\" class=\"aligncenter size-full wp-image-2346\" src=\"https:\/\/ouiouiblog.files.wordpress.com\/2015\/05\/oui-oui-sainte-claire-ropa-bebes-con-estilo-5.jpg\" alt=\"Oui Oui-sainte Claire-ropa bebes con estilo (5)\" width=\"636\" height=\"955\" \/><\/a><\/p>\n<p><a href=\"https:\/\/ouiouiblog.files.wordpress.com\/2015\/05\/oui-oui-sainte-claire-ropa-bebes-con-estilo-3.jpg\"><img loading=\"lazy\" decoding=\"async\" class=\"aligncenter size-full wp-image-2344\" src=\"https:\/\/ouiouiblog.files.wordpress.com\/2015\/05\/oui-oui-sainte-claire-ropa-bebes-con-estilo-3.jpg\" alt=\"Oui Oui-sainte Claire-ropa bebes con estilo (3)\" width=\"636\" height=\"955\" \/><\/a><\/p>\n<p>Os animo a que ech\u00e9is un vistazo a su <strong><a href=\"http:\/\/www.sainteclaire.es\" target=\"_blank\">Tienda online<\/a><\/strong>, tanto para <strong>b\u00e1sicos de calidad<\/strong> como para <strong>ocasiones m\u00e1s especiales <\/strong>(Comuniones!).Adem\u00e1s, los precios son muy competitivos y son dise\u00f1os espa\u00f1oles!<\/p>\n\n<p>\u00bfQu\u00e9 os ha parecido? \u00bfLa conoc\u00edais?<\/p>\n<p>&nbsp;<\/p>\n","protected":false},"excerpt":{"rendered":"<p>Me encanta\u00a0descubrir nuevas marcas de ropa para ni\u00f1os y hace unas semanas me hablaron de Sainte Claire, una marca\u00a0espa\u00f1ola con aire afrancesado que combina a la perfecci\u00f3n un lujo accesible con el estilo cl\u00e1sico de\u00a0toques m\u00e1s atrevidos. Para beb\u00e9s tienen unos conjuntos de punto ideales &nbsp; Aunque sus algodones y linos no se quedan atr\u00e1s [&hellip;]<\/p>\n","protected":false},"author":1,"featured_media":3076,"comment_status":"open","ping_status":"open","sticky":false,"template":"","format":"standard","meta":{"jetpack_post_was_ever_published":false,"_jetpack_newsletter_access":"","_jetpack_dont_email_post_to_subs":false,"_jetpack_newsletter_tier_id":0,"_jetpack_memberships_contains_paywalled_content":false,"_jetpack_memberships_contains_paid_content":false,"footnotes":"","jetpack_publicize_message":"","jetpack_publicize_feature_enabled":true,"jetpack_social_post_already_shared":false,"jetpack_social_options":{"image_generator_settings":{"template":"highway","default_image_id":0,"font":"","enabled":false},"version":2}},"categories":[535,174],"tags":[719],"class_list":["post-2341","post","type-post","status-publish","format-standard","has-post-thumbnail","hentry","category-maternidad","category-ninos","tag-ropa-bebes-y-ninos"],"aioseo_notices":[],"jetpack_publicize_connections":[],"jetpack_featured_media_url":"https:\/\/oui-oui.es\/blog\/wp-content\/uploads\/2015\/05\/oui-oui-sainte-claire-ropa-bebes-con-estilo-7.jpg","jetpack_sharing_enabled":true,"jetpack-related-posts":[{"id":2359,"url":"https:\/\/oui-oui.es\/blog\/un-trocito-de-verano-por-bonnet-a-pompon\/","url_meta":{"origin":2341,"position":0},"title":"Un trocito de verano por Bonnet \u00e0 Pompon","author":"Mar\u00eda \u2665Oui Oui\u2665","date":"20 mayo, 2015","format":false,"excerpt":"Otra de las marcas de ropa que me encantan para ni\u00f1os es Bonnet \u00e0 Pompon, tanto para beb\u00e9 como para cuando van creciendo, tiene un estilo inconfundible, m\u00e1s bien un estilazo. Los colores, las combinaciones de tejidos, el punto como protagonista y su aire afrancesado, aunque es puramente marca espa\u00f1ola,\u2026","rel":"","context":"En \u00abMATERNIDAD\u00bb","block_context":{"text":"MATERNIDAD","link":"https:\/\/oui-oui.es\/blog\/category\/maternidad\/"},"img":{"alt_text":"","src":"https:\/\/i0.wp.com\/oui-oui.es\/blog\/wp-content\/uploads\/2015\/05\/oui-oui-bonnet-a-pompon-2015-ropa-mona-bebes-verano-3.jpg?resize=350%2C200&ssl=1","width":350,"height":200,"srcset":"https:\/\/i0.wp.com\/oui-oui.es\/blog\/wp-content\/uploads\/2015\/05\/oui-oui-bonnet-a-pompon-2015-ropa-mona-bebes-verano-3.jpg?resize=350%2C200&ssl=1 1x, https:\/\/i0.wp.com\/oui-oui.es\/blog\/wp-content\/uploads\/2015\/05\/oui-oui-bonnet-a-pompon-2015-ropa-mona-bebes-verano-3.jpg?resize=525%2C300&ssl=1 1.5x, https:\/\/i0.wp.com\/oui-oui.es\/blog\/wp-content\/uploads\/2015\/05\/oui-oui-bonnet-a-pompon-2015-ropa-mona-bebes-verano-3.jpg?resize=700%2C400&ssl=1 2x"},"classes":[]},{"id":3692,"url":"https:\/\/oui-oui.es\/blog\/jaimolas-moda-infantil-de-0-a-10\/","url_meta":{"origin":2341,"position":1},"title":"Jaimolas | moda infantil de 0 a 10","author":"Mar\u00eda \u2665Oui Oui\u2665","date":"9 noviembre, 2015","format":false,"excerpt":"\u00a1Por fin! ya tenemos online la colecci\u00f3n de Jaimolas y no puede ser m\u00e1s ideal; ropa para beb\u00e9s, ni\u00f1os y ni\u00f1as hasta 10 a\u00f1os, de corte cl\u00e1sico pero con toques actuales que la hacen s\u00faper ponible y, lo mejor, que detr\u00e1s de esta marca est\u00e1 una s\u00faper mam\u00e1 emprendedora con\u2026","rel":"","context":"En \u00abNI\u00d1OS Y NI\u00d1AS\u00bb","block_context":{"text":"NI\u00d1OS Y NI\u00d1AS","link":"https:\/\/oui-oui.es\/blog\/category\/ninos\/"},"img":{"alt_text":"","src":"https:\/\/i0.wp.com\/oui-oui.es\/blog\/wp-content\/uploads\/2015\/11\/Oui-Oui-ropa-bebe-mona-jaimolas.jpeg?resize=350%2C200&ssl=1","width":350,"height":200},"classes":[]},{"id":4264,"url":"https:\/\/oui-oui.es\/blog\/5-marcas-espanolas-de-ropa-de-bebe\/","url_meta":{"origin":2341,"position":2},"title":"5 marcas espa\u00f1olas de ropa de beb\u00e9","author":"Mar\u00eda \u2665Oui Oui\u2665","date":"6 mayo, 2016","format":false,"excerpt":"Este post es la continuaci\u00f3n del de 10 marcas de ropa espa\u00f1olas para beb\u00e9, cada semana descubro marcas nuevas que me encantan, muchas espa\u00f1olas y otras no, pero me pareci\u00f3 interesante dividirlas as\u00ed, como no me cab\u00edan todas en un post, aqu\u00ed va la segunda tanda ;) Las agujas de\u2026","rel":"","context":"En \u00abMATERNIDAD\u00bb","block_context":{"text":"MATERNIDAD","link":"https:\/\/oui-oui.es\/blog\/category\/maternidad\/"},"img":{"alt_text":"","src":"https:\/\/i0.wp.com\/oui-oui.es\/blog\/wp-content\/uploads\/2016\/05\/Oui-Oui-marcas-espa%C3%B1olas-ropa-bebe-jersey-inicial-las-agujas-de-mama.jpg?resize=350%2C200&ssl=1","width":350,"height":200,"srcset":"https:\/\/i0.wp.com\/oui-oui.es\/blog\/wp-content\/uploads\/2016\/05\/Oui-Oui-marcas-espa%C3%B1olas-ropa-bebe-jersey-inicial-las-agujas-de-mama.jpg?resize=350%2C200&ssl=1 1x, https:\/\/i0.wp.com\/oui-oui.es\/blog\/wp-content\/uploads\/2016\/05\/Oui-Oui-marcas-espa%C3%B1olas-ropa-bebe-jersey-inicial-las-agujas-de-mama.jpg?resize=525%2C300&ssl=1 1.5x"},"classes":[]},{"id":5451,"url":"https:\/\/oui-oui.es\/blog\/baby-bloom-kids-ropa-de-ninos-con-aires-del-sur\/","url_meta":{"origin":2341,"position":3},"title":"Baby Bloom Kids | Ropa de ni\u00f1os con aires del sur","author":"Mar\u00eda \u2665Oui Oui\u2665","date":"26 mayo, 2017","format":false,"excerpt":"\u00a0 Hace unas semanas pude conocer la nueva marca de ropa para ni\u00f1os Baby Bloom Kids, creada por Beatriz Mira Hafner y su madre. La verdad es que me encanta conocer marcas nuevas para comprarle ropa a Mart\u00edn y a Frida\u00a0 un poco diferente a la que vemos todos los\u2026","rel":"","context":"En \u00abNI\u00d1OS Y NI\u00d1AS\u00bb","block_context":{"text":"NI\u00d1OS Y NI\u00d1AS","link":"https:\/\/oui-oui.es\/blog\/category\/ninos\/"},"img":{"alt_text":"","src":"https:\/\/i0.wp.com\/oui-oui.es\/blog\/wp-content\/uploads\/2017\/05\/Oui-Oui-baby-bloom-kids-ropa-ni%C3%B1os-beatriz-mira-hafner-logo.png?resize=350%2C200&ssl=1","width":350,"height":200},"classes":[]},{"id":4208,"url":"https:\/\/oui-oui.es\/blog\/10-marcas-de-ropa-espanolas-para-bebes\/","url_meta":{"origin":2341,"position":4},"title":"10 marcas de ropa espa\u00f1olas para beb\u00e9s","author":"Mar\u00eda \u2665Oui Oui\u2665","date":"21 abril, 2016","format":false,"excerpt":"Creo que cada d\u00eda descubro una marca nueva de ropa para beb\u00e9s y ni\u00f1os,espa\u00f1ola o extranjera, se est\u00e1 conviertiendo en una perdici\u00f3n y me encantar\u00eda que Instagram me dejara hacer listas para organizarlas mejor, mientras, he pensado ir haciendo post poco a poco con mis favoritas, empiezo seleccionando 10 marcas\u2026","rel":"","context":"En \u00abNI\u00d1OS Y NI\u00d1AS\u00bb","block_context":{"text":"NI\u00d1OS Y NI\u00d1AS","link":"https:\/\/oui-oui.es\/blog\/category\/ninos\/"},"img":{"alt_text":"","src":"https:\/\/i0.wp.com\/oui-oui.es\/blog\/wp-content\/uploads\/2016\/04\/Oui-Oui-marcas-espa%C3%B1olas-ropa-bebe-punto-poleomenta-tejiendo-patucos.jpg?resize=350%2C200&ssl=1","width":350,"height":200,"srcset":"https:\/\/i0.wp.com\/oui-oui.es\/blog\/wp-content\/uploads\/2016\/04\/Oui-Oui-marcas-espa%C3%B1olas-ropa-bebe-punto-poleomenta-tejiendo-patucos.jpg?resize=350%2C200&ssl=1 1x, https:\/\/i0.wp.com\/oui-oui.es\/blog\/wp-content\/uploads\/2016\/04\/Oui-Oui-marcas-espa%C3%B1olas-ropa-bebe-punto-poleomenta-tejiendo-patucos.jpg?resize=525%2C300&ssl=1 1.5x, https:\/\/i0.wp.com\/oui-oui.es\/blog\/wp-content\/uploads\/2016\/04\/Oui-Oui-marcas-espa%C3%B1olas-ropa-bebe-punto-poleomenta-tejiendo-patucos.jpg?resize=700%2C400&ssl=1 2x"},"classes":[]},{"id":1311,"url":"https:\/\/oui-oui.es\/blog\/ahora-si-que-si-carnaval\/","url_meta":{"origin":2341,"position":5},"title":"Ahora s\u00ed que s\u00ed&#8230;Carnaval!!!","author":"Mar\u00eda \u2665Oui Oui\u2665","date":"21 febrero, 2014","format":false,"excerpt":"Comienza la cuenta atr\u00e1s, queda una semana y tengo unas ganas locas (bueno, las he tenido desde siempre, sino, leed el post del a\u00f1o pasado) de disfrazar a Mart\u00edn. Lo malo es cuando te metes en Pinterest a buscar ideas e inspiraci\u00f3n y sales necesitando 5 carnavales para poder disfrazarle\u2026","rel":"","context":"En \u00abNI\u00d1OS Y NI\u00d1AS\u00bb","block_context":{"text":"NI\u00d1OS Y NI\u00d1AS","link":"https:\/\/oui-oui.es\/blog\/category\/ninos\/"},"img":{"alt_text":"","src":"https:\/\/i0.wp.com\/oui-oui.es\/blog\/wp-content\/uploads\/2014\/02\/oui-oui-disfraces-originales-para-bebc3a9s-nic3b1os-reno.jpg?resize=350%2C200&ssl=1","width":350,"height":200},"classes":[]}],"_links":{"self":[{"href":"https:\/\/oui-oui.es\/blog\/wp-json\/wp\/v2\/posts\/2341","targetHints":{"allow":["GET"]}}],"collection":[{"href":"https:\/\/oui-oui.es\/blog\/wp-json\/wp\/v2\/posts"}],"about":[{"href":"https:\/\/oui-oui.es\/blog\/wp-json\/wp\/v2\/types\/post"}],"author":[{"embeddable":true,"href":"https:\/\/oui-oui.es\/blog\/wp-json\/wp\/v2\/users\/1"}],"replies":[{"embeddable":true,"href":"https:\/\/oui-oui.es\/blog\/wp-json\/wp\/v2\/comments?post=2341"}],"version-history":[{"count":1,"href":"https:\/\/oui-oui.es\/blog\/wp-json\/wp\/v2\/posts\/2341\/revisions"}],"predecessor-version":[{"id":3006,"href":"https:\/\/oui-oui.es\/blog\/wp-json\/wp\/v2\/posts\/2341\/revisions\/3006"}],"wp:featuredmedia":[{"embeddable":true,"href":"https:\/\/oui-oui.es\/blog\/wp-json\/wp\/v2\/media\/3076"}],"wp:attachment":[{"href":"https:\/\/oui-oui.es\/blog\/wp-json\/wp\/v2\/media?parent=2341"}],"wp:term":[{"taxonomy":"category","embeddable":true,"href":"https:\/\/oui-oui.es\/blog\/wp-json\/wp\/v2\/categories?post=2341"},{"taxonomy":"post_tag","embeddable":true,"href":"https:\/\/oui-oui.es\/blog\/wp-json\/wp\/v2\/tags?post=2341"}],"curies":[{"name":"wp","href":"https:\/\/api.w.org\/{rel}","templated":true}]}}