{"id":2357,"date":"2015-05-18T00:01:00","date_gmt":"2015-05-17T22:01:00","guid":{"rendered":"https:\/\/ouiouiblog.wordpress.com\/?p=2357"},"modified":"2015-09-01T16:31:45","modified_gmt":"2015-09-01T14:31:45","slug":"frida-california-mix","status":"publish","type":"post","link":"https:\/\/oui-oui.es\/blog\/frida-california-mix\/","title":{"rendered":"Frida &#038; California mix"},"content":{"rendered":"<p><a href=\"https:\/\/ouiouiblog.files.wordpress.com\/2015\/05\/oui-oui-blog-concept-store-bellerose-fotos-nic3b1os-flores-cabeza-2.jpg\"><img loading=\"lazy\" decoding=\"async\" class=\"aligncenter size-full wp-image-2368\" src=\"https:\/\/ouiouiblog.files.wordpress.com\/2015\/05\/oui-oui-blog-concept-store-bellerose-fotos-nic3b1os-flores-cabeza-2.jpg\" alt=\"Oui Oui blog-concept store-bellerose-fotos ni\u00f1os flores cabeza (2)\" width=\"480\" height=\"640\" \/><\/a><\/p>\n<p>Inspirada en las pinturas de <strong>Frida Kahlo<\/strong>, mezclando la belleza infantil del folklore mexicano con la cultura <em>biker<\/em> californiana, la marca <a href=\"http:\/\/www.bellerose.be\/\" target=\"_blank\"><strong>Bellerose<\/strong> <\/a>ha presentado\u00a0una colecci\u00f3n que mezcla los g\u00e9neros, jugando con diferentes estilos y, sobretodo, con unas im\u00e1genes muy potentes,\u00a0como si fueran pinturas, geniales, verdad?<\/p>\n<p>El tocado de la ni\u00f1a me flipa!<\/p>\n<p><a href=\"https:\/\/ouiouiblog.files.wordpress.com\/2015\/05\/oui-oui-blog-concept-store-bellerose-fotos-nic3b1os-flores-cabeza-3.jpg\"><img loading=\"lazy\" decoding=\"async\" class=\"aligncenter size-full wp-image-2369\" src=\"https:\/\/ouiouiblog.files.wordpress.com\/2015\/05\/oui-oui-blog-concept-store-bellerose-fotos-nic3b1os-flores-cabeza-3.jpg\" alt=\"Oui Oui blog-concept store-bellerose-fotos ni\u00f1os flores cabeza (3)\" width=\"480\" height=\"640\" \/><\/a><\/p>\n<p><a href=\"https:\/\/ouiouiblog.files.wordpress.com\/2015\/05\/oui-oui-blog-concept-store-bellerose-fotos-nic3b1os-flores-cabeza-4.jpg\"><img loading=\"lazy\" decoding=\"async\" class=\"aligncenter size-large wp-image-2370\" src=\"https:\/\/ouiouiblog.files.wordpress.com\/2015\/05\/oui-oui-blog-concept-store-bellerose-fotos-nic3b1os-flores-cabeza-4.jpg?w=660\" alt=\"Oui Oui blog-concept store-bellerose-fotos ni\u00f1os flores cabeza (4)\" width=\"660\" height=\"248\" \/><\/a><\/p>\n<p><a href=\"https:\/\/ouiouiblog.files.wordpress.com\/2015\/05\/oui-oui-blog-concept-store-bellerose-fotos-nic3b1os-flores-cabeza-1.jpg\"><img loading=\"lazy\" decoding=\"async\" class=\"aligncenter size-large wp-image-2367\" src=\"https:\/\/ouiouiblog.files.wordpress.com\/2015\/05\/oui-oui-blog-concept-store-bellerose-fotos-nic3b1os-flores-cabeza-1.jpg?w=660\" alt=\"Oui Oui blog-concept store-bellerose-fotos ni\u00f1os flores cabeza (1)\" width=\"660\" height=\"248\" \/><\/a><\/p>\n<p><a href=\"https:\/\/ouiouiblog.files.wordpress.com\/2015\/05\/oui-oui-blog-concept-store-bellerose-fotos-nic3b1os-flores-cabeza-5.jpg\"><img loading=\"lazy\" decoding=\"async\" class=\"aligncenter size-large wp-image-2371\" src=\"https:\/\/ouiouiblog.files.wordpress.com\/2015\/05\/oui-oui-blog-concept-store-bellerose-fotos-nic3b1os-flores-cabeza-5.jpg?w=660\" alt=\"Oui Oui blog-concept store-bellerose-fotos ni\u00f1os flores cabeza (5)\" width=\"660\" height=\"248\" \/><\/a><\/p>\n","protected":false},"excerpt":{"rendered":"<p>Inspirada en las pinturas de Frida Kahlo, mezclando la belleza infantil del folklore mexicano con la cultura biker californiana, la marca Bellerose ha presentado\u00a0una colecci\u00f3n que mezcla los g\u00e9neros, jugando con diferentes estilos y, sobretodo, con unas im\u00e1genes muy potentes,\u00a0como si fueran pinturas, geniales, verdad? El tocado de la ni\u00f1a me flipa!<\/p>\n","protected":false},"author":1,"featured_media":3068,"comment_status":"open","ping_status":"open","sticky":false,"template":"","format":"standard","meta":{"jetpack_post_was_ever_published":false,"_jetpack_newsletter_access":"","_jetpack_dont_email_post_to_subs":false,"_jetpack_newsletter_tier_id":0,"_jetpack_memberships_contains_paywalled_content":false,"_jetpack_memberships_contains_paid_content":false,"footnotes":"","jetpack_publicize_message":"","jetpack_publicize_feature_enabled":true,"jetpack_social_post_already_shared":false,"jetpack_social_options":{"image_generator_settings":{"template":"highway","default_image_id":0,"font":"","enabled":false},"version":2}},"categories":[174],"tags":[],"class_list":["post-2357","post","type-post","status-publish","format-standard","has-post-thumbnail","hentry","category-ninos"],"aioseo_notices":[],"jetpack_publicize_connections":[],"jetpack_featured_media_url":"https:\/\/oui-oui.es\/blog\/wp-content\/uploads\/2015\/05\/oui-oui-blog-concept-store-bellerose-fotos-nic3b1os-flores-cabeza-1.jpg","jetpack_sharing_enabled":true,"jetpack-related-posts":[{"id":5736,"url":"https:\/\/oui-oui.es\/blog\/living-mexico-vestidos-mexicanos-para-madres-e-hijas\/","url_meta":{"origin":2357,"position":0},"title":"Living M\u00e9xico | Vestidos mexicanos para madres e hijas","author":"Mar\u00eda \u2665Oui Oui\u2665","date":"14 junio, 2017","format":false,"excerpt":"Los que me conocen saben de mi pasi\u00f3n por M\u00e9xico; su gastronom\u00eda, sus colores, la iconograf\u00eda, sus tradiciones, por supuesto Frida Kahlo, cuyas pinturas, est\u00e9tica y vida me llam\u00f3 a atenci\u00f3n desde muy joven. A la vuelta de un viaje a M\u00e9xico con amigas celebr\u00e9 mi cumplea\u00f1os con una fiesta\u2026","rel":"","context":"En \u00abESTILO DE VIDA\u00bb","block_context":{"text":"ESTILO DE VIDA","link":"https:\/\/oui-oui.es\/blog\/category\/lifestyle-2\/"},"img":{"alt_text":"","src":"https:\/\/i0.wp.com\/oui-oui.es\/blog\/wp-content\/uploads\/2017\/06\/Oui-Oui-Venta-Especial-Mexico-Living-Mexico-Tiretta-Living-La-Parra-Olga-Vallejo-131.jpg?resize=350%2C200&ssl=1","width":350,"height":200,"srcset":"https:\/\/i0.wp.com\/oui-oui.es\/blog\/wp-content\/uploads\/2017\/06\/Oui-Oui-Venta-Especial-Mexico-Living-Mexico-Tiretta-Living-La-Parra-Olga-Vallejo-131.jpg?resize=350%2C200&ssl=1 1x, https:\/\/i0.wp.com\/oui-oui.es\/blog\/wp-content\/uploads\/2017\/06\/Oui-Oui-Venta-Especial-Mexico-Living-Mexico-Tiretta-Living-La-Parra-Olga-Vallejo-131.jpg?resize=525%2C300&ssl=1 1.5x, https:\/\/i0.wp.com\/oui-oui.es\/blog\/wp-content\/uploads\/2017\/06\/Oui-Oui-Venta-Especial-Mexico-Living-Mexico-Tiretta-Living-La-Parra-Olga-Vallejo-131.jpg?resize=700%2C400&ssl=1 2x, https:\/\/i0.wp.com\/oui-oui.es\/blog\/wp-content\/uploads\/2017\/06\/Oui-Oui-Venta-Especial-Mexico-Living-Mexico-Tiretta-Living-La-Parra-Olga-Vallejo-131.jpg?resize=1050%2C600&ssl=1 3x, https:\/\/i0.wp.com\/oui-oui.es\/blog\/wp-content\/uploads\/2017\/06\/Oui-Oui-Venta-Especial-Mexico-Living-Mexico-Tiretta-Living-La-Parra-Olga-Vallejo-131.jpg?resize=1400%2C800&ssl=1 4x"},"classes":[]},{"id":5129,"url":"https:\/\/oui-oui.es\/blog\/oui-oui-loves-mexico-frida\/","url_meta":{"origin":2357,"position":1},"title":"Oui Oui loves M\u00e9xico | Frida","author":"Mar\u00eda \u2665Oui Oui\u2665","date":"13 febrero, 2017","format":false,"excerpt":"Ten\u00eda muchas ganas de lanzar esta nueva secci\u00f3n y no pod\u00eda llamarse de otra forma que FRIDA, una secci\u00f3n en la que plasmar nuestro amor por m\u00e9xico, por su cultura, colores, por su m\u00fasica, gastrono\u00eda e iconograf\u00eda...Desde el comienzo de Oui Oui hemos ido trayendo productos mexicanos gracias a nuestras\u2026","rel":"","context":"En \u00abOUI OUI\u00bb","block_context":{"text":"OUI OUI","link":"https:\/\/oui-oui.es\/blog\/category\/oui-oui\/"},"img":{"alt_text":"","src":"https:\/\/i0.wp.com\/oui-oui.es\/blog\/wp-content\/uploads\/2017\/02\/Oui-Oui-babyshoer-Frida-mexicana-elena-bau-eventos-colorin-10.jpg?resize=350%2C200&ssl=1","width":350,"height":200,"srcset":"https:\/\/i0.wp.com\/oui-oui.es\/blog\/wp-content\/uploads\/2017\/02\/Oui-Oui-babyshoer-Frida-mexicana-elena-bau-eventos-colorin-10.jpg?resize=350%2C200&ssl=1 1x, https:\/\/i0.wp.com\/oui-oui.es\/blog\/wp-content\/uploads\/2017\/02\/Oui-Oui-babyshoer-Frida-mexicana-elena-bau-eventos-colorin-10.jpg?resize=525%2C300&ssl=1 1.5x, https:\/\/i0.wp.com\/oui-oui.es\/blog\/wp-content\/uploads\/2017\/02\/Oui-Oui-babyshoer-Frida-mexicana-elena-bau-eventos-colorin-10.jpg?resize=700%2C400&ssl=1 2x, https:\/\/i0.wp.com\/oui-oui.es\/blog\/wp-content\/uploads\/2017\/02\/Oui-Oui-babyshoer-Frida-mexicana-elena-bau-eventos-colorin-10.jpg?resize=1050%2C600&ssl=1 3x, https:\/\/i0.wp.com\/oui-oui.es\/blog\/wp-content\/uploads\/2017\/02\/Oui-Oui-babyshoer-Frida-mexicana-elena-bau-eventos-colorin-10.jpg?resize=1400%2C800&ssl=1 4x"},"classes":[]},{"id":3890,"url":"https:\/\/oui-oui.es\/blog\/la-iii-wishlist-de-frida\/","url_meta":{"origin":2357,"position":2},"title":"La III Wishlist de Frida!","author":"Mar\u00eda \u2665Oui Oui\u2665","date":"17 diciembre, 2015","format":false,"excerpt":"Parece que me voy animando seg\u00fan se acerca el momento y cada vez veo m\u00e1s cosas que me apetecen para ella y para su rinc\u00f3n de la habitaci\u00f3n (ahora si que siento que tengo que volver a reestructurar un poco la habitaci\u00f3n de Mart\u00edn que ser\u00e1 de los dos!), as\u00ed\u2026","rel":"","context":"En \u00abNI\u00d1OS Y NI\u00d1AS\u00bb","block_context":{"text":"NI\u00d1OS Y NI\u00d1AS","link":"https:\/\/oui-oui.es\/blog\/category\/ninos\/"},"img":{"alt_text":"","src":"https:\/\/i0.wp.com\/oui-oui.es\/blog\/wp-content\/uploads\/2015\/12\/Oui-Oui-wishlist-frida-lamina-dibujo-mrs-miguetto.jpg?resize=350%2C200&ssl=1","width":350,"height":200,"srcset":"https:\/\/i0.wp.com\/oui-oui.es\/blog\/wp-content\/uploads\/2015\/12\/Oui-Oui-wishlist-frida-lamina-dibujo-mrs-miguetto.jpg?resize=350%2C200&ssl=1 1x, https:\/\/i0.wp.com\/oui-oui.es\/blog\/wp-content\/uploads\/2015\/12\/Oui-Oui-wishlist-frida-lamina-dibujo-mrs-miguetto.jpg?resize=525%2C300&ssl=1 1.5x, https:\/\/i0.wp.com\/oui-oui.es\/blog\/wp-content\/uploads\/2015\/12\/Oui-Oui-wishlist-frida-lamina-dibujo-mrs-miguetto.jpg?resize=700%2C400&ssl=1 2x"},"classes":[]},{"id":4086,"url":"https:\/\/oui-oui.es\/blog\/la-babyshower-de-frida\/","url_meta":{"origin":2357,"position":3},"title":"La babyshower de Frida","author":"Mar\u00eda \u2665Oui Oui\u2665","date":"10 marzo, 2016","format":false,"excerpt":"Ya sab\u00e9is que me encanta celebrarlo todo, con Mart\u00edn hice fiesta de revelaci\u00f3n del sexo del beb\u00e9 y mis amigas me organizaron una babyshower, con Frida no me di\u00f3 tiempo a hacer la gender reveal party, pero hice una virtual con la tarta rellena de rosa, pod\u00e9is verla aqu\u00ed. \u00a0\u2026","rel":"","context":"En \u00abBabyshowers\u00bb","block_context":{"text":"Babyshowers","link":"https:\/\/oui-oui.es\/blog\/category\/fiestas-celebraciones\/babyshowers\/"},"img":{"alt_text":"","src":"https:\/\/i0.wp.com\/oui-oui.es\/blog\/wp-content\/uploads\/2016\/03\/Oui-Oui-babyshoer-Frida-mexicana-elena-bau-eventos-colorin-9.jpg?resize=350%2C200&ssl=1","width":350,"height":200,"srcset":"https:\/\/i0.wp.com\/oui-oui.es\/blog\/wp-content\/uploads\/2016\/03\/Oui-Oui-babyshoer-Frida-mexicana-elena-bau-eventos-colorin-9.jpg?resize=350%2C200&ssl=1 1x, https:\/\/i0.wp.com\/oui-oui.es\/blog\/wp-content\/uploads\/2016\/03\/Oui-Oui-babyshoer-Frida-mexicana-elena-bau-eventos-colorin-9.jpg?resize=525%2C300&ssl=1 1.5x, https:\/\/i0.wp.com\/oui-oui.es\/blog\/wp-content\/uploads\/2016\/03\/Oui-Oui-babyshoer-Frida-mexicana-elena-bau-eventos-colorin-9.jpg?resize=700%2C400&ssl=1 2x, https:\/\/i0.wp.com\/oui-oui.es\/blog\/wp-content\/uploads\/2016\/03\/Oui-Oui-babyshoer-Frida-mexicana-elena-bau-eventos-colorin-9.jpg?resize=1050%2C600&ssl=1 3x, https:\/\/i0.wp.com\/oui-oui.es\/blog\/wp-content\/uploads\/2016\/03\/Oui-Oui-babyshoer-Frida-mexicana-elena-bau-eventos-colorin-9.jpg?resize=1400%2C800&ssl=1 4x"},"classes":[]},{"id":3794,"url":"https:\/\/oui-oui.es\/blog\/mas-descubrimientos-para-frida\/","url_meta":{"origin":2357,"position":4},"title":"M\u00e1s descubrimientos para Frida","author":"Mar\u00eda \u2665Oui Oui\u2665","date":"23 noviembre, 2015","format":false,"excerpt":"Sin darme cuenta, la forma m\u00e1s organizada de aglutinar todo lo que encuentro que me gusta para Frida es el blog, as\u00ed lo dejo escrito, con su fotito y su link, y cuando quiero repasar tengo todo en la misma etiqueta (\u00a1ay lo que han hecho las etiquetas por m\u00ed!).\u2026","rel":"","context":"En \u00abMATERNIDAD\u00bb","block_context":{"text":"MATERNIDAD","link":"https:\/\/oui-oui.es\/blog\/category\/maternidad\/"},"img":{"alt_text":"","src":"https:\/\/i0.wp.com\/oui-oui.es\/blog\/wp-content\/uploads\/2015\/11\/Oui-Oui-mantita-cisne-colette-bream.jpg?resize=350%2C200&ssl=1","width":350,"height":200,"srcset":"https:\/\/i0.wp.com\/oui-oui.es\/blog\/wp-content\/uploads\/2015\/11\/Oui-Oui-mantita-cisne-colette-bream.jpg?resize=350%2C200&ssl=1 1x, https:\/\/i0.wp.com\/oui-oui.es\/blog\/wp-content\/uploads\/2015\/11\/Oui-Oui-mantita-cisne-colette-bream.jpg?resize=525%2C300&ssl=1 1.5x, https:\/\/i0.wp.com\/oui-oui.es\/blog\/wp-content\/uploads\/2015\/11\/Oui-Oui-mantita-cisne-colette-bream.jpg?resize=700%2C400&ssl=1 2x"},"classes":[]},{"id":4310,"url":"https:\/\/oui-oui.es\/blog\/mi-pequena-frida\/","url_meta":{"origin":2357,"position":5},"title":"Mi peque\u00f1a Frida","author":"Mar\u00eda \u2665Oui Oui\u2665","date":"17 mayo, 2016","format":false,"excerpt":"Ten\u00eda muchas ganas de hacerle unas fotos de reci\u00e9n nacida a Frida, era algo que ten\u00eda en mente durante todo el embarazo, y mi amiga Elena Bau se las hizo la semana que cumpl\u00eda quince d\u00edas. Tenemos un mont\u00f3n de fotos preciosas, algunas con atrezzo parecido a las que le\u2026","rel":"","context":"En \u00abMATERNIDAD\u00bb","block_context":{"text":"MATERNIDAD","link":"https:\/\/oui-oui.es\/blog\/category\/maternidad\/"},"img":{"alt_text":"","src":"https:\/\/i0.wp.com\/oui-oui.es\/blog\/wp-content\/uploads\/2016\/05\/Oui-Oui-fotos-Frida-reci%C3%A9n-nacida-Elena-Bau-4.jpg?resize=350%2C200&ssl=1","width":350,"height":200,"srcset":"https:\/\/i0.wp.com\/oui-oui.es\/blog\/wp-content\/uploads\/2016\/05\/Oui-Oui-fotos-Frida-reci%C3%A9n-nacida-Elena-Bau-4.jpg?resize=350%2C200&ssl=1 1x, https:\/\/i0.wp.com\/oui-oui.es\/blog\/wp-content\/uploads\/2016\/05\/Oui-Oui-fotos-Frida-reci%C3%A9n-nacida-Elena-Bau-4.jpg?resize=525%2C300&ssl=1 1.5x, https:\/\/i0.wp.com\/oui-oui.es\/blog\/wp-content\/uploads\/2016\/05\/Oui-Oui-fotos-Frida-reci%C3%A9n-nacida-Elena-Bau-4.jpg?resize=700%2C400&ssl=1 2x, https:\/\/i0.wp.com\/oui-oui.es\/blog\/wp-content\/uploads\/2016\/05\/Oui-Oui-fotos-Frida-reci%C3%A9n-nacida-Elena-Bau-4.jpg?resize=1050%2C600&ssl=1 3x, https:\/\/i0.wp.com\/oui-oui.es\/blog\/wp-content\/uploads\/2016\/05\/Oui-Oui-fotos-Frida-reci%C3%A9n-nacida-Elena-Bau-4.jpg?resize=1400%2C800&ssl=1 4x"},"classes":[]}],"_links":{"self":[{"href":"https:\/\/oui-oui.es\/blog\/wp-json\/wp\/v2\/posts\/2357","targetHints":{"allow":["GET"]}}],"collection":[{"href":"https:\/\/oui-oui.es\/blog\/wp-json\/wp\/v2\/posts"}],"about":[{"href":"https:\/\/oui-oui.es\/blog\/wp-json\/wp\/v2\/types\/post"}],"author":[{"embeddable":true,"href":"https:\/\/oui-oui.es\/blog\/wp-json\/wp\/v2\/users\/1"}],"replies":[{"embeddable":true,"href":"https:\/\/oui-oui.es\/blog\/wp-json\/wp\/v2\/comments?post=2357"}],"version-history":[{"count":1,"href":"https:\/\/oui-oui.es\/blog\/wp-json\/wp\/v2\/posts\/2357\/revisions"}],"predecessor-version":[{"id":3069,"href":"https:\/\/oui-oui.es\/blog\/wp-json\/wp\/v2\/posts\/2357\/revisions\/3069"}],"wp:featuredmedia":[{"embeddable":true,"href":"https:\/\/oui-oui.es\/blog\/wp-json\/wp\/v2\/media\/3068"}],"wp:attachment":[{"href":"https:\/\/oui-oui.es\/blog\/wp-json\/wp\/v2\/media?parent=2357"}],"wp:term":[{"taxonomy":"category","embeddable":true,"href":"https:\/\/oui-oui.es\/blog\/wp-json\/wp\/v2\/categories?post=2357"},{"taxonomy":"post_tag","embeddable":true,"href":"https:\/\/oui-oui.es\/blog\/wp-json\/wp\/v2\/tags?post=2357"}],"curies":[{"name":"wp","href":"https:\/\/api.w.org\/{rel}","templated":true}]}}