{"id":2373,"date":"2015-05-21T00:01:00","date_gmt":"2015-05-21T00:01:00","guid":{"rendered":"https:\/\/ouiouiblog.wordpress.com\/?p=2373"},"modified":"2015-09-01T16:27:06","modified_gmt":"2015-09-01T14:27:06","slug":"diseno-y-ninos-en-un-restaurante-es-posible-en-fii-fun-house","status":"publish","type":"post","link":"https:\/\/oui-oui.es\/blog\/diseno-y-ninos-en-un-restaurante-es-posible-en-fii-fun-house\/","title":{"rendered":"Dise\u00f1o y ni\u00f1os en un restaurante, es posible en Fii Fun House"},"content":{"rendered":"<p><a href=\"https:\/\/ouiouiblog.files.wordpress.com\/2015\/05\/oui-oui-blog-restaurante-disec3b1o-nic3b1os-fii-house-restaurante-mono-ir-con-nic3b1os-5.jpg\"><img loading=\"lazy\" decoding=\"async\" class=\"aligncenter size-large wp-image-2378\" src=\"https:\/\/ouiouiblog.files.wordpress.com\/2015\/05\/oui-oui-blog-restaurante-disec3b1o-nic3b1os-fii-house-restaurante-mono-ir-con-nic3b1os-5.jpg?w=660\" alt=\"Oui Oui blog-restaurante dise\u00f1o ni\u00f1os- fii house-restaurante mono ir con ni\u00f1os (5)\" width=\"660\" height=\"440\" \/><\/a><\/p>\n<p>Parece que siempre que buscamos un <strong>restaurante que sea mono y a la vez apto para ni\u00f1os<\/strong>, tiene que pasar porque tenga terraza y jard\u00edn para que se haga <em>menos inc\u00f3moda<\/em> la necesidad de movimiento de los ni\u00f1os, sin embargo, en el restaurante <a href=\"http:\/\/fiiifunhouse.com\/\" target=\"_blank\"><strong>Fiii Fun House<\/strong><\/a> han pensado en ellas, en <strong>el espacio que los ni\u00f1os necesitan para moverse y jugar despu\u00e9s de comer<\/strong>, y tambi\u00e9n en las de los padres de <strong>disfrutar de un espacio de dise\u00f1o e interiorismo cuidado<\/strong> (y, por supuesto, una buena cocina)<\/p>\n<p><a href=\"https:\/\/ouiouiblog.files.wordpress.com\/2015\/05\/oui-oui-blog-restaurante-disec3b1o-nic3b1os-fii-house-restaurante-mono-ir-con-nic3b1os-2.jpg\"><img loading=\"lazy\" decoding=\"async\" class=\"aligncenter size-large wp-image-2375\" src=\"https:\/\/ouiouiblog.files.wordpress.com\/2015\/05\/oui-oui-blog-restaurante-disec3b1o-nic3b1os-fii-house-restaurante-mono-ir-con-nic3b1os-2.jpg?w=660\" alt=\"Oui Oui blog-restaurante dise\u00f1o ni\u00f1os- fii house-restaurante mono ir con ni\u00f1os (2)\" width=\"660\" height=\"440\" \/><\/a><\/p>\n<p><a href=\"https:\/\/ouiouiblog.files.wordpress.com\/2015\/05\/oui-oui-blog-restaurante-disec3b1o-nic3b1os-fii-house-restaurante-mono-ir-con-nic3b1os-1.jpg\"><img loading=\"lazy\" decoding=\"async\" class=\"aligncenter size-large wp-image-2374\" src=\"https:\/\/ouiouiblog.files.wordpress.com\/2015\/05\/oui-oui-blog-restaurante-disec3b1o-nic3b1os-fii-house-restaurante-mono-ir-con-nic3b1os-1.jpg?w=660\" alt=\"Oui Oui blog-restaurante dise\u00f1o ni\u00f1os- fii house-restaurante mono ir con ni\u00f1os (1)\" width=\"660\" height=\"440\" \/><\/a><\/p>\n<p>Con la <strong>madera como principal material<\/strong>, la arquitecta <strong>Iris Cantante<\/strong> ha conseguido un espacio c\u00e1lido, de materiales naturales y nobles, en el que se mezclan los vol\u00famenes, con, por ejemplo, <strong>sillas convertidas en columpios<\/strong>.<\/p>\n<p><a href=\"https:\/\/ouiouiblog.files.wordpress.com\/2015\/05\/oui-oui-blog-restaurante-disec3b1o-nic3b1os-fii-house-restaurante-mono-ir-con-nic3b1os-3.jpg\"><img loading=\"lazy\" decoding=\"async\" class=\"aligncenter size-large wp-image-2376\" src=\"https:\/\/ouiouiblog.files.wordpress.com\/2015\/05\/oui-oui-blog-restaurante-disec3b1o-nic3b1os-fii-house-restaurante-mono-ir-con-nic3b1os-3.jpg?w=660\" alt=\"Oui Oui blog-restaurante dise\u00f1o ni\u00f1os- fii house-restaurante mono ir con ni\u00f1os (3)\" width=\"660\" height=\"879\" \/><\/a><\/p>\n<p><a href=\"https:\/\/ouiouiblog.files.wordpress.com\/2015\/05\/oui-oui-blog-restaurante-disec3b1o-nic3b1os-fii-house-restaurante-mono-ir-con-nic3b1os-4.jpg\"><img loading=\"lazy\" decoding=\"async\" class=\"aligncenter size-large wp-image-2377\" src=\"https:\/\/ouiouiblog.files.wordpress.com\/2015\/05\/oui-oui-blog-restaurante-disec3b1o-nic3b1os-fii-house-restaurante-mono-ir-con-nic3b1os-4.jpg?w=660\" alt=\"Oui Oui blog-restaurante dise\u00f1o ni\u00f1os- fii house-restaurante mono ir con ni\u00f1os (4)\" width=\"660\" height=\"879\" \/><\/a><\/p>\n<p>Tambi\u00e9n cuenta con <strong>zonas diferenciadas, para padres, beb\u00e9s<\/strong>, ni\u00f1os&#8230;Lo unico \u00abmalo\u00bb es que est\u00e1 en Argentina&#8230;A ver si alguna de las lectoras del <em>otro lado del Atl\u00e1ntico<\/em> puede ir y nos cuenta!<\/p>\n<p><a href=\"https:\/\/ouiouiblog.files.wordpress.com\/2015\/05\/oui-oui-blog-restaurante-disec3b1o-nic3b1os-fii-house-restaurante-mono-ir-con-nic3b1os-7.jpg\"><img loading=\"lazy\" decoding=\"async\" class=\"aligncenter size-large wp-image-2380\" src=\"https:\/\/ouiouiblog.files.wordpress.com\/2015\/05\/oui-oui-blog-restaurante-disec3b1o-nic3b1os-fii-house-restaurante-mono-ir-con-nic3b1os-7.jpg?w=660\" alt=\"Oui Oui blog-restaurante dise\u00f1o ni\u00f1os- fii house-restaurante mono ir con ni\u00f1os (7)\" width=\"660\" height=\"660\" \/><\/a><\/p>\n","protected":false},"excerpt":{"rendered":"<p>Parece que siempre que buscamos un restaurante que sea mono y a la vez apto para ni\u00f1os, tiene que pasar porque tenga terraza y jard\u00edn para que se haga menos inc\u00f3moda la necesidad de movimiento de los ni\u00f1os, sin embargo, en el restaurante Fiii Fun House han pensado en ellas, en el espacio que los [&hellip;]<\/p>\n","protected":false},"author":1,"featured_media":3064,"comment_status":"open","ping_status":"open","sticky":false,"template":"","format":"standard","meta":{"jetpack_post_was_ever_published":false,"_jetpack_newsletter_access":"","_jetpack_dont_email_post_to_subs":false,"_jetpack_newsletter_tier_id":0,"_jetpack_memberships_contains_paywalled_content":false,"_jetpack_memberships_contains_paid_content":false,"footnotes":"","jetpack_publicize_message":"","jetpack_publicize_feature_enabled":true,"jetpack_social_post_already_shared":false,"jetpack_social_options":{"image_generator_settings":{"template":"highway","default_image_id":0,"font":"","enabled":false},"version":2}},"categories":[177,535,174],"tags":[588,695,632],"class_list":["post-2373","post","type-post","status-publish","format-standard","has-post-thumbnail","hentry","category-lifestyle-2","category-maternidad","category-ninos","tag-diseno","tag-gastro","tag-viajes"],"aioseo_notices":[],"jetpack_publicize_connections":[],"jetpack_featured_media_url":"https:\/\/oui-oui.es\/blog\/wp-content\/uploads\/2015\/05\/oui-oui-blog-restaurante-disec3b1o-nic3b1os-fii-house-restaurante-mono-ir-con-nic3b1os-5.jpg","jetpack_sharing_enabled":true,"jetpack-related-posts":[{"id":5389,"url":"https:\/\/oui-oui.es\/blog\/organic-market-food-el-ultimo-place-to-be\/","url_meta":{"origin":2373,"position":0},"title":"Organic Market &#038; Food el \u00faltimo place to be","author":"Mar\u00eda \u2665Oui Oui\u2665","date":"12 mayo, 2017","format":false,"excerpt":"Hoy os traigo al blog un espacio que tiene a todo el barrio revolucionado, se trata de ORGANIC MARKET & FOOD. Un multiespacio que es cafeter\u00eda-restaurante-tienda-mercado y, adem\u00e1s, \u00a1tiene espacio para ni\u00f1os y una preciosa terraza! Yo estuve desayunando el otro d\u00eda (buen\u00edsima la limonada de lima y hierbabuena y\u2026","rel":"","context":"En \u00abLA GU\u00cdA DE MAR\u00cdA\u00bb","block_context":{"text":"LA GU\u00cdA DE MAR\u00cdA","link":"https:\/\/oui-oui.es\/blog\/category\/la-guia-de-maria\/"},"img":{"alt_text":"","src":"https:\/\/i0.wp.com\/oui-oui.es\/blog\/wp-content\/uploads\/2017\/05\/Oui-Oui-organic-market-restaurante-organico-serrano-restaurante-organico-chamartin-restaurante-ni%C3%B1os-chamartin-5.jpg?resize=350%2C200&ssl=1","width":350,"height":200,"srcset":"https:\/\/i0.wp.com\/oui-oui.es\/blog\/wp-content\/uploads\/2017\/05\/Oui-Oui-organic-market-restaurante-organico-serrano-restaurante-organico-chamartin-restaurante-ni%C3%B1os-chamartin-5.jpg?resize=350%2C200&ssl=1 1x, https:\/\/i0.wp.com\/oui-oui.es\/blog\/wp-content\/uploads\/2017\/05\/Oui-Oui-organic-market-restaurante-organico-serrano-restaurante-organico-chamartin-restaurante-ni%C3%B1os-chamartin-5.jpg?resize=525%2C300&ssl=1 1.5x, https:\/\/i0.wp.com\/oui-oui.es\/blog\/wp-content\/uploads\/2017\/05\/Oui-Oui-organic-market-restaurante-organico-serrano-restaurante-organico-chamartin-restaurante-ni%C3%B1os-chamartin-5.jpg?resize=700%2C400&ssl=1 2x, https:\/\/i0.wp.com\/oui-oui.es\/blog\/wp-content\/uploads\/2017\/05\/Oui-Oui-organic-market-restaurante-organico-serrano-restaurante-organico-chamartin-restaurante-ni%C3%B1os-chamartin-5.jpg?resize=1050%2C600&ssl=1 3x, https:\/\/i0.wp.com\/oui-oui.es\/blog\/wp-content\/uploads\/2017\/05\/Oui-Oui-organic-market-restaurante-organico-serrano-restaurante-organico-chamartin-restaurante-ni%C3%B1os-chamartin-5.jpg?resize=1400%2C800&ssl=1 4x"},"classes":[]},{"id":8737,"url":"https:\/\/oui-oui.es\/blog\/los-imprescindibles-de-trixi-kids-ropa-de-diseno-para-ninos\/","url_meta":{"origin":2373,"position":1},"title":"Los imprescindibles de Trixi Kids | Ropa de dise\u00f1o para ni\u00f1os","author":"Mar\u00eda \u2665Oui Oui\u2665","date":"21 noviembre, 2017","format":false,"excerpt":"Uno de mis prop\u00f3sitos de este oto\u00f1o era hacerles looks a los ni\u00f1os, de forma que no tuviera que pensar mucho...Estamos a 21 de noviembre y a\u00fan no los he hecho tan bien c\u00f3mo ten\u00eda en mente (con foto y todo, as\u00ed ser\u00eda f\u00e1cil para todos si les viste otra\u2026","rel":"","context":"En \u00abNI\u00d1OS Y NI\u00d1AS\u00bb","block_context":{"text":"NI\u00d1OS Y NI\u00d1AS","link":"https:\/\/oui-oui.es\/blog\/category\/ninos\/"},"img":{"alt_text":"","src":"https:\/\/i0.wp.com\/oui-oui.es\/blog\/wp-content\/uploads\/2017\/11\/Oui-Oui-frida-con-conjunto-Trixi-e1511268217585.jpg?resize=350%2C200&ssl=1","width":350,"height":200,"srcset":"https:\/\/i0.wp.com\/oui-oui.es\/blog\/wp-content\/uploads\/2017\/11\/Oui-Oui-frida-con-conjunto-Trixi-e1511268217585.jpg?resize=350%2C200&ssl=1 1x, https:\/\/i0.wp.com\/oui-oui.es\/blog\/wp-content\/uploads\/2017\/11\/Oui-Oui-frida-con-conjunto-Trixi-e1511268217585.jpg?resize=525%2C300&ssl=1 1.5x, https:\/\/i0.wp.com\/oui-oui.es\/blog\/wp-content\/uploads\/2017\/11\/Oui-Oui-frida-con-conjunto-Trixi-e1511268217585.jpg?resize=700%2C400&ssl=1 2x, https:\/\/i0.wp.com\/oui-oui.es\/blog\/wp-content\/uploads\/2017\/11\/Oui-Oui-frida-con-conjunto-Trixi-e1511268217585.jpg?resize=1050%2C600&ssl=1 3x"},"classes":[]},{"id":5174,"url":"https:\/\/oui-oui.es\/blog\/gafas-de-sol-para-ninos-siroko\/","url_meta":{"origin":2373,"position":2},"title":"Gafas de sol para ni\u00f1os | Siroko","author":"Mar\u00eda \u2665Oui Oui\u2665","date":"13 marzo, 2017","format":false,"excerpt":"\u00a0 Como escrib\u00eda el otro d\u00eda,\u00a0 ya estoy en modo primavera-verano total y pensando en verano y en gafas de sol di con Siroko, una marca del norte de Espa\u00f1a de la que me llam\u00f3 la atenci\u00f3n su filosof\u00eda What you are is what you do, con productos inspirados en\u2026","rel":"","context":"En \u00abNI\u00d1OS Y NI\u00d1AS\u00bb","block_context":{"text":"NI\u00d1OS Y NI\u00d1AS","link":"https:\/\/oui-oui.es\/blog\/category\/ninos\/"},"img":{"alt_text":"","src":"https:\/\/i0.wp.com\/oui-oui.es\/blog\/wp-content\/uploads\/2017\/03\/Oui-Oui-gafas-sol-ni%C3%B1os-siroko.jpg?resize=350%2C200&ssl=1","width":350,"height":200,"srcset":"https:\/\/i0.wp.com\/oui-oui.es\/blog\/wp-content\/uploads\/2017\/03\/Oui-Oui-gafas-sol-ni%C3%B1os-siroko.jpg?resize=350%2C200&ssl=1 1x, https:\/\/i0.wp.com\/oui-oui.es\/blog\/wp-content\/uploads\/2017\/03\/Oui-Oui-gafas-sol-ni%C3%B1os-siroko.jpg?resize=525%2C300&ssl=1 1.5x"},"classes":[]},{"id":10551,"url":"https:\/\/oui-oui.es\/blog\/7-restaurantes-para-comer-en-el-valle-de-lozoya\/","url_meta":{"origin":2373,"position":3},"title":"7 restaurantes para comer en el Valle de Lozoya","author":"Mar\u00eda \u2665Oui Oui\u2665","date":"1 julio, 2020","format":false,"excerpt":"A menudo me preguntan sobre sitios para comer en \"La Sierra\" de Madrid y siempre tengo que ir corriendo a Google a buscar los links y direcciones de los restaurantes por la zona de Lozoya que conozco, as\u00ed que se me ha ocurrido dejar aqu\u00ed un post con mis 7\u2026","rel":"","context":"En \u00abESTILO DE VIDA\u00bb","block_context":{"text":"ESTILO DE VIDA","link":"https:\/\/oui-oui.es\/blog\/category\/lifestyle-2\/"},"img":{"alt_text":"","src":"https:\/\/i0.wp.com\/oui-oui.es\/blog\/wp-content\/uploads\/2020\/07\/Oui-Oui-restaurantes-siera-norte-donde-comer-lozoya-la-ca%C3%B1ada-pinilla-del-valle.jpg?resize=350%2C200&ssl=1","width":350,"height":200,"srcset":"https:\/\/i0.wp.com\/oui-oui.es\/blog\/wp-content\/uploads\/2020\/07\/Oui-Oui-restaurantes-siera-norte-donde-comer-lozoya-la-ca%C3%B1ada-pinilla-del-valle.jpg?resize=350%2C200&ssl=1 1x, https:\/\/i0.wp.com\/oui-oui.es\/blog\/wp-content\/uploads\/2020\/07\/Oui-Oui-restaurantes-siera-norte-donde-comer-lozoya-la-ca%C3%B1ada-pinilla-del-valle.jpg?resize=525%2C300&ssl=1 1.5x, https:\/\/i0.wp.com\/oui-oui.es\/blog\/wp-content\/uploads\/2020\/07\/Oui-Oui-restaurantes-siera-norte-donde-comer-lozoya-la-ca%C3%B1ada-pinilla-del-valle.jpg?resize=700%2C400&ssl=1 2x"},"classes":[]},{"id":8647,"url":"https:\/\/oui-oui.es\/blog\/kids-up-venta-efimera-para-ninos-con-estilo\/","url_meta":{"origin":2373,"position":4},"title":"Kids UP | Venta ef\u00edmera para ni\u00f1os con estilo","author":"Mar\u00eda \u2665Oui Oui\u2665","date":"18 octubre, 2017","format":false,"excerpt":"Llevo 4 a\u00f1os participando en pop ups, ventas especiales, mercadillos varios, etc... Y, desde hace un tiempo ven\u00eda notando que faltaba algo, especialmente en lo que a ni\u00f1os se refiere, no s\u00f3lo en decoraci\u00f3n y regalos para ni\u00f1os (la secci\u00f3n de Oui Oui), sino en la selecci\u00f3n de marcas, en\u2026","rel":"","context":"En \u00abNI\u00d1OS Y NI\u00d1AS\u00bb","block_context":{"text":"NI\u00d1OS Y NI\u00d1AS","link":"https:\/\/oui-oui.es\/blog\/category\/ninos\/"},"img":{"alt_text":"","src":"https:\/\/i0.wp.com\/oui-oui.es\/blog\/wp-content\/uploads\/2017\/10\/kidsup-instagram-1.1-oui-oui-2.jpg?resize=350%2C200&ssl=1","width":350,"height":200,"srcset":"https:\/\/i0.wp.com\/oui-oui.es\/blog\/wp-content\/uploads\/2017\/10\/kidsup-instagram-1.1-oui-oui-2.jpg?resize=350%2C200&ssl=1 1x, https:\/\/i0.wp.com\/oui-oui.es\/blog\/wp-content\/uploads\/2017\/10\/kidsup-instagram-1.1-oui-oui-2.jpg?resize=525%2C300&ssl=1 1.5x, https:\/\/i0.wp.com\/oui-oui.es\/blog\/wp-content\/uploads\/2017\/10\/kidsup-instagram-1.1-oui-oui-2.jpg?resize=700%2C400&ssl=1 2x, https:\/\/i0.wp.com\/oui-oui.es\/blog\/wp-content\/uploads\/2017\/10\/kidsup-instagram-1.1-oui-oui-2.jpg?resize=1050%2C600&ssl=1 3x, https:\/\/i0.wp.com\/oui-oui.es\/blog\/wp-content\/uploads\/2017\/10\/kidsup-instagram-1.1-oui-oui-2.jpg?resize=1400%2C800&ssl=1 4x"},"classes":[]},{"id":8904,"url":"https:\/\/oui-oui.es\/blog\/esquiar-con-ninos-en-cerler\/","url_meta":{"origin":2373,"position":5},"title":"Esquiar con ni\u00f1os en Cerler","author":"Mar\u00eda \u2665Oui Oui\u2665","date":"12 marzo, 2018","format":false,"excerpt":"Hace un mes tuvimos la oportunidad de pasar un fin de semana de esqu\u00ed con los ni\u00f1os en Cerler, de la mano de Electrolux. Fue un fin de semana especial porque coincid\u00eda con el cumplea\u00f1os de Frida y era nuestro primer viaje en familia a la nieve los cuatro juntos.\u2026","rel":"","context":"En \u00abESQU\u00cd\u00bb","block_context":{"text":"ESQU\u00cd","link":"https:\/\/oui-oui.es\/blog\/category\/esqui\/"},"img":{"alt_text":"","src":"https:\/\/i0.wp.com\/oui-oui.es\/blog\/wp-content\/uploads\/2018\/03\/Oui-Oui-esquiar-con-ni%C3%B1os-en-cerler.jpg?resize=350%2C200&ssl=1","width":350,"height":200,"srcset":"https:\/\/i0.wp.com\/oui-oui.es\/blog\/wp-content\/uploads\/2018\/03\/Oui-Oui-esquiar-con-ni%C3%B1os-en-cerler.jpg?resize=350%2C200&ssl=1 1x, https:\/\/i0.wp.com\/oui-oui.es\/blog\/wp-content\/uploads\/2018\/03\/Oui-Oui-esquiar-con-ni%C3%B1os-en-cerler.jpg?resize=525%2C300&ssl=1 1.5x, https:\/\/i0.wp.com\/oui-oui.es\/blog\/wp-content\/uploads\/2018\/03\/Oui-Oui-esquiar-con-ni%C3%B1os-en-cerler.jpg?resize=700%2C400&ssl=1 2x, https:\/\/i0.wp.com\/oui-oui.es\/blog\/wp-content\/uploads\/2018\/03\/Oui-Oui-esquiar-con-ni%C3%B1os-en-cerler.jpg?resize=1050%2C600&ssl=1 3x"},"classes":[]}],"_links":{"self":[{"href":"https:\/\/oui-oui.es\/blog\/wp-json\/wp\/v2\/posts\/2373","targetHints":{"allow":["GET"]}}],"collection":[{"href":"https:\/\/oui-oui.es\/blog\/wp-json\/wp\/v2\/posts"}],"about":[{"href":"https:\/\/oui-oui.es\/blog\/wp-json\/wp\/v2\/types\/post"}],"author":[{"embeddable":true,"href":"https:\/\/oui-oui.es\/blog\/wp-json\/wp\/v2\/users\/1"}],"replies":[{"embeddable":true,"href":"https:\/\/oui-oui.es\/blog\/wp-json\/wp\/v2\/comments?post=2373"}],"version-history":[{"count":1,"href":"https:\/\/oui-oui.es\/blog\/wp-json\/wp\/v2\/posts\/2373\/revisions"}],"predecessor-version":[{"id":3004,"href":"https:\/\/oui-oui.es\/blog\/wp-json\/wp\/v2\/posts\/2373\/revisions\/3004"}],"wp:featuredmedia":[{"embeddable":true,"href":"https:\/\/oui-oui.es\/blog\/wp-json\/wp\/v2\/media\/3064"}],"wp:attachment":[{"href":"https:\/\/oui-oui.es\/blog\/wp-json\/wp\/v2\/media?parent=2373"}],"wp:term":[{"taxonomy":"category","embeddable":true,"href":"https:\/\/oui-oui.es\/blog\/wp-json\/wp\/v2\/categories?post=2373"},{"taxonomy":"post_tag","embeddable":true,"href":"https:\/\/oui-oui.es\/blog\/wp-json\/wp\/v2\/tags?post=2373"}],"curies":[{"name":"wp","href":"https:\/\/api.w.org\/{rel}","templated":true}]}}