{"id":2382,"date":"2015-05-19T00:01:00","date_gmt":"2015-05-18T22:01:00","guid":{"rendered":"https:\/\/ouiouiblog.wordpress.com\/?p=2382"},"modified":"2015-09-01T16:29:26","modified_gmt":"2015-09-01T14:29:26","slug":"follow-gray-malin","status":"publish","type":"post","link":"https:\/\/oui-oui.es\/blog\/follow-gray-malin\/","title":{"rendered":"Follow Gray Malin"},"content":{"rendered":"<p><a href=\"https:\/\/ouiouiblog.files.wordpress.com\/2015\/05\/oui-oui-gray-malin-le-meridien-follow-me-follow-gray-1.jpg\"><img loading=\"lazy\" decoding=\"async\" class=\"aligncenter size-large wp-image-2385\" src=\"https:\/\/ouiouiblog.files.wordpress.com\/2015\/05\/oui-oui-gray-malin-le-meridien-follow-me-follow-gray-1.jpg?w=660\" alt=\"Oui Oui-Gray Malin-le meridien-follow me-follow gray (1)\" width=\"660\" height=\"466\" \/><\/a><\/p>\n<p>Puede que no conozcas su nombre, pero en cuanto veas la siguiente fotograf\u00eda seguro que algo recuerdas&#8230;<\/p>\n<p><a href=\"https:\/\/ouiouiblog.files.wordpress.com\/2015\/05\/oui-oui-gray-malin-le-meridien-follow-me-follow-gray-2.jpg\"><img loading=\"lazy\" decoding=\"async\" class=\"aligncenter size-large wp-image-2386\" src=\"https:\/\/ouiouiblog.files.wordpress.com\/2015\/05\/oui-oui-gray-malin-le-meridien-follow-me-follow-gray-2.jpg?w=660\" alt=\"Oui Oui-Gray Malin-le meridien-follow me-follow gray (2)\" width=\"660\" height=\"449\" \/><\/a><\/p>\n<p>Pues bien, el autor de la m\u00edtica fotograf\u00eda cenital de la playa es <strong>Gray Malin<\/strong>, a qui\u00e9n he redescubierto gracias a su proyecto <strong>Follow me<\/strong>, una serie de <strong>fotograf\u00edas tomadas en 24h de su viaje a Barcelona<\/strong>, con una transici\u00f3n del d\u00eda a la noche, como si pudiera tratarse de una cuenta de Instagram que narra el viaje, exposici\u00f3n que se muestra en el <strong>hotel Le M\u00e9ridien<\/strong> Barcelona y que viajar\u00e1 m\u00e1s adelante por el resto del mundo.<\/p>\n<p>Si no puedes ir a verla, s\u00edguela en Instagram con el <strong>#FollowGray<\/strong><\/p>\n<div id=\"attachment_2398\" style=\"width: 670px\" class=\"wp-caption aligncenter\"><a href=\"https:\/\/ouiouiblog.files.wordpress.com\/2015\/05\/oui-oui-gray-malin-le-meridien-follow-me-follow-gray-cocktails.jpg\"><img loading=\"lazy\" decoding=\"async\" aria-describedby=\"caption-attachment-2398\" class=\"size-large wp-image-2398\" src=\"https:\/\/ouiouiblog.files.wordpress.com\/2015\/05\/oui-oui-gray-malin-le-meridien-follow-me-follow-gray-cocktails.jpg?w=660\" alt=\"Foto Que no me la den con queso\" width=\"660\" height=\"990\" \/><\/a><p id=\"caption-attachment-2398\" class=\"wp-caption-text\">Foto Que no me la den con queso<\/p><\/div>\n<p>Sus <strong>coloridas fotograf\u00edas de est\u00e9tica californiana<\/strong>, con la repetici\u00f3n como emblema, me alucinan, me llaman la atenci\u00f3n y a la vez me relajan, sin duda se ha convertido en uno de mis fot\u00f3grafos favoritos y, si adem\u00e1s, lo unes a <a href=\"http:\/\/www.studiodiy.com\" target=\"_blank\">Studio DIY<\/a>&#8230;Son la bomba, o no?<\/p>\n<p><a href=\"https:\/\/ouiouiblog.files.wordpress.com\/2015\/05\/diy-gray-malin-inspired-donuts3.jpg\"><img loading=\"lazy\" decoding=\"async\" class=\"aligncenter size-large wp-image-2402\" src=\"https:\/\/ouiouiblog.files.wordpress.com\/2015\/05\/diy-gray-malin-inspired-donuts3.jpg?w=660\" alt=\"DIY-Gray-Malin-Inspired-Donuts3\" width=\"660\" height=\"990\" \/><\/a> <a href=\"https:\/\/ouiouiblog.files.wordpress.com\/2015\/05\/gray-malin-studio-diy2-533x800.jpg\"><img loading=\"lazy\" decoding=\"async\" class=\"aligncenter size-large wp-image-2403\" src=\"https:\/\/ouiouiblog.files.wordpress.com\/2015\/05\/gray-malin-studio-diy2-533x800.jpg?w=533\" alt=\"Gray-Malin-Studio-DIY2-533x800\" width=\"533\" height=\"800\" \/><\/a> <a href=\"https:\/\/ouiouiblog.files.wordpress.com\/2015\/05\/gray-malin-studio-diy4.jpg\"><img loading=\"lazy\" decoding=\"async\" class=\"aligncenter size-large wp-image-2404\" src=\"https:\/\/ouiouiblog.files.wordpress.com\/2015\/05\/gray-malin-studio-diy4.jpg?w=660\" alt=\"Gray-Malin-Studio-DIY4\" width=\"660\" height=\"990\" \/><\/a><\/p>\n<p>El <em>making off<\/em> de la serie en la piscina del <strong>M\u00e9ridien Ra<\/strong> (que llen\u00f3 con m\u00e1s de 1.000 flotadores), es una pasada<\/p>\n<p><a href=\"https:\/\/ouiouiblog.files.wordpress.com\/2015\/05\/oui-oui-gray-malin-le-meridien-follow-me-follow-gray-3.jpg\"><img loading=\"lazy\" decoding=\"async\" class=\"aligncenter size-large wp-image-2387\" src=\"https:\/\/ouiouiblog.files.wordpress.com\/2015\/05\/oui-oui-gray-malin-le-meridien-follow-me-follow-gray-3.jpg?w=660\" alt=\"Oui Oui-Gray Malin-le meridien-follow me-follow gray (3)\" width=\"660\" height=\"440\" \/><\/a><\/p>\n<p><a href=\"https:\/\/ouiouiblog.files.wordpress.com\/2015\/05\/oui-oui-gray-malin-le-meridien-follow-me-follow-gray-4.jpg\"><img loading=\"lazy\" decoding=\"async\" class=\"aligncenter size-large wp-image-2388\" src=\"https:\/\/ouiouiblog.files.wordpress.com\/2015\/05\/oui-oui-gray-malin-le-meridien-follow-me-follow-gray-4.jpg?w=660\" alt=\"Oui Oui-Gray Malin-le meridien-follow me-follow gray (4)\" width=\"660\" height=\"440\" \/><\/a><\/p>\n<p><a href=\"https:\/\/ouiouiblog.files.wordpress.com\/2015\/05\/oui-oui-gray-malin-le-meridien-follow-me-follow-gray-6.jpg\"><img loading=\"lazy\" decoding=\"async\" class=\"aligncenter size-large wp-image-2390\" src=\"https:\/\/ouiouiblog.files.wordpress.com\/2015\/05\/oui-oui-gray-malin-le-meridien-follow-me-follow-gray-6.jpg?w=660\" alt=\"Oui Oui-Gray Malin-le meridien-follow me-follow gray (6)\" width=\"660\" height=\"440\" \/><\/a><\/p>\n<p><a href=\"https:\/\/ouiouiblog.files.wordpress.com\/2015\/05\/oui-oui-gray-malin-le-meridien-follow-me-follow-gray-7.jpg\"><img loading=\"lazy\" decoding=\"async\" class=\"aligncenter size-large wp-image-2391\" src=\"https:\/\/ouiouiblog.files.wordpress.com\/2015\/05\/oui-oui-gray-malin-le-meridien-follow-me-follow-gray-7.jpg?w=660\" alt=\"Oui Oui-Gray Malin-le meridien-follow me-follow gray (7)\" width=\"660\" height=\"440\" \/><\/a><\/p>\n<p><a href=\"https:\/\/ouiouiblog.files.wordpress.com\/2015\/05\/oui-oui-gray-malin-le-meridien-follow-me-follow-gray-9.jpg\"><img loading=\"lazy\" decoding=\"async\" class=\"aligncenter size-large wp-image-2393\" src=\"https:\/\/ouiouiblog.files.wordpress.com\/2015\/05\/oui-oui-gray-malin-le-meridien-follow-me-follow-gray-9.jpg?w=660\" alt=\"Oui Oui-Gray Malin-le meridien-follow me-follow gray (9)\" width=\"660\" height=\"440\" \/><\/a><\/p>\n<p><a href=\"https:\/\/ouiouiblog.files.wordpress.com\/2015\/05\/oui-oui-gray-malin-le-meridien-follow-me-follow-gray-8.jpg\"><img loading=\"lazy\" decoding=\"async\" class=\"aligncenter size-large wp-image-2392\" src=\"https:\/\/ouiouiblog.files.wordpress.com\/2015\/05\/oui-oui-gray-malin-le-meridien-follow-me-follow-gray-8.jpg?w=660\" alt=\"Oui Oui-Gray Malin-le meridien-follow me-follow gray (8)\" width=\"660\" height=\"440\" \/><\/a><\/p>\n<p><a href=\"https:\/\/ouiouiblog.files.wordpress.com\/2015\/05\/oui-oui-gray-malin-le-meridien-follow-me-follow-gray-10.jpg\"><img loading=\"lazy\" decoding=\"async\" class=\"aligncenter size-large wp-image-2394\" src=\"https:\/\/ouiouiblog.files.wordpress.com\/2015\/05\/oui-oui-gray-malin-le-meridien-follow-me-follow-gray-10.jpg?w=660\" alt=\"Oui Oui-Gray Malin-le meridien-follow me-follow gray (10)\" width=\"660\" height=\"440\" \/><\/a><\/p>\n<p>Y, \u00bflo mejor? nuestras <a href=\"http:\/\/www.oui-oui.es\/buscar?orderby=position&amp;orderway=desc&amp;search_query=lampara+pi%C3%B1a&amp;submit_search.x=0&amp;submit_search.y=0\" target=\"_blank\"><strong>l\u00e1mparas pi\u00f1a<\/strong><\/a> en la fiesta del hotel Le M\u00e9ridien Ra!<\/p>\n<p><a href=\"http:\/\/www.oui-oui.es\/buscar?orderby=position&amp;orderway=desc&amp;search_query=lampara+pi%C3%B1a&amp;submit_search.x=0&amp;submit_search.y=0\"><img loading=\"lazy\" decoding=\"async\" class=\"aligncenter size-large wp-image-2400\" src=\"https:\/\/ouiouiblog.files.wordpress.com\/2015\/05\/oui-oui-lamparas-pic3b1a-gray-malin.jpg?w=660\" alt=\"Oui Oui-lamparas pi\u00f1a gray malin\" width=\"660\" height=\"652\" \/><\/a><\/p>\n<p>Por no hablar del <a href=\"http:\/\/www.travelandleisure.com\/articles\/travel-photographer-gray-malin-is-designing-boat-shoes-for-sperry\" target=\"_blank\">dise\u00f1o especial de Sperry<\/a>, los quiero!<\/p>\n<p><a href=\"https:\/\/ouiouiblog.files.wordpress.com\/2015\/05\/oui-oui-gray-malin-zapatos.jpg\"><img loading=\"lazy\" decoding=\"async\" class=\"aligncenter size-large wp-image-2401\" src=\"https:\/\/ouiouiblog.files.wordpress.com\/2015\/05\/oui-oui-gray-malin-zapatos.jpg?w=660\" alt=\"Oui OUi-gray malin zapatos\" width=\"660\" height=\"413\" \/><\/a><\/p>\n","protected":false},"excerpt":{"rendered":"<p>Puede que no conozcas su nombre, pero en cuanto veas la siguiente fotograf\u00eda seguro que algo recuerdas&#8230; Pues bien, el autor de la m\u00edtica fotograf\u00eda cenital de la playa es Gray Malin, a qui\u00e9n he redescubierto gracias a su proyecto Follow me, una serie de fotograf\u00edas tomadas en 24h de su viaje a Barcelona, con [&hellip;]<\/p>\n","protected":false},"author":1,"featured_media":3066,"comment_status":"open","ping_status":"open","sticky":false,"template":"","format":"standard","meta":{"jetpack_post_was_ever_published":false,"_jetpack_newsletter_access":"","_jetpack_dont_email_post_to_subs":false,"_jetpack_newsletter_tier_id":0,"_jetpack_memberships_contains_paywalled_content":false,"_jetpack_memberships_contains_paid_content":false,"footnotes":"","jetpack_publicize_message":"","jetpack_publicize_feature_enabled":true,"jetpack_social_post_already_shared":false,"jetpack_social_options":{"image_generator_settings":{"template":"highway","default_image_id":0,"font":"","enabled":false},"version":2}},"categories":[177],"tags":[536],"class_list":["post-2382","post","type-post","status-publish","format-standard","has-post-thumbnail","hentry","category-lifestyle-2","tag-fotografia"],"aioseo_notices":[],"jetpack_publicize_connections":[],"jetpack_featured_media_url":"https:\/\/oui-oui.es\/blog\/wp-content\/uploads\/2015\/05\/oui-oui-lamparas-pic3b1a-gray-malin.jpg","jetpack_sharing_enabled":true,"jetpack-related-posts":[{"id":4524,"url":"https:\/\/oui-oui.es\/blog\/el-universo-gray-malin\/","url_meta":{"origin":2382,"position":0},"title":"El universo Gray Malin","author":"Mar\u00eda \u2665Oui Oui\u2665","date":"24 junio, 2016","format":false,"excerpt":"Descubr\u00ed al fot\u00f3grafo y artista Gray Malin a ra\u00edz de la intervenci\u00f3n Follow Me que hizo para el la cadena de hoteles Le Meridien que os contaba en este post y desde entonces\u00a0 sigo su trabajo con admiraci\u00f3n y deleite, quiz\u00e1s porque ha tocado dos temas que me encantan; la\u2026","rel":"","context":"En \u00abDECORACI\u00d3N\u00bb","block_context":{"text":"DECORACI\u00d3N","link":"https:\/\/oui-oui.es\/blog\/category\/decoracion-de-casa\/"},"img":{"alt_text":"","src":"https:\/\/i0.wp.com\/oui-oui.es\/blog\/wp-content\/uploads\/2016\/06\/Oui-Oui-i-am-busy-gray-malin.jpg?resize=350%2C200&ssl=1","width":350,"height":200,"srcset":"https:\/\/i0.wp.com\/oui-oui.es\/blog\/wp-content\/uploads\/2016\/06\/Oui-Oui-i-am-busy-gray-malin.jpg?resize=350%2C200&ssl=1 1x, https:\/\/i0.wp.com\/oui-oui.es\/blog\/wp-content\/uploads\/2016\/06\/Oui-Oui-i-am-busy-gray-malin.jpg?resize=525%2C300&ssl=1 1.5x"},"classes":[]},{"id":5082,"url":"https:\/\/oui-oui.es\/blog\/la-wishlist-de-mis-35\/","url_meta":{"origin":2382,"position":1},"title":"La wishlist de mis 35","author":"Mar\u00eda \u2665Oui Oui\u2665","date":"1 febrero, 2017","format":false,"excerpt":"Queda un mes para mi cumple y como soy do\u00f1a wishlist, no pod\u00eda faltar la m\u00eda ;) , adem\u00e1s, este a\u00f1o \u00a1cumplo 35! , en mi caso, creo que s\u00f3lo voy a celebrar mi cumple (con m\u00e1s gente que mi familia cercana) cada 5 a\u00f1os...As\u00ed que \u00e9ste deber\u00eda ser El\u2026","rel":"","context":"En \u00abESTILO DE VIDA\u00bb","block_context":{"text":"ESTILO DE VIDA","link":"https:\/\/oui-oui.es\/blog\/category\/lifestyle-2\/"},"img":{"alt_text":"","src":"https:\/\/i0.wp.com\/oui-oui.es\/blog\/wp-content\/uploads\/2017\/01\/Oui-Oui-wishlist-Mar%C3%ADa-35-gray-Malin-iceberg-swan-float.jpg?resize=350%2C200&ssl=1","width":350,"height":200,"srcset":"https:\/\/i0.wp.com\/oui-oui.es\/blog\/wp-content\/uploads\/2017\/01\/Oui-Oui-wishlist-Mar%C3%ADa-35-gray-Malin-iceberg-swan-float.jpg?resize=350%2C200&ssl=1 1x, https:\/\/i0.wp.com\/oui-oui.es\/blog\/wp-content\/uploads\/2017\/01\/Oui-Oui-wishlist-Mar%C3%ADa-35-gray-Malin-iceberg-swan-float.jpg?resize=525%2C300&ssl=1 1.5x, https:\/\/i0.wp.com\/oui-oui.es\/blog\/wp-content\/uploads\/2017\/01\/Oui-Oui-wishlist-Mar%C3%ADa-35-gray-Malin-iceberg-swan-float.jpg?resize=700%2C400&ssl=1 2x"},"classes":[]},{"id":2508,"url":"https:\/\/oui-oui.es\/blog\/una-boda-en-el-jardin-de-aldeallana\/","url_meta":{"origin":2382,"position":2},"title":"Una boda en el jard\u00edn de Aldeallana","author":"Mar\u00eda \u2665Oui Oui\u2665","date":"3 junio, 2015","format":false,"excerpt":"\u00a0 \u00a0 A veces sorprender es tan f\u00e1cil como proponer a unos adultos pasar una ma\u00f1ana de ni\u00f1os; as\u00ed nos sorprendieron en Finca Aldeallana hace unas semanas, con una garden party en la que disfrutamos de una gymkana jugando a la petanca, a los bolos, a tirar aros o el\u2026","rel":"","context":"En \u00abBoda\u00bb","block_context":{"text":"Boda","link":"https:\/\/oui-oui.es\/blog\/category\/fiestas-celebraciones\/boda\/"},"img":{"alt_text":"","src":"https:\/\/i0.wp.com\/oui-oui.es\/blog\/wp-content\/uploads\/2015\/06\/oui-oui-taza-friends-candybar-maria-antonieta-finca-aldeallana.jpg?resize=350%2C200&ssl=1","width":350,"height":200},"classes":[]},{"id":3543,"url":"https:\/\/oui-oui.es\/blog\/breakfast-wedding-club-zankyou-intercontinental\/","url_meta":{"origin":2382,"position":3},"title":"Breakfast Wedding Club | Zankyou &#038; Intercontinental","author":"Mar\u00eda \u2665Oui Oui\u2665","date":"16 octubre, 2015","format":false,"excerpt":"Suena bien, \u00bfverdad? pues as\u00ed por que s\u00ed, la semana pasada la lista de bodas Zankyou quiso juntarnos a unas cuantas wedding bloggers\u00a0para disfrutar del famoso brunch del Intercontinental, una ma\u00f1ana en la que charlar, conocer alguna cara nueva y, sobretodo, pasarlo bien. Eva, de Bodas Color\u00edn Colorado prepar\u00f3 este\u2026","rel":"","context":"En \u00abBoda\u00bb","block_context":{"text":"Boda","link":"https:\/\/oui-oui.es\/blog\/category\/fiestas-celebraciones\/boda\/"},"img":{"alt_text":"","src":"https:\/\/i0.wp.com\/oui-oui.es\/blog\/wp-content\/uploads\/2015\/10\/Oui-Oui-desayuno-zankyou-wedding-breakfast-elena-bau-1.jpg?resize=350%2C200&ssl=1","width":350,"height":200,"srcset":"https:\/\/i0.wp.com\/oui-oui.es\/blog\/wp-content\/uploads\/2015\/10\/Oui-Oui-desayuno-zankyou-wedding-breakfast-elena-bau-1.jpg?resize=350%2C200&ssl=1 1x, https:\/\/i0.wp.com\/oui-oui.es\/blog\/wp-content\/uploads\/2015\/10\/Oui-Oui-desayuno-zankyou-wedding-breakfast-elena-bau-1.jpg?resize=525%2C300&ssl=1 1.5x, https:\/\/i0.wp.com\/oui-oui.es\/blog\/wp-content\/uploads\/2015\/10\/Oui-Oui-desayuno-zankyou-wedding-breakfast-elena-bau-1.jpg?resize=700%2C400&ssl=1 2x, https:\/\/i0.wp.com\/oui-oui.es\/blog\/wp-content\/uploads\/2015\/10\/Oui-Oui-desayuno-zankyou-wedding-breakfast-elena-bau-1.jpg?resize=1050%2C600&ssl=1 3x, https:\/\/i0.wp.com\/oui-oui.es\/blog\/wp-content\/uploads\/2015\/10\/Oui-Oui-desayuno-zankyou-wedding-breakfast-elena-bau-1.jpg?resize=1400%2C800&ssl=1 4x"},"classes":[]},{"id":4310,"url":"https:\/\/oui-oui.es\/blog\/mi-pequena-frida\/","url_meta":{"origin":2382,"position":4},"title":"Mi peque\u00f1a Frida","author":"Mar\u00eda \u2665Oui Oui\u2665","date":"17 mayo, 2016","format":false,"excerpt":"Ten\u00eda muchas ganas de hacerle unas fotos de reci\u00e9n nacida a Frida, era algo que ten\u00eda en mente durante todo el embarazo, y mi amiga Elena Bau se las hizo la semana que cumpl\u00eda quince d\u00edas. Tenemos un mont\u00f3n de fotos preciosas, algunas con atrezzo parecido a las que le\u2026","rel":"","context":"En \u00abMATERNIDAD\u00bb","block_context":{"text":"MATERNIDAD","link":"https:\/\/oui-oui.es\/blog\/category\/maternidad\/"},"img":{"alt_text":"","src":"https:\/\/i0.wp.com\/oui-oui.es\/blog\/wp-content\/uploads\/2016\/05\/Oui-Oui-fotos-Frida-reci%C3%A9n-nacida-Elena-Bau-4.jpg?resize=350%2C200&ssl=1","width":350,"height":200,"srcset":"https:\/\/i0.wp.com\/oui-oui.es\/blog\/wp-content\/uploads\/2016\/05\/Oui-Oui-fotos-Frida-reci%C3%A9n-nacida-Elena-Bau-4.jpg?resize=350%2C200&ssl=1 1x, https:\/\/i0.wp.com\/oui-oui.es\/blog\/wp-content\/uploads\/2016\/05\/Oui-Oui-fotos-Frida-reci%C3%A9n-nacida-Elena-Bau-4.jpg?resize=525%2C300&ssl=1 1.5x, https:\/\/i0.wp.com\/oui-oui.es\/blog\/wp-content\/uploads\/2016\/05\/Oui-Oui-fotos-Frida-reci%C3%A9n-nacida-Elena-Bau-4.jpg?resize=700%2C400&ssl=1 2x, https:\/\/i0.wp.com\/oui-oui.es\/blog\/wp-content\/uploads\/2016\/05\/Oui-Oui-fotos-Frida-reci%C3%A9n-nacida-Elena-Bau-4.jpg?resize=1050%2C600&ssl=1 3x, https:\/\/i0.wp.com\/oui-oui.es\/blog\/wp-content\/uploads\/2016\/05\/Oui-Oui-fotos-Frida-reci%C3%A9n-nacida-Elena-Bau-4.jpg?resize=1400%2C800&ssl=1 4x"},"classes":[]},{"id":2435,"url":"https:\/\/oui-oui.es\/blog\/te-esperamos-en-el-ii-encuentro-de-telva-novias\/","url_meta":{"origin":2382,"position":5},"title":"Te esperamos en el II Encuentro de Telva Novias","author":"Mar\u00eda \u2665Oui Oui\u2665","date":"26 mayo, 2015","format":false,"excerpt":"\u00bfEst\u00e1s organizando tu boda pero a\u00fan no tienes claro un mont\u00f3n de cosas?; la finca o el hotel, el catering, si necesitas wedding planner o no (ya te digo que s\u00ed la necesitas), qu\u00e9 regalar\u00e1s a los invitados, o, m\u00e1s f\u00e1cil, c\u00f3mo hacer una candybar original y diferente, no como\u2026","rel":"","context":"En \u00abBoda\u00bb","block_context":{"text":"Boda","link":"https:\/\/oui-oui.es\/blog\/category\/fiestas-celebraciones\/boda\/"},"img":{"alt_text":"","src":"https:\/\/i0.wp.com\/oui-oui.es\/blog\/wp-content\/uploads\/2015\/05\/oui-oui-tienda-online-detalles-decoracion-boda-foto-elena-bau-10.jpg?resize=350%2C200&ssl=1","width":350,"height":200,"srcset":"https:\/\/i0.wp.com\/oui-oui.es\/blog\/wp-content\/uploads\/2015\/05\/oui-oui-tienda-online-detalles-decoracion-boda-foto-elena-bau-10.jpg?resize=350%2C200&ssl=1 1x, https:\/\/i0.wp.com\/oui-oui.es\/blog\/wp-content\/uploads\/2015\/05\/oui-oui-tienda-online-detalles-decoracion-boda-foto-elena-bau-10.jpg?resize=525%2C300&ssl=1 1.5x"},"classes":[]}],"_links":{"self":[{"href":"https:\/\/oui-oui.es\/blog\/wp-json\/wp\/v2\/posts\/2382","targetHints":{"allow":["GET"]}}],"collection":[{"href":"https:\/\/oui-oui.es\/blog\/wp-json\/wp\/v2\/posts"}],"about":[{"href":"https:\/\/oui-oui.es\/blog\/wp-json\/wp\/v2\/types\/post"}],"author":[{"embeddable":true,"href":"https:\/\/oui-oui.es\/blog\/wp-json\/wp\/v2\/users\/1"}],"replies":[{"embeddable":true,"href":"https:\/\/oui-oui.es\/blog\/wp-json\/wp\/v2\/comments?post=2382"}],"version-history":[{"count":1,"href":"https:\/\/oui-oui.es\/blog\/wp-json\/wp\/v2\/posts\/2382\/revisions"}],"predecessor-version":[{"id":3067,"href":"https:\/\/oui-oui.es\/blog\/wp-json\/wp\/v2\/posts\/2382\/revisions\/3067"}],"wp:featuredmedia":[{"embeddable":true,"href":"https:\/\/oui-oui.es\/blog\/wp-json\/wp\/v2\/media\/3066"}],"wp:attachment":[{"href":"https:\/\/oui-oui.es\/blog\/wp-json\/wp\/v2\/media?parent=2382"}],"wp:term":[{"taxonomy":"category","embeddable":true,"href":"https:\/\/oui-oui.es\/blog\/wp-json\/wp\/v2\/categories?post=2382"},{"taxonomy":"post_tag","embeddable":true,"href":"https:\/\/oui-oui.es\/blog\/wp-json\/wp\/v2\/tags?post=2382"}],"curies":[{"name":"wp","href":"https:\/\/api.w.org\/{rel}","templated":true}]}}