{"id":2406,"date":"2015-05-22T00:01:29","date_gmt":"2015-05-21T22:01:29","guid":{"rendered":"https:\/\/ouiouiblog.wordpress.com\/?p=2406"},"modified":"2015-09-01T16:26:18","modified_gmt":"2015-09-01T14:26:18","slug":"la-maison-des-carres-de-hermes","status":"publish","type":"post","link":"https:\/\/oui-oui.es\/blog\/la-maison-des-carres-de-hermes\/","title":{"rendered":"La maison des Carr\u00e9s de Herm\u00e8s"},"content":{"rendered":"<p><a href=\"https:\/\/ouiouiblog.files.wordpress.com\/2015\/05\/oui-oui-pop-up-hermes-barcelona-maison-carres-8.jpg\"><img loading=\"lazy\" decoding=\"async\" class=\"aligncenter size-full wp-image-2414\" src=\"https:\/\/ouiouiblog.files.wordpress.com\/2015\/05\/oui-oui-pop-up-hermes-barcelona-maison-carres-8.jpg\" alt=\"Oui Oui-pop up hermes barcelona-maison carres (8)\" width=\"636\" height=\"954\" \/><\/a><\/p>\n<p>Si pasas, vives o estar\u00e1s en Barcelona los pr\u00f3ximos d\u00edas (hasta el 30 de mayo), no puedes dejar pasar la ocasi\u00f3n de disfrutar la <strong>experiencia Herm\u00e9s<\/strong> a trav\u00e9s de sus <strong><em>carr\u00e9s<\/em><\/strong>.<\/p>\n<p><a href=\"https:\/\/ouiouiblog.files.wordpress.com\/2015\/05\/oui-oui-pop-up-hermes-barcelona-maison-carres-6.jpg\"><img loading=\"lazy\" decoding=\"async\" class=\"aligncenter size-full wp-image-2412\" src=\"https:\/\/ouiouiblog.files.wordpress.com\/2015\/05\/oui-oui-pop-up-hermes-barcelona-maison-carres-6.jpg\" alt=\"Oui Oui-pop up hermes barcelona-maison carres (6)\" width=\"636\" height=\"423\" \/><\/a><\/p>\n<p><a href=\"https:\/\/ouiouiblog.files.wordpress.com\/2015\/05\/oui-oui-pop-up-hermes-barcelona-maison-carres-13.jpg\"><img loading=\"lazy\" decoding=\"async\" class=\"aligncenter size-full wp-image-2419\" src=\"https:\/\/ouiouiblog.files.wordpress.com\/2015\/05\/oui-oui-pop-up-hermes-barcelona-maison-carres-13.jpg\" alt=\"Oui Oui-pop up hermes barcelona-maison carres (13)\" width=\"636\" height=\"423\" \/><\/a><\/p>\n<p><a href=\"https:\/\/ouiouiblog.files.wordpress.com\/2015\/05\/oui-oui-pop-up-hermes-barcelona-maison-carres-3.jpg\"><img loading=\"lazy\" decoding=\"async\" class=\"aligncenter size-full wp-image-2409\" src=\"https:\/\/ouiouiblog.files.wordpress.com\/2015\/05\/oui-oui-pop-up-hermes-barcelona-maison-carres-3.jpg\" alt=\"Oui Oui-pop up hermes barcelona-maison carres (3)\" width=\"636\" height=\"423\" \/><\/a><\/p>\n<p>Con una <strong>puesta en escena \u00fanica e incre\u00edble<\/strong>, con el <strong>color de los pa\u00f1uelos como protagonista<\/strong> y el dise\u00f1o de <strong>Pierre Marie<\/strong> de fondo, un fondo blanco que parece transportarte a un cuento de ilustraciones en el que los dibujos van tomando forma al colorearlos&#8230;As\u00ed parece (s\u00f3lo he podido verlo en fotos) desde fuera; <strong>la Maison des Carr\u00e9s<\/strong>, la evoluci\u00f3n de la <strong><a href=\"http:\/\/www.maisondescarres.com\" target=\"_blank\">pop up online<\/a> <\/strong>\u00a0que toma forma real, y a la vez m\u00e1gica, en un espacio f\u00edsico aqu\u00ed en Espa\u00f1a; en Barcelona.<\/p>\n<p><a href=\"https:\/\/ouiouiblog.files.wordpress.com\/2015\/05\/oui-oui-pop-up-hermes-barcelona-maison-carres-10.jpg\"><img loading=\"lazy\" decoding=\"async\" class=\"aligncenter size-full wp-image-2416\" src=\"https:\/\/ouiouiblog.files.wordpress.com\/2015\/05\/oui-oui-pop-up-hermes-barcelona-maison-carres-10.jpg\" alt=\"Oui Oui-pop up hermes barcelona-maison carres (10)\" width=\"636\" height=\"423\" \/><\/a><\/p>\n<p><a href=\"https:\/\/ouiouiblog.files.wordpress.com\/2015\/05\/oui-oui-pop-up-hermes-barcelona-maison-carres-11.jpg\"><img loading=\"lazy\" decoding=\"async\" class=\"aligncenter size-full wp-image-2417\" src=\"https:\/\/ouiouiblog.files.wordpress.com\/2015\/05\/oui-oui-pop-up-hermes-barcelona-maison-carres-11.jpg\" alt=\"Oui Oui-pop up hermes barcelona-maison carres (11)\" width=\"636\" height=\"423\" \/><\/a><\/p>\n<p>Recuerdo seguirlo por <a href=\"https:\/\/instagram.com\/ouiouidetalles\/\" target=\"_blank\">Instagram <\/a>el d\u00eda de su inauguraci\u00f3n con la ilusi\u00f3n de una ni\u00f1a, descubriendo nuevas puestas en escena y espacios con cada foto&#8230;<strong>La lavander\u00eda<\/strong>, el rinc\u00f3n de <strong>Lara Costafreda<\/strong> en el que personalizaba paip\u00e1is, el <strong>puesto de helados<\/strong>&#8230;<\/p>\n<p><a href=\"https:\/\/ouiouiblog.files.wordpress.com\/2015\/05\/oui-oui-pop-up-hermes-barcelona-maison-carres-9.jpg\"><img loading=\"lazy\" decoding=\"async\" class=\"aligncenter size-full wp-image-2415\" src=\"https:\/\/ouiouiblog.files.wordpress.com\/2015\/05\/oui-oui-pop-up-hermes-barcelona-maison-carres-9.jpg\" alt=\"Oui Oui-pop up hermes barcelona-maison carres (9)\" width=\"636\" height=\"423\" \/><\/a><\/p>\n<p><a href=\"https:\/\/ouiouiblog.files.wordpress.com\/2015\/05\/oui-oui-pop-up-hermes-barcelona-maison-carres-7.jpg\"><img loading=\"lazy\" decoding=\"async\" class=\"aligncenter size-full wp-image-2413\" src=\"https:\/\/ouiouiblog.files.wordpress.com\/2015\/05\/oui-oui-pop-up-hermes-barcelona-maison-carres-7.jpg\" alt=\"Oui Oui-pop up hermes barcelona-maison carres (7)\" width=\"636\" height=\"954\" \/><\/a><\/p>\n<p>Cada una de las 15 estancias sorprende, divierte y emociona, como s\u00f3lo sabe hacer una marca de arte y lujo, como <strong>Herm\u00e8s<\/strong>&#8230;Y todo ello, desde la pantalla, imag\u00ednate vivirlo en directo.<\/p>\n<p><a href=\"https:\/\/ouiouiblog.files.wordpress.com\/2015\/05\/oui-oui-pop-up-hermes-barcelona-maison-carres-4.jpg\"><img loading=\"lazy\" decoding=\"async\" class=\"aligncenter size-full wp-image-2410\" src=\"https:\/\/ouiouiblog.files.wordpress.com\/2015\/05\/oui-oui-pop-up-hermes-barcelona-maison-carres-4.jpg\" alt=\"Oui Oui-pop up hermes barcelona-maison carres (4)\" width=\"636\" height=\"423\" \/><\/a><\/p>\n<p>Porque no tengo ni un d\u00eda libre hasta final de mes, sino me cog\u00eda un AVE corriendo!<\/p>\n<p><a href=\"https:\/\/ouiouiblog.files.wordpress.com\/2015\/05\/oui-oui-pop-up-hermes-barcelona-maison-carres-1.jpg\"><img loading=\"lazy\" decoding=\"async\" class=\"aligncenter size-full wp-image-2407\" src=\"https:\/\/ouiouiblog.files.wordpress.com\/2015\/05\/oui-oui-pop-up-hermes-barcelona-maison-carres-1.jpg\" alt=\"Oui Oui-pop up hermes barcelona-maison carres (1)\" width=\"636\" height=\"954\" \/><\/a><\/p>\n<p><strong>La Maison des Carr\u00e9s Barcelona\u00a0<\/strong>(Pasaje de los Campos El\u00edsos, 9).<\/p>\n<p>Todas las fotograf\u00edas son de <strong>Pablo G\u00f3mez Ogando<\/strong> v\u00eda <a href=\"http:\/\/blogs.vogue.es\/my-little-pleaschhures\/\" target=\"_blank\"><strong>My Little Pleaschhures<\/strong><\/a><\/p>\n","protected":false},"excerpt":{"rendered":"<p>Si pasas, vives o estar\u00e1s en Barcelona los pr\u00f3ximos d\u00edas (hasta el 30 de mayo), no puedes dejar pasar la ocasi\u00f3n de disfrutar la experiencia Herm\u00e9s a trav\u00e9s de sus carr\u00e9s. Con una puesta en escena \u00fanica e incre\u00edble, con el color de los pa\u00f1uelos como protagonista y el dise\u00f1o de Pierre Marie de fondo, [&hellip;]<\/p>\n","protected":false},"author":1,"featured_media":3062,"comment_status":"open","ping_status":"open","sticky":false,"template":"","format":"standard","meta":{"jetpack_post_was_ever_published":false,"_jetpack_newsletter_access":"","_jetpack_dont_email_post_to_subs":false,"_jetpack_newsletter_tier_id":0,"_jetpack_memberships_contains_paywalled_content":false,"_jetpack_memberships_contains_paid_content":false,"footnotes":"","jetpack_publicize_message":"","jetpack_publicize_feature_enabled":true,"jetpack_social_post_already_shared":false,"jetpack_social_options":{"image_generator_settings":{"template":"highway","default_image_id":0,"font":"","enabled":false},"version":2}},"categories":[177],"tags":[],"class_list":["post-2406","post","type-post","status-publish","format-standard","has-post-thumbnail","hentry","category-lifestyle-2"],"aioseo_notices":[],"jetpack_publicize_connections":[],"jetpack_featured_media_url":"https:\/\/oui-oui.es\/blog\/wp-content\/uploads\/2015\/05\/oui-oui-pop-up-hermes-barcelona-maison-carres-13.jpg","jetpack_sharing_enabled":true,"jetpack-related-posts":[{"id":1596,"url":"https:\/\/oui-oui.es\/blog\/oui-oui-en-paris\/","url_meta":{"origin":2406,"position":0},"title":"Oui Oui en Par\u00eds","author":"Mar\u00eda \u2665Oui Oui\u2665","date":"18 septiembre, 2014","format":false,"excerpt":"Hace dos semanas nos fuimos a Par\u00eds a celebrar nuestro tercer aniversario de boda, nos hac\u00eda ilusi\u00f3n porque la primera vez que estuvimos en Par\u00eds fu\u00e9 por nuestro segundo aniversario de novios.Como ya no me da tiempo a buscar en internet esas direcciones diferentes, sitios chulos, ped\u00ed que me chivaran\u2026","rel":"","context":"En \u00abESTILO DE VIDA\u00bb","block_context":{"text":"ESTILO DE VIDA","link":"https:\/\/oui-oui.es\/blog\/category\/lifestyle-2\/"},"img":{"alt_text":"","src":"https:\/\/i0.wp.com\/oui-oui.es\/blog\/wp-content\/uploads\/2014\/09\/oui-oui-paris-le-sac-en-papier-notre-dame-the-paper-bag.jpg?resize=350%2C200&ssl=1","width":350,"height":200,"srcset":"https:\/\/i0.wp.com\/oui-oui.es\/blog\/wp-content\/uploads\/2014\/09\/oui-oui-paris-le-sac-en-papier-notre-dame-the-paper-bag.jpg?resize=350%2C200&ssl=1 1x, https:\/\/i0.wp.com\/oui-oui.es\/blog\/wp-content\/uploads\/2014\/09\/oui-oui-paris-le-sac-en-papier-notre-dame-the-paper-bag.jpg?resize=525%2C300&ssl=1 1.5x"},"classes":[]}],"_links":{"self":[{"href":"https:\/\/oui-oui.es\/blog\/wp-json\/wp\/v2\/posts\/2406","targetHints":{"allow":["GET"]}}],"collection":[{"href":"https:\/\/oui-oui.es\/blog\/wp-json\/wp\/v2\/posts"}],"about":[{"href":"https:\/\/oui-oui.es\/blog\/wp-json\/wp\/v2\/types\/post"}],"author":[{"embeddable":true,"href":"https:\/\/oui-oui.es\/blog\/wp-json\/wp\/v2\/users\/1"}],"replies":[{"embeddable":true,"href":"https:\/\/oui-oui.es\/blog\/wp-json\/wp\/v2\/comments?post=2406"}],"version-history":[{"count":1,"href":"https:\/\/oui-oui.es\/blog\/wp-json\/wp\/v2\/posts\/2406\/revisions"}],"predecessor-version":[{"id":3063,"href":"https:\/\/oui-oui.es\/blog\/wp-json\/wp\/v2\/posts\/2406\/revisions\/3063"}],"wp:featuredmedia":[{"embeddable":true,"href":"https:\/\/oui-oui.es\/blog\/wp-json\/wp\/v2\/media\/3062"}],"wp:attachment":[{"href":"https:\/\/oui-oui.es\/blog\/wp-json\/wp\/v2\/media?parent=2406"}],"wp:term":[{"taxonomy":"category","embeddable":true,"href":"https:\/\/oui-oui.es\/blog\/wp-json\/wp\/v2\/categories?post=2406"},{"taxonomy":"post_tag","embeddable":true,"href":"https:\/\/oui-oui.es\/blog\/wp-json\/wp\/v2\/tags?post=2406"}],"curies":[{"name":"wp","href":"https:\/\/api.w.org\/{rel}","templated":true}]}}