{"id":241,"date":"2012-12-04T11:28:32","date_gmt":"2012-12-04T09:28:32","guid":{"rendered":"http:\/\/ouiouiblog.wordpress.com\/?p=241"},"modified":"2015-09-01T12:48:50","modified_gmt":"2015-09-01T10:48:50","slug":"tocados-de-invierno","status":"publish","type":"post","link":"https:\/\/oui-oui.es\/blog\/tocados-de-invierno\/","title":{"rendered":"Tocados de Invierno"},"content":{"rendered":"<p style=\"text-align: center;\"><a href=\"http:\/\/ouiouiblog.files.wordpress.com\/2012\/12\/oui-oui-tocados-boda-invierno-chistera-fieltro-azul-pompon-plumas-mimoki.jpg\"><img loading=\"lazy\" decoding=\"async\" class=\"aligncenter size-full wp-image-249\" src=\"http:\/\/ouiouiblog.files.wordpress.com\/2012\/12\/oui-oui-tocados-boda-invierno-chistera-fieltro-azul-pompon-plumas-mimoki.jpg\" alt=\"Oui Oui-tocados-boda-invierno-chistera-fieltro azul-pompon plumas-Mimoki\" width=\"529\" height=\"488\" srcset=\"https:\/\/oui-oui.es\/blog\/wp-content\/uploads\/oui-oui-tocados-boda-invierno-chistera-fieltro-azul-pompon-plumas-mimoki.jpg 647w, https:\/\/oui-oui.es\/blog\/wp-content\/uploads\/oui-oui-tocados-boda-invierno-chistera-fieltro-azul-pompon-plumas-mimoki-300x276.jpg 300w\" sizes=\"auto, (max-width: 529px) 100vw, 529px\" \/><\/a><\/p>\n<p style=\"text-align: center;\">No creo que haya vestidos a los que <em>\u00abno les vaya\u00bb<\/em> un tocado, sino que <strong>hay un tocado para cada vestido y ocasi\u00f3n<\/strong>, saber <strong>acertar con la combinaci\u00f3n correcta<\/strong> es el reto y no s\u00f3lo influye que la celebraci\u00f3n sea de ma\u00f1ana o de tarde\/noche (que tambi\u00e9n), sino la <strong>\u00e9poca del a\u00f1o<\/strong>, la temperatura, <strong>el lugar de la celebraci\u00f3n<\/strong>&#8230;<\/p>\n<p style=\"text-align: center;\">Reci\u00e9n llegada de una <strong>boda de invierno<\/strong> me reafirmo m\u00e1s si cabe en ese aspecto, nada mejor que <strong>fieltros, terciopelos, tejidos de ojo de perdiz, cuadro escoc\u00e9s, Pr\u00edncipe de Gales<\/strong>&#8230;Cominados con sedas y plumas para <strong>dar con el tocado de invierno ideal.<\/strong><\/p>\n<p style=\"text-align: center;\"><a href=\"http:\/\/ouiouiblog.files.wordpress.com\/2012\/12\/oui-oui-tocados-boda-invierno-cuadros-british-marino-mimoki.jpg\"><img loading=\"lazy\" decoding=\"async\" class=\"aligncenter size-full wp-image-252\" src=\"http:\/\/ouiouiblog.files.wordpress.com\/2012\/12\/oui-oui-tocados-boda-invierno-cuadros-british-marino-mimoki.jpg\" alt=\"Oui Oui-tocados-boda-invierno-cuadros british marino-Mimoki\" width=\"529\" height=\"488\" srcset=\"https:\/\/oui-oui.es\/blog\/wp-content\/uploads\/oui-oui-tocados-boda-invierno-cuadros-british-marino-mimoki.jpg 647w, https:\/\/oui-oui.es\/blog\/wp-content\/uploads\/oui-oui-tocados-boda-invierno-cuadros-british-marino-mimoki-300x276.jpg 300w\" sizes=\"auto, (max-width: 529px) 100vw, 529px\" \/><\/a><\/p>\n<p style=\"text-align: center;\">Y con todo esto en la cabeza me ecuentro con la <strong>colecci\u00f3n de oto\u00f1o-invierno de Mimoki<\/strong>, que no puede ajustarse m\u00e1s a mis pensamientos&#8230;<strong>Para todos los gustos y ocasiones en esta estaci\u00f3n.<\/strong><\/p>\n<p style=\"text-align: center;\"><a href=\"http:\/\/ouiouiblog.files.wordpress.com\/2012\/12\/oui-oui-tocados-boda-invierno-casquete-azul-petroleo-plumas-mimoki.jpg\"><img loading=\"lazy\" decoding=\"async\" class=\"aligncenter size-full wp-image-248\" src=\"http:\/\/ouiouiblog.files.wordpress.com\/2012\/12\/oui-oui-tocados-boda-invierno-casquete-azul-petroleo-plumas-mimoki.jpg\" alt=\"Oui Oui-tocados-boda-invierno-casquete-azul petroleo-plumas-Mimoki\" width=\"529\" height=\"488\" srcset=\"https:\/\/oui-oui.es\/blog\/wp-content\/uploads\/oui-oui-tocados-boda-invierno-casquete-azul-petroleo-plumas-mimoki.jpg 647w, https:\/\/oui-oui.es\/blog\/wp-content\/uploads\/oui-oui-tocados-boda-invierno-casquete-azul-petroleo-plumas-mimoki-300x276.jpg 300w\" sizes=\"auto, (max-width: 529px) 100vw, 529px\" \/><\/a><\/p>\n<p style=\"text-align: center;\">S\u00f3lo el texto que precede a la colecci\u00f3n ya nos hace so\u00f1ar <em>\u00abLa temporada del fr\u00edo y de las hojas secas de los \u00e1rboles invaden Mimoki con un aspecto \u00fanico y m\u00e1gico. Perdidos en bosques encantados de cuentos de ninfas y en carruajes de madera y \u00f3xido de los circos itinerantes de los a\u00f1os 40\u00bb<\/em><\/p>\n<p style=\"text-align: center;\">Para una <strong>boda campestre<\/strong> esta <strong>corona de flores<\/strong> me ha chiflado<\/p>\n<p style=\"text-align: center;\"><a href=\"http:\/\/ouiouiblog.files.wordpress.com\/2012\/12\/oui-oui-tocados-boda-invierno-corona-plumas-verdes-y-ocres-mimoki.jpg\"><img loading=\"lazy\" decoding=\"async\" class=\"aligncenter size-full wp-image-251\" src=\"http:\/\/ouiouiblog.files.wordpress.com\/2012\/12\/oui-oui-tocados-boda-invierno-corona-plumas-verdes-y-ocres-mimoki.jpg\" alt=\"Oui Oui-tocados-boda-invierno-corona plumas-verdes y ocres-Mimoki\" width=\"529\" height=\"488\" srcset=\"https:\/\/oui-oui.es\/blog\/wp-content\/uploads\/oui-oui-tocados-boda-invierno-corona-plumas-verdes-y-ocres-mimoki.jpg 647w, https:\/\/oui-oui.es\/blog\/wp-content\/uploads\/oui-oui-tocados-boda-invierno-corona-plumas-verdes-y-ocres-mimoki-300x276.jpg 300w\" sizes=\"auto, (max-width: 529px) 100vw, 529px\" \/><\/a><\/p>\n<p style=\"text-align: center;\"><a href=\"http:\/\/ouiouiblog.files.wordpress.com\/2012\/12\/oui-oui-tocados-boda-invierno-corona-flores-organza-beige-mimoki.jpg\"><img loading=\"lazy\" decoding=\"async\" class=\"aligncenter size-full wp-image-250\" src=\"http:\/\/ouiouiblog.files.wordpress.com\/2012\/12\/oui-oui-tocados-boda-invierno-corona-flores-organza-beige-mimoki.jpg\" alt=\"Oui Oui-tocados-boda-invierno-corona flores organza beige-Mimoki\" width=\"529\" height=\"488\" srcset=\"https:\/\/oui-oui.es\/blog\/wp-content\/uploads\/oui-oui-tocados-boda-invierno-corona-flores-organza-beige-mimoki.jpg 647w, https:\/\/oui-oui.es\/blog\/wp-content\/uploads\/oui-oui-tocados-boda-invierno-corona-flores-organza-beige-mimoki-300x276.jpg 300w\" sizes=\"auto, (max-width: 529px) 100vw, 529px\" \/><\/a><\/p>\n<p style=\"text-align: center;\">Por supuesto los <strong>sombreros<\/strong> de los que soy <strong>fan incondicional<\/strong><\/p>\n<p style=\"text-align: center;\"><a href=\"http:\/\/ouiouiblog.files.wordpress.com\/2012\/12\/oui-oui-tocados-boda-invierno-borsalino-fieltro-gris-topo-plumas-marabc3ba-mimoki.jpg\"><img loading=\"lazy\" decoding=\"async\" class=\"aligncenter size-full wp-image-244\" src=\"http:\/\/ouiouiblog.files.wordpress.com\/2012\/12\/oui-oui-tocados-boda-invierno-borsalino-fieltro-gris-topo-plumas-marabc3ba-mimoki.jpg\" alt=\"Oui Oui-tocados-boda-invierno-borsalino fieltro gris topo-plumas marab\u00fa-Mimoki\" width=\"529\" height=\"488\" srcset=\"https:\/\/oui-oui.es\/blog\/wp-content\/uploads\/oui-oui-tocados-boda-invierno-borsalino-fieltro-gris-topo-plumas-marabc3ba-mimoki.jpg 647w, https:\/\/oui-oui.es\/blog\/wp-content\/uploads\/oui-oui-tocados-boda-invierno-borsalino-fieltro-gris-topo-plumas-marabc3ba-mimoki-300x276.jpg 300w\" sizes=\"auto, (max-width: 529px) 100vw, 529px\" \/><\/a><a href=\"http:\/\/ouiouiblog.files.wordpress.com\/2012\/12\/oui-oui-tocados-boda-invierno-borsalino-fieltro-negro-pompon-plumas-nude-mimoki.jpg\"><img loading=\"lazy\" decoding=\"async\" class=\"aligncenter size-full wp-image-245\" src=\"http:\/\/ouiouiblog.files.wordpress.com\/2012\/12\/oui-oui-tocados-boda-invierno-borsalino-fieltro-negro-pompon-plumas-nude-mimoki.jpg\" alt=\"Oui Oui-tocados-boda-invierno-Borsalino fieltro negro-pompon plumas nude-Mimoki\" width=\"529\" height=\"488\" srcset=\"https:\/\/oui-oui.es\/blog\/wp-content\/uploads\/oui-oui-tocados-boda-invierno-borsalino-fieltro-negro-pompon-plumas-nude-mimoki.jpg 647w, https:\/\/oui-oui.es\/blog\/wp-content\/uploads\/oui-oui-tocados-boda-invierno-borsalino-fieltro-negro-pompon-plumas-nude-mimoki-300x276.jpg 300w\" sizes=\"auto, (max-width: 529px) 100vw, 529px\" \/><\/a><a href=\"http:\/\/ouiouiblog.files.wordpress.com\/2012\/12\/oui-oui-tocados-boda-invierno-bomibin-fieltro-rojo-hojas-plumas-doradas-moradas-mimoki.jpg\"><img loading=\"lazy\" decoding=\"async\" class=\"aligncenter size-full wp-image-243\" src=\"http:\/\/ouiouiblog.files.wordpress.com\/2012\/12\/oui-oui-tocados-boda-invierno-bomibin-fieltro-rojo-hojas-plumas-doradas-moradas-mimoki.jpg\" alt=\"Oui Oui-tocados-boda-invierno-Bomibin fieltro rojo-hojas plumas doradas moradas-Mimoki\" width=\"529\" height=\"488\" srcset=\"https:\/\/oui-oui.es\/blog\/wp-content\/uploads\/oui-oui-tocados-boda-invierno-bomibin-fieltro-rojo-hojas-plumas-doradas-moradas-mimoki.jpg 647w, https:\/\/oui-oui.es\/blog\/wp-content\/uploads\/oui-oui-tocados-boda-invierno-bomibin-fieltro-rojo-hojas-plumas-doradas-moradas-mimoki-300x276.jpg 300w\" sizes=\"auto, (max-width: 529px) 100vw, 529px\" \/><\/a><\/p>\n<p style=\"text-align: center;\">Para la noche m\u00e1s sofisticada, el <strong>turbante negro con la hebilla dorada<\/strong> de los a\u00f1os 70<\/p>\n<p style=\"text-align: center;\"><a href=\"http:\/\/ouiouiblog.files.wordpress.com\/2012\/12\/oui-oui-tocados-boda-invierno-turbante-fieltro-hebilla-dorada-ac3b1os-70-mimoki.jpg\"><img loading=\"lazy\" decoding=\"async\" class=\"aligncenter size-full wp-image-255\" src=\"http:\/\/ouiouiblog.files.wordpress.com\/2012\/12\/oui-oui-tocados-boda-invierno-turbante-fieltro-hebilla-dorada-ac3b1os-70-mimoki.jpg\" alt=\"Oui Oui-tocados-boda-invierno-turbante-fieltro-hebilla dorada a\u00f1os 70-Mimoki\" width=\"529\" height=\"488\" srcset=\"https:\/\/oui-oui.es\/blog\/wp-content\/uploads\/oui-oui-tocados-boda-invierno-turbante-fieltro-hebilla-dorada-ac3b1os-70-mimoki.jpg 647w, https:\/\/oui-oui.es\/blog\/wp-content\/uploads\/oui-oui-tocados-boda-invierno-turbante-fieltro-hebilla-dorada-ac3b1os-70-mimoki-300x276.jpg 300w\" sizes=\"auto, (max-width: 529px) 100vw, 529px\" \/><\/a><\/p>\n<p style=\"text-align: center;\">\n<p style=\"text-align: center;\">O este <strong>turbante de tul con pasamaner\u00eda<\/strong><\/p>\n<p style=\"text-align: center;\">\n<p style=\"text-align: center;\"><a href=\"http:\/\/ouiouiblog.files.wordpress.com\/2012\/12\/oui-oui-tocados-boda-invierno-casquete-viantage-tul-gris-perla-y-pedreria-mimoki.jpg\"><img loading=\"lazy\" decoding=\"async\" class=\"aligncenter size-full wp-image-247\" src=\"http:\/\/ouiouiblog.files.wordpress.com\/2012\/12\/oui-oui-tocados-boda-invierno-casquete-viantage-tul-gris-perla-y-pedreria-mimoki.jpg\" alt=\"Oui Oui-tocados-boda-invierno-casquete viantage-tul gris perla y pedreria-Mimoki\" width=\"529\" height=\"488\" srcset=\"https:\/\/oui-oui.es\/blog\/wp-content\/uploads\/oui-oui-tocados-boda-invierno-casquete-viantage-tul-gris-perla-y-pedreria-mimoki.jpg 647w, https:\/\/oui-oui.es\/blog\/wp-content\/uploads\/oui-oui-tocados-boda-invierno-casquete-viantage-tul-gris-perla-y-pedreria-mimoki-300x276.jpg 300w\" sizes=\"auto, (max-width: 529px) 100vw, 529px\" \/><\/a><\/p>\n<p style=\"text-align: center;\">\n<p style=\"text-align: center;\">Y este <strong>casquete con hojas doradas<\/strong> es total<\/p>\n<p style=\"text-align: center;\">\n<p style=\"text-align: center;\"><a href=\"http:\/\/ouiouiblog.files.wordpress.com\/2012\/12\/oui-oui-tocados-boda-invierno-casquete-encaje-negro-hojas-doradas-mimoki.jpg\"><img loading=\"lazy\" decoding=\"async\" class=\"aligncenter size-full wp-image-246\" src=\"http:\/\/ouiouiblog.files.wordpress.com\/2012\/12\/oui-oui-tocados-boda-invierno-casquete-encaje-negro-hojas-doradas-mimoki.jpg\" alt=\"Oui Oui-tocados-boda-invierno-casquete encaje negro-hojas doradas-Mimoki\" width=\"529\" height=\"488\" srcset=\"https:\/\/oui-oui.es\/blog\/wp-content\/uploads\/oui-oui-tocados-boda-invierno-casquete-encaje-negro-hojas-doradas-mimoki.jpg 647w, https:\/\/oui-oui.es\/blog\/wp-content\/uploads\/oui-oui-tocados-boda-invierno-casquete-encaje-negro-hojas-doradas-mimoki-300x276.jpg 300w\" sizes=\"auto, (max-width: 529px) 100vw, 529px\" \/><\/a><\/p>\n<p style=\"text-align: center;\">Y para novias, este <strong>tocado con tul blanco y capullos de organza<\/strong><\/p>\n<p style=\"text-align: center;\"><a href=\"http:\/\/ouiouiblog.files.wordpress.com\/2012\/12\/oui-oui-tocados-boda-invierno-tocados-novia-casquete-tul-blanco-capullos-organza-mimoki.jpg\"><img loading=\"lazy\" decoding=\"async\" class=\"aligncenter size-full wp-image-254\" src=\"http:\/\/ouiouiblog.files.wordpress.com\/2012\/12\/oui-oui-tocados-boda-invierno-tocados-novia-casquete-tul-blanco-capullos-organza-mimoki.jpg\" alt=\"Oui Oui-tocados-boda-invierno-tocados novia-casquete tul blanco-capullos organza-Mimoki\" width=\"529\" height=\"488\" srcset=\"https:\/\/oui-oui.es\/blog\/wp-content\/uploads\/oui-oui-tocados-boda-invierno-tocados-novia-casquete-tul-blanco-capullos-organza-mimoki.jpg 647w, https:\/\/oui-oui.es\/blog\/wp-content\/uploads\/oui-oui-tocados-boda-invierno-tocados-novia-casquete-tul-blanco-capullos-organza-mimoki-300x276.jpg 300w\" sizes=\"auto, (max-width: 529px) 100vw, 529px\" \/><\/a><\/p>\n<p style=\"text-align: center;\">O esta diadema de pedrer\u00eda<\/p>\n<p style=\"text-align: center;\"><a href=\"http:\/\/ouiouiblog.files.wordpress.com\/2012\/12\/oui-oui-tocados-boda-invierno-tocados-novia-banda-pedrerc3ada-plata-cristal-mimoki.jpg\"><img loading=\"lazy\" decoding=\"async\" class=\"aligncenter size-full wp-image-253\" src=\"http:\/\/ouiouiblog.files.wordpress.com\/2012\/12\/oui-oui-tocados-boda-invierno-tocados-novia-banda-pedrerc3ada-plata-cristal-mimoki.jpg\" alt=\"Oui Oui-tocados-boda-invierno-tocados novia-banda pedrer\u00eda plata cristal-Mimoki\" width=\"529\" height=\"488\" srcset=\"https:\/\/oui-oui.es\/blog\/wp-content\/uploads\/oui-oui-tocados-boda-invierno-tocados-novia-banda-pedrerc3ada-plata-cristal-mimoki.jpg 647w, https:\/\/oui-oui.es\/blog\/wp-content\/uploads\/oui-oui-tocados-boda-invierno-tocados-novia-banda-pedrerc3ada-plata-cristal-mimoki-300x276.jpg 300w\" sizes=\"auto, (max-width: 529px) 100vw, 529px\" \/><\/a><\/p>\n<p style=\"text-align: center;\">Y lo mejor&#8230;Que no s\u00f3lo est\u00e1n a la venta, sino que <strong>se pueden alquilar!<\/strong><\/p>\n<p style=\"text-align: center;\">Todos los <strong>tocados<\/strong> (y las fotos) son de <strong>Mimoki<\/strong><\/p>\n","protected":false},"excerpt":{"rendered":"<p>No creo que haya vestidos a los que \u00abno les vaya\u00bb un tocado, sino que hay un tocado para cada vestido y ocasi\u00f3n, saber acertar con la combinaci\u00f3n correcta es el reto y no s\u00f3lo influye que la celebraci\u00f3n sea de ma\u00f1ana o de tarde\/noche (que tambi\u00e9n), sino la \u00e9poca del a\u00f1o, la temperatura, el [&hellip;]<\/p>\n","protected":false},"author":1,"featured_media":249,"comment_status":"open","ping_status":"open","sticky":false,"template":"","format":"standard","meta":{"jetpack_post_was_ever_published":false,"_jetpack_newsletter_access":"","_jetpack_dont_email_post_to_subs":false,"_jetpack_newsletter_tier_id":0,"_jetpack_memberships_contains_paywalled_content":false,"_jetpack_memberships_contains_paid_content":false,"footnotes":"","jetpack_publicize_message":"","jetpack_publicize_feature_enabled":true,"jetpack_social_post_already_shared":false,"jetpack_social_options":{"image_generator_settings":{"template":"highway","default_image_id":0,"font":"","enabled":false},"version":2}},"categories":[704],"tags":[44],"class_list":["post-241","post","type-post","status-publish","format-standard","has-post-thumbnail","hentry","category-boda","tag-boda-campestre"],"aioseo_notices":[],"jetpack_publicize_connections":[],"jetpack_featured_media_url":"https:\/\/oui-oui.es\/blog\/wp-content\/uploads\/oui-oui-tocados-boda-invierno-chistera-fieltro-azul-pompon-plumas-mimoki.jpg","jetpack_sharing_enabled":true,"jetpack-related-posts":[{"id":1944,"url":"https:\/\/oui-oui.es\/blog\/invitadas-de-invierno-by-mimoki\/","url_meta":{"origin":241,"position":0},"title":"Invitadas de invierno by Mimoki","author":"Mar\u00eda \u2665Oui Oui\u2665","date":"24 febrero, 2015","format":false,"excerpt":"Los look de invitada de invierno son \"m\u00e1s costosos\" de crear, pues requieren de m\u00e1s complementos, de abrigo, etc...Pero tambi\u00e9n por eso resultan m\u00e1s estilosos y completos. La semana pasada ten\u00eda una boda, una boda de invierno de ma\u00f1ana,a la que no pude ir por coincidir con la pop up\u2026","rel":"","context":"En \u00abBoda\u00bb","block_context":{"text":"Boda","link":"https:\/\/oui-oui.es\/blog\/category\/fiestas-celebraciones\/boda\/"},"img":{"alt_text":"","src":"https:\/\/i0.wp.com\/oui-oui.es\/blog\/wp-content\/uploads\/2015\/02\/oui-oui-vestidos-invitada-invierno-con-estilo.jpg?resize=350%2C200&ssl=1","width":350,"height":200,"srcset":"https:\/\/i0.wp.com\/oui-oui.es\/blog\/wp-content\/uploads\/2015\/02\/oui-oui-vestidos-invitada-invierno-con-estilo.jpg?resize=350%2C200&ssl=1 1x, https:\/\/i0.wp.com\/oui-oui.es\/blog\/wp-content\/uploads\/2015\/02\/oui-oui-vestidos-invitada-invierno-con-estilo.jpg?resize=525%2C300&ssl=1 1.5x, https:\/\/i0.wp.com\/oui-oui.es\/blog\/wp-content\/uploads\/2015\/02\/oui-oui-vestidos-invitada-invierno-con-estilo.jpg?resize=700%2C400&ssl=1 2x, https:\/\/i0.wp.com\/oui-oui.es\/blog\/wp-content\/uploads\/2015\/02\/oui-oui-vestidos-invitada-invierno-con-estilo.jpg?resize=1050%2C600&ssl=1 3x, https:\/\/i0.wp.com\/oui-oui.es\/blog\/wp-content\/uploads\/2015\/02\/oui-oui-vestidos-invitada-invierno-con-estilo.jpg?resize=1400%2C800&ssl=1 4x"},"classes":[]},{"id":212,"url":"https:\/\/oui-oui.es\/blog\/boda-nevada-novia-afortunada\/","url_meta":{"origin":241,"position":1},"title":"Boda nevada, novia afortunada","author":"Mar\u00eda \u2665Oui Oui\u2665","date":"28 noviembre, 2012","format":false,"excerpt":"Me gusta el frio, el olor a frio. Y a tres d\u00edas de acudir a una boda en la que se preveen temperaturas bajo cero con altas probabilidades de nevada no dejo de pensar en una boda invernal al completo. A esto se le une el constante tintineo del whatsapp;\u2026","rel":"","context":"En \u00abBoda\u00bb","block_context":{"text":"Boda","link":"https:\/\/oui-oui.es\/blog\/category\/fiestas-celebraciones\/boda\/"},"img":{"alt_text":"","src":"https:\/\/i0.wp.com\/oui-oui.es\/blog\/wp-content\/uploads\/oui-oui-boda-invierno-frio-nieve-cartel-original.jpg?resize=350%2C200&ssl=1","width":350,"height":200,"srcset":"https:\/\/i0.wp.com\/oui-oui.es\/blog\/wp-content\/uploads\/oui-oui-boda-invierno-frio-nieve-cartel-original.jpg?resize=350%2C200&ssl=1 1x, https:\/\/i0.wp.com\/oui-oui.es\/blog\/wp-content\/uploads\/oui-oui-boda-invierno-frio-nieve-cartel-original.jpg?resize=525%2C300&ssl=1 1.5x"},"classes":[]},{"id":1206,"url":"https:\/\/oui-oui.es\/blog\/its-gstaad-baby\/","url_meta":{"origin":241,"position":2},"title":"It\u00b4s Gstaad Baby!","author":"Mar\u00eda \u2665Oui Oui\u2665","date":"3 febrero, 2014","format":false,"excerpt":"A la espera de ver \u00a1pronto, por favor! las fotos y reportaje oficial (si es que lo vemos, que espero que s\u00ed) del bod\u00f3n invernal de Tatiana Santodomingo y Andrea Casiraghi aqu\u00ed os dejo con lo que se ha filtrado hasta el momento (todas las fotos son tomadas de Instagram\u2026","rel":"","context":"En \u00abBoda\u00bb","block_context":{"text":"Boda","link":"https:\/\/oui-oui.es\/blog\/category\/fiestas-celebraciones\/boda\/"},"img":{"alt_text":"","src":"https:\/\/i0.wp.com\/oui-oui.es\/blog\/wp-content\/uploads\/2014\/02\/oui-oui-boda-tatiana-santodomingo-andrea-casiraghi-gstaad-boda-invernal-boda-invierno-9.jpg?resize=350%2C200&ssl=1","width":350,"height":200,"srcset":"https:\/\/i0.wp.com\/oui-oui.es\/blog\/wp-content\/uploads\/2014\/02\/oui-oui-boda-tatiana-santodomingo-andrea-casiraghi-gstaad-boda-invernal-boda-invierno-9.jpg?resize=350%2C200&ssl=1 1x, https:\/\/i0.wp.com\/oui-oui.es\/blog\/wp-content\/uploads\/2014\/02\/oui-oui-boda-tatiana-santodomingo-andrea-casiraghi-gstaad-boda-invernal-boda-invierno-9.jpg?resize=525%2C300&ssl=1 1.5x"},"classes":[]},{"id":272,"url":"https:\/\/oui-oui.es\/blog\/el-ramo-de-una-boda-de-invierno\/","url_meta":{"origin":241,"position":3},"title":"El ramo de una boda de invierno","author":"Mar\u00eda \u2665Oui Oui\u2665","date":"12 diciembre, 2012","format":false,"excerpt":"Uno de los detalles que m\u00e1s me gust\u00f3 de la boda de invierno en la que estuvimos hace dos semanas fu\u00e9 el ramo de la novia; nos sorprendi\u00f3 a todos con un ramo de barillas de algod\u00f3n; un ramo sencillo, pero muy c\u00e1lido, r\u00fastico pero que complementaba a la perfecci\u00f3n\u2026","rel":"","context":"En \u00abBoda\u00bb","block_context":{"text":"Boda","link":"https:\/\/oui-oui.es\/blog\/category\/fiestas-celebraciones\/boda\/"},"img":{"alt_text":"","src":"https:\/\/i0.wp.com\/oui-oui.es\/blog\/wp-content\/uploads\/boda-invierno-ramo-algodon-pedraza-vestido-novia-tul-chaqueta-militar-2.jpg?resize=350%2C200&ssl=1","width":350,"height":200,"srcset":"https:\/\/i0.wp.com\/oui-oui.es\/blog\/wp-content\/uploads\/boda-invierno-ramo-algodon-pedraza-vestido-novia-tul-chaqueta-militar-2.jpg?resize=350%2C200&ssl=1 1x, https:\/\/i0.wp.com\/oui-oui.es\/blog\/wp-content\/uploads\/boda-invierno-ramo-algodon-pedraza-vestido-novia-tul-chaqueta-militar-2.jpg?resize=525%2C300&ssl=1 1.5x, https:\/\/i0.wp.com\/oui-oui.es\/blog\/wp-content\/uploads\/boda-invierno-ramo-algodon-pedraza-vestido-novia-tul-chaqueta-militar-2.jpg?resize=700%2C400&ssl=1 2x, https:\/\/i0.wp.com\/oui-oui.es\/blog\/wp-content\/uploads\/boda-invierno-ramo-algodon-pedraza-vestido-novia-tul-chaqueta-militar-2.jpg?resize=1050%2C600&ssl=1 3x, https:\/\/i0.wp.com\/oui-oui.es\/blog\/wp-content\/uploads\/boda-invierno-ramo-algodon-pedraza-vestido-novia-tul-chaqueta-militar-2.jpg?resize=1400%2C800&ssl=1 4x"},"classes":[]},{"id":1037,"url":"https:\/\/oui-oui.es\/blog\/vestidos-de-invierno\/","url_meta":{"origin":241,"position":4},"title":"Vestidos de Invierno","author":"Mar\u00eda \u2665Oui Oui\u2665","date":"22 noviembre, 2013","format":false,"excerpt":"Cada vez me gustan m\u00e1s las bodas de oto\u00f1o e invierno, tanto como invitada como de novia (si me volviera a casar varias veces, que para la primera reboda ya tenemos el sitio y es mejor en verano ;) ). Este a\u00f1o, cuando parec\u00eda que ya no habr\u00eda casi bodas\u2026","rel":"","context":"En \u00abBoda\u00bb","block_context":{"text":"Boda","link":"https:\/\/oui-oui.es\/blog\/category\/fiestas-celebraciones\/boda\/"},"img":{"alt_text":"","src":"https:\/\/i0.wp.com\/oui-oui.es\/blog\/wp-content\/uploads\/oui-oui-invitadas-de-invierno-vestidos-boda-invierno-kolonaki-vestido-largo-rosa.jpg?resize=350%2C200&ssl=1","width":350,"height":200,"srcset":"https:\/\/i0.wp.com\/oui-oui.es\/blog\/wp-content\/uploads\/oui-oui-invitadas-de-invierno-vestidos-boda-invierno-kolonaki-vestido-largo-rosa.jpg?resize=350%2C200&ssl=1 1x, https:\/\/i0.wp.com\/oui-oui.es\/blog\/wp-content\/uploads\/oui-oui-invitadas-de-invierno-vestidos-boda-invierno-kolonaki-vestido-largo-rosa.jpg?resize=525%2C300&ssl=1 1.5x, https:\/\/i0.wp.com\/oui-oui.es\/blog\/wp-content\/uploads\/oui-oui-invitadas-de-invierno-vestidos-boda-invierno-kolonaki-vestido-largo-rosa.jpg?resize=700%2C400&ssl=1 2x"},"classes":[]},{"id":487,"url":"https:\/\/oui-oui.es\/blog\/sorprende-con-la-recena\/","url_meta":{"origin":241,"position":5},"title":"Sorprende con la recena","author":"Mar\u00eda \u2665Oui Oui\u2665","date":"28 enero, 2013","format":false,"excerpt":"Uno de los momentos de la boda que est\u00e1 ganando protagonismo en la bodas en los \u00faltimos a\u00f1os es la recena, a la gente te la ganas por el est\u00f3mago y si bien es cierto que demasiados platos en el men\u00fa pueden resultar obscenos (yo s\u00e9 de uno que se\u2026","rel":"","context":"En \u00abBoda\u00bb","block_context":{"text":"Boda","link":"https:\/\/oui-oui.es\/blog\/category\/fiestas-celebraciones\/boda\/"},"img":{"alt_text":"","src":"https:\/\/i0.wp.com\/oui-oui.es\/blog\/wp-content\/uploads\/oui-oui-blog-mesa-dulces-boho-chic.jpg?resize=350%2C200&ssl=1","width":350,"height":200,"srcset":"https:\/\/i0.wp.com\/oui-oui.es\/blog\/wp-content\/uploads\/oui-oui-blog-mesa-dulces-boho-chic.jpg?resize=350%2C200&ssl=1 1x, https:\/\/i0.wp.com\/oui-oui.es\/blog\/wp-content\/uploads\/oui-oui-blog-mesa-dulces-boho-chic.jpg?resize=525%2C300&ssl=1 1.5x"},"classes":[]}],"_links":{"self":[{"href":"https:\/\/oui-oui.es\/blog\/wp-json\/wp\/v2\/posts\/241","targetHints":{"allow":["GET"]}}],"collection":[{"href":"https:\/\/oui-oui.es\/blog\/wp-json\/wp\/v2\/posts"}],"about":[{"href":"https:\/\/oui-oui.es\/blog\/wp-json\/wp\/v2\/types\/post"}],"author":[{"embeddable":true,"href":"https:\/\/oui-oui.es\/blog\/wp-json\/wp\/v2\/users\/1"}],"replies":[{"embeddable":true,"href":"https:\/\/oui-oui.es\/blog\/wp-json\/wp\/v2\/comments?post=241"}],"version-history":[{"count":1,"href":"https:\/\/oui-oui.es\/blog\/wp-json\/wp\/v2\/posts\/241\/revisions"}],"predecessor-version":[{"id":3036,"href":"https:\/\/oui-oui.es\/blog\/wp-json\/wp\/v2\/posts\/241\/revisions\/3036"}],"wp:featuredmedia":[{"embeddable":true,"href":"https:\/\/oui-oui.es\/blog\/wp-json\/wp\/v2\/media\/249"}],"wp:attachment":[{"href":"https:\/\/oui-oui.es\/blog\/wp-json\/wp\/v2\/media?parent=241"}],"wp:term":[{"taxonomy":"category","embeddable":true,"href":"https:\/\/oui-oui.es\/blog\/wp-json\/wp\/v2\/categories?post=241"},{"taxonomy":"post_tag","embeddable":true,"href":"https:\/\/oui-oui.es\/blog\/wp-json\/wp\/v2\/tags?post=241"}],"curies":[{"name":"wp","href":"https:\/\/api.w.org\/{rel}","templated":true}]}}