{"id":2422,"date":"2015-05-25T00:01:00","date_gmt":"2015-05-25T00:01:00","guid":{"rendered":"https:\/\/ouiouiblog.wordpress.com\/?p=2422"},"modified":"2015-09-01T16:25:30","modified_gmt":"2015-09-01T14:25:30","slug":"el-cumpleanos-de-la-jirafa-sophie-con-sorpresa","status":"publish","type":"post","link":"https:\/\/oui-oui.es\/blog\/el-cumpleanos-de-la-jirafa-sophie-con-sorpresa\/","title":{"rendered":"El cumplea\u00f1os de la jirafa Sophie&#8230;Con sorpresa!"},"content":{"rendered":"<p><a href=\"http:\/\/www.oui-oui.es\/detalles-ninos\/725-jirafa-sophie.html\"><img loading=\"lazy\" decoding=\"async\" class=\"aligncenter size-full wp-image-2427\" src=\"https:\/\/ouiouiblog.files.wordpress.com\/2015\/05\/sophie-giraffe.png\" alt=\"sophie-giraffe\" width=\"588\" height=\"331\" \/><\/a><\/p>\n<p>El a\u00f1o pasado os contaba la historia de la <a href=\"http:\/\/www.oui-oui.es\/detalles-ninos\/725-jirafa-sophie.html\" target=\"_blank\"><strong>jirafa Sophie<\/strong><\/a> <a href=\"https:\/\/ouiouiblog.wordpress.com\/2014\/11\/17\/quien-es-sophie\/\" target=\"_blank\">aqu\u00ed<\/a><\/p>\n<div id=\"attachment_2433\" style=\"width: 533px\" class=\"wp-caption aligncenter\"><a href=\"http:\/\/www.oui-oui.es\/detalles-ninos\/725-jirafa-sophie.html\"><img loading=\"lazy\" decoding=\"async\" aria-describedby=\"caption-attachment-2433\" class=\"size-full wp-image-2433\" src=\"https:\/\/ouiouiblog.files.wordpress.com\/2015\/05\/oui-oui-concept-store-jirafa-sophie-11.jpg\" alt=\"Fotograf\u00eda de M\u00f3nica Diago\" width=\"523\" height=\"523\" \/><\/a><p id=\"caption-attachment-2433\" class=\"wp-caption-text\">Fotograf\u00eda de M\u00f3nica Diago<\/p><\/div>\n<p>Si a\u00fan no la conoces, s\u00f3lo te dir\u00e9&#8230;Todo beb\u00e9 debe tener una!, estimula sus cinco sentidos:<\/p>\n<p><strong>El o\u00eddo:<\/strong> Provista de un silbato, divierte y estimula el o\u00eddo del beb\u00e9 y le ayuda a comprender la relaci\u00f3n causa-efecto.<\/p>\n<p><strong>El gusto:<\/strong> Flexible y dotada con muchas partes para morder (antenas, cuernos, patas), es ideal para aliviar las enc\u00edas del beb\u00e9 cuando le salen los dientes. Compuesta por caucho 100% natural y pintura alimentaria, carece de peligro para el beb\u00e9.<\/p>\n<p><strong>El tacto:<\/strong> Ligera, se adapta perfectamente a las manitas del beb\u00e9: sus largas patas y su cuello le permiten agarrarla f\u00e1cilmente. Tan suave como la piel de su mam\u00e1, tranquiliza al beb\u00e9 y le aporta reacciones fisiol\u00f3gicas y emocionales que le calman.<\/p>\n<p><strong>El olfato:<\/strong> El perfume particular del caucho natural extra\u00eddo de la hevea le confiere una verdadera particularidad, por lo que el ni\u00f1o la identifica entre todos sus juguetes.<\/p>\n<p>y es una monada \ud83d\ude42<\/p>\n<div id=\"attachment_1705\" style=\"width: 670px\" class=\"wp-caption aligncenter\"><a href=\"http:\/\/www.oui-oui.es\/detalles-ninos\/725-jirafa-sophie.html\"><img loading=\"lazy\" decoding=\"async\" aria-describedby=\"caption-attachment-1705\" class=\"wp-image-1705 size-large\" src=\"https:\/\/ouiouiblog.files.wordpress.com\/2014\/11\/oui-oui-jirafa-sophie-mordedor-de-moda-regalos-bebe-cool.jpg?w=660\" alt=\"Oui Oui-jirafa sophie-mordedor de moda-regalos bebe cool\" width=\"660\" height=\"660\" \/><\/a><p id=\"caption-attachment-1705\" class=\"wp-caption-text\">Imagen de www.oui-oui.es todos los derechos reservados<\/p><\/div>\n<p>Pues bien,\u00a0<strong>hoy es el cumplea\u00f1os de la<\/strong> <strong><a href=\"http:\/\/www.oui-oui.es\/detalles-ninos\/725-jirafa-sophie.html\" target=\"_blank\">jirafa Sophie<\/a><\/strong>, cumple nada m\u00e1s y nada menos que 54 a\u00f1itos! y en <a href=\"http:\/\/www.oui-oui.es\" target=\"_blank\"><strong>Oui Oui<\/strong><\/a> queremos celebrarlo con todos vosotros; por un lado durante todo el d\u00eda, tendr\u00e9is un 10% de descuento en la <a href=\"http:\/\/www.oui-oui.es\/detalles-ninos\/725-jirafa-sophie.html\" target=\"_blank\">jirafa Sophie<\/a>\u00a0\ud83d\ude42<\/p>\n<p><a href=\"https:\/\/ouiouiblog.files.wordpress.com\/2015\/05\/sophie-the-giraffe-in-gift-box.jpg\"><br \/>\n<\/a> <a href=\"http:\/\/www.oui-oui.es\/detalles-ninos\/725-jirafa-sophie.html\"><img loading=\"lazy\" decoding=\"async\" class=\"aligncenter wp-image-2425 size-large\" src=\"https:\/\/ouiouiblog.files.wordpress.com\/2015\/05\/slider1-1024x5261.jpg?w=660\" alt=\"slider1-1024x526\" width=\"660\" height=\"339\" \/><\/a><\/p>\n<p>Y, por otro, queremos retaros a <strong>hacer la foto m\u00e1s mona, original y\/o creativa<\/strong> que se os ocurra en la que aparezca la <strong><a href=\"http:\/\/www.oui-oui.es\/detalles-ninos\/725-jirafa-sophie.html\" target=\"_blank\">jirafa Sophie<\/a><\/strong>, s\u00f3lo deb\u00e9is subirla a <a href=\"https:\/\/instagram.com\/ouiouidetalles\/\" target=\"_blank\"><strong>Instagram<\/strong><\/a> con el <strong>#OuiOuiCumpleSophie<\/strong>\u00a0y etiquetarnos <strong><a href=\"https:\/\/instagram.com\/ouiouidetalles\/\" target=\"_blank\">@ouiouidetalles <\/a><\/strong>para que podamos verla (si tienes perfil privado deber\u00e1s dejarlo p\u00fablico al menos hasta el viernes 29\u00a0para que podamos ver la foto)&#8230;<strong>Aquella que nos guste m\u00e1s<\/strong>, se llevar\u00e1 un <strong>vale de 30\u20ac para la tienda!<\/strong><\/p>\n<div id=\"attachment_2432\" style=\"width: 649px\" class=\"wp-caption aligncenter\"><a href=\"http:\/\/www.oui-oui.es\/detalles-ninos\/725-jirafa-sophie.html\"><img loading=\"lazy\" decoding=\"async\" aria-describedby=\"caption-attachment-2432\" class=\"wp-image-2432 size-full\" src=\"https:\/\/ouiouiblog.files.wordpress.com\/2015\/05\/oui-oui-concept-store-jirafa-sophie-2.jpg\" alt=\"No permitido el uso de esta fotograf\u00eda\" width=\"639\" height=\"479\" \/><\/a><p id=\"caption-attachment-2432\" class=\"wp-caption-text\">No permitido el uso de esta fotograf\u00eda<\/p><\/div>\n<p>Que me dec\u00eds, \u00bfos anim\u00e1is?<\/p>\n","protected":false},"excerpt":{"rendered":"<p>El a\u00f1o pasado os contaba la historia de la jirafa Sophie aqu\u00ed Si a\u00fan no la conoces, s\u00f3lo te dir\u00e9&#8230;Todo beb\u00e9 debe tener una!, estimula sus cinco sentidos: El o\u00eddo: Provista de un silbato, divierte y estimula el o\u00eddo del beb\u00e9 y le ayuda a comprender la relaci\u00f3n causa-efecto. El gusto: Flexible y dotada con [&hellip;]<\/p>\n","protected":false},"author":1,"featured_media":3061,"comment_status":"open","ping_status":"open","sticky":false,"template":"","format":"standard","meta":{"jetpack_post_was_ever_published":false,"_jetpack_newsletter_access":"","_jetpack_dont_email_post_to_subs":false,"_jetpack_newsletter_tier_id":0,"_jetpack_memberships_contains_paywalled_content":false,"_jetpack_memberships_contains_paid_content":false,"footnotes":"","jetpack_publicize_message":"","jetpack_publicize_feature_enabled":true,"jetpack_social_post_already_shared":false,"jetpack_social_options":{"image_generator_settings":{"template":"highway","default_image_id":0,"font":"","enabled":false},"version":2}},"categories":[535,174,18],"tags":[700],"class_list":["post-2422","post","type-post","status-publish","format-standard","has-post-thumbnail","hentry","category-maternidad","category-ninos","category-regalos-originales-para-ninos","tag-compras-bebe"],"aioseo_notices":[],"jetpack_publicize_connections":[],"jetpack_featured_media_url":"https:\/\/oui-oui.es\/blog\/wp-content\/uploads\/2015\/05\/sophie-giraffe.png","jetpack_sharing_enabled":true,"jetpack-related-posts":[{"id":1704,"url":"https:\/\/oui-oui.es\/blog\/quien-es-sophie\/","url_meta":{"origin":2422,"position":0},"title":"\u00bfQui\u00e9n es Sophie?","author":"Mar\u00eda \u2665Oui Oui\u2665","date":"17 noviembre, 2014","format":false,"excerpt":"Uno de los primeros regalos de Reyes de Mart\u00edn fue la jirafa Sophie, desde que estaba embarazada ten\u00eda ganas de que la tuviera y, una vez que la probamos, quise taerla a Oui Oui. Si a\u00fan no sabes qui\u00e9n es...te lo cuento! Es uno de los regalos para beb\u00e9s m\u00e1s\u2026","rel":"","context":"En \u00abMATERNIDAD\u00bb","block_context":{"text":"MATERNIDAD","link":"https:\/\/oui-oui.es\/blog\/category\/maternidad\/"},"img":{"alt_text":"","src":"https:\/\/i0.wp.com\/oui-oui.es\/blog\/wp-content\/uploads\/2014\/11\/oui-oui-jirafa-sophie-mordedor-de-moda-regalos-bebe-cool.jpg?resize=350%2C200&ssl=1","width":350,"height":200,"srcset":"https:\/\/i0.wp.com\/oui-oui.es\/blog\/wp-content\/uploads\/2014\/11\/oui-oui-jirafa-sophie-mordedor-de-moda-regalos-bebe-cool.jpg?resize=350%2C200&ssl=1 1x, https:\/\/i0.wp.com\/oui-oui.es\/blog\/wp-content\/uploads\/2014\/11\/oui-oui-jirafa-sophie-mordedor-de-moda-regalos-bebe-cool.jpg?resize=525%2C300&ssl=1 1.5x, https:\/\/i0.wp.com\/oui-oui.es\/blog\/wp-content\/uploads\/2014\/11\/oui-oui-jirafa-sophie-mordedor-de-moda-regalos-bebe-cool.jpg?resize=700%2C400&ssl=1 2x"},"classes":[]},{"id":4990,"url":"https:\/\/oui-oui.es\/blog\/5-ideas-de-regalo-para-un-bebe\/","url_meta":{"origin":2422,"position":1},"title":"5 ideas de regalo para un beb\u00e9","author":"Mar\u00eda \u2665Oui Oui\u2665","date":"19 diciembre, 2016","format":false,"excerpt":"Si te fijas en los cat\u00e1logos de beb\u00e9s parece todo igual; multitud de juguetes de colorinchis (bastante feos en general) y productos de puericultura sin encanto, hay que bucear un poco m\u00e1s para encontrar objetos bonitos, cuidados, sin colores estridentes y que est\u00e9n pensados de verdad para un beb\u00e9...Sobre \u00e9sto\u2026","rel":"","context":"En \u00abA una futura o reciente mam\u00e1\u00bb","block_context":{"text":"A una futura o reciente mam\u00e1","link":"https:\/\/oui-oui.es\/blog\/category\/no-se-que-regalar\/a-una-futura-o-reciente-mama\/"},"img":{"alt_text":"","src":"https:\/\/i0.wp.com\/oui-oui.es\/blog\/wp-content\/uploads\/2016\/12\/Oui-Oui-muselina-aden-anais-muselina-bebes-gasa.jpg?resize=350%2C200&ssl=1","width":350,"height":200,"srcset":"https:\/\/i0.wp.com\/oui-oui.es\/blog\/wp-content\/uploads\/2016\/12\/Oui-Oui-muselina-aden-anais-muselina-bebes-gasa.jpg?resize=350%2C200&ssl=1 1x, https:\/\/i0.wp.com\/oui-oui.es\/blog\/wp-content\/uploads\/2016\/12\/Oui-Oui-muselina-aden-anais-muselina-bebes-gasa.jpg?resize=525%2C300&ssl=1 1.5x, https:\/\/i0.wp.com\/oui-oui.es\/blog\/wp-content\/uploads\/2016\/12\/Oui-Oui-muselina-aden-anais-muselina-bebes-gasa.jpg?resize=700%2C400&ssl=1 2x, https:\/\/i0.wp.com\/oui-oui.es\/blog\/wp-content\/uploads\/2016\/12\/Oui-Oui-muselina-aden-anais-muselina-bebes-gasa.jpg?resize=1050%2C600&ssl=1 3x, https:\/\/i0.wp.com\/oui-oui.es\/blog\/wp-content\/uploads\/2016\/12\/Oui-Oui-muselina-aden-anais-muselina-bebes-gasa.jpg?resize=1400%2C800&ssl=1 4x"},"classes":[]},{"id":1617,"url":"https:\/\/oui-oui.es\/blog\/el-finde-nos-vamos-a-malasana\/","url_meta":{"origin":2422,"position":2},"title":"El finde nos vamos a Malasa\u00f1a","author":"Mar\u00eda \u2665Oui Oui\u2665","date":"22 septiembre, 2014","format":false,"excerpt":"Cuando a\u00fan no nos hemos recueprado de este finde, vengo yo y os propongo un plan para el que viene...Pero quiero hacerlo con tiempo para que pod\u00e1is organizaros ;) \u00bfDe qu\u00e9 se trata?, es un planazo de barrio para ni\u00f1os y mayores en Malasa\u00f1a,\u00a0 la 2\u00aa Edici\u00f3n de Malakids; el\u2026","rel":"","context":"En \u00abNI\u00d1OS Y NI\u00d1AS\u00bb","block_context":{"text":"NI\u00d1OS Y NI\u00d1AS","link":"https:\/\/oui-oui.es\/blog\/category\/ninos\/"},"img":{"alt_text":"","src":"https:\/\/i0.wp.com\/oui-oui.es\/blog\/wp-content\/uploads\/2014\/09\/oui-oui-biberon-agua-starbucks-starbucks-sippy-cup-vaso-starbucks-bebe.jpg?resize=350%2C200&ssl=1","width":350,"height":200,"srcset":"https:\/\/i0.wp.com\/oui-oui.es\/blog\/wp-content\/uploads\/2014\/09\/oui-oui-biberon-agua-starbucks-starbucks-sippy-cup-vaso-starbucks-bebe.jpg?resize=350%2C200&ssl=1 1x, https:\/\/i0.wp.com\/oui-oui.es\/blog\/wp-content\/uploads\/2014\/09\/oui-oui-biberon-agua-starbucks-starbucks-sippy-cup-vaso-starbucks-bebe.jpg?resize=525%2C300&ssl=1 1.5x"},"classes":[]},{"id":5176,"url":"https:\/\/oui-oui.es\/blog\/3-3-compras-absurdas-para-bebes\/","url_meta":{"origin":2422,"position":3},"title":"3 + 3 compras absurdas para beb\u00e9s","author":"Mar\u00eda \u2665Oui Oui\u2665","date":"8 marzo, 2017","format":false,"excerpt":"Cuando te quedas embarzada descubres un mundo infinito de gadgets para beb\u00e9s y ni\u00f1os...Unos muy \u00fatiles y otros una aut\u00e9ntica tonter\u00eda,a veces tambi\u00e9n pasa que a unas personas les sirven y a otras no (como el vaso antigoteo, a m\u00ed me encanta \u00e9ste pero tengo amigas que me cuentan que\u2026","rel":"","context":"En \u00abMATERNIDAD\u00bb","block_context":{"text":"MATERNIDAD","link":"https:\/\/oui-oui.es\/blog\/category\/maternidad\/"},"img":{"alt_text":"","src":"https:\/\/i0.wp.com\/oui-oui.es\/blog\/wp-content\/uploads\/2017\/03\/Oui-Oui-vaso-con-luz-antigoteo.jpg?resize=350%2C200&ssl=1","width":350,"height":200,"srcset":"https:\/\/i0.wp.com\/oui-oui.es\/blog\/wp-content\/uploads\/2017\/03\/Oui-Oui-vaso-con-luz-antigoteo.jpg?resize=350%2C200&ssl=1 1x, https:\/\/i0.wp.com\/oui-oui.es\/blog\/wp-content\/uploads\/2017\/03\/Oui-Oui-vaso-con-luz-antigoteo.jpg?resize=525%2C300&ssl=1 1.5x, https:\/\/i0.wp.com\/oui-oui.es\/blog\/wp-content\/uploads\/2017\/03\/Oui-Oui-vaso-con-luz-antigoteo.jpg?resize=700%2C400&ssl=1 2x"},"classes":[]},{"id":2440,"url":"https:\/\/oui-oui.es\/blog\/erase-una-vez-ropa-de-bebe\/","url_meta":{"origin":2422,"position":4},"title":"\u00c9rase una vez&#8230;Ropa de beb\u00e9","author":"Mar\u00eda \u2665Oui Oui\u2665","date":"5 junio, 2015","format":false,"excerpt":"Encontrar marcas de ropa de beb\u00e9 o ni\u00f1os que seas monas y asequibles no es f\u00e1cil, por eso hoy quer\u00eda compartir con vosotros la marca de ropa de beb\u00e9 100% espa\u00f1ola \u00c9rase una vez; una marca que lleva muy poquito tiempo pero que su fundadora, Gabriela, est\u00e1 haciendo crecer poco\u2026","rel":"","context":"En \u00abMATERNIDAD\u00bb","block_context":{"text":"MATERNIDAD","link":"https:\/\/oui-oui.es\/blog\/category\/maternidad\/"},"img":{"alt_text":"","src":"https:\/\/i0.wp.com\/oui-oui.es\/blog\/wp-content\/uploads\/2015\/06\/oui-oui-blog-ropa-bebe-erase-una-vez-ropa-bebe-mona-buen-precio-5.jpg?resize=350%2C200&ssl=1","width":350,"height":200,"srcset":"https:\/\/i0.wp.com\/oui-oui.es\/blog\/wp-content\/uploads\/2015\/06\/oui-oui-blog-ropa-bebe-erase-una-vez-ropa-bebe-mona-buen-precio-5.jpg?resize=350%2C200&ssl=1 1x, https:\/\/i0.wp.com\/oui-oui.es\/blog\/wp-content\/uploads\/2015\/06\/oui-oui-blog-ropa-bebe-erase-una-vez-ropa-bebe-mona-buen-precio-5.jpg?resize=525%2C300&ssl=1 1.5x"},"classes":[]},{"id":3692,"url":"https:\/\/oui-oui.es\/blog\/jaimolas-moda-infantil-de-0-a-10\/","url_meta":{"origin":2422,"position":5},"title":"Jaimolas | moda infantil de 0 a 10","author":"Mar\u00eda \u2665Oui Oui\u2665","date":"9 noviembre, 2015","format":false,"excerpt":"\u00a1Por fin! ya tenemos online la colecci\u00f3n de Jaimolas y no puede ser m\u00e1s ideal; ropa para beb\u00e9s, ni\u00f1os y ni\u00f1as hasta 10 a\u00f1os, de corte cl\u00e1sico pero con toques actuales que la hacen s\u00faper ponible y, lo mejor, que detr\u00e1s de esta marca est\u00e1 una s\u00faper mam\u00e1 emprendedora con\u2026","rel":"","context":"En \u00abNI\u00d1OS Y NI\u00d1AS\u00bb","block_context":{"text":"NI\u00d1OS Y NI\u00d1AS","link":"https:\/\/oui-oui.es\/blog\/category\/ninos\/"},"img":{"alt_text":"","src":"https:\/\/i0.wp.com\/oui-oui.es\/blog\/wp-content\/uploads\/2015\/11\/Oui-Oui-ropa-bebe-mona-jaimolas.jpeg?resize=350%2C200&ssl=1","width":350,"height":200},"classes":[]}],"_links":{"self":[{"href":"https:\/\/oui-oui.es\/blog\/wp-json\/wp\/v2\/posts\/2422","targetHints":{"allow":["GET"]}}],"collection":[{"href":"https:\/\/oui-oui.es\/blog\/wp-json\/wp\/v2\/posts"}],"about":[{"href":"https:\/\/oui-oui.es\/blog\/wp-json\/wp\/v2\/types\/post"}],"author":[{"embeddable":true,"href":"https:\/\/oui-oui.es\/blog\/wp-json\/wp\/v2\/users\/1"}],"replies":[{"embeddable":true,"href":"https:\/\/oui-oui.es\/blog\/wp-json\/wp\/v2\/comments?post=2422"}],"version-history":[{"count":1,"href":"https:\/\/oui-oui.es\/blog\/wp-json\/wp\/v2\/posts\/2422\/revisions"}],"predecessor-version":[{"id":3003,"href":"https:\/\/oui-oui.es\/blog\/wp-json\/wp\/v2\/posts\/2422\/revisions\/3003"}],"wp:featuredmedia":[{"embeddable":true,"href":"https:\/\/oui-oui.es\/blog\/wp-json\/wp\/v2\/media\/3061"}],"wp:attachment":[{"href":"https:\/\/oui-oui.es\/blog\/wp-json\/wp\/v2\/media?parent=2422"}],"wp:term":[{"taxonomy":"category","embeddable":true,"href":"https:\/\/oui-oui.es\/blog\/wp-json\/wp\/v2\/categories?post=2422"},{"taxonomy":"post_tag","embeddable":true,"href":"https:\/\/oui-oui.es\/blog\/wp-json\/wp\/v2\/tags?post=2422"}],"curies":[{"name":"wp","href":"https:\/\/api.w.org\/{rel}","templated":true}]}}