{"id":2447,"date":"2015-05-29T00:01:20","date_gmt":"2015-05-29T00:01:20","guid":{"rendered":"https:\/\/ouiouiblog.wordpress.com\/?p=2447"},"modified":"2015-09-01T16:16:18","modified_gmt":"2015-09-01T14:16:18","slug":"en-busca-de-una-cama-montessori","status":"publish","type":"post","link":"https:\/\/oui-oui.es\/blog\/en-busca-de-una-cama-montessori\/","title":{"rendered":"En busca de una cama Montessori"},"content":{"rendered":"<p><a href=\"https:\/\/ouiouiblog.files.wordpress.com\/2015\/05\/oui-oui-blog-cama-montessori-cama-baja-para-bebes-10.jpg\"><img loading=\"lazy\" decoding=\"async\" class=\"aligncenter size-full wp-image-2459\" src=\"https:\/\/ouiouiblog.files.wordpress.com\/2015\/05\/oui-oui-blog-cama-montessori-cama-baja-para-bebes-10.jpg\" alt=\"Oui Oui blog-cama montessori-cama baja para bebes (10)\" width=\"550\" height=\"550\" \/><\/a><\/p>\n<p>Fui a un colegio <strong>Montessori<\/strong> desde beb\u00e9 y una de las cosas que ten\u00eda claras cuando me qued\u00e9 embarazada de Mart\u00edn es que quer\u00eda educarle, en la medida de los posible, con esa filosof\u00eda.<\/p>\n<p>Para los que no sep\u00e1is de qu\u00e9 se trata, el <strong>m\u00e9todo Montessori<\/strong> es\u00a0una forma de educar a los ni\u00f1os que consiste en <strong>dejarles libertad para dirigir sus aprendizajes<\/strong> mientras que los adultos ser\u00e1n simplemente observadores y gu\u00edas de los mismos. Se basa principalmente en poner al alcance de los ni\u00f1os ciertos\u00a0est\u00edmulos y que sean ellos los que elijan con qu\u00e9 juegan y c\u00f3mo lo hacen, o con qu\u00e9 aprenden y qu\u00e9 les interesa, fomentando, sobretodo, su independencia.<\/p>\n<p>De lo que yo recuerdo del colegio, sobretodo me quedo con <strong>el razonamiento de todo<\/strong>, nunca\u00a0hac\u00edamos las cosas \u00abporque s\u00ed\u00bb, todo ten\u00eda un motivo y una consecuencia (aunque despu\u00e9s de 16 a\u00f1os de educaci\u00f3n <strong>Montessori<\/strong>, cuando te cruzas con la \u00abtradicional\u00bb te sorprende que la gente haga tantas cosas \u00abporque s\u00ed\u00bb&#8230; \ud83d\ude09 ).<\/p>\n<p>Por eso <strong>es muy importante c\u00f3mo estructuras la habitaci\u00f3n del beb\u00e9 o los ni\u00f1os<\/strong> si quieres educarles en el m\u00e9todo <strong>Montessori<\/strong>, otro\u00a0d\u00eda os cuento c\u00f3mo lo hemos hecho en la habitaci\u00f3n de Mart\u00edn, que quer\u00eda hablaros de la cama de beb\u00e9 Montessori y sino me l\u00edo!<\/p>\n<p><a href=\"https:\/\/ouiouiblog.files.wordpress.com\/2015\/05\/oui-oui-blog-cama-montessori-cama-baja-para-bebes-7.jpg\"><img loading=\"lazy\" decoding=\"async\" class=\"aligncenter size-full wp-image-2456\" src=\"https:\/\/ouiouiblog.files.wordpress.com\/2015\/05\/oui-oui-blog-cama-montessori-cama-baja-para-bebes-7.jpg\" alt=\"Oui Oui blog-cama montessori-cama baja para bebes (7)\" width=\"427\" height=\"640\" \/><\/a><\/p>\n<p>El\u00a0<strong>m\u00e9todo Montessori<\/strong> recomienda que los ni\u00f1os tengan <strong>una cama<\/strong> (o colch\u00f3n) <strong>a ras de suelo<\/strong>, para que desde que son beb\u00e9s puedan entrar y salir solos y no haya problemas si se caen. La verdad es que<strong> yo no me anim\u00e9 con ese punto<\/strong>, Mart\u00edn dorm\u00eda en cuna perfectamente y me dio cosa que llegara un momento que \u00abno pudi\u00e9ramos controlarle\u00bb si no era dentro de la cuna; aunque \u00e9sto nunca lleg\u00f3 a ocurrir, porque nunca le he dejado dentro de la cuna o parque mientras ten\u00eda que hacer algo, prefer\u00ed\u00a0habilitar la casa para que no fuera peligroso que\u00a0un beb\u00e9 anduviera\u00a0por ella a sus anchas, y lo \u00fanico en lo que he tenido que cambiar es en aprender a ducharme con la puerta abierta&#8230;Creo que eso todas, no?&#8230;je,je<\/p>\n<p><a href=\"https:\/\/ouiouiblog.files.wordpress.com\/2015\/05\/oui-oui-blog-cama-montessori-cama-baja-para-bebes-9.jpg\"><img loading=\"lazy\" decoding=\"async\" class=\"aligncenter size-full wp-image-2458\" src=\"https:\/\/ouiouiblog.files.wordpress.com\/2015\/05\/oui-oui-blog-cama-montessori-cama-baja-para-bebes-9.jpg\" alt=\"Oui Oui blog-cama montessori-cama baja para bebes (9)\" width=\"400\" height=\"528\" \/><\/a><\/p>\n<p>Pero ahora ya tiene 20 meses, la cuna se le empieza a quedar peque\u00f1a y <strong>queremos cambiarle a cama<\/strong>.Se baja perfectamente de todas las camas altas y de los sof\u00e1s, sin embargo, quer\u00edamos que tuviera una cama baja para evitar tener que poner barrera (si tengo que poner barrera para que no se caiga ni poni\u00e9ndose de pie en la cama, acabamos casi como con una cuna) y he aqu\u00ed el dilema&#8230;<\/p>\n<p><a href=\"https:\/\/ouiouiblog.files.wordpress.com\/2015\/05\/oui-oui-blog-cama-montessori-cama-baja-para-bebes-2.jpg\"><img loading=\"lazy\" decoding=\"async\" class=\"aligncenter size-full wp-image-2449\" src=\"https:\/\/ouiouiblog.files.wordpress.com\/2015\/05\/oui-oui-blog-cama-montessori-cama-baja-para-bebes-2.jpg\" alt=\"Oui Oui blog-cama montessori-cama baja para bebes (2)\" width=\"636\" height=\"424\" \/><\/a><\/p>\n<p>&nbsp;<\/p>\n<p><a href=\"https:\/\/ouiouiblog.files.wordpress.com\/2015\/05\/oui-oui-blog-cama-montessori-cama-baja-para-bebes-8.jpg\"><img loading=\"lazy\" decoding=\"async\" class=\"aligncenter size-full wp-image-2457\" src=\"https:\/\/ouiouiblog.files.wordpress.com\/2015\/05\/oui-oui-blog-cama-montessori-cama-baja-para-bebes-8.jpg\" alt=\"Oui Oui blog-cama montessori-cama baja para bebes (8)\" width=\"636\" height=\"423\" \/><\/a><\/p>\n<p>Parece que <strong>cuesta mucho\u00a0encontrar una cama baja<\/strong> (salvo que s\u00f3lo pongas colch\u00f3n), pero, puesto que Mart\u00edn ya no necesita que est\u00e9 justo a ras del suelo, por un tema de limpieza preferimos una cama,una cama baja con el tama\u00f1o apropiado&#8230;<\/p>\n<p>Buscamos en <strong>Ikea<\/strong>,pero nada (si alguien tiene alguna idea, decidme!), bueno, en realidad, he encontrado una opci\u00f3n para cuando dos hermanos comparten habitaci\u00f3n que me ha gustado mucho (si el mayor est\u00e1 en condiciones de subir arriba, claro), se trata del <strong>modelo Kura.<\/strong><\/p>\n<p><a href=\"https:\/\/ouiouiblog.files.wordpress.com\/2015\/05\/oui-oui-blog-cama-montessori-cama-baja-para-bebes-5.jpg\"><img loading=\"lazy\" decoding=\"async\" class=\"aligncenter size-full wp-image-2452\" src=\"https:\/\/ouiouiblog.files.wordpress.com\/2015\/05\/oui-oui-blog-cama-montessori-cama-baja-para-bebes-5.jpg\" alt=\"Oui Oui blog-cama montessori-cama baja para bebes (5)\" width=\"490\" height=\"735\" \/><\/a><\/p>\n<p>Despu\u00e9s encontr\u00e9 las <a href=\"http:\/\/store.woodly.it\/cama-montessori-esp.html\" target=\"_blank\">camas Montessori de Woodly Store<\/a>, que son las que m\u00e1s me han gustado; <strong>hechas totalmente a mano, con maderas y tintes respetuosos con el medio ambiente<\/strong>, pero se nos iban un poco de precio.<\/p>\n<p>\u00c9sta es <strong>mi favorita<\/strong><\/p>\n<p><a href=\"https:\/\/ouiouiblog.files.wordpress.com\/2015\/05\/oui-oui-blog-cama-montessori-cama-baja-para-bebes-12.jpg\"><img loading=\"lazy\" decoding=\"async\" class=\"aligncenter size-full wp-image-2463\" src=\"https:\/\/ouiouiblog.files.wordpress.com\/2015\/05\/oui-oui-blog-cama-montessori-cama-baja-para-bebes-12.jpg\" alt=\"Oui Oui blog-cama montessori-cama baja para bebes (12)\" width=\"636\" height=\"701\" \/><\/a><\/p>\n<p>Aunque el <strong>modelo apilable tambi\u00e9n es genial<\/strong><\/p>\n<p><a href=\"https:\/\/ouiouiblog.files.wordpress.com\/2015\/05\/oui-oui-blog-cama-montessori-cama-baja-para-bebes-3.jpg\"><img loading=\"lazy\" decoding=\"async\" class=\"aligncenter size-full wp-image-2450\" src=\"https:\/\/ouiouiblog.files.wordpress.com\/2015\/05\/oui-oui-blog-cama-montessori-cama-baja-para-bebes-3.jpg\" alt=\"Oui Oui blog-cama montessori-cama baja para bebes (3)\" width=\"636\" height=\"268\" \/><\/a><\/p>\n<p>Y, aunque no me gustan nada las camas con formas (al menos cuando son beb\u00e9s y no lo piden expresamente), este modelo es bastante mono.<\/p>\n<p><a href=\"https:\/\/ouiouiblog.files.wordpress.com\/2015\/05\/oui-oui-blog-cama-montessori-cama-baja-para-bebes-4.jpg\"><img loading=\"lazy\" decoding=\"async\" class=\"aligncenter size-full wp-image-2451\" src=\"https:\/\/ouiouiblog.files.wordpress.com\/2015\/05\/oui-oui-blog-cama-montessori-cama-baja-para-bebes-4.jpg\" alt=\"Oui Oui blog-cama montessori-cama baja para bebes (4)\" width=\"636\" height=\"374\" \/><\/a><\/p>\n<p>Lo mejor de las <strong><a href=\"http:\/\/store.woodly.it\/cama-montessori-esp.html\" target=\"_blank\">camas Montessori Woodly<\/a> <\/strong>es que son m\u00e1s cortitas de lo habitual, m\u00e1ximo de 165cm.<\/p>\n<p>Encontramos una <strong>cama bajita<\/strong> (18cm de altura exterior) pero <strong>con medida est\u00e1ndar<\/strong> (90 x 190) en <a href=\"http:\/\/www.mobikids.es\/s\/33141_206797_cama-apilable-happy-90x190cm-con-somier-natural\" target=\"_blank\">Mobikids<\/a>, que me parece un poco grande para un beb\u00e9 o ni\u00f1o peque\u00f1o y que,a dem\u00e1s, nos com\u00eda mucha habitaci\u00f3n en un momento en el que queremos que haya el m\u00e1ximo de espacio libre en el suelo.<\/p>\n<p><a href=\"https:\/\/ouiouiblog.files.wordpress.com\/2015\/05\/oui-oui-blog-cama-montessori-cama-baja-para-bebes-cama-bebe-apilable.jpg\"><img loading=\"lazy\" decoding=\"async\" class=\"aligncenter size-full wp-image-2453\" src=\"https:\/\/ouiouiblog.files.wordpress.com\/2015\/05\/oui-oui-blog-cama-montessori-cama-baja-para-bebes-cama-bebe-apilable.jpg\" alt=\"Oui Oui blog-cama montessori-cama baja para bebes-cama bebe apilable\" width=\"636\" height=\"636\" \/><\/a><\/p>\n<p>Otra de las opciones que estamos barajando es <strong><a href=\"http:\/\/&lt;a%20target=&quot;_blank&quot; href=&quot;http:\/\/www.amazon.es\/s\/ref=as_li_ss_tl?_encoding=UTF8&amp;camp=3626&amp;creative=24822&amp;field-keywords=colchones%20ni%C3%B1os&amp;linkCode=ur2&amp;rh=i%3Aaps%2Ck%3Acolchones%20ni%C3%B1os&amp;tag=ouou-21&amp;url=search-alias%3Daps&quot;&gt;Nombra tu enlace&lt;\/a&gt;&lt;img src=&quot;https:\/\/ir-es.amazon-adsystem.com\/e\/ir?t=ouou-21&amp;l=ur2&amp;o=30&quot; width=&quot;1&quot; height=&quot;1&quot; border=&quot;0&quot; alt=&quot;&quot; style=&quot;border:none !important; margin:0px !important;&quot; \/&gt;\" target=\"_blank\">comprar un somier, un colch\u00f3n<\/a> y encargar las patas a medida<\/strong>, con esta opci\u00f3n nos ofrecen una cama de 80-90 x 180cm y podr\u00edamos poner la altura que quisi\u00e9ramos a las patas; el colch\u00f3n mide 17cm de grosor, con lo que creo que con 8cm de pata estar\u00eda bien.No termina de convencerme porque sigue siendo muy larga la cama, aunque por otro lado, as\u00ed tienes ya una cama.<\/p>\n<p>Y, por \u00faltimo, otra de mis <strong>opciones favoritas<\/strong> es\u00a0hacer una <strong>cama-banco de ca\u00f1a a medida (con las patas m\u00e1s bajas)<\/strong>, a\u00fan no s\u00e9 precios, pero se que la puedes encargar en <strong><a href=\"http:\/\/www.tirettaliving.com\" target=\"_blank\">Tiretta Living<\/a><\/strong> y me parece una forma ideal de aunar la practicidad de <strong>Montessori<\/strong> con la est\u00e9tica de la habitaci\u00f3n.<\/p>\n<p><a href=\"https:\/\/ouiouiblog.files.wordpress.com\/2015\/05\/oui-oui-blog-cama-montessori-cama-baja-para-bebes-banco-cama-cac3b1a.jpg\"><img loading=\"lazy\" decoding=\"async\" class=\"aligncenter size-full wp-image-2454\" src=\"https:\/\/ouiouiblog.files.wordpress.com\/2015\/05\/oui-oui-blog-cama-montessori-cama-baja-para-bebes-banco-cama-cac3b1a.jpg\" alt=\"Oui Oui blog-cama montessori-cama baja para bebes-banco cama ca\u00f1a\" width=\"574\" height=\"358\" \/><\/a><\/p>\n<p>Seguimos pensando, as\u00ed que si conoc\u00e9is alguna otra opci\u00f3n o ten\u00e9is alg\u00fan consejo&#8230;D\u00e9jalo en comentarios, please!<\/p>\n<p>&nbsp;<\/p>\n","protected":false},"excerpt":{"rendered":"<p>Fui a un colegio Montessori desde beb\u00e9 y una de las cosas que ten\u00eda claras cuando me qued\u00e9 embarazada de Mart\u00edn es que quer\u00eda educarle, en la medida de los posible, con esa filosof\u00eda. Para los que no sep\u00e1is de qu\u00e9 se trata, el m\u00e9todo Montessori es\u00a0una forma de educar a los ni\u00f1os que consiste [&hellip;]<\/p>\n","protected":false},"author":1,"featured_media":3055,"comment_status":"open","ping_status":"open","sticky":false,"template":"","format":"standard","meta":{"jetpack_post_was_ever_published":false,"_jetpack_newsletter_access":"","_jetpack_dont_email_post_to_subs":false,"_jetpack_newsletter_tier_id":0,"_jetpack_memberships_contains_paywalled_content":false,"_jetpack_memberships_contains_paid_content":false,"footnotes":"","jetpack_publicize_message":"","jetpack_publicize_feature_enabled":true,"jetpack_social_post_already_shared":false,"jetpack_social_options":{"image_generator_settings":{"template":"highway","default_image_id":0,"font":"","enabled":false},"version":2}},"categories":[535,174],"tags":[720,657],"class_list":["post-2447","post","type-post","status-publish","format-standard","has-post-thumbnail","hentry","category-maternidad","category-ninos","tag-deco-bebes","tag-montessori"],"aioseo_notices":[],"jetpack_publicize_connections":[],"jetpack_featured_media_url":"https:\/\/oui-oui.es\/blog\/wp-content\/uploads\/2015\/05\/oui-oui-blog-cama-montessori-cama-baja-para-bebes-8.jpg","jetpack_sharing_enabled":true,"jetpack-related-posts":[{"id":3931,"url":"https:\/\/oui-oui.es\/blog\/mantel-diy-para-bebes-inspiracion-montessori\/","url_meta":{"origin":2447,"position":0},"title":"Mantel DIY para beb\u00e9s inspiraci\u00f3n Montessori","author":"Mar\u00eda \u2665Oui Oui\u2665","date":"22 enero, 2016","format":false,"excerpt":"Uno de los principios Montessori es la autonom\u00eda del ni\u00f1o, para eso es necesario dejarles hacer aunque se caigan\/manchen\/rompan algunas cosas, aunque no s\u00e9 si es casualidad o consecuencia, con Mart\u00edn voy observando que todo lo que le vamos explicando c\u00f3mo hacer solo, adem\u00e1s de que luego no quiere que\u2026","rel":"","context":"En \u00abNI\u00d1OS Y NI\u00d1AS\u00bb","block_context":{"text":"NI\u00d1OS Y NI\u00d1AS","link":"https:\/\/oui-oui.es\/blog\/category\/ninos\/"},"img":{"alt_text":"","src":"https:\/\/i0.wp.com\/oui-oui.es\/blog\/wp-content\/uploads\/2016\/01\/Oui-Oui-mantel-diy-montessori-bebes-2-e1453031407248.jpg?resize=350%2C200&ssl=1","width":350,"height":200,"srcset":"https:\/\/i0.wp.com\/oui-oui.es\/blog\/wp-content\/uploads\/2016\/01\/Oui-Oui-mantel-diy-montessori-bebes-2-e1453031407248.jpg?resize=350%2C200&ssl=1 1x, https:\/\/i0.wp.com\/oui-oui.es\/blog\/wp-content\/uploads\/2016\/01\/Oui-Oui-mantel-diy-montessori-bebes-2-e1453031407248.jpg?resize=525%2C300&ssl=1 1.5x, https:\/\/i0.wp.com\/oui-oui.es\/blog\/wp-content\/uploads\/2016\/01\/Oui-Oui-mantel-diy-montessori-bebes-2-e1453031407248.jpg?resize=700%2C400&ssl=1 2x, https:\/\/i0.wp.com\/oui-oui.es\/blog\/wp-content\/uploads\/2016\/01\/Oui-Oui-mantel-diy-montessori-bebes-2-e1453031407248.jpg?resize=1050%2C600&ssl=1 3x, https:\/\/i0.wp.com\/oui-oui.es\/blog\/wp-content\/uploads\/2016\/01\/Oui-Oui-mantel-diy-montessori-bebes-2-e1453031407248.jpg?resize=1400%2C800&ssl=1 4x"},"classes":[]},{"id":3410,"url":"https:\/\/oui-oui.es\/blog\/3410-2\/","url_meta":{"origin":2447,"position":1},"title":"\u00bfCama de madera o de barrotes de metal? dudando en Ikea","author":"Mar\u00eda \u2665Oui Oui\u2665","date":"1 octubre, 2015","format":false,"excerpt":"Despu\u00e9s de darle tantas vueltas a la cama Montessori para Mart\u00edn como os contaba en este post , acabamos comprando una cama en Ikea, porque cuando le cambiamos ten\u00eda ya casi dos a\u00f1os (ya es grande) y se sube y baja perfectamente de una cama bajita (para el siguiente me\u2026","rel":"","context":"En \u00abMATERNIDAD\u00bb","block_context":{"text":"MATERNIDAD","link":"https:\/\/oui-oui.es\/blog\/category\/maternidad\/"},"img":{"alt_text":"","src":"https:\/\/i0.wp.com\/oui-oui.es\/blog\/wp-content\/uploads\/2015\/09\/Oui-Oui-cama-montessori-habitacion-babyoui-cama-ikea-ni%C3%B1os-barrotes.jpg?resize=350%2C200&ssl=1","width":350,"height":200,"srcset":"https:\/\/i0.wp.com\/oui-oui.es\/blog\/wp-content\/uploads\/2015\/09\/Oui-Oui-cama-montessori-habitacion-babyoui-cama-ikea-ni%C3%B1os-barrotes.jpg?resize=350%2C200&ssl=1 1x, https:\/\/i0.wp.com\/oui-oui.es\/blog\/wp-content\/uploads\/2015\/09\/Oui-Oui-cama-montessori-habitacion-babyoui-cama-ikea-ni%C3%B1os-barrotes.jpg?resize=525%2C300&ssl=1 1.5x, https:\/\/i0.wp.com\/oui-oui.es\/blog\/wp-content\/uploads\/2015\/09\/Oui-Oui-cama-montessori-habitacion-babyoui-cama-ikea-ni%C3%B1os-barrotes.jpg?resize=700%2C400&ssl=1 2x, https:\/\/i0.wp.com\/oui-oui.es\/blog\/wp-content\/uploads\/2015\/09\/Oui-Oui-cama-montessori-habitacion-babyoui-cama-ikea-ni%C3%B1os-barrotes.jpg?resize=1050%2C600&ssl=1 3x, https:\/\/i0.wp.com\/oui-oui.es\/blog\/wp-content\/uploads\/2015\/09\/Oui-Oui-cama-montessori-habitacion-babyoui-cama-ikea-ni%C3%B1os-barrotes.jpg?resize=1400%2C800&ssl=1 4x"},"classes":[]},{"id":5807,"url":"https:\/\/oui-oui.es\/blog\/que-es-una-torre-de-aprendizaje-y-por-que-es-util-para-un-nino\/","url_meta":{"origin":2447,"position":2},"title":"Qu\u00e9 es una torre de aprendizaje y por qu\u00e9 es \u00fatil para un ni\u00f1o","author":"Mar\u00eda \u2665Oui Oui\u2665","date":"6 julio, 2017","format":false,"excerpt":"Una torre de aprendizaje es un recurso educativo con el que ayudar a desarrollar la independencia de los m\u00e1s peque\u00f1os, un \"taburete seguro\" en el que subirse para poder realizar actividades que por su altura les ser\u00eda imposible hacer por s\u00ed mismos. Inspirada en la vida pr\u00e1ctica Montessori, es un\u2026","rel":"","context":"En \u00abMATERNIDAD\u00bb","block_context":{"text":"MATERNIDAD","link":"https:\/\/oui-oui.es\/blog\/category\/maternidad\/"},"img":{"alt_text":"","src":"https:\/\/i0.wp.com\/oui-oui.es\/blog\/wp-content\/uploads\/2017\/07\/Oui-Oui-torre-de-aprendizaje-montessori-torre-aprendizaje-kutuva-cocina-montessori-e1499352505936.jpg?resize=350%2C200&ssl=1","width":350,"height":200,"srcset":"https:\/\/i0.wp.com\/oui-oui.es\/blog\/wp-content\/uploads\/2017\/07\/Oui-Oui-torre-de-aprendizaje-montessori-torre-aprendizaje-kutuva-cocina-montessori-e1499352505936.jpg?resize=350%2C200&ssl=1 1x, https:\/\/i0.wp.com\/oui-oui.es\/blog\/wp-content\/uploads\/2017\/07\/Oui-Oui-torre-de-aprendizaje-montessori-torre-aprendizaje-kutuva-cocina-montessori-e1499352505936.jpg?resize=525%2C300&ssl=1 1.5x, https:\/\/i0.wp.com\/oui-oui.es\/blog\/wp-content\/uploads\/2017\/07\/Oui-Oui-torre-de-aprendizaje-montessori-torre-aprendizaje-kutuva-cocina-montessori-e1499352505936.jpg?resize=700%2C400&ssl=1 2x, https:\/\/i0.wp.com\/oui-oui.es\/blog\/wp-content\/uploads\/2017\/07\/Oui-Oui-torre-de-aprendizaje-montessori-torre-aprendizaje-kutuva-cocina-montessori-e1499352505936.jpg?resize=1050%2C600&ssl=1 3x, https:\/\/i0.wp.com\/oui-oui.es\/blog\/wp-content\/uploads\/2017\/07\/Oui-Oui-torre-de-aprendizaje-montessori-torre-aprendizaje-kutuva-cocina-montessori-e1499352505936.jpg?resize=1400%2C800&ssl=1 4x"},"classes":[]},{"id":4664,"url":"https:\/\/oui-oui.es\/blog\/10-actividades-para-hacer-con-un-nino-de-3-anos-en-verano\/","url_meta":{"origin":2447,"position":3},"title":"10 actividades para hacer con un ni\u00f1o de 3 a\u00f1os en verano","author":"Mar\u00eda \u2665Oui Oui\u2665","date":"15 julio, 2016","format":false,"excerpt":"El verano pasado busqu\u00e9 cinco actividades que hacer con Mart\u00edn para nuestra semana en la sierra y llam\u00e9 al post \"5 actividades que hacer con un beb\u00e9 de 2 a\u00f1os en verano\", este a\u00f1o he estado tentada de poner la palabra beb\u00e9 de nuevo, pero creo que el tiempo vuela\u2026","rel":"","context":"En \u00abNI\u00d1OS Y NI\u00d1AS\u00bb","block_context":{"text":"NI\u00d1OS Y NI\u00d1AS","link":"https:\/\/oui-oui.es\/blog\/category\/ninos\/"},"img":{"alt_text":"","src":"https:\/\/i0.wp.com\/oui-oui.es\/blog\/wp-content\/uploads\/2016\/07\/Oui-Oui-martin-cocinando-mini-thermomix.jpg?resize=350%2C200&ssl=1","width":350,"height":200,"srcset":"https:\/\/i0.wp.com\/oui-oui.es\/blog\/wp-content\/uploads\/2016\/07\/Oui-Oui-martin-cocinando-mini-thermomix.jpg?resize=350%2C200&ssl=1 1x, https:\/\/i0.wp.com\/oui-oui.es\/blog\/wp-content\/uploads\/2016\/07\/Oui-Oui-martin-cocinando-mini-thermomix.jpg?resize=525%2C300&ssl=1 1.5x, https:\/\/i0.wp.com\/oui-oui.es\/blog\/wp-content\/uploads\/2016\/07\/Oui-Oui-martin-cocinando-mini-thermomix.jpg?resize=700%2C400&ssl=1 2x, https:\/\/i0.wp.com\/oui-oui.es\/blog\/wp-content\/uploads\/2016\/07\/Oui-Oui-martin-cocinando-mini-thermomix.jpg?resize=1050%2C600&ssl=1 3x, https:\/\/i0.wp.com\/oui-oui.es\/blog\/wp-content\/uploads\/2016\/07\/Oui-Oui-martin-cocinando-mini-thermomix.jpg?resize=1400%2C800&ssl=1 4x"},"classes":[]},{"id":4635,"url":"https:\/\/oui-oui.es\/blog\/3-cosas-para-las-que-sirve-un-sacude-alfombras\/","url_meta":{"origin":2447,"position":4},"title":"3 cosas para las que sirve un sacude alfombras","author":"Mar\u00eda \u2665Oui Oui\u2665","date":"12 julio, 2016","format":false,"excerpt":"Uno de los recuerdos que tengo de peque\u00f1a es cuando \"recog\u00edamos y limpi\u00e1bamos\" la casa con mi madre, muy Montessori, cada uno eleg\u00eda la tarea que m\u00e1s le gustase y yo siempre me ped\u00eda pasar el plumero y sacudir los cojines de los sof\u00e1s (por otro lado, dos tareas bastante\u2026","rel":"","context":"En \u00abDECORACI\u00d3N\u00bb","block_context":{"text":"DECORACI\u00d3N","link":"https:\/\/oui-oui.es\/blog\/category\/decoracion-de-casa\/"},"img":{"alt_text":"","src":"https:\/\/i0.wp.com\/oui-oui.es\/blog\/wp-content\/uploads\/2016\/07\/Oui-Oui-sacude-alfombras-vintage.jpg?resize=350%2C200&ssl=1","width":350,"height":200},"classes":[]},{"id":3487,"url":"https:\/\/oui-oui.es\/blog\/la-wishlist-de-martin-por-su-segundo-cumpleanos\/","url_meta":{"origin":2447,"position":5},"title":"La wishlist de Mart\u00edn por su segundo cumplea\u00f1os","author":"Mar\u00eda \u2665Oui Oui\u2665","date":"12 octubre, 2015","format":false,"excerpt":"El cumplea\u00f1os de Mart\u00edn fue hace exactamente un mes y, como nos pill\u00f3 reci\u00e9n llegados de viaje y con l\u00edo de trabajo no me di\u00f3 tiempo a hacer su lista de regalos como me hubiera gustado, est\u00e1 claro que no pasa nada, tuvo regalos m\u00e1s que de sobra (hasta guard\u00e9\u2026","rel":"","context":"En \u00abNI\u00d1OS Y NI\u00d1AS\u00bb","block_context":{"text":"NI\u00d1OS Y NI\u00d1AS","link":"https:\/\/oui-oui.es\/blog\/category\/ninos\/"},"img":{"alt_text":"","src":"https:\/\/i0.wp.com\/oui-oui.es\/blog\/wp-content\/uploads\/2015\/10\/Oui-Oui-wishlist-martin-babyoui-material-montessori-torre-rosa-tigriteando.jpg?resize=350%2C200&ssl=1","width":350,"height":200},"classes":[]}],"_links":{"self":[{"href":"https:\/\/oui-oui.es\/blog\/wp-json\/wp\/v2\/posts\/2447","targetHints":{"allow":["GET"]}}],"collection":[{"href":"https:\/\/oui-oui.es\/blog\/wp-json\/wp\/v2\/posts"}],"about":[{"href":"https:\/\/oui-oui.es\/blog\/wp-json\/wp\/v2\/types\/post"}],"author":[{"embeddable":true,"href":"https:\/\/oui-oui.es\/blog\/wp-json\/wp\/v2\/users\/1"}],"replies":[{"embeddable":true,"href":"https:\/\/oui-oui.es\/blog\/wp-json\/wp\/v2\/comments?post=2447"}],"version-history":[{"count":1,"href":"https:\/\/oui-oui.es\/blog\/wp-json\/wp\/v2\/posts\/2447\/revisions"}],"predecessor-version":[{"id":3001,"href":"https:\/\/oui-oui.es\/blog\/wp-json\/wp\/v2\/posts\/2447\/revisions\/3001"}],"wp:featuredmedia":[{"embeddable":true,"href":"https:\/\/oui-oui.es\/blog\/wp-json\/wp\/v2\/media\/3055"}],"wp:attachment":[{"href":"https:\/\/oui-oui.es\/blog\/wp-json\/wp\/v2\/media?parent=2447"}],"wp:term":[{"taxonomy":"category","embeddable":true,"href":"https:\/\/oui-oui.es\/blog\/wp-json\/wp\/v2\/categories?post=2447"},{"taxonomy":"post_tag","embeddable":true,"href":"https:\/\/oui-oui.es\/blog\/wp-json\/wp\/v2\/tags?post=2447"}],"curies":[{"name":"wp","href":"https:\/\/api.w.org\/{rel}","templated":true}]}}