{"id":2467,"date":"2015-05-28T00:01:13","date_gmt":"2015-05-27T22:01:13","guid":{"rendered":"https:\/\/ouiouiblog.wordpress.com\/?p=2467"},"modified":"2015-09-01T16:17:21","modified_gmt":"2015-09-01T14:17:21","slug":"al-cine-con-tu-bebe-sesion-teta","status":"publish","type":"post","link":"https:\/\/oui-oui.es\/blog\/al-cine-con-tu-bebe-sesion-teta\/","title":{"rendered":"Al cine con tu beb\u00e9: sesi\u00f3n teta"},"content":{"rendered":"<p><a href=\"https:\/\/ouiouiblog.files.wordpress.com\/2015\/05\/oui-oui-sesion-teta-cine-con-bebes-la-vaguada.jpg\"><img loading=\"lazy\" decoding=\"async\" class=\"aligncenter size-full wp-image-2470\" src=\"https:\/\/ouiouiblog.files.wordpress.com\/2015\/05\/oui-oui-sesion-teta-cine-con-bebes-la-vaguada.jpg\" alt=\"Oui Oui-sesion teta-cine con bebes-la vaguada\" width=\"620\" height=\"350\" \/><\/a><\/p>\n<p>Hace unos meses, mi amiga <a href=\"https:\/\/instagram.com\/ranasyprincesaslondon\/\" target=\"_blank\">Patricia <\/a>public\u00f3 una foto en el <strong>cine con su beb\u00e9<\/strong>, un caf\u00e9 y un trozo de tarta&#8230;Parec\u00eda<strong> incre\u00edble poder disfrutar de tantas cosas a la vez<\/strong>, pero en Londres era posible, de hecho hay varios cines que promueven la <strong>sesi\u00f3n con beb\u00e9s<\/strong> y alguno m\u00e1s con camas-sillones grandes para estar en plan casero total.<\/p>\n<p><a href=\"https:\/\/ouiouiblog.files.wordpress.com\/2015\/05\/oui-oui-cine-con-sillones.jpg\"><img loading=\"lazy\" decoding=\"async\" class=\"aligncenter size-full wp-image-2471\" src=\"https:\/\/ouiouiblog.files.wordpress.com\/2015\/05\/oui-oui-cine-con-sillones.jpg\" alt=\"Oui OUi-cine con sillones\" width=\"636\" height=\"424\" \/><\/a><\/p>\n<p>Pues bien, ahora <strong>ya es posible ir con tu beb\u00e9 al cine<\/strong> en Madrid!, han sido los cines de <strong>La Vaguada<\/strong> los que, a propuesta de una enfermera que se dio cuenta del poco tiempo libre que ten\u00edan las madres que iban a consulta por las ma\u00f1anas, han creado la <strong>\u00abSesi\u00f3n teta\u00bb<\/strong><\/p>\n<div id=\"attachment_2469\" style=\"width: 646px\" class=\"wp-caption aligncenter\"><a href=\"https:\/\/ouiouiblog.files.wordpress.com\/2015\/05\/oui-oui-cine-con-bebes-la-vaguada-sesion-teta2.jpg\"><img loading=\"lazy\" decoding=\"async\" aria-describedby=\"caption-attachment-2469\" class=\"size-full wp-image-2469\" src=\"https:\/\/ouiouiblog.files.wordpress.com\/2015\/05\/oui-oui-cine-con-bebes-la-vaguada-sesion-teta2.jpg\" alt=\"A mother accompanied with her baby attends a movie at the cinema 'The Movies' in Amsterdam. From now on, the cinema offers an special program for parents who want to watch the movies with their babies. =\" width=\"636\" height=\"379\" \/><\/a><p id=\"caption-attachment-2469\" class=\"wp-caption-text\">A mother accompanied with her baby attends a movie at the cinema &#8216;The Movies&#8217; in Amsterdam. From now on, the cinema offers an special program for parents who want to watch the movies with their babies. =<\/p><\/div>\n<p>Se trata de una <strong>sesi\u00f3n matinal<\/strong> (los martes a las 11.30), en el que tanto la <strong>temperatura<\/strong> como <strong>el volumen est\u00e1n adecuados<\/strong> al nivel que no es perjudicial para los beb\u00e9s y en la que las madres pueden entrar y salir con sus beb\u00e9s cuantas veces necesiten, por supuesto, los beb\u00e9s pueden hacer ruidos.<\/p>\n<p>Es cierto que puede que a algunos beb\u00e9s no les guste, no est\u00e9n tranquilos o no merezca la pena, pero por probar no se pierde nada, que la media de tiempo que tardan unos padres en ir al cine desde que tienen un hijo est\u00e1 en torno al a\u00f1o&#8230;<\/p>\n<p>Una gran iniciativa que me encantar\u00eda probar! (s\u00f3lo les falta que haya servicio de tarta y caf\u00e9..je,je).<\/p>\n<p>Pod\u00e9is ver <a href=\"https:\/\/www.facebook.com\/alcinecontubebe\/timeline\" target=\"_blank\">m\u00e1s info aqu\u00ed<\/a><\/p>\n<p>\u00bfQu\u00e9 os parece? \u00bfOs animar\u00edais?<\/p>\n","protected":false},"excerpt":{"rendered":"<p>Hace unos meses, mi amiga Patricia public\u00f3 una foto en el cine con su beb\u00e9, un caf\u00e9 y un trozo de tarta&#8230;Parec\u00eda incre\u00edble poder disfrutar de tantas cosas a la vez, pero en Londres era posible, de hecho hay varios cines que promueven la sesi\u00f3n con beb\u00e9s y alguno m\u00e1s con camas-sillones grandes para estar [&hellip;]<\/p>\n","protected":false},"author":1,"featured_media":3056,"comment_status":"open","ping_status":"open","sticky":false,"template":"","format":"standard","meta":{"jetpack_post_was_ever_published":false,"_jetpack_newsletter_access":"","_jetpack_dont_email_post_to_subs":false,"_jetpack_newsletter_tier_id":0,"_jetpack_memberships_contains_paywalled_content":false,"_jetpack_memberships_contains_paid_content":false,"footnotes":"","jetpack_publicize_message":"","jetpack_publicize_feature_enabled":true,"jetpack_social_post_already_shared":false,"jetpack_social_options":{"image_generator_settings":{"template":"highway","default_image_id":0,"font":"","enabled":false},"version":2}},"categories":[535,174],"tags":[659,721],"class_list":["post-2467","post","type-post","status-publish","format-standard","has-post-thumbnail","hentry","category-maternidad","category-ninos","tag-planes-con-bebes","tag-planes-con-ninos"],"aioseo_notices":[],"jetpack_publicize_connections":[],"jetpack_featured_media_url":"https:\/\/oui-oui.es\/blog\/wp-content\/uploads\/2015\/05\/oui-oui-sesion-teta-cine-con-bebes-la-vaguada.jpg","jetpack_sharing_enabled":true,"jetpack-related-posts":[{"id":4159,"url":"https:\/\/oui-oui.es\/blog\/baby-spa-relax-maximo-para-tu-bebe\/","url_meta":{"origin":2467,"position":0},"title":"Baby Spa: relax m\u00e1ximo para tu beb\u00e9","author":"Mar\u00eda \u2665Oui Oui\u2665","date":"8 abril, 2016","format":false,"excerpt":"Hace unas semanas tuve la oportunidad de ir a conocer Baby Spa con Frida, hab\u00eda le\u00eddo alguna noticia sobre su apertura y ten\u00eda ganas de conocerlo, como su nombre indica, se trata de un \"spa para beb\u00e9s\"; un espacio creado y pensado para cuidar de los m\u00e1s peque\u00f1itos (pueden ir\u2026","rel":"","context":"En \u00abMATERNIDAD\u00bb","block_context":{"text":"MATERNIDAD","link":"https:\/\/oui-oui.es\/blog\/category\/maternidad\/"},"img":{"alt_text":"","src":"https:\/\/i0.wp.com\/oui-oui.es\/blog\/wp-content\/uploads\/2016\/04\/Oui-Oui-baby-spa-madrid-spa-bebes.jpg?resize=350%2C200&ssl=1","width":350,"height":200,"srcset":"https:\/\/i0.wp.com\/oui-oui.es\/blog\/wp-content\/uploads\/2016\/04\/Oui-Oui-baby-spa-madrid-spa-bebes.jpg?resize=350%2C200&ssl=1 1x, https:\/\/i0.wp.com\/oui-oui.es\/blog\/wp-content\/uploads\/2016\/04\/Oui-Oui-baby-spa-madrid-spa-bebes.jpg?resize=525%2C300&ssl=1 1.5x"},"classes":[]},{"id":1311,"url":"https:\/\/oui-oui.es\/blog\/ahora-si-que-si-carnaval\/","url_meta":{"origin":2467,"position":1},"title":"Ahora s\u00ed que s\u00ed&#8230;Carnaval!!!","author":"Mar\u00eda \u2665Oui Oui\u2665","date":"21 febrero, 2014","format":false,"excerpt":"Comienza la cuenta atr\u00e1s, queda una semana y tengo unas ganas locas (bueno, las he tenido desde siempre, sino, leed el post del a\u00f1o pasado) de disfrazar a Mart\u00edn. Lo malo es cuando te metes en Pinterest a buscar ideas e inspiraci\u00f3n y sales necesitando 5 carnavales para poder disfrazarle\u2026","rel":"","context":"En \u00abNI\u00d1OS Y NI\u00d1AS\u00bb","block_context":{"text":"NI\u00d1OS Y NI\u00d1AS","link":"https:\/\/oui-oui.es\/blog\/category\/ninos\/"},"img":{"alt_text":"","src":"https:\/\/i0.wp.com\/oui-oui.es\/blog\/wp-content\/uploads\/2014\/02\/oui-oui-disfraces-originales-para-bebc3a9s-nic3b1os-reno.jpg?resize=350%2C200&ssl=1","width":350,"height":200},"classes":[]},{"id":1713,"url":"https:\/\/oui-oui.es\/blog\/ideas-de-christmas-con-bebes\/","url_meta":{"origin":2467,"position":2},"title":"Ideas de Christmas con beb\u00e9s","author":"Mar\u00eda \u2665Oui Oui\u2665","date":"20 noviembre, 2014","format":false,"excerpt":"El a\u00f1o pasado, nuestras primeras navidades con Mart\u00edn, enviamos un christma con un dibujo 8al m\u00e1s puro estilo de las tres mellizas) de los tres delante de una chimenea, est\u00e1 mal que yo lo diga pero qued\u00f3 mon\u00edsimo (y ahora que lo pienso creo que no nos quedamos con uno!\u2026","rel":"","context":"En \u00abMATERNIDAD\u00bb","block_context":{"text":"MATERNIDAD","link":"https:\/\/oui-oui.es\/blog\/category\/maternidad\/"},"img":{"alt_text":"","src":"https:\/\/i0.wp.com\/oui-oui.es\/blog\/wp-content\/uploads\/2014\/11\/oui-oui-ideas-fotos-bebe-navidad-elena-bau.jpg?resize=350%2C200&ssl=1","width":350,"height":200,"srcset":"https:\/\/i0.wp.com\/oui-oui.es\/blog\/wp-content\/uploads\/2014\/11\/oui-oui-ideas-fotos-bebe-navidad-elena-bau.jpg?resize=350%2C200&ssl=1 1x, https:\/\/i0.wp.com\/oui-oui.es\/blog\/wp-content\/uploads\/2014\/11\/oui-oui-ideas-fotos-bebe-navidad-elena-bau.jpg?resize=525%2C300&ssl=1 1.5x, https:\/\/i0.wp.com\/oui-oui.es\/blog\/wp-content\/uploads\/2014\/11\/oui-oui-ideas-fotos-bebe-navidad-elena-bau.jpg?resize=700%2C400&ssl=1 2x, https:\/\/i0.wp.com\/oui-oui.es\/blog\/wp-content\/uploads\/2014\/11\/oui-oui-ideas-fotos-bebe-navidad-elena-bau.jpg?resize=1050%2C600&ssl=1 3x, https:\/\/i0.wp.com\/oui-oui.es\/blog\/wp-content\/uploads\/2014\/11\/oui-oui-ideas-fotos-bebe-navidad-elena-bau.jpg?resize=1400%2C800&ssl=1 4x"},"classes":[]},{"id":3692,"url":"https:\/\/oui-oui.es\/blog\/jaimolas-moda-infantil-de-0-a-10\/","url_meta":{"origin":2467,"position":3},"title":"Jaimolas | moda infantil de 0 a 10","author":"Mar\u00eda \u2665Oui Oui\u2665","date":"9 noviembre, 2015","format":false,"excerpt":"\u00a1Por fin! ya tenemos online la colecci\u00f3n de Jaimolas y no puede ser m\u00e1s ideal; ropa para beb\u00e9s, ni\u00f1os y ni\u00f1as hasta 10 a\u00f1os, de corte cl\u00e1sico pero con toques actuales que la hacen s\u00faper ponible y, lo mejor, que detr\u00e1s de esta marca est\u00e1 una s\u00faper mam\u00e1 emprendedora con\u2026","rel":"","context":"En \u00abNI\u00d1OS Y NI\u00d1AS\u00bb","block_context":{"text":"NI\u00d1OS Y NI\u00d1AS","link":"https:\/\/oui-oui.es\/blog\/category\/ninos\/"},"img":{"alt_text":"","src":"https:\/\/i0.wp.com\/oui-oui.es\/blog\/wp-content\/uploads\/2015\/11\/Oui-Oui-ropa-bebe-mona-jaimolas.jpeg?resize=350%2C200&ssl=1","width":350,"height":200},"classes":[]},{"id":1653,"url":"https:\/\/oui-oui.es\/blog\/mi-descubrimiento-de-septiembre-sture-and-folke\/","url_meta":{"origin":2467,"position":4},"title":"Mi descubrimiento de septiembre: Sture and Folke","author":"Mar\u00eda \u2665Oui Oui\u2665","date":"2 octubre, 2014","format":false,"excerpt":"Hace un tiempo me escribi\u00f3 Karin, la creadora de la marca Sture & Folke (los nombres de sus hijos) para presentarme su colecci\u00f3n de mantas-edred\u00f3n para beb\u00e9s...Nada m\u00e1s entrar en su Web me llamaron la atenci\u00f3n los estampados, muchos de estilo Liberty y la combinaci\u00f3n de tejidos, pero cuando recib\u00ed\u2026","rel":"","context":"En \u00abNI\u00d1OS Y NI\u00d1AS\u00bb","block_context":{"text":"NI\u00d1OS Y NI\u00d1AS","link":"https:\/\/oui-oui.es\/blog\/category\/ninos\/"},"img":{"alt_text":"","src":"https:\/\/i0.wp.com\/oui-oui.es\/blog\/wp-content\/uploads\/2014\/10\/oui-oui-mantas-para-bebc3a9s-monas-mantas-bebes-con-estilo-edredon-bebc3a9-estiloso-sture-and-folke-4.jpg?resize=350%2C200&ssl=1","width":350,"height":200,"srcset":"https:\/\/i0.wp.com\/oui-oui.es\/blog\/wp-content\/uploads\/2014\/10\/oui-oui-mantas-para-bebc3a9s-monas-mantas-bebes-con-estilo-edredon-bebc3a9-estiloso-sture-and-folke-4.jpg?resize=350%2C200&ssl=1 1x, https:\/\/i0.wp.com\/oui-oui.es\/blog\/wp-content\/uploads\/2014\/10\/oui-oui-mantas-para-bebc3a9s-monas-mantas-bebes-con-estilo-edredon-bebc3a9-estiloso-sture-and-folke-4.jpg?resize=525%2C300&ssl=1 1.5x, https:\/\/i0.wp.com\/oui-oui.es\/blog\/wp-content\/uploads\/2014\/10\/oui-oui-mantas-para-bebc3a9s-monas-mantas-bebes-con-estilo-edredon-bebc3a9-estiloso-sture-and-folke-4.jpg?resize=700%2C400&ssl=1 2x"},"classes":[]},{"id":2359,"url":"https:\/\/oui-oui.es\/blog\/un-trocito-de-verano-por-bonnet-a-pompon\/","url_meta":{"origin":2467,"position":5},"title":"Un trocito de verano por Bonnet \u00e0 Pompon","author":"Mar\u00eda \u2665Oui Oui\u2665","date":"20 mayo, 2015","format":false,"excerpt":"Otra de las marcas de ropa que me encantan para ni\u00f1os es Bonnet \u00e0 Pompon, tanto para beb\u00e9 como para cuando van creciendo, tiene un estilo inconfundible, m\u00e1s bien un estilazo. Los colores, las combinaciones de tejidos, el punto como protagonista y su aire afrancesado, aunque es puramente marca espa\u00f1ola,\u2026","rel":"","context":"En \u00abMATERNIDAD\u00bb","block_context":{"text":"MATERNIDAD","link":"https:\/\/oui-oui.es\/blog\/category\/maternidad\/"},"img":{"alt_text":"","src":"https:\/\/i0.wp.com\/oui-oui.es\/blog\/wp-content\/uploads\/2015\/05\/oui-oui-bonnet-a-pompon-2015-ropa-mona-bebes-verano-3.jpg?resize=350%2C200&ssl=1","width":350,"height":200,"srcset":"https:\/\/i0.wp.com\/oui-oui.es\/blog\/wp-content\/uploads\/2015\/05\/oui-oui-bonnet-a-pompon-2015-ropa-mona-bebes-verano-3.jpg?resize=350%2C200&ssl=1 1x, https:\/\/i0.wp.com\/oui-oui.es\/blog\/wp-content\/uploads\/2015\/05\/oui-oui-bonnet-a-pompon-2015-ropa-mona-bebes-verano-3.jpg?resize=525%2C300&ssl=1 1.5x, https:\/\/i0.wp.com\/oui-oui.es\/blog\/wp-content\/uploads\/2015\/05\/oui-oui-bonnet-a-pompon-2015-ropa-mona-bebes-verano-3.jpg?resize=700%2C400&ssl=1 2x"},"classes":[]}],"_links":{"self":[{"href":"https:\/\/oui-oui.es\/blog\/wp-json\/wp\/v2\/posts\/2467","targetHints":{"allow":["GET"]}}],"collection":[{"href":"https:\/\/oui-oui.es\/blog\/wp-json\/wp\/v2\/posts"}],"about":[{"href":"https:\/\/oui-oui.es\/blog\/wp-json\/wp\/v2\/types\/post"}],"author":[{"embeddable":true,"href":"https:\/\/oui-oui.es\/blog\/wp-json\/wp\/v2\/users\/1"}],"replies":[{"embeddable":true,"href":"https:\/\/oui-oui.es\/blog\/wp-json\/wp\/v2\/comments?post=2467"}],"version-history":[{"count":1,"href":"https:\/\/oui-oui.es\/blog\/wp-json\/wp\/v2\/posts\/2467\/revisions"}],"predecessor-version":[{"id":3002,"href":"https:\/\/oui-oui.es\/blog\/wp-json\/wp\/v2\/posts\/2467\/revisions\/3002"}],"wp:featuredmedia":[{"embeddable":true,"href":"https:\/\/oui-oui.es\/blog\/wp-json\/wp\/v2\/media\/3056"}],"wp:attachment":[{"href":"https:\/\/oui-oui.es\/blog\/wp-json\/wp\/v2\/media?parent=2467"}],"wp:term":[{"taxonomy":"category","embeddable":true,"href":"https:\/\/oui-oui.es\/blog\/wp-json\/wp\/v2\/categories?post=2467"},{"taxonomy":"post_tag","embeddable":true,"href":"https:\/\/oui-oui.es\/blog\/wp-json\/wp\/v2\/tags?post=2467"}],"curies":[{"name":"wp","href":"https:\/\/api.w.org\/{rel}","templated":true}]}}