{"id":2487,"date":"2015-06-02T10:41:09","date_gmt":"2015-06-02T08:41:09","guid":{"rendered":"https:\/\/ouiouiblog.wordpress.com\/?p=2487"},"modified":"2015-09-01T16:12:41","modified_gmt":"2015-09-01T14:12:41","slug":"el-atelier-de-novias-de-david-christian","status":"publish","type":"post","link":"https:\/\/oui-oui.es\/blog\/el-atelier-de-novias-de-david-christian\/","title":{"rendered":"El atelier de novias de David Christian"},"content":{"rendered":"<p><a href=\"https:\/\/ouiouiblog.files.wordpress.com\/2015\/05\/oui-oui-blog-atelier-david-christian-novias-david-christian-1.jpg\"><img loading=\"lazy\" decoding=\"async\" class=\"aligncenter size-full wp-image-2488\" src=\"https:\/\/ouiouiblog.files.wordpress.com\/2015\/05\/oui-oui-blog-atelier-david-christian-novias-david-christian-1.jpg\" alt=\"Oui Oui blog-atelier david christian-novias david christian (1)\" width=\"636\" height=\"954\" \/><\/a><\/p>\n<p>Las chicas de <a href=\"http:\/\/www.davidchristianmadrid.com\" target=\"_blank\"><strong>David Christian<\/strong><\/a> no paran. La semana pasada inauguraban su <strong>nuevo atelier<\/strong> para novias y, aunque no quer\u00eda perd\u00e9rmelo, al final me fue imposible asistir.<\/p>\n<p><a href=\"https:\/\/ouiouiblog.files.wordpress.com\/2015\/05\/oui-oui-blog-atelier-david-christian-novias-david-christian-45.jpg\"><img loading=\"lazy\" decoding=\"async\" class=\"aligncenter size-full wp-image-2493\" src=\"https:\/\/ouiouiblog.files.wordpress.com\/2015\/05\/oui-oui-blog-atelier-david-christian-novias-david-christian-45.jpg\" alt=\"Oui Oui blog-atelier david christian-novias david christian (45)\" width=\"636\" height=\"424\" \/><\/a><\/p>\n<p>Sin embargo, estas preciosas fotos, te trasportan un poco a la tranquila y fresca atm\u00f3sfera del Atelier, situado en Conde de Xiquena, 6, en el que atender\u00e1n a partir de ahora a sus novias.<\/p>\n<p><a href=\"https:\/\/ouiouiblog.files.wordpress.com\/2015\/05\/oui-oui-blog-atelier-david-christian-novias-david-christian-20.jpg\"><img loading=\"lazy\" decoding=\"async\" class=\"aligncenter size-full wp-image-2491\" src=\"https:\/\/ouiouiblog.files.wordpress.com\/2015\/05\/oui-oui-blog-atelier-david-christian-novias-david-christian-20.jpg\" alt=\"Oui Oui blog-atelier david christian-novias david christian (20)\" width=\"636\" height=\"424\" \/><\/a><\/p>\n<p><a href=\"https:\/\/ouiouiblog.files.wordpress.com\/2015\/05\/oui-oui-blog-atelier-david-christian-novias-david-christian-31.jpg\"><img loading=\"lazy\" decoding=\"async\" class=\"aligncenter size-full wp-image-2492\" src=\"https:\/\/ouiouiblog.files.wordpress.com\/2015\/05\/oui-oui-blog-atelier-david-christian-novias-david-christian-31.jpg\" alt=\"Oui Oui blog-atelier david christian-novias david christian (31)\" width=\"636\" height=\"424\" \/><\/a><\/p>\n<p>Si est\u00e1s pensando casarte o ya lo tienes decidido pero no tienes vestido, no olvides dejarte caer por este precios espacio a pocos metros de su tienda en la que tambi\u00e9n puedes encontrar <strong>vestidos de invitada<\/strong>.<\/p>\n<p>Para rematar, mirad que catering tan ideal prepararon (por <a href=\"http:\/\/gratiacatering.es\" target=\"_blank\"><strong>Gratia Catering<\/strong><\/a>)<\/p>\n<p><a href=\"https:\/\/ouiouiblog.files.wordpress.com\/2015\/05\/oui-oui-blog-atelier-david-christian-novias-david-christian-15.jpg\"><img loading=\"lazy\" decoding=\"async\" class=\"aligncenter size-full wp-image-2489\" src=\"https:\/\/ouiouiblog.files.wordpress.com\/2015\/05\/oui-oui-blog-atelier-david-christian-novias-david-christian-15.jpg\" alt=\"Oui Oui blog-atelier david christian-novias david christian (15)\" width=\"636\" height=\"424\" \/><\/a><\/p>\n<p><strong>David Christian<\/strong><\/p>\n<p><strong>\u2022 Atelier de Novias:<\/strong> c\/ Conde de Xiquena, 6 (Tel. 915212530)<\/p>\n<p>\u2022 <strong>Tienda:<\/strong> c\/ Almirante, 18<\/p>\n<p>\u2022 <strong>E-Shop:<\/strong> <a href=\"http:\/\/www.davidchristianmadrid.com\" target=\"_blank\">www.davidchristianmadrid.com<\/a><\/p>\n","protected":false},"excerpt":{"rendered":"<p>Las chicas de David Christian no paran. La semana pasada inauguraban su nuevo atelier para novias y, aunque no quer\u00eda perd\u00e9rmelo, al final me fue imposible asistir. Sin embargo, estas preciosas fotos, te trasportan un poco a la tranquila y fresca atm\u00f3sfera del Atelier, situado en Conde de Xiquena, 6, en el que atender\u00e1n a [&hellip;]<\/p>\n","protected":false},"author":1,"featured_media":3051,"comment_status":"open","ping_status":"open","sticky":false,"template":"","format":"standard","meta":{"jetpack_post_was_ever_published":false,"_jetpack_newsletter_access":"","_jetpack_dont_email_post_to_subs":false,"_jetpack_newsletter_tier_id":0,"_jetpack_memberships_contains_paywalled_content":false,"_jetpack_memberships_contains_paid_content":false,"footnotes":"","jetpack_publicize_message":"","jetpack_publicize_feature_enabled":true,"jetpack_social_post_already_shared":false,"jetpack_social_options":{"image_generator_settings":{"template":"highway","default_image_id":0,"font":"","enabled":false},"version":2}},"categories":[704],"tags":[716],"class_list":["post-2487","post","type-post","status-publish","format-standard","has-post-thumbnail","hentry","category-boda","tag-looks-boda"],"aioseo_notices":[],"jetpack_publicize_connections":[],"jetpack_featured_media_url":"https:\/\/oui-oui.es\/blog\/wp-content\/uploads\/2015\/06\/oui-oui-blog-atelier-david-christian-novias-david-christian-1.jpg","jetpack_sharing_enabled":true,"jetpack-related-posts":[{"id":1225,"url":"https:\/\/oui-oui.es\/blog\/mis-recortes-de-telva-novias-feb-2014\/","url_meta":{"origin":2487,"position":0},"title":"Mis recortes de Telva Novias (Feb 2014)","author":"Mar\u00eda \u2665Oui Oui\u2665","date":"10 febrero, 2014","format":false,"excerpt":"Parece mentira c\u00f3mo pasa el tiempo...Hace un a\u00f1o, por primera vez, aparec\u00eda Oui Oui en una revista y fu\u00e9 en Telva Novias, a\u00fan no hab\u00eda lanzado la tienda pero hab\u00edan gustado los productos y confiaron en Oui Oui casi a ciegas. Ver tu peque\u00f1o proyecto en una de las grandes\u2026","rel":"","context":"En \u00abBoda\u00bb","block_context":{"text":"Boda","link":"https:\/\/oui-oui.es\/blog\/category\/fiestas-celebraciones\/boda\/"},"img":{"alt_text":"Oui Oui-Telva Novias febrero 2014","src":"https:\/\/ouiouiblog.files.wordpress.com\/2014\/02\/oui-oui-telva-novias-febrero-2014.jpg?w=350&h=200&crop=1","width":350,"height":200},"classes":[]},{"id":1377,"url":"https:\/\/oui-oui.es\/blog\/un-desfile-de-vestidos-de-novia-diferente\/","url_meta":{"origin":2487,"position":1},"title":"Un desfile de vestidos de novia diferente&#8230;","author":"Mar\u00eda \u2665Oui Oui\u2665","date":"27 febrero, 2014","format":false,"excerpt":"Me gusta que vayan organizando pasarelas de novias fuera del circuito de esas ferias multitudinarias y feas que hab\u00eda hasta ahora. Bodabook se encarg\u00f3 de organizar el martes la I Pasarela Si Quiero, no quer\u00eda perd\u00e9rmelo pero al final me fu\u00e9 imposible asistir.Eso s\u00ed, me he recorrido las p\u00e1ginas de\u2026","rel":"","context":"En \u00abBoda\u00bb","block_context":{"text":"Boda","link":"https:\/\/oui-oui.es\/blog\/category\/fiestas-celebraciones\/boda\/"},"img":{"alt_text":"","src":"https:\/\/i0.wp.com\/oui-oui.es\/blog\/wp-content\/uploads\/2014\/02\/oui-oui-pasarela-novias-bodabook-sole-alonso-david-christian-inuc3b1ez.jpg?resize=350%2C200&ssl=1","width":350,"height":200,"srcset":"https:\/\/i0.wp.com\/oui-oui.es\/blog\/wp-content\/uploads\/2014\/02\/oui-oui-pasarela-novias-bodabook-sole-alonso-david-christian-inuc3b1ez.jpg?resize=350%2C200&ssl=1 1x, https:\/\/i0.wp.com\/oui-oui.es\/blog\/wp-content\/uploads\/2014\/02\/oui-oui-pasarela-novias-bodabook-sole-alonso-david-christian-inuc3b1ez.jpg?resize=525%2C300&ssl=1 1.5x, https:\/\/i0.wp.com\/oui-oui.es\/blog\/wp-content\/uploads\/2014\/02\/oui-oui-pasarela-novias-bodabook-sole-alonso-david-christian-inuc3b1ez.jpg?resize=700%2C400&ssl=1 2x"},"classes":[]},{"id":545,"url":"https:\/\/oui-oui.es\/blog\/the-wedding-lab\/","url_meta":{"origin":2487,"position":2},"title":"The Wedding Lab","author":"Mar\u00eda \u2665Oui Oui\u2665","date":"1 marzo, 2013","format":false,"excerpt":"Como os coment\u00e9, ayer inauguraban The Wedding Lab , un espacio ef\u00edmero (pero que esperamos se repita cada a\u00f1o!) en el que encontrar diferentes propuestas para incorporar a tu boda. La presentaci\u00f3n fu\u00e9 en el Taller de Verde Pimienta al que me encantar\u00eda volver en un d\u00eda normal, pues el\u2026","rel":"","context":"En \u00abBoda\u00bb","block_context":{"text":"Boda","link":"https:\/\/oui-oui.es\/blog\/category\/fiestas-celebraciones\/boda\/"},"img":{"alt_text":"","src":"https:\/\/i0.wp.com\/oui-oui.es\/blog\/wp-content\/uploads\/the-wedding-lab-oui-oui.jpg?resize=350%2C200&ssl=1","width":350,"height":200},"classes":[]},{"id":2435,"url":"https:\/\/oui-oui.es\/blog\/te-esperamos-en-el-ii-encuentro-de-telva-novias\/","url_meta":{"origin":2487,"position":3},"title":"Te esperamos en el II Encuentro de Telva Novias","author":"Mar\u00eda \u2665Oui Oui\u2665","date":"26 mayo, 2015","format":false,"excerpt":"\u00bfEst\u00e1s organizando tu boda pero a\u00fan no tienes claro un mont\u00f3n de cosas?; la finca o el hotel, el catering, si necesitas wedding planner o no (ya te digo que s\u00ed la necesitas), qu\u00e9 regalar\u00e1s a los invitados, o, m\u00e1s f\u00e1cil, c\u00f3mo hacer una candybar original y diferente, no como\u2026","rel":"","context":"En \u00abBoda\u00bb","block_context":{"text":"Boda","link":"https:\/\/oui-oui.es\/blog\/category\/fiestas-celebraciones\/boda\/"},"img":{"alt_text":"","src":"https:\/\/i0.wp.com\/oui-oui.es\/blog\/wp-content\/uploads\/2015\/05\/oui-oui-tienda-online-detalles-decoracion-boda-foto-elena-bau-10.jpg?resize=350%2C200&ssl=1","width":350,"height":200,"srcset":"https:\/\/i0.wp.com\/oui-oui.es\/blog\/wp-content\/uploads\/2015\/05\/oui-oui-tienda-online-detalles-decoracion-boda-foto-elena-bau-10.jpg?resize=350%2C200&ssl=1 1x, https:\/\/i0.wp.com\/oui-oui.es\/blog\/wp-content\/uploads\/2015\/05\/oui-oui-tienda-online-detalles-decoracion-boda-foto-elena-bau-10.jpg?resize=525%2C300&ssl=1 1.5x"},"classes":[]},{"id":690,"url":"https:\/\/oui-oui.es\/blog\/que-lenceria-escoger-para-el-dia-b\/","url_meta":{"origin":2487,"position":4},"title":"Qu\u00e9 lencer\u00eda escoger para el d\u00eda B","author":"Mar\u00eda \u2665Oui Oui\u2665","date":"7 mayo, 2013","format":false,"excerpt":"Cuando est\u00e1s organizando la boda, parece que todo tiene que ser diferente, especial y muchas veces; caro. Un gran ejemplo es la ropa interior, ante sde casarte piensas que comprar\u00e1s un conjunto mon\u00edsimo en La Perla, pero en cuanto hablas con la modista o dise\u00f1ador que te est\u00e1 haciendo el\u2026","rel":"","context":"En \u00abBoda\u00bb","block_context":{"text":"Boda","link":"https:\/\/oui-oui.es\/blog\/category\/fiestas-celebraciones\/boda\/"},"img":{"alt_text":"","src":"https:\/\/i0.wp.com\/oui-oui.es\/blog\/wp-content\/uploads\/oui-oui-lenceria-boda-ropa-interior-novia-barata.jpg?resize=350%2C200&ssl=1","width":350,"height":200},"classes":[]},{"id":2582,"url":"https:\/\/oui-oui.es\/blog\/nuestro-candybar-en-el-encuentro-de-telva-novias\/","url_meta":{"origin":2487,"position":5},"title":"Nuestro candybar en el encuentro de Telva Novias","author":"Mar\u00eda \u2665Oui Oui\u2665","date":"10 junio, 2015","format":false,"excerpt":"Como os cont\u00e9, este a\u00f1o Oui Oui volvi\u00f3 a participar en el evento que organiza Telva Novias para profesionales y novios interesados en el sector wedding, se trataba del II Encuentro Telva Novias, y en esta ocasi\u00f3n nos unimos Elena Bau, Bodas Color\u00edn Colorado y yo para crear algo juntas.\u2026","rel":"","context":"En \u00abBoda\u00bb","block_context":{"text":"Boda","link":"https:\/\/oui-oui.es\/blog\/category\/fiestas-celebraciones\/boda\/"},"img":{"alt_text":"","src":"https:\/\/i0.wp.com\/oui-oui.es\/blog\/wp-content\/uploads\/2015\/06\/oui-oui-ii-encuentro-telva-novias-evento-telva-novias-2015-elena-bau-15.jpg?resize=350%2C200&ssl=1","width":350,"height":200,"srcset":"https:\/\/i0.wp.com\/oui-oui.es\/blog\/wp-content\/uploads\/2015\/06\/oui-oui-ii-encuentro-telva-novias-evento-telva-novias-2015-elena-bau-15.jpg?resize=350%2C200&ssl=1 1x, https:\/\/i0.wp.com\/oui-oui.es\/blog\/wp-content\/uploads\/2015\/06\/oui-oui-ii-encuentro-telva-novias-evento-telva-novias-2015-elena-bau-15.jpg?resize=525%2C300&ssl=1 1.5x, https:\/\/i0.wp.com\/oui-oui.es\/blog\/wp-content\/uploads\/2015\/06\/oui-oui-ii-encuentro-telva-novias-evento-telva-novias-2015-elena-bau-15.jpg?resize=700%2C400&ssl=1 2x"},"classes":[]}],"_links":{"self":[{"href":"https:\/\/oui-oui.es\/blog\/wp-json\/wp\/v2\/posts\/2487","targetHints":{"allow":["GET"]}}],"collection":[{"href":"https:\/\/oui-oui.es\/blog\/wp-json\/wp\/v2\/posts"}],"about":[{"href":"https:\/\/oui-oui.es\/blog\/wp-json\/wp\/v2\/types\/post"}],"author":[{"embeddable":true,"href":"https:\/\/oui-oui.es\/blog\/wp-json\/wp\/v2\/users\/1"}],"replies":[{"embeddable":true,"href":"https:\/\/oui-oui.es\/blog\/wp-json\/wp\/v2\/comments?post=2487"}],"version-history":[{"count":1,"href":"https:\/\/oui-oui.es\/blog\/wp-json\/wp\/v2\/posts\/2487\/revisions"}],"predecessor-version":[{"id":3052,"href":"https:\/\/oui-oui.es\/blog\/wp-json\/wp\/v2\/posts\/2487\/revisions\/3052"}],"wp:featuredmedia":[{"embeddable":true,"href":"https:\/\/oui-oui.es\/blog\/wp-json\/wp\/v2\/media\/3051"}],"wp:attachment":[{"href":"https:\/\/oui-oui.es\/blog\/wp-json\/wp\/v2\/media?parent=2487"}],"wp:term":[{"taxonomy":"category","embeddable":true,"href":"https:\/\/oui-oui.es\/blog\/wp-json\/wp\/v2\/categories?post=2487"},{"taxonomy":"post_tag","embeddable":true,"href":"https:\/\/oui-oui.es\/blog\/wp-json\/wp\/v2\/tags?post=2487"}],"curies":[{"name":"wp","href":"https:\/\/api.w.org\/{rel}","templated":true}]}}