{"id":2495,"date":"2015-06-01T00:01:42","date_gmt":"2015-05-31T22:01:42","guid":{"rendered":"https:\/\/ouiouiblog.wordpress.com\/?p=2495"},"modified":"2015-09-01T16:13:29","modified_gmt":"2015-09-01T14:13:29","slug":"las-puertas-del-ratoncito-perez-de-mayo","status":"publish","type":"post","link":"https:\/\/oui-oui.es\/blog\/las-puertas-del-ratoncito-perez-de-mayo\/","title":{"rendered":"Las puertas del ratoncito P\u00e9rez de mayo"},"content":{"rendered":"<p>&nbsp;<\/p>\n<p><a href=\"http:\/\/www.oui-oui.es\/puertas-ratoncito-perez\/128-puerta-ratoncito-perez-clasica-victoriana.html\"><img loading=\"lazy\" decoding=\"async\" class=\"aligncenter size-full wp-image-2501\" src=\"https:\/\/ouiouiblog.files.wordpress.com\/2015\/05\/oui-oui-puertas-ratocnito-perez-con-nombre-casita-ratocnito-perez-puerta-ratocito-sara-carbonero.jpg\" alt=\"Oui Oui-puertas ratocnito perez con nombre-casita ratocnito perez-puerta ratocito sara carbonero\" width=\"479\" height=\"479\" \/><\/a><\/p>\n<p>Creo que me he saltado un par de meses porque hemos tenido mucho l\u00edo, pero no quer\u00eda dejar de ense\u00f1aros por aqu\u00ed alguna de las <a href=\"http:\/\/www.oui-oui.es\/29-puertas-ratoncito-perez\" target=\"_blank\"><strong>puertas para el ratoncito P\u00e9rez<\/strong><\/a> que <strong>hemos hecho este mes<\/strong>, como sab\u00e9is, <strong>las hacemos personalizadas\u00a0con el n\u00famero o nombre que quer\u00e1is<\/strong>, as\u00ed como con buz\u00f3n y\/o aldaba, aunque <strong>hay muy pocas <a href=\"http:\/\/www.oui-oui.es\/29-puertas-ratoncito-perez\" target=\"_blank\">puertas del ratoncito P\u00e9rez<\/a> iguales<\/strong> (a veces coincid\u00eds en color y n\u00famero), me gusta ense\u00f1aros las que han sido m\u00e1s diferentes&#8230;<\/p>\n<p><a href=\"http:\/\/www.oui-oui.es\/puertas-ratoncito-perez\/129-puerta-ratoncito-perez-clasica-personalizada.html\"><img loading=\"lazy\" decoding=\"async\" class=\"aligncenter wp-image-2496 size-full\" src=\"https:\/\/ouiouiblog.files.wordpress.com\/2015\/05\/oui-oui-puerta-ratocnito-pc3a9rez-farmacia-lozoya-con-fachada.jpg\" alt=\"Oui Oui-puerta ratocnito P\u00e9rez-farmacia Lozoya con fachada\" width=\"523\" height=\"523\" \/><\/a><\/p>\n<p>Comenzamos el mes mostr\u00e1ndoos la <a href=\"http:\/\/www.oui-oui.es\/29-puertas-ratoncito-perez\" target=\"_blank\"><strong>puerta del ratoncito P\u00e9rez<\/strong><\/a> que hicimos para la <strong>farmacia de Lozoya<\/strong>.<\/p>\n<p><a href=\"http:\/\/www.oui-oui.es\/puertas-ratoncito-perez\/129-puerta-ratoncito-perez-clasica-personalizada.html\"><img loading=\"lazy\" decoding=\"async\" class=\"aligncenter wp-image-2498 size-full\" src=\"https:\/\/ouiouiblog.files.wordpress.com\/2015\/05\/oui-oui-puerta-ratocnito-pc3a9rez-farmacia-lozoya.jpg\" alt=\"Oui Oui-puerta ratocnito P\u00e9rez-farmacia Lozoya\" width=\"523\" height=\"523\" \/><\/a><\/p>\n<p>No pod\u00eda faltar una edici\u00f3n especial de la\u00a0<a href=\"http:\/\/www.oui-oui.es\/29-puertas-ratoncito-perez\" target=\"_blank\"><strong>puerta para el ratoncito P\u00e9rez<\/strong><\/a>\u00a0\u00a0para el d\u00eda de<strong>\u00a0San Isidro<\/strong>, <strong>pintada y personalizada por mi padre<\/strong>, con<strong> los lunares pintados con estas manitas<\/strong>\u00a0 y con <strong>mant\u00f3n hecho por mi abuela<\/strong> (menci\u00f3n especial a mi suegra que me hizo otro mant\u00f3n pero finalmente puse el de mi abuela).Nos falt\u00f3 que las <strong>rosquillas<\/strong> fueran caseras&#8230;je,je<\/p>\n<p><a href=\"http:\/\/www.oui-oui.es\/puertas-ratoncito-perez\/128-puerta-ratoncito-perez-clasica-victoriana.html\"><img loading=\"lazy\" decoding=\"async\" class=\"aligncenter size-full wp-image-2505\" src=\"https:\/\/ouiouiblog.files.wordpress.com\/2015\/05\/oui-oui-edicion-especial-puerta-ratocnito-pc3a9rez-san-isidro-puerta-chulapa.jpg\" alt=\"Oui Oui-edicion especial puerta ratocnito P\u00e9rez San Isidro-puerta chulapa\" width=\"479\" height=\"479\" \/><\/a><\/p>\n<p>Otra opci\u00f3n que nos ped\u00eds cada vez m\u00e1s (y que me encanta) es para regalar -o autoregalarse- una <strong><a href=\"http:\/\/www.oui-oui.es\/29-puertas-ratoncito-perez\" target=\"_blank\">puerta del ratoncito<\/a> en una boda<\/strong>, como \u00e9sta de L&amp;A<\/p>\n<div id=\"attachment_2503\" style=\"width: 485px\" class=\"wp-caption aligncenter\"><a href=\"http:\/\/www.oui-oui.es\/puertas-ratoncito-perez\/128-puerta-ratoncito-perez-clasica-victoriana.html\"><img loading=\"lazy\" decoding=\"async\" aria-describedby=\"caption-attachment-2503\" class=\"wp-image-2503 size-full\" src=\"https:\/\/ouiouiblog.files.wordpress.com\/2015\/05\/oui-oui-puerta-ratoncito-pc3a9rez-boda-victoriana-azul-bebc3a9.jpg\" alt=\"Oui Oui-puerta ratoncito p\u00e9rez-boda-victoriana azul beb\u00e9\" width=\"475\" height=\"479\" \/><\/a><p id=\"caption-attachment-2503\" class=\"wp-caption-text\">Fotograf\u00eda de @lgalbismor<\/p><\/div>\n<p>&nbsp;<\/p>\n<p>&nbsp;<\/p>\n<p>Tambi\u00e9n hicimos algunos <strong>colores nuevos<\/strong> para las <a href=\"http:\/\/www.oui-oui.es\/29-puertas-ratoncito-perez\" target=\"_blank\"><strong>puertas del ratoncito\u00a0P\u00e9rez<\/strong><\/a>; en <strong>mostaza<\/strong> (coincidiendo con en <strong>National burger day<\/strong> le pusimos una rica cena al ratoncito)<\/p>\n<p>&nbsp;<\/p>\n<p>&nbsp;<\/p>\n<p><a href=\"http:\/\/www.oui-oui.es\/puertas-ratoncito-perez\/128-puerta-ratoncito-perez-clasica-victoriana.html\"><img loading=\"lazy\" decoding=\"async\" class=\"aligncenter size-full wp-image-2500\" src=\"https:\/\/ouiouiblog.files.wordpress.com\/2015\/05\/oui-oui-puerta-ratoncito-perez-casita-ratoncito-perez-puerta-ratoncito-perez-sara-carbonero-mostaza-national-burger-day.jpg\" alt=\"Oui OUi-puerta ratoncito perez-casita ratoncito perez-puerta ratoncito perez sara carbonero-mostaza-national burger day\" width=\"479\" height=\"479\" \/><\/a><\/p>\n<p>Y <strong>en naranja<\/strong>, \u00bfos gusta?<\/p>\n<p><a href=\"http:\/\/www.oui-oui.es\/puertas-ratoncito-perez\/127-puerta-ratoncito-perez-inglesa.html\"><img loading=\"lazy\" decoding=\"async\" class=\"aligncenter size-full wp-image-2502\" src=\"https:\/\/ouiouiblog.files.wordpress.com\/2015\/05\/oui-oui-puertas-ratocito-perez-casita-ratoncito-pc3a9rez-puerta-ratoncito-perez-sara-carbonero-inglesa-naranja.jpg\" alt=\"Oui Oui-puertas ratocito perez-casita ratoncito p\u00e9rez-puerta ratoncito perez sara carbonero-inglesa naranja\" width=\"479\" height=\"479\" \/><\/a><\/p>\n<p>Siempre pensando en el <a href=\"http:\/\/www.oui-oui.es\/puertas-ratoncito-perez\/583-ratoncito-perez.html\" target=\"_blank\"><strong>ratoncito P\u00e9rez<\/strong><\/a>, no nos olvidamos de traer <strong>complementos nuevos<\/strong>; una <a href=\"http:\/\/www.oui-oui.es\/puertas-ratoncito-perez\/921-paleta-de-pintor-ratoncito-perez.html\" target=\"_blank\"><strong>paleta de pintor\u00a0en miniatura<\/strong><\/a> para los artistas.<\/p>\n<p><a href=\"http:\/\/www.oui-oui.es\/puertas-ratoncito-perez\/129-puerta-ratoncito-perez-clasica-personalizada.html\"><img loading=\"lazy\" decoding=\"async\" class=\"aligncenter size-full wp-image-2497\" src=\"https:\/\/ouiouiblog.files.wordpress.com\/2015\/05\/oui-oui-puerta-ratocnito-pc3a9rez-clc3a1sica-verde-cc3a9sped-con-paleta-de-pintor.jpg\" alt=\"Oui Oui-puerta ratocnito P\u00e9rez-cl\u00e1sica-verde c\u00e9sped-con paleta de pintor\" width=\"523\" height=\"523\" \/><\/a><\/p>\n<p>Y \u00a1por fin! las <a href=\"http:\/\/www.oui-oui.es\/puertas-ratoncito-perez\/923-bote-nutella-ratoncito-perez.html\" target=\"_blank\"><strong>mini nutellas<\/strong><\/a> para los <strong>ratoncitos\u00a0m\u00e1s golosos<\/strong><\/p>\n<p><a href=\"http:\/\/www.oui-oui.es\/puertas-ratoncito-perez\/129-puerta-ratoncito-perez-clasica-personalizada.html\"><img loading=\"lazy\" decoding=\"async\" class=\"aligncenter size-full wp-image-2499\" src=\"https:\/\/ouiouiblog.files.wordpress.com\/2015\/05\/oui-oui-puerta-ratoncito-pc3a9rez-casita-ratocnito-pc3a9rez-puerta-ratoncito-sara-carbonero-nutella-miniatura.jpg\" alt=\"Oui Oui-puerta ratoncito P\u00e9rez-casita ratocnito P\u00e9rez-puerta ratoncito sara carbonero-nutella miniatura\" width=\"523\" height=\"523\" \/><\/a><\/p>\n<p>Y, como menci\u00f3n especial de las <strong>puertas del ratoncito\u00a0P\u00e9rez<\/strong> de mayo, la <strong>puesta en escena<\/strong>, al m\u00e1s puro estilo <em>a la fresca con los vecinos<\/em>, de <strong>una de las primeras puertas que hicimos<\/strong> y a la que guardo un gran cari\u00f1o pues, su due\u00f1a, a la que no conozco, pero sigo en Instagram, hace unas fotos preciosas siempre, gracias Jayer!<\/p>\n<div id=\"attachment_2504\" style=\"width: 491px\" class=\"wp-caption aligncenter\"><a href=\"http:\/\/www.oui-oui.es\/puertas-ratoncito-perez\/127-puerta-ratoncito-perez-inglesa.html\"><img loading=\"lazy\" decoding=\"async\" aria-describedby=\"caption-attachment-2504\" class=\"wp-image-2504 size-full\" src=\"https:\/\/ouiouiblog.files.wordpress.com\/2015\/05\/oui-oui-puerta-ratoncito-perez-con-ratoncitos-a-la-fresca-retales-de-mi-vida.jpg\" alt=\"Oui Oui-puerta ratoncito perez-con ratoncitos a la fresca-retales de mi vida\" width=\"481\" height=\"479\" \/><\/a><p id=\"caption-attachment-2504\" class=\"wp-caption-text\">Fotograf\u00eda de @retalesdemivida<\/p><\/div>\n<p>&nbsp;<\/p>\n<p>\u00c9sta es una peque\u00f1a selecci\u00f3n, si quer\u00e9is ver m\u00e1s, pod\u00e9is echar un vistazo a nuestra carpeta de <a href=\"https:\/\/es.pinterest.com\/ouiouidetalles\/puerta-ratoncito-p%C3%A9rez-tooth-fairy-door\/\" target=\"_blank\"><strong>Pinterest<\/strong> <\/a>o buscar el <strong>#lasaut\u00e9nticaspuertasdelratoncitoP\u00e9rez<\/strong> en Instagram<\/p>\n","protected":false},"excerpt":{"rendered":"<p>&nbsp; Creo que me he saltado un par de meses porque hemos tenido mucho l\u00edo, pero no quer\u00eda dejar de ense\u00f1aros por aqu\u00ed alguna de las puertas para el ratoncito P\u00e9rez que hemos hecho este mes, como sab\u00e9is, las hacemos personalizadas\u00a0con el n\u00famero o nombre que quer\u00e1is, as\u00ed como con buz\u00f3n y\/o aldaba, aunque hay [&hellip;]<\/p>\n","protected":false},"author":1,"featured_media":3053,"comment_status":"open","ping_status":"open","sticky":false,"template":"","format":"standard","meta":{"jetpack_post_was_ever_published":false,"_jetpack_newsletter_access":"","_jetpack_dont_email_post_to_subs":false,"_jetpack_newsletter_tier_id":0,"_jetpack_memberships_contains_paywalled_content":false,"_jetpack_memberships_contains_paid_content":false,"footnotes":"","jetpack_publicize_message":"","jetpack_publicize_feature_enabled":true,"jetpack_social_post_already_shared":false,"jetpack_social_options":{"image_generator_settings":{"template":"highway","default_image_id":0,"font":"","enabled":false},"version":2}},"categories":[174,175,18],"tags":[340],"class_list":["post-2495","post","type-post","status-publish","format-standard","has-post-thumbnail","hentry","category-ninos","category-puertas-para-el-ratoncito-perez","category-regalos-originales-para-ninos","tag-puertas-ratoncito-perez"],"aioseo_notices":[],"jetpack_publicize_connections":[],"jetpack_featured_media_url":"https:\/\/oui-oui.es\/blog\/wp-content\/uploads\/2015\/06\/oui-oui-edicion-especial-puerta-ratocnito-pc3a9rez-san-isidro-puerta-chulapa.jpg","jetpack_sharing_enabled":true,"jetpack-related-posts":[{"id":10866,"url":"https:\/\/oui-oui.es\/blog\/algunas-puertas-del-ratoncito-perez-de-mayo\/","url_meta":{"origin":2495,"position":0},"title":"Algunas puertas del ratoncito P\u00e9rez de mayo","author":"Mar\u00eda \u2665Oui Oui\u2665","date":"21 mayo, 2024","format":false,"excerpt":"Algunas de las Puertas para el Ratoncito P\u00e9rez que hemos hecho en el \u00faltimo mes.","rel":"","context":"En \u00abPUERTAS RATONCITO P\u00c9REZ\u00bb","block_context":{"text":"PUERTAS RATONCITO P\u00c9REZ","link":"https:\/\/oui-oui.es\/blog\/category\/puertas-para-el-ratoncito-perez\/"},"img":{"alt_text":"","src":"https:\/\/i0.wp.com\/oui-oui.es\/blog\/wp-content\/uploads\/2024\/05\/Oui-Oui-Puerta-Ratoncito-Perez-Ratoncitos-Maileg-Autenticas-Puertas-Ratoncito-Perez-6-scaled.jpg?resize=350%2C200&ssl=1","width":350,"height":200,"srcset":"https:\/\/i0.wp.com\/oui-oui.es\/blog\/wp-content\/uploads\/2024\/05\/Oui-Oui-Puerta-Ratoncito-Perez-Ratoncitos-Maileg-Autenticas-Puertas-Ratoncito-Perez-6-scaled.jpg?resize=350%2C200&ssl=1 1x, https:\/\/i0.wp.com\/oui-oui.es\/blog\/wp-content\/uploads\/2024\/05\/Oui-Oui-Puerta-Ratoncito-Perez-Ratoncitos-Maileg-Autenticas-Puertas-Ratoncito-Perez-6-scaled.jpg?resize=525%2C300&ssl=1 1.5x, https:\/\/i0.wp.com\/oui-oui.es\/blog\/wp-content\/uploads\/2024\/05\/Oui-Oui-Puerta-Ratoncito-Perez-Ratoncitos-Maileg-Autenticas-Puertas-Ratoncito-Perez-6-scaled.jpg?resize=700%2C400&ssl=1 2x, https:\/\/i0.wp.com\/oui-oui.es\/blog\/wp-content\/uploads\/2024\/05\/Oui-Oui-Puerta-Ratoncito-Perez-Ratoncitos-Maileg-Autenticas-Puertas-Ratoncito-Perez-6-scaled.jpg?resize=1050%2C600&ssl=1 3x, https:\/\/i0.wp.com\/oui-oui.es\/blog\/wp-content\/uploads\/2024\/05\/Oui-Oui-Puerta-Ratoncito-Perez-Ratoncitos-Maileg-Autenticas-Puertas-Ratoncito-Perez-6-scaled.jpg?resize=1400%2C800&ssl=1 4x"},"classes":[]},{"id":4546,"url":"https:\/\/oui-oui.es\/blog\/las-puertas-del-ratoncito-de-junio\/","url_meta":{"origin":2495,"position":1},"title":"Las puertas del ratoncito de junio","author":"Mar\u00eda \u2665Oui Oui\u2665","date":"28 junio, 2016","format":false,"excerpt":"\u00a0 Con junio lleg\u00f3 el calor, las terracitas y la vida al aire libre, el ratoncito P\u00e9rez no pod\u00eda ser menos y hemos tra\u00eddo un mont\u00f3n de complementos nuevos para hacerle m\u00e1s fresca y alegre la visita a casa; una planta, una bici (por si quiere moverse en ella entre\u2026","rel":"","context":"En \u00abPUERTAS RATONCITO P\u00c9REZ\u00bb","block_context":{"text":"PUERTAS RATONCITO P\u00c9REZ","link":"https:\/\/oui-oui.es\/blog\/category\/puertas-para-el-ratoncito-perez\/"},"img":{"alt_text":"","src":"https:\/\/i0.wp.com\/oui-oui.es\/blog\/wp-content\/uploads\/2016\/06\/Oui-Oui-puertas-ratoncito-p%C3%A9rez-ratoncitos-maileg-mint.jpg?resize=350%2C200&ssl=1","width":350,"height":200,"srcset":"https:\/\/i0.wp.com\/oui-oui.es\/blog\/wp-content\/uploads\/2016\/06\/Oui-Oui-puertas-ratoncito-p%C3%A9rez-ratoncitos-maileg-mint.jpg?resize=350%2C200&ssl=1 1x, https:\/\/i0.wp.com\/oui-oui.es\/blog\/wp-content\/uploads\/2016\/06\/Oui-Oui-puertas-ratoncito-p%C3%A9rez-ratoncitos-maileg-mint.jpg?resize=525%2C300&ssl=1 1.5x, https:\/\/i0.wp.com\/oui-oui.es\/blog\/wp-content\/uploads\/2016\/06\/Oui-Oui-puertas-ratoncito-p%C3%A9rez-ratoncitos-maileg-mint.jpg?resize=700%2C400&ssl=1 2x, https:\/\/i0.wp.com\/oui-oui.es\/blog\/wp-content\/uploads\/2016\/06\/Oui-Oui-puertas-ratoncito-p%C3%A9rez-ratoncitos-maileg-mint.jpg?resize=1050%2C600&ssl=1 3x, https:\/\/i0.wp.com\/oui-oui.es\/blog\/wp-content\/uploads\/2016\/06\/Oui-Oui-puertas-ratoncito-p%C3%A9rez-ratoncitos-maileg-mint.jpg?resize=1400%2C800&ssl=1 4x"},"classes":[]},{"id":3643,"url":"https:\/\/oui-oui.es\/blog\/las-puertas-del-ratoncito-perez-de-octubre\/","url_meta":{"origin":2495,"position":2},"title":"Las puertas del ratoncito P\u00e9rez de octubre","author":"Mar\u00eda \u2665Oui Oui\u2665","date":"29 octubre, 2015","format":false,"excerpt":"No s\u00e9 que ha pasado en verano que se me hab\u00eda olvidado compartir por aqu\u00ed alguno de los modelos m\u00e1s originales o diferentes que hemos hecho de las puertas del ratoncito P\u00e9rez, as\u00ed que hoy vuelvo con m\u00e1s ganas que nunca con esta secci\u00f3n ;) Una de las m\u00e1s trabajosas\u2026","rel":"","context":"En \u00abPUERTAS RATONCITO P\u00c9REZ\u00bb","block_context":{"text":"PUERTAS RATONCITO P\u00c9REZ","link":"https:\/\/oui-oui.es\/blog\/category\/puertas-para-el-ratoncito-perez\/"},"img":{"alt_text":"","src":"https:\/\/i0.wp.com\/oui-oui.es\/blog\/wp-content\/uploads\/2015\/10\/Oui-Oui-puerta-ratoncito-perez-els-patufets.jpg?resize=350%2C200&ssl=1","width":350,"height":200,"srcset":"https:\/\/i0.wp.com\/oui-oui.es\/blog\/wp-content\/uploads\/2015\/10\/Oui-Oui-puerta-ratoncito-perez-els-patufets.jpg?resize=350%2C200&ssl=1 1x, https:\/\/i0.wp.com\/oui-oui.es\/blog\/wp-content\/uploads\/2015\/10\/Oui-Oui-puerta-ratoncito-perez-els-patufets.jpg?resize=525%2C300&ssl=1 1.5x, https:\/\/i0.wp.com\/oui-oui.es\/blog\/wp-content\/uploads\/2015\/10\/Oui-Oui-puerta-ratoncito-perez-els-patufets.jpg?resize=700%2C400&ssl=1 2x, https:\/\/i0.wp.com\/oui-oui.es\/blog\/wp-content\/uploads\/2015\/10\/Oui-Oui-puerta-ratoncito-perez-els-patufets.jpg?resize=1050%2C600&ssl=1 3x, https:\/\/i0.wp.com\/oui-oui.es\/blog\/wp-content\/uploads\/2015\/10\/Oui-Oui-puerta-ratoncito-perez-els-patufets.jpg?resize=1400%2C800&ssl=1 4x"},"classes":[]},{"id":4397,"url":"https:\/\/oui-oui.es\/blog\/las-puertas-del-ratoncito-perez-de-mayo-2\/","url_meta":{"origin":2495,"position":3},"title":"Las puertas del ratoncito P\u00e9rez de mayo","author":"Mar\u00eda \u2665Oui Oui\u2665","date":"3 junio, 2016","format":false,"excerpt":"Durante las \u00faltimas semanas hemos hecho algunas puertas para el ratoncito P\u00e9rez m\u00e1s especiales, llev\u00e1bamos un tiempo trabajando en una de las m\u00e1s personalizadas que hemos ehcho hasta el momento y por fin vio la luz...Se trata de la puerta del rat\u00f3n P\u00e9rez de la pasteler\u00eda Motteau en el Barrio\u2026","rel":"","context":"En \u00abNI\u00d1OS Y NI\u00d1AS\u00bb","block_context":{"text":"NI\u00d1OS Y NI\u00d1AS","link":"https:\/\/oui-oui.es\/blog\/category\/ninos\/"},"img":{"alt_text":"","src":"https:\/\/i0.wp.com\/oui-oui.es\/blog\/wp-content\/uploads\/2016\/06\/Oui-Oui-puerta-ratoncito-P%C3%A9rez-Motteau-bakery-madrid.jpg?resize=350%2C200&ssl=1","width":350,"height":200,"srcset":"https:\/\/i0.wp.com\/oui-oui.es\/blog\/wp-content\/uploads\/2016\/06\/Oui-Oui-puerta-ratoncito-P%C3%A9rez-Motteau-bakery-madrid.jpg?resize=350%2C200&ssl=1 1x, https:\/\/i0.wp.com\/oui-oui.es\/blog\/wp-content\/uploads\/2016\/06\/Oui-Oui-puerta-ratoncito-P%C3%A9rez-Motteau-bakery-madrid.jpg?resize=525%2C300&ssl=1 1.5x, https:\/\/i0.wp.com\/oui-oui.es\/blog\/wp-content\/uploads\/2016\/06\/Oui-Oui-puerta-ratoncito-P%C3%A9rez-Motteau-bakery-madrid.jpg?resize=700%2C400&ssl=1 2x, https:\/\/i0.wp.com\/oui-oui.es\/blog\/wp-content\/uploads\/2016\/06\/Oui-Oui-puerta-ratoncito-P%C3%A9rez-Motteau-bakery-madrid.jpg?resize=1050%2C600&ssl=1 3x, https:\/\/i0.wp.com\/oui-oui.es\/blog\/wp-content\/uploads\/2016\/06\/Oui-Oui-puerta-ratoncito-P%C3%A9rez-Motteau-bakery-madrid.jpg?resize=1400%2C800&ssl=1 4x"},"classes":[]},{"id":2716,"url":"https:\/\/oui-oui.es\/blog\/las-puertas-del-ratoncito-perez-de-junio\/","url_meta":{"origin":2495,"position":4},"title":"Las puertas del ratoncito P\u00e9rez de junio","author":"Mar\u00eda \u2665Oui Oui\u2665","date":"2 julio, 2015","format":false,"excerpt":"Como cada mes, me gusta mostraros las puertas para el ratoncito P\u00e9rez m\u00e1s caracter\u00edsticas, este mes de juno hemos hecho algunas muy especiales, pero lo que m\u00e1s me ha llamado la atenci\u00f3n han sido los destinos hacia donde iban. Hasta este paraje espectcular llegaron dos puertas para el ratoncito (Islas\u2026","rel":"","context":"En \u00abNI\u00d1OS Y NI\u00d1AS\u00bb","block_context":{"text":"NI\u00d1OS Y NI\u00d1AS","link":"https:\/\/oui-oui.es\/blog\/category\/ninos\/"},"img":{"alt_text":"","src":"https:\/\/i0.wp.com\/oui-oui.es\/blog\/wp-content\/uploads\/Oui-Oui-puerta-ratoncito-P%C3%A9rez-Orgullo-Gay.jpg?resize=350%2C200&ssl=1","width":350,"height":200,"srcset":"https:\/\/i0.wp.com\/oui-oui.es\/blog\/wp-content\/uploads\/Oui-Oui-puerta-ratoncito-P%C3%A9rez-Orgullo-Gay.jpg?resize=350%2C200&ssl=1 1x, https:\/\/i0.wp.com\/oui-oui.es\/blog\/wp-content\/uploads\/Oui-Oui-puerta-ratoncito-P%C3%A9rez-Orgullo-Gay.jpg?resize=525%2C300&ssl=1 1.5x"},"classes":[]},{"id":3293,"url":"https:\/\/oui-oui.es\/blog\/una-puerta-del-ratoncito-perez-con-boca-de-riego\/","url_meta":{"origin":2495,"position":5},"title":"Una puerta del ratoncito P\u00e9rez con boca de riego","author":"Mar\u00eda \u2665Oui Oui\u2665","date":"14 septiembre, 2015","format":false,"excerpt":"No me canso de deciros lo que me gusta conocer vuestras historias con nuestros produtos y, en concreto, con las puertas del ratoncito P\u00e9rez, m\u00e1s a\u00fan. Nos encanta ver vuestras puertas colocadas, cuando customiz\u00e1is alg\u00fan complemento, conocer la historia del porqu\u00e9 del nombre o n\u00famero que ped\u00eds o hasta cuando\u2026","rel":"","context":"En \u00abNI\u00d1OS Y NI\u00d1AS\u00bb","block_context":{"text":"NI\u00d1OS Y NI\u00d1AS","link":"https:\/\/oui-oui.es\/blog\/category\/ninos\/"},"img":{"alt_text":"","src":"https:\/\/i0.wp.com\/oui-oui.es\/blog\/wp-content\/uploads\/2015\/09\/Oui-Oui-puerta-ratoncito-p%C3%A9rez-casita-ratoncito-perez-9.jpg?resize=350%2C200&ssl=1","width":350,"height":200,"srcset":"https:\/\/i0.wp.com\/oui-oui.es\/blog\/wp-content\/uploads\/2015\/09\/Oui-Oui-puerta-ratoncito-p%C3%A9rez-casita-ratoncito-perez-9.jpg?resize=350%2C200&ssl=1 1x, https:\/\/i0.wp.com\/oui-oui.es\/blog\/wp-content\/uploads\/2015\/09\/Oui-Oui-puerta-ratoncito-p%C3%A9rez-casita-ratoncito-perez-9.jpg?resize=525%2C300&ssl=1 1.5x, https:\/\/i0.wp.com\/oui-oui.es\/blog\/wp-content\/uploads\/2015\/09\/Oui-Oui-puerta-ratoncito-p%C3%A9rez-casita-ratoncito-perez-9.jpg?resize=700%2C400&ssl=1 2x, https:\/\/i0.wp.com\/oui-oui.es\/blog\/wp-content\/uploads\/2015\/09\/Oui-Oui-puerta-ratoncito-p%C3%A9rez-casita-ratoncito-perez-9.jpg?resize=1050%2C600&ssl=1 3x, https:\/\/i0.wp.com\/oui-oui.es\/blog\/wp-content\/uploads\/2015\/09\/Oui-Oui-puerta-ratoncito-p%C3%A9rez-casita-ratoncito-perez-9.jpg?resize=1400%2C800&ssl=1 4x"},"classes":[]}],"_links":{"self":[{"href":"https:\/\/oui-oui.es\/blog\/wp-json\/wp\/v2\/posts\/2495","targetHints":{"allow":["GET"]}}],"collection":[{"href":"https:\/\/oui-oui.es\/blog\/wp-json\/wp\/v2\/posts"}],"about":[{"href":"https:\/\/oui-oui.es\/blog\/wp-json\/wp\/v2\/types\/post"}],"author":[{"embeddable":true,"href":"https:\/\/oui-oui.es\/blog\/wp-json\/wp\/v2\/users\/1"}],"replies":[{"embeddable":true,"href":"https:\/\/oui-oui.es\/blog\/wp-json\/wp\/v2\/comments?post=2495"}],"version-history":[{"count":1,"href":"https:\/\/oui-oui.es\/blog\/wp-json\/wp\/v2\/posts\/2495\/revisions"}],"predecessor-version":[{"id":3054,"href":"https:\/\/oui-oui.es\/blog\/wp-json\/wp\/v2\/posts\/2495\/revisions\/3054"}],"wp:featuredmedia":[{"embeddable":true,"href":"https:\/\/oui-oui.es\/blog\/wp-json\/wp\/v2\/media\/3053"}],"wp:attachment":[{"href":"https:\/\/oui-oui.es\/blog\/wp-json\/wp\/v2\/media?parent=2495"}],"wp:term":[{"taxonomy":"category","embeddable":true,"href":"https:\/\/oui-oui.es\/blog\/wp-json\/wp\/v2\/categories?post=2495"},{"taxonomy":"post_tag","embeddable":true,"href":"https:\/\/oui-oui.es\/blog\/wp-json\/wp\/v2\/tags?post=2495"}],"curies":[{"name":"wp","href":"https:\/\/api.w.org\/{rel}","templated":true}]}}