{"id":2544,"date":"2015-06-04T00:01:00","date_gmt":"2015-06-03T22:01:00","guid":{"rendered":"https:\/\/ouiouiblog.wordpress.com\/?p=2544"},"modified":"2015-09-01T16:09:18","modified_gmt":"2015-09-01T14:09:18","slug":"3-hoteles-con-encanto-para-ir-con-ninos-cerca-de-madrid","status":"publish","type":"post","link":"https:\/\/oui-oui.es\/blog\/3-hoteles-con-encanto-para-ir-con-ninos-cerca-de-madrid\/","title":{"rendered":"3 hoteles con encanto para ir con ni\u00f1os cerca de Madrid"},"content":{"rendered":"<div id=\"attachment_2555\" style=\"width: 670px\" class=\"wp-caption aligncenter\"><a href=\"https:\/\/ouiouiblog.files.wordpress.com\/2015\/06\/oui-oui-hoteles-con-encanto-con-nic3b1os-madrid-candeleda-la-casa-de-los-tomillares-4.jpg\"><img loading=\"lazy\" decoding=\"async\" aria-describedby=\"caption-attachment-2555\" class=\"wp-image-2555 size-large\" src=\"https:\/\/ouiouiblog.files.wordpress.com\/2015\/06\/oui-oui-hoteles-con-encanto-con-nic3b1os-madrid-candeleda-la-casa-de-los-tomillares-4.jpg?w=660\" alt=\"Oui Oui-hoteles con encanto con ni\u00f1os madrid-candeleda-la casa de los tomillares (4)\" width=\"660\" height=\"357\" \/><\/a><p id=\"caption-attachment-2555\" class=\"wp-caption-text\">La casa de los tomillares<\/p><\/div>\n<p>Parece que las palabras ni\u00f1os y \u00abcon encanto\u00bb son incompatibles, pero yo me niego a ello, as\u00ed que voy a intentar recopilar en el blog todas las direcciones <strong><em>\u00abcon encanto\u00bb<\/em><\/strong> (al final es el t\u00e9rmino de b\u00fasqueda, porque cuando pongo \u00abhoteles monos\u00bb salen hoteles CON monos&#8230;jajaja) que vaya descubriendo, porque podemos ir con ni\u00f1os y a la vez disfrutar de un paraje incomparable, una decoraci\u00f3n cuidada y una rica comida.<\/p>\n<p><a href=\"http:\/\/www.lacasadelostomillares.es\/\" target=\"_blank\"><strong>La casa de los tomillares<\/strong><\/a><\/p>\n<p><a href=\"https:\/\/ouiouiblog.files.wordpress.com\/2015\/06\/oui-oui-hoteles-con-encanto-con-nic3b1os-madrid-candeleda-la-casa-de-los-tomillares-6.jpg\"><img loading=\"lazy\" decoding=\"async\" class=\"aligncenter size-full wp-image-2557\" src=\"https:\/\/ouiouiblog.files.wordpress.com\/2015\/06\/oui-oui-hoteles-con-encanto-con-nic3b1os-madrid-candeleda-la-casa-de-los-tomillares-6.jpg\" alt=\"Oui Oui-hoteles con encanto con ni\u00f1os madrid-candeleda-la casa de los tomillares (6)\" width=\"550\" height=\"297\" \/><\/a><\/p>\n<p>Estuvimos el oto\u00f1o pasado disfrutando de un fin de semana familiar, fuimos con Mart\u00edn (tienen cuna) y, m\u00e1s que un hotel con encanto, es un <strong>hotelazo<\/strong>. Es una casa <strong>a los pies<\/strong> de la <strong>sierra de Gredos<\/strong> (en Candeleda), decorada con much\u00edsimo estilo y con jard\u00edn y campo alrededor para poder moverse con libertad, tambi\u00e9n tiene piscina.<\/p>\n<p><a href=\"https:\/\/ouiouiblog.files.wordpress.com\/2015\/06\/oui-oui-hoteles-con-encanto-con-nic3b1os-madrid-candeleda-la-casa-de-los-tomillares-3.jpg\"><img loading=\"lazy\" decoding=\"async\" class=\"aligncenter size-full wp-image-2554\" src=\"https:\/\/ouiouiblog.files.wordpress.com\/2015\/06\/oui-oui-hoteles-con-encanto-con-nic3b1os-madrid-candeleda-la-casa-de-los-tomillares-3.jpg\" alt=\"Oui Oui-hoteles con encanto con ni\u00f1os madrid-candeleda-la casa de los tomillares (3)\" width=\"359\" height=\"479\" \/><\/a><\/p>\n<p><a href=\"https:\/\/ouiouiblog.files.wordpress.com\/2015\/06\/oui-oui-hoteles-con-encanto-con-nic3b1os-madrid-candeleda-la-casa-de-los-tomillares-1.jpg\"><img loading=\"lazy\" decoding=\"async\" class=\"aligncenter size-full wp-image-2552\" src=\"https:\/\/ouiouiblog.files.wordpress.com\/2015\/06\/oui-oui-hoteles-con-encanto-con-nic3b1os-madrid-candeleda-la-casa-de-los-tomillares-1.jpg\" alt=\"Oui Oui-hoteles con encanto con ni\u00f1os madrid-candeleda-la casa de los tomillares (1)\" width=\"359\" height=\"479\" \/><\/a><\/p>\n<p><a href=\"https:\/\/ouiouiblog.files.wordpress.com\/2015\/06\/oui-oui-hoteles-con-encanto-con-nic3b1os-madrid-candeleda-la-casa-de-los-tomillares-5.jpg\"><img loading=\"lazy\" decoding=\"async\" class=\"aligncenter size-large wp-image-2556\" src=\"https:\/\/ouiouiblog.files.wordpress.com\/2015\/06\/oui-oui-hoteles-con-encanto-con-nic3b1os-madrid-candeleda-la-casa-de-los-tomillares-5.jpg?w=660\" alt=\"Oui Oui-hoteles con encanto con ni\u00f1os madrid-candeleda-la casa de los tomillares (5)\" width=\"660\" height=\"357\" \/><\/a><\/p>\n<p>Merece la pena <strong>quedarse a comer o cenar<\/strong>, porque la cocina de Carolina es espectacular.<\/p>\n<p>M\u00e1s info <a href=\"http:\/\/www.lacasadelostomillares.es\/\" target=\"_blank\">aqu\u00ed<\/a><\/p>\n<p><a href=\"http:\/\/www.montedecutamilla.com\/\" target=\"_blank\"><strong>Finca Cutamilla<\/strong><\/a><\/p>\n<p><a href=\"http:\/\/www.oui-oui.es\/senales-y-carteles\/611-cartel-flecha-garden.html\"><img loading=\"lazy\" decoding=\"async\" class=\"aligncenter size-full wp-image-2549\" src=\"https:\/\/ouiouiblog.files.wordpress.com\/2015\/06\/oui-oui-cartel-garden-finca-cutamilla.jpg\" alt=\"Oui Oui-cartel garden-finca cutamilla\" width=\"479\" height=\"479\" \/><\/a><\/p>\n<p>Este plan es para <strong>coger la casa entre amigos<\/strong>, a los pies de las monta\u00f1as de <strong>Sig\u00fcenza<\/strong>\u00a0(del Monte de Cutamilla m\u00e1s concretamente) se encuentra <strong>Finca Cutamilla<\/strong>, un remanso de paz, de verde y de rincones de campo para disfrutar mayores y ni\u00f1os. Puedes hablar con Mara, su due\u00f1a, para que te organice <strong>un picnic entre jaras en lo alto de la monta\u00f1a<\/strong>, <strong>una actividad con animales para los ni\u00f1os<\/strong> o, simplemente un paseo por el campo.<\/p>\n<p><a href=\"https:\/\/ouiouiblog.files.wordpress.com\/2015\/06\/oui-oui-finca-monte-cutamilla-alojamiento-con-estilo-cerca-de-madrid.jpg\"><img loading=\"lazy\" decoding=\"async\" class=\"aligncenter size-full wp-image-2550\" src=\"https:\/\/ouiouiblog.files.wordpress.com\/2015\/06\/oui-oui-finca-monte-cutamilla-alojamiento-con-estilo-cerca-de-madrid.jpg\" alt=\"Oui Oui-finca monte cutamilla-alojamiento con estilo cerca de madrid\" width=\"639\" height=\"479\" \/><\/a><\/p>\n<p><a href=\"https:\/\/ouiouiblog.files.wordpress.com\/2015\/06\/oui-oui-finca-monte-cutamilla-finca-con-estilo-sigc3bcenza.jpg\"><img loading=\"lazy\" decoding=\"async\" class=\"aligncenter size-full wp-image-2551\" src=\"https:\/\/ouiouiblog.files.wordpress.com\/2015\/06\/oui-oui-finca-monte-cutamilla-finca-con-estilo-sigc3bcenza.jpg\" alt=\"Oui Oui-finca monte cutamilla-finca con estilo sig\u00fcenza\" width=\"359\" height=\"479\" \/><\/a><\/p>\n<p><a href=\"http:\/\/www.oui-oui.es\/fiesta\/538-pajitas-flores-de-colores.html\"><img loading=\"lazy\" decoding=\"async\" class=\"aligncenter size-full wp-image-2558\" src=\"https:\/\/ouiouiblog.files.wordpress.com\/2015\/06\/oui-oui-pajitas-de-flores-fiesta-aire-libre-finca-cutamilla.jpg\" alt=\"Oui Oui-pajitas de flores-fiesta aire libre-finca cutamilla\" width=\"479\" height=\"479\" \/><\/a><\/p>\n<p>Otro extra; el <a href=\"http:\/\/www.maracatering.com\" target=\"_blank\">catering de Mara<\/a> es incre\u00edble tambi\u00e9n!<\/p>\n<p><a href=\"https:\/\/ouiouiblog.files.wordpress.com\/2015\/06\/oui-oui-picnic-en-monte-cutamilla-finca-bodas-cerca-de-madrid.jpg\"><img loading=\"lazy\" decoding=\"async\" class=\"aligncenter size-full wp-image-2559\" src=\"https:\/\/ouiouiblog.files.wordpress.com\/2015\/06\/oui-oui-picnic-en-monte-cutamilla-finca-bodas-cerca-de-madrid.jpg\" alt=\"Oui Oui-picnic en monte cutamilla-finca bodas cerca de madrid\" width=\"479\" height=\"479\" \/><\/a><\/p>\n<p>Tambi\u00e9n organizan <a href=\"http:\/\/www.montedecutamilla.com\/planes-de-fin-de-semana\/\" target=\"_blank\">planes de fin de semana<\/a>\u00a0de vez en cu\u00e1ndo a los que puedes apuntarte de forma individual, de hecho, en octubre, el finde del 24-25 <a href=\"http:\/\/www.experienciar.es\" target=\"_blank\">Experienciar<\/a> organiza un <a href=\"http:\/\/disfrutimadres.com\/slider\/retiro-cutamilla-emprendimiento\/\" target=\"_blank\">retiro de emprendimiento<\/a> en el que participar\u00e9, si est\u00e1s emprendiendo un negocio y te apetece desarrolarte en un entorno precioso, \u00e9ste es tu taller!<\/p>\n<p>M\u00e1s info de <strong>Finca Cutamilla<\/strong> <a href=\"http:\/\/www.montedecutamilla.com\/\" target=\"_blank\">aqu\u00ed<\/a><\/p>\n<p><a href=\"http:\/\/elesconditedepedromalillo.com\/casas-rurales-en-candeleda\/\" target=\"_blank\"><strong>El escondite de Pedro Malillo<\/strong><\/a><\/p>\n<p>Estas <strong>casas rurales<\/strong> las tengo pendientes con muchas ganas, m\u00e1s bien se trata de un complejo de 5 casas rurales,que puedes alquilar por separado, <strong>la piscina de la casa del Arroyo<\/strong> me tiene enamorada!<\/p>\n<p><a href=\"https:\/\/ouiouiblog.files.wordpress.com\/2015\/06\/oui-oui-alojamiento-rural-casa-rural-con-encanto-y-piscina-cerca-de-madrid-pedro-malillo.jpg\"><img loading=\"lazy\" decoding=\"async\" class=\"aligncenter size-large wp-image-2548\" src=\"https:\/\/ouiouiblog.files.wordpress.com\/2015\/06\/oui-oui-alojamiento-rural-casa-rural-con-encanto-y-piscina-cerca-de-madrid-pedro-malillo.jpg?w=660\" alt=\"Oui Oui-alojamiento rural-casa rural con encanto y piscina cerca de madrid-pedro malillo\" width=\"660\" height=\"309\" \/><\/a><\/p>\n<p>Tambi\u00e9n est\u00e1 en la zona de <strong>Candeleda<\/strong>, que no s\u00e9 que tiene pero que creo que har\u00e9 otro post s\u00f3lo de esa zona, tiene una concentraci\u00f3n de alojamientos con encanto incre\u00edble!<\/p>\n<p>M\u00e1s info <a href=\"http:\/\/elesconditedepedromalillo.com\/casas-rurales-en-candeleda\/\" target=\"_blank\">aqu\u00ed<\/a><\/p>\n<p>Voy a intentar recopilar el mayor n\u00famero de <strong>hoteles con encanto aptos para ir con ni\u00f1os<\/strong>, cerca de Madrid o no, as\u00ed que si sab\u00e9is de alguno m\u00e1s&#8230;Es bienvenido!<\/p>\n","protected":false},"excerpt":{"rendered":"<p>Parece que las palabras ni\u00f1os y \u00abcon encanto\u00bb son incompatibles, pero yo me niego a ello, as\u00ed que voy a intentar recopilar en el blog todas las direcciones \u00abcon encanto\u00bb (al final es el t\u00e9rmino de b\u00fasqueda, porque cuando pongo \u00abhoteles monos\u00bb salen hoteles CON monos&#8230;jajaja) que vaya descubriendo, porque podemos ir con ni\u00f1os y [&hellip;]<\/p>\n","protected":false},"author":1,"featured_media":3048,"comment_status":"open","ping_status":"open","sticky":false,"template":"","format":"standard","meta":{"jetpack_post_was_ever_published":false,"_jetpack_newsletter_access":"","_jetpack_dont_email_post_to_subs":false,"_jetpack_newsletter_tier_id":0,"_jetpack_memberships_contains_paywalled_content":false,"_jetpack_memberships_contains_paid_content":false,"footnotes":"","jetpack_publicize_message":"","jetpack_publicize_feature_enabled":true,"jetpack_social_post_already_shared":false,"jetpack_social_options":{"image_generator_settings":{"template":"highway","default_image_id":0,"font":"","enabled":false},"version":2}},"categories":[177,174],"tags":[724,666,632],"class_list":["post-2544","post","type-post","status-publish","format-standard","has-post-thumbnail","hentry","category-lifestyle-2","category-ninos","tag-fincas","tag-hoteles-con-encanto-ir-con-ninos","tag-viajes"],"aioseo_notices":[],"jetpack_publicize_connections":[],"jetpack_featured_media_url":"https:\/\/oui-oui.es\/blog\/wp-content\/uploads\/2015\/06\/oui-oui-hoteles-con-encanto-con-nic3b1os-madrid-candeleda-la-casa-de-los-tomillares-4.jpg","jetpack_sharing_enabled":true,"jetpack-related-posts":[{"id":4537,"url":"https:\/\/oui-oui.es\/blog\/casa-la-bonita\/","url_meta":{"origin":2544,"position":0},"title":"Casa La Bonita","author":"Mar\u00eda \u2665Oui Oui\u2665","date":"27 junio, 2016","format":false,"excerpt":"Me gustan los hoteles peque\u00f1os y con encanto, las casas rurales, los hoteles boutique y los alojamientos especiales.Ahora con ni\u00f1os no es tan f\u00e1cil encontrar uno que nos cuadre a todos pero a\u00fan as\u00ed no me rindo, por eso en cuanto descubr\u00ed Casa La Bonita en Agua Amarga (uno de\u2026","rel":"","context":"En \u00abESTILO DE VIDA\u00bb","block_context":{"text":"ESTILO DE VIDA","link":"https:\/\/oui-oui.es\/blog\/category\/lifestyle-2\/"},"img":{"alt_text":"","src":"https:\/\/i0.wp.com\/oui-oui.es\/blog\/wp-content\/uploads\/2016\/06\/Oui-Oui-casa-la-bonita-hoteles-cool-aguamarga-alojamiento-con-encanto-almeria-1.jpg?resize=350%2C200&ssl=1","width":350,"height":200,"srcset":"https:\/\/i0.wp.com\/oui-oui.es\/blog\/wp-content\/uploads\/2016\/06\/Oui-Oui-casa-la-bonita-hoteles-cool-aguamarga-alojamiento-con-encanto-almeria-1.jpg?resize=350%2C200&ssl=1 1x, https:\/\/i0.wp.com\/oui-oui.es\/blog\/wp-content\/uploads\/2016\/06\/Oui-Oui-casa-la-bonita-hoteles-cool-aguamarga-alojamiento-con-encanto-almeria-1.jpg?resize=525%2C300&ssl=1 1.5x"},"classes":[]},{"id":3099,"url":"https:\/\/oui-oui.es\/blog\/cabo-de-gata-en-familia\/","url_meta":{"origin":2544,"position":1},"title":"Cabo de Gata en familia","author":"Mar\u00eda \u2665Oui Oui\u2665","date":"2 septiembre, 2015","format":false,"excerpt":"Como contaba el otro d\u00eda, este a\u00f1o decidimos buscar un destino de \"playa de calor\" para segurarnos los d\u00edas de playa con Mart\u00edn, pero quer\u00edamos hu\u00edr de las masificaciones, los macro hoteles y los atascos, as\u00ed llegamos a Cabo de Gata. Siendo sincera, seg\u00fan bajamos del coche nos golpe\u00f3 una\u2026","rel":"","context":"En \u00abESTILO DE VIDA\u00bb","block_context":{"text":"ESTILO DE VIDA","link":"https:\/\/oui-oui.es\/blog\/category\/lifestyle-2\/"},"img":{"alt_text":"","src":"https:\/\/i0.wp.com\/oui-oui.es\/blog\/wp-content\/uploads\/2015\/09\/Oui-Oui-cabo-de-gata-con-ni%C3%B1os-agua-amarga.jpg?resize=350%2C200&ssl=1","width":350,"height":200,"srcset":"https:\/\/i0.wp.com\/oui-oui.es\/blog\/wp-content\/uploads\/2015\/09\/Oui-Oui-cabo-de-gata-con-ni%C3%B1os-agua-amarga.jpg?resize=350%2C200&ssl=1 1x, https:\/\/i0.wp.com\/oui-oui.es\/blog\/wp-content\/uploads\/2015\/09\/Oui-Oui-cabo-de-gata-con-ni%C3%B1os-agua-amarga.jpg?resize=525%2C300&ssl=1 1.5x, https:\/\/i0.wp.com\/oui-oui.es\/blog\/wp-content\/uploads\/2015\/09\/Oui-Oui-cabo-de-gata-con-ni%C3%B1os-agua-amarga.jpg?resize=700%2C400&ssl=1 2x, https:\/\/i0.wp.com\/oui-oui.es\/blog\/wp-content\/uploads\/2015\/09\/Oui-Oui-cabo-de-gata-con-ni%C3%B1os-agua-amarga.jpg?resize=1050%2C600&ssl=1 3x, https:\/\/i0.wp.com\/oui-oui.es\/blog\/wp-content\/uploads\/2015\/09\/Oui-Oui-cabo-de-gata-con-ni%C3%B1os-agua-amarga.jpg?resize=1400%2C800&ssl=1 4x"},"classes":[]},{"id":4659,"url":"https:\/\/oui-oui.es\/blog\/pequena-y-grande-una-coleccion-con-encanto\/","url_meta":{"origin":2544,"position":2},"title":"Peque\u00f1a y Grande, una colecci\u00f3n con encanto","author":"Mar\u00eda \u2665Oui Oui\u2665","date":"14 julio, 2016","format":false,"excerpt":"El verano es un momento ideal para leer, no solo los mayores que tenemos m\u00e1s tiempo sino tambi\u00e9n los peques, tanto a los que les encanta leer cuentos como a Mart\u00edn como a los que a\u00fan no les ha llamado, es un momento perfecto para introducirles nuevas historias, nuevos cuentos,\u2026","rel":"","context":"En \u00abNI\u00d1OS Y NI\u00d1AS\u00bb","block_context":{"text":"NI\u00d1OS Y NI\u00d1AS","link":"https:\/\/oui-oui.es\/blog\/category\/ninos\/"},"img":{"alt_text":"","src":"https:\/\/i0.wp.com\/oui-oui.es\/blog\/wp-content\/uploads\/2016\/07\/Oui-Oui-Peque%C3%B1a-y-Grande-Coco-Chanel.jpg?resize=350%2C200&ssl=1","width":350,"height":200,"srcset":"https:\/\/i0.wp.com\/oui-oui.es\/blog\/wp-content\/uploads\/2016\/07\/Oui-Oui-Peque%C3%B1a-y-Grande-Coco-Chanel.jpg?resize=350%2C200&ssl=1 1x, https:\/\/i0.wp.com\/oui-oui.es\/blog\/wp-content\/uploads\/2016\/07\/Oui-Oui-Peque%C3%B1a-y-Grande-Coco-Chanel.jpg?resize=525%2C300&ssl=1 1.5x, https:\/\/i0.wp.com\/oui-oui.es\/blog\/wp-content\/uploads\/2016\/07\/Oui-Oui-Peque%C3%B1a-y-Grande-Coco-Chanel.jpg?resize=700%2C400&ssl=1 2x, https:\/\/i0.wp.com\/oui-oui.es\/blog\/wp-content\/uploads\/2016\/07\/Oui-Oui-Peque%C3%B1a-y-Grande-Coco-Chanel.jpg?resize=1050%2C600&ssl=1 3x, https:\/\/i0.wp.com\/oui-oui.es\/blog\/wp-content\/uploads\/2016\/07\/Oui-Oui-Peque%C3%B1a-y-Grande-Coco-Chanel.jpg?resize=1400%2C800&ssl=1 4x"},"classes":[]},{"id":3022,"url":"https:\/\/oui-oui.es\/blog\/y-tu-eres-de-playa-de-norte-o-de-sur\/","url_meta":{"origin":2544,"position":3},"title":"Y t\u00fa, \u00bferes de playa de Norte o de Sur?","author":"Mar\u00eda \u2665Oui Oui\u2665","date":"26 agosto, 2015","format":false,"excerpt":"\u00a0 Ten\u00eda la esperanza de poder escribir todas las noches de las \u00faltimas semanas, pero resulta que llego muerta y me quedo frita, as\u00ed que he encontraod un huequ\u00edn para compartir mis reflexiones del \u00faltimo mes sobre las ventajas de ir a una playa \"de calor\" (en Espa\u00f1a d\u00edcese del\u2026","rel":"","context":"En \u00abESTILO DE VIDA\u00bb","block_context":{"text":"ESTILO DE VIDA","link":"https:\/\/oui-oui.es\/blog\/category\/lifestyle-2\/"},"img":{"alt_text":"","src":"https:\/\/i0.wp.com\/oui-oui.es\/blog\/wp-content\/uploads\/2015\/08\/Oui-Oui-playas-asturias-con-ni%C3%B1os-tazones.jpg?resize=350%2C200&ssl=1","width":350,"height":200,"srcset":"https:\/\/i0.wp.com\/oui-oui.es\/blog\/wp-content\/uploads\/2015\/08\/Oui-Oui-playas-asturias-con-ni%C3%B1os-tazones.jpg?resize=350%2C200&ssl=1 1x, https:\/\/i0.wp.com\/oui-oui.es\/blog\/wp-content\/uploads\/2015\/08\/Oui-Oui-playas-asturias-con-ni%C3%B1os-tazones.jpg?resize=525%2C300&ssl=1 1.5x, https:\/\/i0.wp.com\/oui-oui.es\/blog\/wp-content\/uploads\/2015\/08\/Oui-Oui-playas-asturias-con-ni%C3%B1os-tazones.jpg?resize=700%2C400&ssl=1 2x, https:\/\/i0.wp.com\/oui-oui.es\/blog\/wp-content\/uploads\/2015\/08\/Oui-Oui-playas-asturias-con-ni%C3%B1os-tazones.jpg?resize=1050%2C600&ssl=1 3x"},"classes":[]},{"id":4745,"url":"https:\/\/oui-oui.es\/blog\/babymoon-en-aire-de-bardenas\/","url_meta":{"origin":2544,"position":4},"title":"Babymoon en Aire de B\u00e1rdenas","author":"Mar\u00eda \u2665Oui Oui\u2665","date":"18 octubre, 2016","format":false,"excerpt":"Soy muy fan del concepto Babymoon; se trata del viaje que haces embarazada, unos meses antes de dar a luz, para disfrutar del relax del que carecer\u00e1s al menos durante el siguiente a\u00f1o. Con Mart\u00edn planeamos nuestra babymoon dos meses antes de que naciera (acabo de descubrir que escrib\u00ed un\u2026","rel":"","context":"En \u00abESTILO DE VIDA\u00bb","block_context":{"text":"ESTILO DE VIDA","link":"https:\/\/oui-oui.es\/blog\/category\/lifestyle-2\/"},"img":{"alt_text":"","src":"https:\/\/i0.wp.com\/oui-oui.es\/blog\/wp-content\/uploads\/2016\/10\/Oui-Oui-babymoon-aire-de-bardenas-habitaciones-cubo.jpg?resize=350%2C200&ssl=1","width":350,"height":200,"srcset":"https:\/\/i0.wp.com\/oui-oui.es\/blog\/wp-content\/uploads\/2016\/10\/Oui-Oui-babymoon-aire-de-bardenas-habitaciones-cubo.jpg?resize=350%2C200&ssl=1 1x, https:\/\/i0.wp.com\/oui-oui.es\/blog\/wp-content\/uploads\/2016\/10\/Oui-Oui-babymoon-aire-de-bardenas-habitaciones-cubo.jpg?resize=525%2C300&ssl=1 1.5x, https:\/\/i0.wp.com\/oui-oui.es\/blog\/wp-content\/uploads\/2016\/10\/Oui-Oui-babymoon-aire-de-bardenas-habitaciones-cubo.jpg?resize=700%2C400&ssl=1 2x"},"classes":[]},{"id":4772,"url":"https:\/\/oui-oui.es\/blog\/un-fin-de-semana-en-los-enebrales\/","url_meta":{"origin":2544,"position":5},"title":"Un fin de semana en los Enebrales","author":"Mar\u00eda \u2665Oui Oui\u2665","date":"24 octubre, 2016","format":false,"excerpt":"Me gusta que me sorprendan y reconozco que no es f\u00e1cil, por un lado soy detallista y me gusta que lo sean conmigo, y, por otro, tengo tanto contacto con caterings, restaurantes, fot\u00f3grafos, organizadores de eventos, etc...Que , aunque a los que \"estamos metidos en \u00e9sto\" nos parezca lo normal,\u2026","rel":"","context":"En \u00abBautizos\u00bb","block_context":{"text":"Bautizos","link":"https:\/\/oui-oui.es\/blog\/category\/fiestas-celebraciones\/bautizos\/"},"img":{"alt_text":"","src":"https:\/\/i0.wp.com\/oui-oui.es\/blog\/wp-content\/uploads\/2016\/10\/Oui-Oui-finca-los-enebrales-talleres-ni%C3%B1os-campo-hotel-rural-ni%C3%B1os-cerca-madrid-NG-Estudio-2.jpg?resize=350%2C200&ssl=1","width":350,"height":200,"srcset":"https:\/\/i0.wp.com\/oui-oui.es\/blog\/wp-content\/uploads\/2016\/10\/Oui-Oui-finca-los-enebrales-talleres-ni%C3%B1os-campo-hotel-rural-ni%C3%B1os-cerca-madrid-NG-Estudio-2.jpg?resize=350%2C200&ssl=1 1x, https:\/\/i0.wp.com\/oui-oui.es\/blog\/wp-content\/uploads\/2016\/10\/Oui-Oui-finca-los-enebrales-talleres-ni%C3%B1os-campo-hotel-rural-ni%C3%B1os-cerca-madrid-NG-Estudio-2.jpg?resize=525%2C300&ssl=1 1.5x, https:\/\/i0.wp.com\/oui-oui.es\/blog\/wp-content\/uploads\/2016\/10\/Oui-Oui-finca-los-enebrales-talleres-ni%C3%B1os-campo-hotel-rural-ni%C3%B1os-cerca-madrid-NG-Estudio-2.jpg?resize=700%2C400&ssl=1 2x, https:\/\/i0.wp.com\/oui-oui.es\/blog\/wp-content\/uploads\/2016\/10\/Oui-Oui-finca-los-enebrales-talleres-ni%C3%B1os-campo-hotel-rural-ni%C3%B1os-cerca-madrid-NG-Estudio-2.jpg?resize=1050%2C600&ssl=1 3x"},"classes":[]}],"_links":{"self":[{"href":"https:\/\/oui-oui.es\/blog\/wp-json\/wp\/v2\/posts\/2544","targetHints":{"allow":["GET"]}}],"collection":[{"href":"https:\/\/oui-oui.es\/blog\/wp-json\/wp\/v2\/posts"}],"about":[{"href":"https:\/\/oui-oui.es\/blog\/wp-json\/wp\/v2\/types\/post"}],"author":[{"embeddable":true,"href":"https:\/\/oui-oui.es\/blog\/wp-json\/wp\/v2\/users\/1"}],"replies":[{"embeddable":true,"href":"https:\/\/oui-oui.es\/blog\/wp-json\/wp\/v2\/comments?post=2544"}],"version-history":[{"count":1,"href":"https:\/\/oui-oui.es\/blog\/wp-json\/wp\/v2\/posts\/2544\/revisions"}],"predecessor-version":[{"id":2766,"href":"https:\/\/oui-oui.es\/blog\/wp-json\/wp\/v2\/posts\/2544\/revisions\/2766"}],"wp:featuredmedia":[{"embeddable":true,"href":"https:\/\/oui-oui.es\/blog\/wp-json\/wp\/v2\/media\/3048"}],"wp:attachment":[{"href":"https:\/\/oui-oui.es\/blog\/wp-json\/wp\/v2\/media?parent=2544"}],"wp:term":[{"taxonomy":"category","embeddable":true,"href":"https:\/\/oui-oui.es\/blog\/wp-json\/wp\/v2\/categories?post=2544"},{"taxonomy":"post_tag","embeddable":true,"href":"https:\/\/oui-oui.es\/blog\/wp-json\/wp\/v2\/tags?post=2544"}],"curies":[{"name":"wp","href":"https:\/\/api.w.org\/{rel}","templated":true}]}}