{"id":2561,"date":"2015-06-08T18:42:07","date_gmt":"2015-06-08T16:42:07","guid":{"rendered":"https:\/\/ouiouiblog.wordpress.com\/?p=2561"},"modified":"2015-09-01T16:06:35","modified_gmt":"2015-09-01T14:06:35","slug":"oui-oui-en-decoraccion-2","status":"publish","type":"post","link":"https:\/\/oui-oui.es\/blog\/oui-oui-en-decoraccion-2\/","title":{"rendered":"Oui Oui en DecorAcci\u00f3n"},"content":{"rendered":"<p><a href=\"https:\/\/ouiouiblog.files.wordpress.com\/2015\/06\/oui-oui-en-decoraccion.jpg\"><img loading=\"lazy\" decoding=\"async\" class=\"aligncenter size-full wp-image-2567\" src=\"https:\/\/ouiouiblog.files.wordpress.com\/2015\/06\/oui-oui-en-decoraccion.jpg\" alt=\"oui oui en decoraccion\" width=\"640\" height=\"640\" \/><\/a><\/p>\n<p>Creo que ya lo he dicho\u00a0muchas veces, pero no me canso; le <strong>tenemos mucho cari\u00f1o a<\/strong> <strong>DecorAcci\u00f3n<\/strong>; la cita de la decoraci\u00f3n a pie de calle m\u00e1s importante del a\u00f1o.<\/p>\n<p><strong>\u00bfY por qu\u00e9?<\/strong>, pues por varios motivos; la primera vez que estuvimos fue gracias a que pudimos <em>colarnos<\/em> en el stand de un amigo de mi padre, corr\u00eda el mes de <strong>diciembre de 2012<\/strong>, <strong>Oui Oui<\/strong> a\u00fan no exist\u00eda, pero quisimos probar si a la gente les gustaban las <strong>puertas del ratoncito P\u00e9rez<\/strong>, all\u00ed nos fuimos con <strong>las primeras 5 puertas del ratoncito<\/strong> y all\u00ed\u00a0fuimos conscientes de la magia que transmit\u00edan.<\/p>\n<p><a href=\"https:\/\/ouiouiblog.files.wordpress.com\/2015\/06\/oui-oui-decoraccion-2012-primeras-puertas-ratoncito-perez.jpg\"><img loading=\"lazy\" decoding=\"async\" class=\"aligncenter size-large wp-image-2562\" src=\"https:\/\/ouiouiblog.files.wordpress.com\/2015\/06\/oui-oui-decoraccion-2012-primeras-puertas-ratoncito-perez.jpg?w=660\" alt=\"Oui Oui-decoraccion 2012-primeras puertas ratoncito perez\" width=\"660\" height=\"495\" \/><\/a><\/p>\n<p>La siguiente vez que \u00edbamos a participar fue en <strong>septiembre de 2013<\/strong>, <strong>DecorAcci\u00f3n<\/strong> <strong>empezaba una semana despu\u00e9s de que saliera de cuentas<\/strong> y me apunt\u00e9 pensando que tendr\u00eda un parto f\u00e1cil y que estar\u00eda plenamente recuperada&#8230;Pues ni lo uno ni lo otro, tuve que anularlo con toda la pena y la rabia del mundo.<\/p>\n<p><a href=\"https:\/\/ouiouiblog.files.wordpress.com\/2015\/06\/oui-oui-decoraccion-2014-fachada-con-cajas.jpg\"><img loading=\"lazy\" decoding=\"async\" class=\"aligncenter size-full wp-image-2565\" src=\"https:\/\/ouiouiblog.files.wordpress.com\/2015\/06\/oui-oui-decoraccion-2014-fachada-con-cajas.jpg\" alt=\"Oui Oui-decoraccion 2014-fachada con cajas\" width=\"630\" height=\"406\" \/><\/a><\/p>\n<p>Y entonces lleg\u00f3 <strong>DecorAcci\u00f3n 2014<\/strong>, en junio del a\u00f1o pasado, en el que participamos por primera vez a <em>full<\/em>, con <strong><a href=\"http:\/\/www.oui-oui.es\" target=\"_blank\">Oui Oui<\/a><\/strong> como marca, en un <strong>espacio chul\u00edsimo\u00a0<\/strong>en el que conocimos a personas geniales como <strong><a href=\"http:\/\/www.thefleashop.com\" target=\"_blank\">Mariana<\/a><\/strong>, nos tomamos <strong>mojitos<\/strong> en <strong>Dry Martina<\/strong> o comimos en la divertida taberna de <strong>Marta de la Rica<\/strong>.<\/p>\n<p><a href=\"http:\/\/www.oui-oui.es\/\"><img loading=\"lazy\" decoding=\"async\" class=\"aligncenter size-large wp-image-2568\" src=\"https:\/\/ouiouiblog.files.wordpress.com\/2015\/06\/oui-oui-pop-up-deco-decoraccion-2014.jpg?w=660\" alt=\"Oui-Oui-Pop-Up-Deco-decoraccion 2014\" width=\"660\" height=\"495\" \/><\/a><\/p>\n<p>Adem\u00e1s, <strong><a href=\"http:\/\/decoraccion.nuevo-estilo.es\/\" target=\"_blank\">DecorAcci\u00f3n<\/a><\/strong> se celebra en el <strong>Barrio de las Letras<\/strong>, barrio en el que viv\u00ed\u00a0desde que era peque\u00f1a hasta que me independic\u00e9, lo que le da un toque m\u00e1s emotivo, ver a los vecinos comerciantes, subir a casa de mi abuela a comer, poder utilizar la casa de mis padres de almac\u00e9n improvisado&#8230;<\/p>\n<p><a href=\"https:\/\/ouiouiblog.files.wordpress.com\/2015\/06\/oui-oui-mercadillo-decoraccion-san-pedro.png\"><img loading=\"lazy\" decoding=\"async\" class=\"aligncenter size-large wp-image-2566\" src=\"https:\/\/ouiouiblog.files.wordpress.com\/2015\/06\/oui-oui-mercadillo-decoraccion-san-pedro.png?w=660\" alt=\"OUI OUI-mercadillo-decoraccion-san pedro\" width=\"660\" height=\"493\" \/><\/a><\/p>\n<p><a href=\"https:\/\/ouiouiblog.files.wordpress.com\/2015\/06\/oui-oui-decoraccion-2014-cafe-costura.jpg\"><img loading=\"lazy\" decoding=\"async\" class=\"aligncenter size-full wp-image-2563\" src=\"https:\/\/ouiouiblog.files.wordpress.com\/2015\/06\/oui-oui-decoraccion-2014-cafe-costura.jpg\" alt=\"Oui Oui-decoraccion 2014-cafe costura\" width=\"649\" height=\"394\" \/><\/a><\/p>\n<p>As\u00ed que este a\u00f1o repetimos y con una experiencia nueva&#8230;<strong>Estamos en la calle!<\/strong>, las anteriores ediciones est\u00e1bamos en <strong>Megalab<\/strong>, un espacio muy chulo pero cerrado (por cierto, en esta edici\u00f3n, en la plaza que hay delante, al lado del Caixa F\u00f3rum, habr\u00e1 varios <em><strong>foodtrucks<\/strong> <\/em>para comer).<\/p>\n<p>En esta edici\u00f3n de <strong><a href=\"http:\/\/decoraccion.nuevo-estilo.es\/\" target=\"_blank\">DecorAcci\u00f3n 2015<\/a><\/strong> os esperamos en la <strong>Calle Morat\u00edn<\/strong>, a la altura del\u00a0n\u00famero 29.<\/p>\n<p>Estaremos <strong>de JUEVES 11 a DOMINGO 14 de 11 a 21h<\/strong><\/p>\n<p>Llevaremos nuestros productos de decoraci\u00f3n de la casa, pero si quieres que te acerquemos algo en concreto, no dudes en ped\u00edrnoslo por mail)<\/p>\n<p>Nos vemos a partir del jueves!<\/p>\n","protected":false},"excerpt":{"rendered":"<p>Creo que ya lo he dicho\u00a0muchas veces, pero no me canso; le tenemos mucho cari\u00f1o a DecorAcci\u00f3n; la cita de la decoraci\u00f3n a pie de calle m\u00e1s importante del a\u00f1o. \u00bfY por qu\u00e9?, pues por varios motivos; la primera vez que estuvimos fue gracias a que pudimos colarnos en el stand de un amigo de [&hellip;]<\/p>\n","protected":false},"author":1,"featured_media":3043,"comment_status":"open","ping_status":"open","sticky":false,"template":"","format":"standard","meta":{"jetpack_post_was_ever_published":false,"_jetpack_newsletter_access":"","_jetpack_dont_email_post_to_subs":false,"_jetpack_newsletter_tier_id":0,"_jetpack_memberships_contains_paywalled_content":false,"_jetpack_memberships_contains_paid_content":false,"footnotes":"","jetpack_publicize_message":"","jetpack_publicize_feature_enabled":true,"jetpack_social_post_already_shared":false,"jetpack_social_options":{"image_generator_settings":{"template":"highway","default_image_id":0,"font":"","enabled":false},"version":2}},"categories":[173,177,13],"tags":[],"class_list":["post-2561","post","type-post","status-publish","format-standard","has-post-thumbnail","hentry","category-decoracion-de-casa","category-lifestyle-2","category-oui-oui"],"aioseo_notices":[],"jetpack_publicize_connections":[],"jetpack_featured_media_url":"https:\/\/oui-oui.es\/blog\/wp-content\/uploads\/2015\/06\/oui-oui-pop-up-deco-decoraccion-2014.jpg","jetpack_sharing_enabled":true,"jetpack-related-posts":[{"id":4409,"url":"https:\/\/oui-oui.es\/blog\/os-esperamos-en-decoraccion\/","url_meta":{"origin":2561,"position":0},"title":"\u00a1Os esperamos en DecorAcci\u00f3n!","author":"Mar\u00eda \u2665Oui Oui\u2665","date":"7 junio, 2016","format":false,"excerpt":"Un a\u00f1o m\u00e1s \u00a1y ya van cuatro! participaremos en el evento de decoraci\u00f3n m\u00e1s importante de Espa\u00f1a; DecorAcci\u00f3n. El Barrio de las Letras de Madrid se viste de gala para recibir a todo el mundo entre instalaciones, exposiciones, mercadillo de antig\u00fcedades y pop up de tiendas de decoraci\u00f3n online. Como\u2026","rel":"","context":"En \u00abDECORACI\u00d3N\u00bb","block_context":{"text":"DECORACI\u00d3N","link":"https:\/\/oui-oui.es\/blog\/category\/decoracion-de-casa\/"},"img":{"alt_text":"","src":"https:\/\/i0.wp.com\/oui-oui.es\/blog\/wp-content\/uploads\/2016\/06\/Oui-Oui-lampara-catus-verde-cactus-lamp-goodnightlight-jarronejo.jpg?resize=350%2C200&ssl=1","width":350,"height":200,"srcset":"https:\/\/i0.wp.com\/oui-oui.es\/blog\/wp-content\/uploads\/2016\/06\/Oui-Oui-lampara-catus-verde-cactus-lamp-goodnightlight-jarronejo.jpg?resize=350%2C200&ssl=1 1x, https:\/\/i0.wp.com\/oui-oui.es\/blog\/wp-content\/uploads\/2016\/06\/Oui-Oui-lampara-catus-verde-cactus-lamp-goodnightlight-jarronejo.jpg?resize=525%2C300&ssl=1 1.5x, https:\/\/i0.wp.com\/oui-oui.es\/blog\/wp-content\/uploads\/2016\/06\/Oui-Oui-lampara-catus-verde-cactus-lamp-goodnightlight-jarronejo.jpg?resize=700%2C400&ssl=1 2x, https:\/\/i0.wp.com\/oui-oui.es\/blog\/wp-content\/uploads\/2016\/06\/Oui-Oui-lampara-catus-verde-cactus-lamp-goodnightlight-jarronejo.jpg?resize=1050%2C600&ssl=1 3x, https:\/\/i0.wp.com\/oui-oui.es\/blog\/wp-content\/uploads\/2016\/06\/Oui-Oui-lampara-catus-verde-cactus-lamp-goodnightlight-jarronejo.jpg?resize=1400%2C800&ssl=1 4x"},"classes":[]},{"id":1548,"url":"https:\/\/oui-oui.es\/blog\/oui-oui-en-decoraccion\/","url_meta":{"origin":2561,"position":1},"title":"Oui Oui en DecorAcci\u00f3n","author":"Mar\u00eda \u2665Oui Oui\u2665","date":"2 junio, 2014","format":false,"excerpt":"Vuelvo al blog con ganas de contaros muchas cosas y la primera y muy importantes es que Oui Oui va a participar en la V Edici\u00f3n de DecorAcci\u00f3n...Que se ha convertido en uno de los eventos de decoraci\u00f3n m\u00e1s importantes, tanto por su dimensi\u00f3n (todo el Barrio de Las Letras)\u2026","rel":"","context":"En \u00abOUI OUI\u00bb","block_context":{"text":"OUI OUI","link":"https:\/\/oui-oui.es\/blog\/category\/oui-oui\/"},"img":{"alt_text":"","src":"https:\/\/i0.wp.com\/oui-oui.es\/blog\/wp-content\/uploads\/2014\/06\/oui-oui-las-verdaderas-puertas-del-ratoncito-perez-puerta-ratoncito-perez-la-original.jpg?resize=350%2C200&ssl=1","width":350,"height":200,"srcset":"https:\/\/i0.wp.com\/oui-oui.es\/blog\/wp-content\/uploads\/2014\/06\/oui-oui-las-verdaderas-puertas-del-ratoncito-perez-puerta-ratoncito-perez-la-original.jpg?resize=350%2C200&ssl=1 1x, https:\/\/i0.wp.com\/oui-oui.es\/blog\/wp-content\/uploads\/2014\/06\/oui-oui-las-verdaderas-puertas-del-ratoncito-perez-puerta-ratoncito-perez-la-original.jpg?resize=525%2C300&ssl=1 1.5x, https:\/\/i0.wp.com\/oui-oui.es\/blog\/wp-content\/uploads\/2014\/06\/oui-oui-las-verdaderas-puertas-del-ratoncito-perez-puerta-ratoncito-perez-la-original.jpg?resize=700%2C400&ssl=1 2x"},"classes":[]},{"id":5482,"url":"https:\/\/oui-oui.es\/blog\/por-5a-vez-nos-vemos-este-ano-en-decoraccion\/","url_meta":{"origin":2561,"position":2},"title":"Por 5\u00aa vez&#8230;\u00a1Nos vemos este a\u00f1o en DecorAcci\u00f3n!","author":"Mar\u00eda \u2665Oui Oui\u2665","date":"5 junio, 2017","format":false,"excerpt":"Cada a\u00f1o os cuento lo especial que es DecorAcci\u00f3n para m\u00ed, para Oui Oui, para mi familia...Y este a\u00f1o tengo que volver a cont\u00e1roslo porque volvemos a participar, por cuarta o quinta vez, seg\u00fan como se mire (a\u00fan recuerdo cuando Jorge, el amigo de mi padre que est\u00e1 detr\u00e1s de\u2026","rel":"","context":"En \u00abDECORACI\u00d3N\u00bb","block_context":{"text":"DECORACI\u00d3N","link":"https:\/\/oui-oui.es\/blog\/category\/decoracion-de-casa\/"},"img":{"alt_text":"","src":"https:\/\/i0.wp.com\/oui-oui.es\/blog\/wp-content\/uploads\/2017\/06\/Oui-Oui-en-DecorAcci%C3%B3n-2017.jpg?resize=350%2C200&ssl=1","width":350,"height":200,"srcset":"https:\/\/i0.wp.com\/oui-oui.es\/blog\/wp-content\/uploads\/2017\/06\/Oui-Oui-en-DecorAcci%C3%B3n-2017.jpg?resize=350%2C200&ssl=1 1x, https:\/\/i0.wp.com\/oui-oui.es\/blog\/wp-content\/uploads\/2017\/06\/Oui-Oui-en-DecorAcci%C3%B3n-2017.jpg?resize=525%2C300&ssl=1 1.5x, https:\/\/i0.wp.com\/oui-oui.es\/blog\/wp-content\/uploads\/2017\/06\/Oui-Oui-en-DecorAcci%C3%B3n-2017.jpg?resize=700%2C400&ssl=1 2x, https:\/\/i0.wp.com\/oui-oui.es\/blog\/wp-content\/uploads\/2017\/06\/Oui-Oui-en-DecorAcci%C3%B3n-2017.jpg?resize=1050%2C600&ssl=1 3x"},"classes":[]},{"id":2716,"url":"https:\/\/oui-oui.es\/blog\/las-puertas-del-ratoncito-perez-de-junio\/","url_meta":{"origin":2561,"position":3},"title":"Las puertas del ratoncito P\u00e9rez de junio","author":"Mar\u00eda \u2665Oui Oui\u2665","date":"2 julio, 2015","format":false,"excerpt":"Como cada mes, me gusta mostraros las puertas para el ratoncito P\u00e9rez m\u00e1s caracter\u00edsticas, este mes de juno hemos hecho algunas muy especiales, pero lo que m\u00e1s me ha llamado la atenci\u00f3n han sido los destinos hacia donde iban. Hasta este paraje espectcular llegaron dos puertas para el ratoncito (Islas\u2026","rel":"","context":"En \u00abNI\u00d1OS Y NI\u00d1AS\u00bb","block_context":{"text":"NI\u00d1OS Y NI\u00d1AS","link":"https:\/\/oui-oui.es\/blog\/category\/ninos\/"},"img":{"alt_text":"","src":"https:\/\/i0.wp.com\/oui-oui.es\/blog\/wp-content\/uploads\/Oui-Oui-puerta-ratoncito-P%C3%A9rez-Orgullo-Gay.jpg?resize=350%2C200&ssl=1","width":350,"height":200,"srcset":"https:\/\/i0.wp.com\/oui-oui.es\/blog\/wp-content\/uploads\/Oui-Oui-puerta-ratoncito-P%C3%A9rez-Orgullo-Gay.jpg?resize=350%2C200&ssl=1 1x, https:\/\/i0.wp.com\/oui-oui.es\/blog\/wp-content\/uploads\/Oui-Oui-puerta-ratoncito-P%C3%A9rez-Orgullo-Gay.jpg?resize=525%2C300&ssl=1 1.5x"},"classes":[]},{"id":954,"url":"https:\/\/oui-oui.es\/blog\/oui-oui-y-un-gran-equipo\/","url_meta":{"origin":2561,"position":4},"title":"Oui Oui y un gran equipo","author":"Mar\u00eda \u2665Oui Oui\u2665","date":"2 octubre, 2013","format":false,"excerpt":"El tiempo pasa volando, y parece que fu\u00e9 ayer cuando planificaba junto a Luc\u00eda la\u00a0 sesi\u00f3n de fotos de Oui Oui. Nos cost\u00f3 cuadrar fechas, entre disponibilidades y la lluvia de primavera (aunque se que a Luc\u00eda le hubiera encantado una sesi\u00f3n bajo lo lluvia, yo no estaba preparada...Todo se\u2026","rel":"","context":"En \u00abOUI OUI\u00bb","block_context":{"text":"OUI OUI","link":"https:\/\/oui-oui.es\/blog\/category\/oui-oui\/"},"img":{"alt_text":"","src":"https:\/\/i0.wp.com\/oui-oui.es\/blog\/wp-content\/uploads\/oui-oui-detalles-decoracic3b3n-puertas-ratoncito-pc3a9rez-marc3ada-gijc3b3n-33.jpg?resize=350%2C200&ssl=1","width":350,"height":200,"srcset":"https:\/\/i0.wp.com\/oui-oui.es\/blog\/wp-content\/uploads\/oui-oui-detalles-decoracic3b3n-puertas-ratoncito-pc3a9rez-marc3ada-gijc3b3n-33.jpg?resize=350%2C200&ssl=1 1x, https:\/\/i0.wp.com\/oui-oui.es\/blog\/wp-content\/uploads\/oui-oui-detalles-decoracic3b3n-puertas-ratoncito-pc3a9rez-marc3ada-gijc3b3n-33.jpg?resize=525%2C300&ssl=1 1.5x, https:\/\/i0.wp.com\/oui-oui.es\/blog\/wp-content\/uploads\/oui-oui-detalles-decoracic3b3n-puertas-ratoncito-pc3a9rez-marc3ada-gijc3b3n-33.jpg?resize=700%2C400&ssl=1 2x, https:\/\/i0.wp.com\/oui-oui.es\/blog\/wp-content\/uploads\/oui-oui-detalles-decoracic3b3n-puertas-ratoncito-pc3a9rez-marc3ada-gijc3b3n-33.jpg?resize=1050%2C600&ssl=1 3x, https:\/\/i0.wp.com\/oui-oui.es\/blog\/wp-content\/uploads\/oui-oui-detalles-decoracic3b3n-puertas-ratoncito-pc3a9rez-marc3ada-gijc3b3n-33.jpg?resize=1400%2C800&ssl=1 4x"},"classes":[]},{"id":312,"url":"https:\/\/oui-oui.es\/blog\/una-puerta-para-el-ratoncito-perez\/","url_meta":{"origin":2561,"position":5},"title":"Una puerta para el Ratoncito P\u00e9rez","author":"Mar\u00eda \u2665Oui Oui\u2665","date":"17 diciembre, 2012","format":false,"excerpt":"All\u00e1 por 1894, hab\u00eda un rat\u00f3n que viv\u00eda con su familia dentro de una gran caja de galletas, en el almac\u00e9n de la entonces famosa confiter\u00eda Prats, en el n\u00famero ocho de la calle del Arenal, en el coraz\u00f3n de Madrid, a unos cien metros del Palacio Real. El peque\u00f1o\u2026","rel":"","context":"En \u00abPUERTAS RATONCITO P\u00c9REZ\u00bb","block_context":{"text":"PUERTAS RATONCITO P\u00c9REZ","link":"https:\/\/oui-oui.es\/blog\/category\/puertas-para-el-ratoncito-perez\/"},"img":{"alt_text":"","src":"https:\/\/i0.wp.com\/oui-oui.es\/blog\/wp-content\/uploads\/puertas-para-el-ratoncito-pc3a9rez-oui-oui1.jpg?resize=350%2C200&ssl=1","width":350,"height":200,"srcset":"https:\/\/i0.wp.com\/oui-oui.es\/blog\/wp-content\/uploads\/puertas-para-el-ratoncito-pc3a9rez-oui-oui1.jpg?resize=350%2C200&ssl=1 1x, https:\/\/i0.wp.com\/oui-oui.es\/blog\/wp-content\/uploads\/puertas-para-el-ratoncito-pc3a9rez-oui-oui1.jpg?resize=525%2C300&ssl=1 1.5x, https:\/\/i0.wp.com\/oui-oui.es\/blog\/wp-content\/uploads\/puertas-para-el-ratoncito-pc3a9rez-oui-oui1.jpg?resize=700%2C400&ssl=1 2x, https:\/\/i0.wp.com\/oui-oui.es\/blog\/wp-content\/uploads\/puertas-para-el-ratoncito-pc3a9rez-oui-oui1.jpg?resize=1050%2C600&ssl=1 3x, https:\/\/i0.wp.com\/oui-oui.es\/blog\/wp-content\/uploads\/puertas-para-el-ratoncito-pc3a9rez-oui-oui1.jpg?resize=1400%2C800&ssl=1 4x"},"classes":[]}],"_links":{"self":[{"href":"https:\/\/oui-oui.es\/blog\/wp-json\/wp\/v2\/posts\/2561","targetHints":{"allow":["GET"]}}],"collection":[{"href":"https:\/\/oui-oui.es\/blog\/wp-json\/wp\/v2\/posts"}],"about":[{"href":"https:\/\/oui-oui.es\/blog\/wp-json\/wp\/v2\/types\/post"}],"author":[{"embeddable":true,"href":"https:\/\/oui-oui.es\/blog\/wp-json\/wp\/v2\/users\/1"}],"replies":[{"embeddable":true,"href":"https:\/\/oui-oui.es\/blog\/wp-json\/wp\/v2\/comments?post=2561"}],"version-history":[{"count":1,"href":"https:\/\/oui-oui.es\/blog\/wp-json\/wp\/v2\/posts\/2561\/revisions"}],"predecessor-version":[{"id":3044,"href":"https:\/\/oui-oui.es\/blog\/wp-json\/wp\/v2\/posts\/2561\/revisions\/3044"}],"wp:featuredmedia":[{"embeddable":true,"href":"https:\/\/oui-oui.es\/blog\/wp-json\/wp\/v2\/media\/3043"}],"wp:attachment":[{"href":"https:\/\/oui-oui.es\/blog\/wp-json\/wp\/v2\/media?parent=2561"}],"wp:term":[{"taxonomy":"category","embeddable":true,"href":"https:\/\/oui-oui.es\/blog\/wp-json\/wp\/v2\/categories?post=2561"},{"taxonomy":"post_tag","embeddable":true,"href":"https:\/\/oui-oui.es\/blog\/wp-json\/wp\/v2\/tags?post=2561"}],"curies":[{"name":"wp","href":"https:\/\/api.w.org\/{rel}","templated":true}]}}