{"id":265,"date":"2012-12-10T11:09:02","date_gmt":"2012-12-10T09:09:02","guid":{"rendered":"http:\/\/ouiouiblog.wordpress.com\/?p=265"},"modified":"2012-12-10T11:09:02","modified_gmt":"2012-12-10T09:09:02","slug":"nuestra-historia-concentrada-en-una-lamina","status":"publish","type":"post","link":"https:\/\/oui-oui.es\/blog\/nuestra-historia-concentrada-en-una-lamina\/","title":{"rendered":"Nuestra historia concentrada en una l\u00e1mina"},"content":{"rendered":"<p style=\"text-align:center;\"><a href=\"http:\/\/ouiouiblog.files.wordpress.com\/2012\/12\/oui-oui-blog-lamina-personalizada-mr-wonderful-ma.jpg\"><img loading=\"lazy\" decoding=\"async\" class=\"aligncenter size-full wp-image-270\" alt=\"Oui Oui blog-lamina personalizada Mr.Wonderful-M&amp;A\" src=\"http:\/\/ouiouiblog.files.wordpress.com\/2012\/12\/oui-oui-blog-lamina-personalizada-mr-wonderful-ma.jpg\" height=\"704\" width=\"529\" srcset=\"https:\/\/oui-oui.es\/blog\/wp-content\/uploads\/oui-oui-blog-lamina-personalizada-mr-wonderful-ma.jpg 769w, https:\/\/oui-oui.es\/blog\/wp-content\/uploads\/oui-oui-blog-lamina-personalizada-mr-wonderful-ma-225x300.jpg 225w\" sizes=\"auto, (max-width: 529px) 100vw, 529px\" \/><\/a><\/p>\n<p style=\"text-align:center;\">Hoy es nuestro <strong>mes aniversario<\/strong>, el tiempo pasa volando y ya llevamos<strong> un a\u00f1o y tres meses felizmente casados<\/strong>, como me gusta celebrarlo todo, tambi\u00e9n los meses, siempre intentamos hacer algo diferente los d\u00edas diez de cada mes, y en el blog no \u00edba a ser menos, as\u00ed que aprovecho para compartir el <strong>regalazo<\/strong> con el que sorprend\u00ed a \u00c1lvaro <strong>por nuestro aniversario<\/strong> (aunque en realidad fu\u00e9 un regalo para los dos, no s\u00e9 a qui\u00e9n le gust\u00f3 m\u00e1s!) &#8230;Pero es que no puedo estar m\u00e1s contenta con nuestra <strong>l\u00e1mina<\/strong>, creada por los fant\u00e1sticos chicos de <strong>Mr.Wonderful<\/strong><\/p>\n<p style=\"text-align:center;\"><a href=\"http:\/\/ouiouiblog.files.wordpress.com\/2012\/12\/oui-oui-blog-lamina-personalizada-mr-wonderful-collage-cuadros.jpg\"><img loading=\"lazy\" decoding=\"async\" class=\"aligncenter size-full wp-image-268\" alt=\"Oui Oui blog-lamina personalizada Mr.Wonderful-collage cuadros\" src=\"http:\/\/ouiouiblog.files.wordpress.com\/2012\/12\/oui-oui-blog-lamina-personalizada-mr-wonderful-collage-cuadros.jpg\" height=\"397\" width=\"529\" srcset=\"https:\/\/oui-oui.es\/blog\/wp-content\/uploads\/oui-oui-blog-lamina-personalizada-mr-wonderful-collage-cuadros.jpg 1024w, https:\/\/oui-oui.es\/blog\/wp-content\/uploads\/oui-oui-blog-lamina-personalizada-mr-wonderful-collage-cuadros-300x225.jpg 300w\" sizes=\"auto, (max-width: 529px) 100vw, 529px\" \/><\/a><\/p>\n<p style=\"text-align:center;\">S\u00f3lo tuve que cruzarme tres o cuatro mails y, con el <strong>s\u00faper briefing<\/strong> que te hacen, <strong>entendieron a la perfecci\u00f3n nuestra historia, nuestras aficiones y gustos, los momentos especiales&#8230;<\/strong>Y lo plasmaron en dibujos, tu respondes a mil preguntas, les cuentas <strong>tu historia de amor<\/strong>&#8230;C\u00f3mo os conoc\u00edsteis, lo que os gusta, lo que no os gusta&#8230;Y ellos seleccionan varios elementos y lo plasman y distribuyen en la ilustraci\u00f3n, quedando genial.<\/p>\n<p style=\"text-align:center;\"><a href=\"http:\/\/ouiouiblog.files.wordpress.com\/2012\/12\/oui-oui-blog-lamina-personalizada-mr-wonderful-collage.jpg\"><img loading=\"lazy\" decoding=\"async\" class=\"aligncenter size-full wp-image-269\" alt=\"Oui Oui blog-lamina personalizada Mr.Wonderful-collage\" src=\"http:\/\/ouiouiblog.files.wordpress.com\/2012\/12\/oui-oui-blog-lamina-personalizada-mr-wonderful-collage.jpg\" height=\"396\" width=\"529\" srcset=\"https:\/\/oui-oui.es\/blog\/wp-content\/uploads\/oui-oui-blog-lamina-personalizada-mr-wonderful-collage.jpg 1024w, https:\/\/oui-oui.es\/blog\/wp-content\/uploads\/oui-oui-blog-lamina-personalizada-mr-wonderful-collage-300x225.jpg 300w\" sizes=\"auto, (max-width: 529px) 100vw, 529px\" \/><\/a><\/p>\n<p style=\"text-align:center;\">La pena es que ahora est\u00e1n tan concentrados en su tienda online que <strong>ya no aceptan pedidos de este tipo<\/strong>, aunque, qui\u00e9n sabe, quiz\u00e1s encuentren un huequito m\u00e1s adelante!<\/p>\n","protected":false},"excerpt":{"rendered":"<p>Hoy es nuestro mes aniversario, el tiempo pasa volando y ya llevamos un a\u00f1o y tres meses felizmente casados, como me gusta celebrarlo todo, tambi\u00e9n los meses, siempre intentamos hacer algo diferente los d\u00edas diez de cada mes, y en el blog no \u00edba a ser menos, as\u00ed que aprovecho para compartir el regalazo con [&hellip;]<\/p>\n","protected":false},"author":1,"featured_media":270,"comment_status":"open","ping_status":"open","sticky":false,"template":"","format":"standard","meta":{"jetpack_post_was_ever_published":false,"_jetpack_newsletter_access":"","_jetpack_dont_email_post_to_subs":false,"_jetpack_newsletter_tier_id":0,"_jetpack_memberships_contains_paywalled_content":false,"_jetpack_memberships_contains_paid_content":false,"footnotes":"","jetpack_publicize_message":"","jetpack_publicize_feature_enabled":true,"jetpack_social_post_already_shared":false,"jetpack_social_options":{"image_generator_settings":{"template":"highway","default_image_id":0,"font":"","enabled":false},"version":2}},"categories":[15],"tags":[734],"class_list":["post-265","post","type-post","status-publish","format-standard","has-post-thumbnail","hentry","category-por-el-aniversario","tag-regalos"],"aioseo_notices":[],"jetpack_publicize_connections":[],"jetpack_featured_media_url":"https:\/\/oui-oui.es\/blog\/wp-content\/uploads\/oui-oui-blog-lamina-personalizada-mr-wonderful-ma.jpg","jetpack_sharing_enabled":true,"jetpack-related-posts":[{"id":402,"url":"https:\/\/oui-oui.es\/blog\/conocernos-fue-mejor-que-cualquier-cosa\/","url_meta":{"origin":265,"position":0},"title":"Conocernos fu\u00e9 mejor que cualquier cosa","author":"Mar\u00eda \u2665Oui Oui\u2665","date":"10 enero, 2013","format":false,"excerpt":"Ten\u00eda muchas ganas de escribir sobre el trabajo de Luc\u00eda Be, en concreto sobre sus l\u00e1minas, aunque hace cosas tan bonitas que dar\u00eda para m\u00e1s de un post hoy me centrar\u00e9 en las l\u00e1minas\u00a0 o, como titul\u00f3 ella en su blog \"Historia de los nuestro\". No me pueden gustar m\u00e1s\u2026","rel":"","context":"En \u00abA un chico\u00bb","block_context":{"text":"A un chico","link":"https:\/\/oui-oui.es\/blog\/category\/no-se-que-regalar\/a-un-chico\/"},"img":{"alt_text":"","src":"https:\/\/i0.wp.com\/oui-oui.es\/blog\/wp-content\/uploads\/oui-oui-regalo-aniversario-laminas-lucia-be-conocernos.jpg?resize=350%2C200&ssl=1","width":350,"height":200,"srcset":"https:\/\/i0.wp.com\/oui-oui.es\/blog\/wp-content\/uploads\/oui-oui-regalo-aniversario-laminas-lucia-be-conocernos.jpg?resize=350%2C200&ssl=1 1x, https:\/\/i0.wp.com\/oui-oui.es\/blog\/wp-content\/uploads\/oui-oui-regalo-aniversario-laminas-lucia-be-conocernos.jpg?resize=525%2C300&ssl=1 1.5x"},"classes":[]},{"id":638,"url":"https:\/\/oui-oui.es\/blog\/y-la-noticia-que-faltaba-era\/","url_meta":{"origin":265,"position":1},"title":"Y la noticia que faltaba era&#8230;","author":"Mar\u00eda \u2665Oui Oui\u2665","date":"1 abril, 2013","format":false,"excerpt":"Como contaba hace unas semanas, marzo era un mes especial, fu\u00e9 mi cumple, lanc\u00e9 la tienda online (un mill\u00f3n de gracias por la buena acogida que est\u00e1 teniendo!!) y quedaba una sorpresa m\u00e1s por desvelar...Al final os la cuento en abril, pero en un d\u00eda tambi\u00e9n muy especial...Hoy en nuestro\u2026","rel":"","context":"En \u00abNI\u00d1OS Y NI\u00d1AS\u00bb","block_context":{"text":"NI\u00d1OS Y NI\u00d1AS","link":"https:\/\/oui-oui.es\/blog\/category\/ninos\/"},"img":{"alt_text":"","src":"https:\/\/i0.wp.com\/oui-oui.es\/blog\/wp-content\/uploads\/h1_track.jpg?resize=350%2C200&ssl=1","width":350,"height":200,"srcset":"https:\/\/i0.wp.com\/oui-oui.es\/blog\/wp-content\/uploads\/h1_track.jpg?resize=350%2C200&ssl=1 1x, https:\/\/i0.wp.com\/oui-oui.es\/blog\/wp-content\/uploads\/h1_track.jpg?resize=525%2C300&ssl=1 1.5x"},"classes":[]},{"id":10115,"url":"https:\/\/oui-oui.es\/blog\/re-boda-si-o-no\/","url_meta":{"origin":265,"position":2},"title":"Re boda, \u00bfs\u00ed o no?","author":"Mar\u00eda \u2665Oui Oui\u2665","date":"13 septiembre, 2019","format":false,"excerpt":"Septiembre es un mes muy especial, aunque cada vez m\u00e1s se est\u00e1 convirtiendo en un mes m\u00e1s estresante, sigo teni\u00e9ndole mucho cari\u00f1o. En septiembre es la vuelta al cole que tanto me ha gustado siempre, tambi\u00e9n es mi comienzo de a\u00f1o, pues mi mente piensa en cursos escolares y no\u2026","rel":"","context":"En \u00abBoda\u00bb","block_context":{"text":"Boda","link":"https:\/\/oui-oui.es\/blog\/category\/fiestas-celebraciones\/boda\/"},"img":{"alt_text":"","src":"https:\/\/i0.wp.com\/oui-oui.es\/blog\/wp-content\/uploads\/2019\/09\/Ramo-boda-oui-oui-bici-just-married-asturias.jpg?resize=350%2C200&ssl=1","width":350,"height":200,"srcset":"https:\/\/i0.wp.com\/oui-oui.es\/blog\/wp-content\/uploads\/2019\/09\/Ramo-boda-oui-oui-bici-just-married-asturias.jpg?resize=350%2C200&ssl=1 1x, https:\/\/i0.wp.com\/oui-oui.es\/blog\/wp-content\/uploads\/2019\/09\/Ramo-boda-oui-oui-bici-just-married-asturias.jpg?resize=525%2C300&ssl=1 1.5x, https:\/\/i0.wp.com\/oui-oui.es\/blog\/wp-content\/uploads\/2019\/09\/Ramo-boda-oui-oui-bici-just-married-asturias.jpg?resize=700%2C400&ssl=1 2x, https:\/\/i0.wp.com\/oui-oui.es\/blog\/wp-content\/uploads\/2019\/09\/Ramo-boda-oui-oui-bici-just-married-asturias.jpg?resize=1050%2C600&ssl=1 3x"},"classes":[]},{"id":8629,"url":"https:\/\/oui-oui.es\/blog\/la-llama-que-llama\/","url_meta":{"origin":265,"position":3},"title":"La llama que llama","author":"Mar\u00eda \u2665Oui Oui\u2665","date":"16 octubre, 2017","format":false,"excerpt":"Recuerdo cuando en Canal + emit\u00edan diversos festivales de publicidad que me encantaba ver, hace mil a\u00f1os \u00bfquiz\u00e1s 20?, los grababa en v\u00eddeo y los volv\u00eda a ver un tiempo despu\u00e9s...A\u00fan recuerdo el anuncio argentino de telefon\u00eda \"La Llama que llama\" (pronunciado \"la shama que shama\"). Pues bien, a\u00f1os despu\u00e9s,\u2026","rel":"","context":"En \u00abDECORACI\u00d3N\u00bb","block_context":{"text":"DECORACI\u00d3N","link":"https:\/\/oui-oui.es\/blog\/category\/decoracion-de-casa\/"},"img":{"alt_text":"","src":"https:\/\/i0.wp.com\/oui-oui.es\/blog\/wp-content\/uploads\/2017\/10\/Oui-Oui-tendencia-llama-la-llama-que-llama-coleccion-llama-tinycottons.jpg?resize=350%2C200&ssl=1","width":350,"height":200,"srcset":"https:\/\/i0.wp.com\/oui-oui.es\/blog\/wp-content\/uploads\/2017\/10\/Oui-Oui-tendencia-llama-la-llama-que-llama-coleccion-llama-tinycottons.jpg?resize=350%2C200&ssl=1 1x, https:\/\/i0.wp.com\/oui-oui.es\/blog\/wp-content\/uploads\/2017\/10\/Oui-Oui-tendencia-llama-la-llama-que-llama-coleccion-llama-tinycottons.jpg?resize=525%2C300&ssl=1 1.5x"},"classes":[]},{"id":509,"url":"https:\/\/oui-oui.es\/blog\/para-abrir-en\/","url_meta":{"origin":265,"position":4},"title":"Para abrir en&#8230;","author":"Mar\u00eda \u2665Oui Oui\u2665","date":"29 enero, 2013","format":false,"excerpt":"Con un post sobre regalos para la futura novia en su despedida de soltera pendiente, no me he resistido a publicar esta idea que me ha encantado; un regalo para la futura pareja, para abrir en los sucesivos a\u00f1os de casados; puede ser para cuando se cumple 1 a\u00f1o 5\u2026","rel":"","context":"En \u00abBoda\u00bb","block_context":{"text":"Boda","link":"https:\/\/oui-oui.es\/blog\/category\/fiestas-celebraciones\/boda\/"},"img":{"alt_text":"","src":"https:\/\/i0.wp.com\/oui-oui.es\/blog\/wp-content\/uploads\/oui-oui-blog-regalo-despedida-soltera-regalo-original-aniversario.jpg?resize=350%2C200&ssl=1","width":350,"height":200,"srcset":"https:\/\/i0.wp.com\/oui-oui.es\/blog\/wp-content\/uploads\/oui-oui-blog-regalo-despedida-soltera-regalo-original-aniversario.jpg?resize=350%2C200&ssl=1 1x, https:\/\/i0.wp.com\/oui-oui.es\/blog\/wp-content\/uploads\/oui-oui-blog-regalo-despedida-soltera-regalo-original-aniversario.jpg?resize=525%2C300&ssl=1 1.5x"},"classes":[]},{"id":9704,"url":"https:\/\/oui-oui.es\/blog\/las-etapas-de-una-reforma\/","url_meta":{"origin":265,"position":5},"title":"Las etapas de una reforma","author":"Mar\u00eda \u2665Oui Oui\u2665","date":"26 marzo, 2019","format":false,"excerpt":"Fotograf\u00eda de Elena Bau Llevo mucho tiempo sin escribir en el blog, lo cierto es que no me parec\u00eda tanto hasta que he entrado y he visto el \u00faltimo post, pero es lo que tiene estar de obra, vivir fuera de tu zona de comfort, tener tu propia empresa y,\u2026","rel":"","context":"En \u00abDECORACI\u00d3N\u00bb","block_context":{"text":"DECORACI\u00d3N","link":"https:\/\/oui-oui.es\/blog\/category\/decoracion-de-casa\/"},"img":{"alt_text":"","src":"https:\/\/i0.wp.com\/oui-oui.es\/blog\/wp-content\/uploads\/2019\/03\/Oui-Oui-reforma-oui-oui-mercedes-arsuaga-reformas-RUAN-Foto-Elena-Bau-46.jpg?resize=350%2C200&ssl=1","width":350,"height":200,"srcset":"https:\/\/i0.wp.com\/oui-oui.es\/blog\/wp-content\/uploads\/2019\/03\/Oui-Oui-reforma-oui-oui-mercedes-arsuaga-reformas-RUAN-Foto-Elena-Bau-46.jpg?resize=350%2C200&ssl=1 1x, https:\/\/i0.wp.com\/oui-oui.es\/blog\/wp-content\/uploads\/2019\/03\/Oui-Oui-reforma-oui-oui-mercedes-arsuaga-reformas-RUAN-Foto-Elena-Bau-46.jpg?resize=525%2C300&ssl=1 1.5x, https:\/\/i0.wp.com\/oui-oui.es\/blog\/wp-content\/uploads\/2019\/03\/Oui-Oui-reforma-oui-oui-mercedes-arsuaga-reformas-RUAN-Foto-Elena-Bau-46.jpg?resize=700%2C400&ssl=1 2x, https:\/\/i0.wp.com\/oui-oui.es\/blog\/wp-content\/uploads\/2019\/03\/Oui-Oui-reforma-oui-oui-mercedes-arsuaga-reformas-RUAN-Foto-Elena-Bau-46.jpg?resize=1050%2C600&ssl=1 3x, https:\/\/i0.wp.com\/oui-oui.es\/blog\/wp-content\/uploads\/2019\/03\/Oui-Oui-reforma-oui-oui-mercedes-arsuaga-reformas-RUAN-Foto-Elena-Bau-46.jpg?resize=1400%2C800&ssl=1 4x"},"classes":[]}],"_links":{"self":[{"href":"https:\/\/oui-oui.es\/blog\/wp-json\/wp\/v2\/posts\/265","targetHints":{"allow":["GET"]}}],"collection":[{"href":"https:\/\/oui-oui.es\/blog\/wp-json\/wp\/v2\/posts"}],"about":[{"href":"https:\/\/oui-oui.es\/blog\/wp-json\/wp\/v2\/types\/post"}],"author":[{"embeddable":true,"href":"https:\/\/oui-oui.es\/blog\/wp-json\/wp\/v2\/users\/1"}],"replies":[{"embeddable":true,"href":"https:\/\/oui-oui.es\/blog\/wp-json\/wp\/v2\/comments?post=265"}],"version-history":[{"count":0,"href":"https:\/\/oui-oui.es\/blog\/wp-json\/wp\/v2\/posts\/265\/revisions"}],"wp:featuredmedia":[{"embeddable":true,"href":"https:\/\/oui-oui.es\/blog\/wp-json\/wp\/v2\/media\/270"}],"wp:attachment":[{"href":"https:\/\/oui-oui.es\/blog\/wp-json\/wp\/v2\/media?parent=265"}],"wp:term":[{"taxonomy":"category","embeddable":true,"href":"https:\/\/oui-oui.es\/blog\/wp-json\/wp\/v2\/categories?post=265"},{"taxonomy":"post_tag","embeddable":true,"href":"https:\/\/oui-oui.es\/blog\/wp-json\/wp\/v2\/tags?post=265"}],"curies":[{"name":"wp","href":"https:\/\/api.w.org\/{rel}","templated":true}]}}