{"id":2682,"date":"2015-06-26T10:55:54","date_gmt":"2015-06-26T10:55:54","guid":{"rendered":"https:\/\/oui-oui.es\/blog\/?p=2682"},"modified":"2015-07-22T10:44:47","modified_gmt":"2015-07-22T10:44:47","slug":"love-pop-polos-de-fruta-natural","status":"publish","type":"post","link":"https:\/\/oui-oui.es\/blog\/love-pop-polos-de-fruta-natural\/","title":{"rendered":"Love Pop | Polos de fruta natural"},"content":{"rendered":"<p><a href=\"https:\/\/oui-oui.es\/blog\/wp-content\/uploads\/Oui-Oui-polos-frutas-naturales-helados-love-pop.jpg\"><img loading=\"lazy\" decoding=\"async\" class=\"aligncenter size-large wp-image-2683\" src=\"https:\/\/oui-oui.es\/blog\/wp-content\/uploads\/Oui-Oui-polos-frutas-naturales-helados-love-pop-1024x480.jpg\" alt=\"Oui Oui-polos frutas naturales-helados love pop\" width=\"1024\" height=\"480\" srcset=\"https:\/\/oui-oui.es\/blog\/wp-content\/uploads\/Oui-Oui-polos-frutas-naturales-helados-love-pop-1024x480.jpg 1024w, https:\/\/oui-oui.es\/blog\/wp-content\/uploads\/Oui-Oui-polos-frutas-naturales-helados-love-pop-300x140.jpg 300w, https:\/\/oui-oui.es\/blog\/wp-content\/uploads\/Oui-Oui-polos-frutas-naturales-helados-love-pop.jpg 1341w\" sizes=\"auto, (max-width: 1024px) 100vw, 1024px\" \/><\/a><\/p>\n<p>Este verano me he propuesto hacer m\u00e1s<strong> zumos, batidos y helados naturales<\/strong>, pero mientras me hago con unas cuantas recetas, tengo ganas de probar los polos de <a href=\"http:\/\/www.lovepop.es\/\" target=\"_blank\"><strong>Love Pop<\/strong><\/a>, de sabores naturales, elaborados artesanalmente para garantizar que conservan el sabor de su fruta original&#8230;<strong>Sand\u00eda, lim\u00f3n, kiwi, fresa<\/strong>&#8230;Todos tienen buen\u00edsima pinta!<\/p>\n<p>Ya s\u00e9 d\u00f3nde puedes encontrarlos! de momento en Barcelona; Woki Playa (Barceloneta), El Filete Ruso (Enric Granados, 95) y en La Creperia (un food truck). Adem\u00e1s est\u00e1n tambi\u00e9n en algunos festivales \ud83d\ude09<\/p>\n<p><a href=\"https:\/\/oui-oui.es\/blog\/wp-content\/uploads\/Oui-Oui-polos-frutas-naturales-helados-love-pop-polos-1.jpg\"><img loading=\"lazy\" decoding=\"async\" class=\"aligncenter size-full wp-image-2684\" src=\"https:\/\/oui-oui.es\/blog\/wp-content\/uploads\/Oui-Oui-polos-frutas-naturales-helados-love-pop-polos-1.jpg\" alt=\"Oui Oui-polos frutas naturales-helados love pop polos (1)\" width=\"387\" height=\"961\" srcset=\"https:\/\/oui-oui.es\/blog\/wp-content\/uploads\/Oui-Oui-polos-frutas-naturales-helados-love-pop-polos-1.jpg 387w, https:\/\/oui-oui.es\/blog\/wp-content\/uploads\/Oui-Oui-polos-frutas-naturales-helados-love-pop-polos-1-121x300.jpg 121w\" sizes=\"auto, (max-width: 387px) 100vw, 387px\" \/><\/a> <a href=\"https:\/\/oui-oui.es\/blog\/wp-content\/uploads\/Oui-Oui-polos-frutas-naturales-helados-love-pop-polos-2.jpg\"><img loading=\"lazy\" decoding=\"async\" class=\"aligncenter size-large wp-image-2685\" src=\"https:\/\/oui-oui.es\/blog\/wp-content\/uploads\/Oui-Oui-polos-frutas-naturales-helados-love-pop-polos-2.jpg\" alt=\"Oui Oui-polos frutas naturales-helados love pop polos (2)\" width=\"387\" height=\"961\" srcset=\"https:\/\/oui-oui.es\/blog\/wp-content\/uploads\/Oui-Oui-polos-frutas-naturales-helados-love-pop-polos-2.jpg 387w, https:\/\/oui-oui.es\/blog\/wp-content\/uploads\/Oui-Oui-polos-frutas-naturales-helados-love-pop-polos-2-121x300.jpg 121w\" sizes=\"auto, (max-width: 387px) 100vw, 387px\" \/><\/a> <a href=\"https:\/\/oui-oui.es\/blog\/wp-content\/uploads\/Oui-Oui-polos-frutas-naturales-helados-love-pop-polos-3.jpg\"><img loading=\"lazy\" decoding=\"async\" class=\"aligncenter size-large wp-image-2686\" src=\"https:\/\/oui-oui.es\/blog\/wp-content\/uploads\/Oui-Oui-polos-frutas-naturales-helados-love-pop-polos-3.jpg\" alt=\"Oui Oui-polos frutas naturales-helados love pop polos (3)\" width=\"387\" height=\"961\" srcset=\"https:\/\/oui-oui.es\/blog\/wp-content\/uploads\/Oui-Oui-polos-frutas-naturales-helados-love-pop-polos-3.jpg 387w, https:\/\/oui-oui.es\/blog\/wp-content\/uploads\/Oui-Oui-polos-frutas-naturales-helados-love-pop-polos-3-121x300.jpg 121w\" sizes=\"auto, (max-width: 387px) 100vw, 387px\" \/><\/a><\/p>\n<p>&nbsp;<\/p>\n","protected":false},"excerpt":{"rendered":"<p>Este verano me he propuesto hacer m\u00e1s zumos, batidos y helados naturales, pero mientras me hago con unas cuantas recetas, tengo ganas de probar los polos de Love Pop, de sabores naturales, elaborados artesanalmente para garantizar que conservan el sabor de su fruta original&#8230;Sand\u00eda, lim\u00f3n, kiwi, fresa&#8230;Todos tienen buen\u00edsima pinta! Ya s\u00e9 d\u00f3nde puedes encontrarlos! [&hellip;]<\/p>\n","protected":false},"author":1,"featured_media":2686,"comment_status":"open","ping_status":"open","sticky":false,"template":"","format":"standard","meta":{"jetpack_post_was_ever_published":false,"_jetpack_newsletter_access":"","_jetpack_dont_email_post_to_subs":false,"_jetpack_newsletter_tier_id":0,"_jetpack_memberships_contains_paywalled_content":false,"_jetpack_memberships_contains_paid_content":false,"footnotes":"","jetpack_publicize_message":"","jetpack_publicize_feature_enabled":true,"jetpack_social_post_already_shared":false,"jetpack_social_options":{"image_generator_settings":{"template":"highway","default_image_id":0,"font":"","enabled":false},"version":2}},"categories":[177],"tags":[695],"class_list":["post-2682","post","type-post","status-publish","format-standard","has-post-thumbnail","hentry","category-lifestyle-2","tag-gastro"],"aioseo_notices":[],"jetpack_publicize_connections":[],"jetpack_featured_media_url":"https:\/\/oui-oui.es\/blog\/wp-content\/uploads\/Oui-Oui-polos-frutas-naturales-helados-love-pop-polos-3.jpg","jetpack_sharing_enabled":true,"jetpack-related-posts":[{"id":2792,"url":"https:\/\/oui-oui.es\/blog\/polos-artesanos-en-madrid-lolo-polos\/","url_meta":{"origin":2682,"position":0},"title":"Polos artesanos en Madrid | Lolo Polos","author":"Mar\u00eda \u2665Oui Oui\u2665","date":"24 julio, 2015","format":false,"excerpt":"Las cosas bonitas son m\u00e1s apetecibles, eso es as\u00ed. Este verano ten\u00eda ganas de polos de fruta, naturales, artesanos...Me apetece hacerlos cuando me suba a la Sierra y me apetec\u00eda probar los de Lolo Polos desde que vi las preciosas fotos de su tienda y las apetecibles combinaciones de sabores\u2026","rel":"","context":"En \u00abESTILO DE VIDA\u00bb","block_context":{"text":"ESTILO DE VIDA","link":"https:\/\/oui-oui.es\/blog\/category\/lifestyle-2\/"},"img":{"alt_text":"","src":"https:\/\/i0.wp.com\/oui-oui.es\/blog\/wp-content\/uploads\/Oui-Oui-polos-malasa%C3%B1a-lolo-polos-e1438282279295.jpg?resize=350%2C200&ssl=1","width":350,"height":200,"srcset":"https:\/\/i0.wp.com\/oui-oui.es\/blog\/wp-content\/uploads\/Oui-Oui-polos-malasa%C3%B1a-lolo-polos-e1438282279295.jpg?resize=350%2C200&ssl=1 1x, https:\/\/i0.wp.com\/oui-oui.es\/blog\/wp-content\/uploads\/Oui-Oui-polos-malasa%C3%B1a-lolo-polos-e1438282279295.jpg?resize=525%2C300&ssl=1 1.5x, https:\/\/i0.wp.com\/oui-oui.es\/blog\/wp-content\/uploads\/Oui-Oui-polos-malasa%C3%B1a-lolo-polos-e1438282279295.jpg?resize=700%2C400&ssl=1 2x, https:\/\/i0.wp.com\/oui-oui.es\/blog\/wp-content\/uploads\/Oui-Oui-polos-malasa%C3%B1a-lolo-polos-e1438282279295.jpg?resize=1050%2C600&ssl=1 3x, https:\/\/i0.wp.com\/oui-oui.es\/blog\/wp-content\/uploads\/Oui-Oui-polos-malasa%C3%B1a-lolo-polos-e1438282279295.jpg?resize=1400%2C800&ssl=1 4x"},"classes":[]},{"id":4649,"url":"https:\/\/oui-oui.es\/blog\/como-hacer-polos-caseros\/","url_meta":{"origin":2682,"position":1},"title":"C\u00f3mo hacer polos caseros","author":"Mar\u00eda \u2665Oui Oui\u2665","date":"13 julio, 2016","format":false,"excerpt":"Hacer polos en casa puede ser muy f\u00e1cil, todo depende de las complicaciones culinarias que le quieras a\u00f1adir. Hace unas semanas, Cristina, del blog Yellow Mandarin me propuso ir a cocinar a su casa para su secci\u00f3n #hoycocinocon , como ya est\u00e1bamos con la mente puesta en el verano pens\u00e9\u2026","rel":"","context":"En \u00abESTILO DE VIDA\u00bb","block_context":{"text":"ESTILO DE VIDA","link":"https:\/\/oui-oui.es\/blog\/category\/lifestyle-2\/"},"img":{"alt_text":"","src":"https:\/\/i0.wp.com\/oui-oui.es\/blog\/wp-content\/uploads\/2016\/07\/Oui-Oui-polos-caseros-yellow-mandarin-teresa-loboarregui-polo-frutas-del-bosque.jpg?resize=350%2C200&ssl=1","width":350,"height":200,"srcset":"https:\/\/i0.wp.com\/oui-oui.es\/blog\/wp-content\/uploads\/2016\/07\/Oui-Oui-polos-caseros-yellow-mandarin-teresa-loboarregui-polo-frutas-del-bosque.jpg?resize=350%2C200&ssl=1 1x, https:\/\/i0.wp.com\/oui-oui.es\/blog\/wp-content\/uploads\/2016\/07\/Oui-Oui-polos-caseros-yellow-mandarin-teresa-loboarregui-polo-frutas-del-bosque.jpg?resize=525%2C300&ssl=1 1.5x, https:\/\/i0.wp.com\/oui-oui.es\/blog\/wp-content\/uploads\/2016\/07\/Oui-Oui-polos-caseros-yellow-mandarin-teresa-loboarregui-polo-frutas-del-bosque.jpg?resize=700%2C400&ssl=1 2x"},"classes":[]},{"id":3360,"url":"https:\/\/oui-oui.es\/blog\/como-hacer-una-tarta-solo-con-fruta\/","url_meta":{"origin":2682,"position":2},"title":"C\u00f3mo hacer una tarta s\u00f3lo con fruta","author":"Mar\u00eda \u2665Oui Oui\u2665","date":"22 septiembre, 2015","format":false,"excerpt":"Como ya os he contado, Mart\u00edn cumpli\u00f3 dos a\u00f1os la semana pasada y pens\u00e9 en llevar algo para celebrarlo en el cole con sus nuevos compa\u00f1eros de clase, al coment\u00e1rselo a la profesora me pidi\u00f3 que fuera fruta para evitar problemas por el tema de alegrias (aunque entiendo que tambi\u00e9n\u2026","rel":"","context":"En \u00abFIESTAS y CELEBRACIONES\u00bb","block_context":{"text":"FIESTAS y CELEBRACIONES","link":"https:\/\/oui-oui.es\/blog\/category\/fiestas-celebraciones\/"},"img":{"alt_text":"","src":"https:\/\/i0.wp.com\/oui-oui.es\/blog\/wp-content\/uploads\/2015\/09\/Oui-Oui-tarta-s%C3%B3lo-de-fruta-tartas-para-ni%C3%B1os-alergicos-2.jpg?resize=350%2C200&ssl=1","width":350,"height":200,"srcset":"https:\/\/i0.wp.com\/oui-oui.es\/blog\/wp-content\/uploads\/2015\/09\/Oui-Oui-tarta-s%C3%B3lo-de-fruta-tartas-para-ni%C3%B1os-alergicos-2.jpg?resize=350%2C200&ssl=1 1x, https:\/\/i0.wp.com\/oui-oui.es\/blog\/wp-content\/uploads\/2015\/09\/Oui-Oui-tarta-s%C3%B3lo-de-fruta-tartas-para-ni%C3%B1os-alergicos-2.jpg?resize=525%2C300&ssl=1 1.5x"},"classes":[]},{"id":8590,"url":"https:\/\/oui-oui.es\/blog\/conseguir-que-sigan-tomando-fruta-cuando-se-cansan-de-la-papilla-bolsas-reutilizables-beber-fruta\/","url_meta":{"origin":2682,"position":3},"title":"Conseguir que sigan tomando fruta cuando se cansan de la papilla | Bolsas reutilizables beber fruta","author":"Mar\u00eda \u2665Oui Oui\u2665","date":"2 octubre, 2017","format":false,"excerpt":"A principios de verano Frida (con 16 meses) comenz\u00f3 a cansarse de la papilla de fruta, llegaba la hora de la merienda y, unos d\u00edas, empezaba a tomarla pero a la cuarta cucharada se cansaba y, otros d\u00edas, directamente dec\u00eda que na nai. Intentamos darle s\u00f3lido (que ya tomaba desde\u2026","rel":"","context":"En \u00abNI\u00d1OS Y NI\u00d1AS\u00bb","block_context":{"text":"NI\u00d1OS Y NI\u00d1AS","link":"https:\/\/oui-oui.es\/blog\/category\/ninos\/"},"img":{"alt_text":"","src":"https:\/\/i0.wp.com\/oui-oui.es\/blog\/wp-content\/uploads\/2017\/10\/Oui-Oui-bolsas-reutilizables-beber-fruta-bolsas-reutilizables-squiz-bolsas-reutilizables-beber-pur%C3%A9-e1506961219989.jpg?resize=350%2C200&ssl=1","width":350,"height":200,"srcset":"https:\/\/i0.wp.com\/oui-oui.es\/blog\/wp-content\/uploads\/2017\/10\/Oui-Oui-bolsas-reutilizables-beber-fruta-bolsas-reutilizables-squiz-bolsas-reutilizables-beber-pur%C3%A9-e1506961219989.jpg?resize=350%2C200&ssl=1 1x, https:\/\/i0.wp.com\/oui-oui.es\/blog\/wp-content\/uploads\/2017\/10\/Oui-Oui-bolsas-reutilizables-beber-fruta-bolsas-reutilizables-squiz-bolsas-reutilizables-beber-pur%C3%A9-e1506961219989.jpg?resize=525%2C300&ssl=1 1.5x, https:\/\/i0.wp.com\/oui-oui.es\/blog\/wp-content\/uploads\/2017\/10\/Oui-Oui-bolsas-reutilizables-beber-fruta-bolsas-reutilizables-squiz-bolsas-reutilizables-beber-pur%C3%A9-e1506961219989.jpg?resize=700%2C400&ssl=1 2x, https:\/\/i0.wp.com\/oui-oui.es\/blog\/wp-content\/uploads\/2017\/10\/Oui-Oui-bolsas-reutilizables-beber-fruta-bolsas-reutilizables-squiz-bolsas-reutilizables-beber-pur%C3%A9-e1506961219989.jpg?resize=1050%2C600&ssl=1 3x"},"classes":[]},{"id":4664,"url":"https:\/\/oui-oui.es\/blog\/10-actividades-para-hacer-con-un-nino-de-3-anos-en-verano\/","url_meta":{"origin":2682,"position":4},"title":"10 actividades para hacer con un ni\u00f1o de 3 a\u00f1os en verano","author":"Mar\u00eda \u2665Oui Oui\u2665","date":"15 julio, 2016","format":false,"excerpt":"El verano pasado busqu\u00e9 cinco actividades que hacer con Mart\u00edn para nuestra semana en la sierra y llam\u00e9 al post \"5 actividades que hacer con un beb\u00e9 de 2 a\u00f1os en verano\", este a\u00f1o he estado tentada de poner la palabra beb\u00e9 de nuevo, pero creo que el tiempo vuela\u2026","rel":"","context":"En \u00abNI\u00d1OS Y NI\u00d1AS\u00bb","block_context":{"text":"NI\u00d1OS Y NI\u00d1AS","link":"https:\/\/oui-oui.es\/blog\/category\/ninos\/"},"img":{"alt_text":"","src":"https:\/\/i0.wp.com\/oui-oui.es\/blog\/wp-content\/uploads\/2016\/07\/Oui-Oui-martin-cocinando-mini-thermomix.jpg?resize=350%2C200&ssl=1","width":350,"height":200,"srcset":"https:\/\/i0.wp.com\/oui-oui.es\/blog\/wp-content\/uploads\/2016\/07\/Oui-Oui-martin-cocinando-mini-thermomix.jpg?resize=350%2C200&ssl=1 1x, https:\/\/i0.wp.com\/oui-oui.es\/blog\/wp-content\/uploads\/2016\/07\/Oui-Oui-martin-cocinando-mini-thermomix.jpg?resize=525%2C300&ssl=1 1.5x, https:\/\/i0.wp.com\/oui-oui.es\/blog\/wp-content\/uploads\/2016\/07\/Oui-Oui-martin-cocinando-mini-thermomix.jpg?resize=700%2C400&ssl=1 2x, https:\/\/i0.wp.com\/oui-oui.es\/blog\/wp-content\/uploads\/2016\/07\/Oui-Oui-martin-cocinando-mini-thermomix.jpg?resize=1050%2C600&ssl=1 3x, https:\/\/i0.wp.com\/oui-oui.es\/blog\/wp-content\/uploads\/2016\/07\/Oui-Oui-martin-cocinando-mini-thermomix.jpg?resize=1400%2C800&ssl=1 4x"},"classes":[]},{"id":3278,"url":"https:\/\/oui-oui.es\/blog\/receta-de-bizcocho-de-mango-casero\/","url_meta":{"origin":2682,"position":5},"title":"Receta de bizcocho de mango casero","author":"Mar\u00eda \u2665Oui Oui\u2665","date":"4 septiembre, 2015","format":false,"excerpt":"Los que me segu\u00eds por Instagram habr\u00e9is visto m\u00e1s de una vez los incre\u00edbles desayunos que nos preparan mis padres en la sierra, una de las recetas estrella hasta ahora era el bizcocho de frambuesas o de frutos rojos, pero este verano mi madre innnov\u00f3 cambiando la fruta por mango\u2026","rel":"","context":"En \u00abDECORACI\u00d3N\u00bb","block_context":{"text":"DECORACI\u00d3N","link":"https:\/\/oui-oui.es\/blog\/category\/decoracion-de-casa\/"},"img":{"alt_text":"","src":"https:\/\/i0.wp.com\/oui-oui.es\/blog\/wp-content\/uploads\/2015\/09\/IMG_3043.jpg?resize=350%2C200&ssl=1","width":350,"height":200,"srcset":"https:\/\/i0.wp.com\/oui-oui.es\/blog\/wp-content\/uploads\/2015\/09\/IMG_3043.jpg?resize=350%2C200&ssl=1 1x, https:\/\/i0.wp.com\/oui-oui.es\/blog\/wp-content\/uploads\/2015\/09\/IMG_3043.jpg?resize=525%2C300&ssl=1 1.5x, https:\/\/i0.wp.com\/oui-oui.es\/blog\/wp-content\/uploads\/2015\/09\/IMG_3043.jpg?resize=700%2C400&ssl=1 2x, https:\/\/i0.wp.com\/oui-oui.es\/blog\/wp-content\/uploads\/2015\/09\/IMG_3043.jpg?resize=1050%2C600&ssl=1 3x, https:\/\/i0.wp.com\/oui-oui.es\/blog\/wp-content\/uploads\/2015\/09\/IMG_3043.jpg?resize=1400%2C800&ssl=1 4x"},"classes":[]}],"_links":{"self":[{"href":"https:\/\/oui-oui.es\/blog\/wp-json\/wp\/v2\/posts\/2682","targetHints":{"allow":["GET"]}}],"collection":[{"href":"https:\/\/oui-oui.es\/blog\/wp-json\/wp\/v2\/posts"}],"about":[{"href":"https:\/\/oui-oui.es\/blog\/wp-json\/wp\/v2\/types\/post"}],"author":[{"embeddable":true,"href":"https:\/\/oui-oui.es\/blog\/wp-json\/wp\/v2\/users\/1"}],"replies":[{"embeddable":true,"href":"https:\/\/oui-oui.es\/blog\/wp-json\/wp\/v2\/comments?post=2682"}],"version-history":[{"count":2,"href":"https:\/\/oui-oui.es\/blog\/wp-json\/wp\/v2\/posts\/2682\/revisions"}],"predecessor-version":[{"id":2788,"href":"https:\/\/oui-oui.es\/blog\/wp-json\/wp\/v2\/posts\/2682\/revisions\/2788"}],"wp:featuredmedia":[{"embeddable":true,"href":"https:\/\/oui-oui.es\/blog\/wp-json\/wp\/v2\/media\/2686"}],"wp:attachment":[{"href":"https:\/\/oui-oui.es\/blog\/wp-json\/wp\/v2\/media?parent=2682"}],"wp:term":[{"taxonomy":"category","embeddable":true,"href":"https:\/\/oui-oui.es\/blog\/wp-json\/wp\/v2\/categories?post=2682"},{"taxonomy":"post_tag","embeddable":true,"href":"https:\/\/oui-oui.es\/blog\/wp-json\/wp\/v2\/tags?post=2682"}],"curies":[{"name":"wp","href":"https:\/\/api.w.org\/{rel}","templated":true}]}}