{"id":2702,"date":"2015-06-30T00:01:54","date_gmt":"2015-06-30T00:01:54","guid":{"rendered":"https:\/\/oui-oui.es\/blog\/?p=2702"},"modified":"2015-07-30T19:02:47","modified_gmt":"2015-07-30T19:02:47","slug":"el-trolley-patinete-del-viajero-molon-uyuni","status":"publish","type":"post","link":"https:\/\/oui-oui.es\/blog\/el-trolley-patinete-del-viajero-molon-uyuni\/","title":{"rendered":"El trolley patinete del viajero mol\u00f3n | uYuni"},"content":{"rendered":"<div id=\"attachment_2705\" style=\"width: 779px\" class=\"wp-caption aligncenter\"><a href=\"https:\/\/www.uyuni.eu\/es\/\"><img loading=\"lazy\" decoding=\"async\" aria-describedby=\"caption-attachment-2705\" class=\"wp-image-2705 size-full\" src=\"https:\/\/oui-oui.es\/blog\/wp-content\/uploads\/Oui-Oui-maleta-patinete-uYuni-4.jpg\" alt=\"Oui Oui-maleta patinete uYuni 4\" width=\"769\" height=\"513\" srcset=\"https:\/\/oui-oui.es\/blog\/wp-content\/uploads\/Oui-Oui-maleta-patinete-uYuni-4.jpg 769w, https:\/\/oui-oui.es\/blog\/wp-content\/uploads\/Oui-Oui-maleta-patinete-uYuni-4-300x200.jpg 300w\" sizes=\"auto, (max-width: 769px) 100vw, 769px\" \/><\/a><p id=\"caption-attachment-2705\" class=\"wp-caption-text\">Fotograf\u00eda de Elena Bau<\/p><\/div>\n<p>Los que me conocen lo saben, <strong>me encantan los gadgets<\/strong>, los objetos originales y los productos que, adem\u00e1s de tener dise\u00f1o, son pr\u00e1cticos.<\/p>\n<p>Por eso cuando me contaron la idea de la <strong>maleta patinete<\/strong> me pareci\u00f3 genial, un <strong>trolley con patinete incorporado<\/strong> para ahorrarte tiempo de tr\u00e1nsito en los aeropuertos y \u00bfpor qu\u00e9 no?, <strong>para divertirte<\/strong> tambi\u00e9n.<\/p>\n<div id=\"attachment_2703\" style=\"width: 779px\" class=\"wp-caption aligncenter\"><a href=\"https:\/\/www.uyuni.eu\/es\/\"><img loading=\"lazy\" decoding=\"async\" aria-describedby=\"caption-attachment-2703\" class=\"size-full wp-image-2703\" src=\"https:\/\/oui-oui.es\/blog\/wp-content\/uploads\/Oui-Oui-maleta-patinete-uYuni-2.jpg\" alt=\"Fotograf\u00eda de Elena Bau\" width=\"769\" height=\"513\" srcset=\"https:\/\/oui-oui.es\/blog\/wp-content\/uploads\/Oui-Oui-maleta-patinete-uYuni-2.jpg 769w, https:\/\/oui-oui.es\/blog\/wp-content\/uploads\/Oui-Oui-maleta-patinete-uYuni-2-300x200.jpg 300w\" sizes=\"auto, (max-width: 769px) 100vw, 769px\" \/><\/a><p id=\"caption-attachment-2703\" class=\"wp-caption-text\">Fotograf\u00eda de Elena Bau<\/p><\/div>\n<p>Me parece <strong>lo m\u00e1s en un ejecutivo<\/strong>, pero tambi\u00e9n en una <em>viajanta<\/em> como yo o, como me dicen que las utilizan en el norte de Europa; <strong>para que los ni\u00f1os vayan al colegio en patinete<\/strong> con las cosas en la maleta; as\u00ed no les da verg\u00fcenza llevas las maletas de ruedas cuando van creciendo, y no llevan peso.<\/p>\n<div id=\"attachment_2704\" style=\"width: 779px\" class=\"wp-caption aligncenter\"><a href=\"https:\/\/www.uyuni.eu\/es\/\"><img loading=\"lazy\" decoding=\"async\" aria-describedby=\"caption-attachment-2704\" class=\"size-full wp-image-2704\" src=\"https:\/\/oui-oui.es\/blog\/wp-content\/uploads\/Oui-Oui-maleta-patinete-uYuni-3.jpg\" alt=\"Fotograf\u00eda de Elena Bau\" width=\"769\" height=\"513\" srcset=\"https:\/\/oui-oui.es\/blog\/wp-content\/uploads\/Oui-Oui-maleta-patinete-uYuni-3.jpg 769w, https:\/\/oui-oui.es\/blog\/wp-content\/uploads\/Oui-Oui-maleta-patinete-uYuni-3-300x200.jpg 300w\" sizes=\"auto, (max-width: 769px) 100vw, 769px\" \/><\/a><p id=\"caption-attachment-2704\" class=\"wp-caption-text\">Fotograf\u00eda de Elena Bau<\/p><\/div>\n<blockquote><p>Hasta ahora, tu maleta siempre ha ido detr\u00e1s de t\u00ed, persigui\u00e9ndote sin ganas&#8230;En los aeropuertos, en las ferias, en los pasillos de la universidad\u2026Tropezando.Molestando.A tirones.Rebelde.<\/p><\/blockquote>\n<p>\u00bfCu\u00e1ntas veces has llegado tarde a una reuni\u00f3n por su culpa?<\/p>\n<p>\u00bfCu\u00e1ntas veces has estado a punto de perder un avi\u00f3n, un tren, un autob\u00fas\u2026?<\/p>\n<p>\u00bfCu\u00e1ntas veces hubieras cambiado esa dichosa maleta por un pat\u00edn?<\/p>\n<p>\u00bfY si tu maleta viajara contigo\u2026 no detr\u00e1s de ti?<\/p>\n<p>\u00bfY si llevar tu ropa, tu ordenador o tus libros\u2026 fuera divertido y no una carga?<\/p>\n<p>\u00bfY si tu maleta tambi\u00e9n fuera un pat\u00edn?<\/p>\n<blockquote><p>Entonces tendr\u00edas una <strong>uYuni<\/strong> y sentir\u00edas que tienes ruedas, y no que vas siempre tirando de algo.<\/p><\/blockquote>\n<p><a href=\"https:\/\/www.uyuni.eu\/es\/\"><img loading=\"lazy\" decoding=\"async\" class=\"aligncenter size-full wp-image-2708\" src=\"https:\/\/oui-oui.es\/blog\/wp-content\/uploads\/Oui-Oui-maleta-patinete-uyuni-trolley-patinete.jpg\" alt=\"Oui Oui-maleta patinete-uyuni-trolley patinete\" width=\"970\" height=\"644\" srcset=\"https:\/\/oui-oui.es\/blog\/wp-content\/uploads\/Oui-Oui-maleta-patinete-uyuni-trolley-patinete.jpg 970w, https:\/\/oui-oui.es\/blog\/wp-content\/uploads\/Oui-Oui-maleta-patinete-uyuni-trolley-patinete-300x199.jpg 300w\" sizes=\"auto, (max-width: 970px) 100vw, 970px\" \/><\/a><\/p>\n<p>As\u00ed se presenta la marca espa\u00f1ola que est\u00e1 detr\u00e1s de este innovador producto; la <strong>maleta patinete con trolley<\/strong> de <strong><a href=\"https:\/\/www.uyuni.eu\/es\/\" target=\"_blank\">uYuni<\/a><\/strong> con la que tengo la suerte de colaborar, si est\u00e1is pensando comprar una, pod\u00e9is hacerlo <strong><a href=\"https:\/\/www.uyuni.eu\/es\/\" target=\"_blank\">aqu\u00ed<\/a><\/strong> y con el <strong>c\u00f3digo OUIOUI<\/strong> tendr\u00e9is uno de nuestros cartelitos veraniegos de regalo.<\/p>\n<p><a href=\"https:\/\/oui-oui.es\/blog\/wp-content\/uploads\/Oui-Oui-concept-store-cartel-madera-cartel-estoy-en-la-playa-mas-luz.jpg\"><img loading=\"lazy\" decoding=\"async\" class=\"aligncenter size-large wp-image-2707\" src=\"https:\/\/oui-oui.es\/blog\/wp-content\/uploads\/Oui-Oui-concept-store-cartel-madera-cartel-estoy-en-la-playa-mas-luz.jpg\" alt=\"Oui Oui concept store-cartel madera-cartel estoy en la playa-mas luz\" width=\"523\" height=\"523\" srcset=\"https:\/\/oui-oui.es\/blog\/wp-content\/uploads\/Oui-Oui-concept-store-cartel-madera-cartel-estoy-en-la-playa-mas-luz.jpg 523w, https:\/\/oui-oui.es\/blog\/wp-content\/uploads\/Oui-Oui-concept-store-cartel-madera-cartel-estoy-en-la-playa-mas-luz-150x150.jpg 150w, https:\/\/oui-oui.es\/blog\/wp-content\/uploads\/Oui-Oui-concept-store-cartel-madera-cartel-estoy-en-la-playa-mas-luz-300x300.jpg 300w\" sizes=\"auto, (max-width: 523px) 100vw, 523px\" \/><\/a><\/p>\n<blockquote><p>Introduce el <strong>c\u00f3digo OUIOUI<\/strong> al hacer tu compra y tendr\u00e1s de regalo un cartelito de \u00abestoy en la playa\u00bb, \u00abrinc\u00f3n de la siesta\u00bb o \u00abestoy de compras\u00bb<\/p><\/blockquote>\n<p>El jueves me voy de <strong>viaje con amigas<\/strong> y ser\u00e1 <strong>mi primera experiencia<\/strong> <a href=\"https:\/\/www.uyuni.eu\/es\/\" target=\"_blank\"><strong>uYuni<\/strong><\/a>, ya os contar\u00e9!<\/p>\n<p><strong>Cuando la ve\u00e1is por todos los aeropuertos no dig\u00e1is que no os lo cont\u00e9 primero!<\/strong> (est\u00e1 homologada como equipaje de cabina de todas las compa\u00f1\u00edas!), mirad que bien se lo pasaron <a href=\"https:\/\/www.youtube.com\/watch?v=JfUHvV4M6Q4\" target=\"_blank\">Jorge Lorenzo y Pablo Motos en el Hormiguero<\/a> con su <strong>uYuni<\/strong><\/p>\n<p><iframe loading=\"lazy\" title=\"La carrera en la maleta-patinete entre Pablo Motos y Jorge Lorenzo - El Hormiguero 3.0\" width=\"500\" height=\"281\" src=\"https:\/\/www.youtube.com\/embed\/JfUHvV4M6Q4?feature=oembed\" frameborder=\"0\" allow=\"accelerometer; autoplay; clipboard-write; encrypted-media; gyroscope; picture-in-picture; web-share\" referrerpolicy=\"strict-origin-when-cross-origin\" allowfullscreen><\/iframe><\/p>\n<blockquote><p>El regalo perfecto para ese hombre que lo tiene todo, para disfrutar a tope de los viajes de verano!<\/p><\/blockquote>\n","protected":false},"excerpt":{"rendered":"<p>Los que me conocen lo saben, me encantan los gadgets, los objetos originales y los productos que, adem\u00e1s de tener dise\u00f1o, son pr\u00e1cticos. Por eso cuando me contaron la idea de la maleta patinete me pareci\u00f3 genial, un trolley con patinete incorporado para ahorrarte tiempo de tr\u00e1nsito en los aeropuertos y \u00bfpor qu\u00e9 no?, para [&hellip;]<\/p>\n","protected":false},"author":1,"featured_media":2703,"comment_status":"open","ping_status":"open","sticky":false,"template":"","format":"standard","meta":{"jetpack_post_was_ever_published":false,"_jetpack_newsletter_access":"","_jetpack_dont_email_post_to_subs":false,"_jetpack_newsletter_tier_id":0,"_jetpack_memberships_contains_paywalled_content":false,"_jetpack_memberships_contains_paid_content":false,"footnotes":"","jetpack_publicize_message":"","jetpack_publicize_feature_enabled":true,"jetpack_social_post_already_shared":false,"jetpack_social_options":{"image_generator_settings":{"template":"highway","default_image_id":0,"font":"","enabled":false},"version":2}},"categories":[177,13],"tags":[681],"class_list":["post-2702","post","type-post","status-publish","format-standard","has-post-thumbnail","hentry","category-lifestyle-2","category-oui-oui","tag-maleta-patinete-trolley"],"aioseo_notices":[],"jetpack_publicize_connections":[],"jetpack_featured_media_url":"https:\/\/oui-oui.es\/blog\/wp-content\/uploads\/Oui-Oui-maleta-patinete-uYuni-2.jpg","jetpack_sharing_enabled":true,"jetpack-related-posts":[{"id":3655,"url":"https:\/\/oui-oui.es\/blog\/familias-urbanas-el-carrito-con-patinete\/","url_meta":{"origin":2702,"position":0},"title":"Familias urbanas | el carrito con patinete","author":"Mar\u00eda \u2665Oui Oui\u2665","date":"30 octubre, 2015","format":false,"excerpt":"Parece que los monopatines han llegado para quedarse, mirad esta opci\u00f3n de longboard con carrito para que todos nos lo pasemos como ni\u00f1os... La marca Quinny, despu\u00e9s de dos a\u00f1os de desarrollo lanza el longboardstroller, un nuevo enfoque de la movilidad de padres e hijos, m\u00e1s divertido pero con todos\u2026","rel":"","context":"En \u00abA un hombre\/ novio\/ marido\/ padre\u00bb","block_context":{"text":"A un hombre\/ novio\/ marido\/ padre","link":"https:\/\/oui-oui.es\/blog\/category\/no-se-que-regalar\/a-un-hombrenoviomaridopadre\/"},"img":{"alt_text":"","src":"https:\/\/i0.wp.com\/oui-oui.es\/blog\/wp-content\/uploads\/2015\/10\/Oui-Oui-carrito-patinete-quinny-longboardstroller-patinete-con-silla-de-ni%C3%B1o-3.jpg?resize=350%2C200&ssl=1","width":350,"height":200,"srcset":"https:\/\/i0.wp.com\/oui-oui.es\/blog\/wp-content\/uploads\/2015\/10\/Oui-Oui-carrito-patinete-quinny-longboardstroller-patinete-con-silla-de-ni%C3%B1o-3.jpg?resize=350%2C200&ssl=1 1x, https:\/\/i0.wp.com\/oui-oui.es\/blog\/wp-content\/uploads\/2015\/10\/Oui-Oui-carrito-patinete-quinny-longboardstroller-patinete-con-silla-de-ni%C3%B1o-3.jpg?resize=525%2C300&ssl=1 1.5x, https:\/\/i0.wp.com\/oui-oui.es\/blog\/wp-content\/uploads\/2015\/10\/Oui-Oui-carrito-patinete-quinny-longboardstroller-patinete-con-silla-de-ni%C3%B1o-3.jpg?resize=700%2C400&ssl=1 2x"},"classes":[]},{"id":9150,"url":"https:\/\/oui-oui.es\/blog\/los-flecos-para-el-patinete\/","url_meta":{"origin":2702,"position":1},"title":"Los flecos para el patinete","author":"Mar\u00eda \u2665Oui Oui\u2665","date":"15 junio, 2018","format":false,"excerpt":"Desde que vi en Par\u00eds los flecos de patinete no par\u00e9 hasta conseguir traerlos a la tienda, es una de las cosas que m\u00e1s me gusta de mi trabajo, ver un producto y rastrear medio mundo hasta encontrar el proveedor o distribuidor... Los flecos para el patinete son el t\u00edpico\u2026","rel":"","context":"En \u00abNI\u00d1OS Y NI\u00d1AS\u00bb","block_context":{"text":"NI\u00d1OS Y NI\u00d1AS","link":"https:\/\/oui-oui.es\/blog\/category\/ninos\/"},"img":{"alt_text":"","src":"https:\/\/i0.wp.com\/oui-oui.es\/blog\/wp-content\/uploads\/2018\/06\/Oui-Oui-bolso-cesta-pesca-cestita-patinete-cestas-olli-ella-cesta-bici-mimbre.jpg?resize=350%2C200&ssl=1","width":350,"height":200,"srcset":"https:\/\/i0.wp.com\/oui-oui.es\/blog\/wp-content\/uploads\/2018\/06\/Oui-Oui-bolso-cesta-pesca-cestita-patinete-cestas-olli-ella-cesta-bici-mimbre.jpg?resize=350%2C200&ssl=1 1x, https:\/\/i0.wp.com\/oui-oui.es\/blog\/wp-content\/uploads\/2018\/06\/Oui-Oui-bolso-cesta-pesca-cestita-patinete-cestas-olli-ella-cesta-bici-mimbre.jpg?resize=525%2C300&ssl=1 1.5x, https:\/\/i0.wp.com\/oui-oui.es\/blog\/wp-content\/uploads\/2018\/06\/Oui-Oui-bolso-cesta-pesca-cestita-patinete-cestas-olli-ella-cesta-bici-mimbre.jpg?resize=700%2C400&ssl=1 2x, https:\/\/i0.wp.com\/oui-oui.es\/blog\/wp-content\/uploads\/2018\/06\/Oui-Oui-bolso-cesta-pesca-cestita-patinete-cestas-olli-ella-cesta-bici-mimbre.jpg?resize=1050%2C600&ssl=1 3x"},"classes":[]},{"id":10535,"url":"https:\/\/oui-oui.es\/blog\/novedades-en-la-tienda-de-oui-oui\/","url_meta":{"origin":2702,"position":2},"title":"Novedades en la tienda de Oui Oui","author":"Mar\u00eda \u2665Oui Oui\u2665","date":"23 junio, 2020","format":false,"excerpt":"El otro d\u00eda me dec\u00eda mi t\u00eda que por qu\u00e9 ya no sub\u00eda las novedades de la tienda al Blog, que ella no tiene Instagram y le gustaba cuando le llegaban las novedades al mail...Pues dicho y hecho! aunque lo perfecto ser\u00eda volver a enviar una Newsletter, lo cierto es\u2026","rel":"","context":"En \u00abCASA\u00bb","block_context":{"text":"CASA","link":"https:\/\/oui-oui.es\/blog\/category\/hogar-dulce-hogar\/"},"img":{"alt_text":"","src":"https:\/\/i0.wp.com\/oui-oui.es\/blog\/wp-content\/uploads\/2020\/06\/oui-oui-cesta-mosey-olli-ella-cesta-para-recoger-flores-huevos-cesta-regalo-5.jpg?resize=350%2C200&ssl=1","width":350,"height":200,"srcset":"https:\/\/i0.wp.com\/oui-oui.es\/blog\/wp-content\/uploads\/2020\/06\/oui-oui-cesta-mosey-olli-ella-cesta-para-recoger-flores-huevos-cesta-regalo-5.jpg?resize=350%2C200&ssl=1 1x, https:\/\/i0.wp.com\/oui-oui.es\/blog\/wp-content\/uploads\/2020\/06\/oui-oui-cesta-mosey-olli-ella-cesta-para-recoger-flores-huevos-cesta-regalo-5.jpg?resize=525%2C300&ssl=1 1.5x, https:\/\/i0.wp.com\/oui-oui.es\/blog\/wp-content\/uploads\/2020\/06\/oui-oui-cesta-mosey-olli-ella-cesta-para-recoger-flores-huevos-cesta-regalo-5.jpg?resize=700%2C400&ssl=1 2x, https:\/\/i0.wp.com\/oui-oui.es\/blog\/wp-content\/uploads\/2020\/06\/oui-oui-cesta-mosey-olli-ella-cesta-para-recoger-flores-huevos-cesta-regalo-5.jpg?resize=1050%2C600&ssl=1 3x, https:\/\/i0.wp.com\/oui-oui.es\/blog\/wp-content\/uploads\/2020\/06\/oui-oui-cesta-mosey-olli-ella-cesta-para-recoger-flores-huevos-cesta-regalo-5.jpg?resize=1400%2C800&ssl=1 4x"},"classes":[]},{"id":9453,"url":"https:\/\/oui-oui.es\/blog\/vuelve-kids-up\/","url_meta":{"origin":2702,"position":3},"title":"Vuelve Kids UP!","author":"Mar\u00eda \u2665Oui Oui\u2665","date":"27 noviembre, 2018","format":false,"excerpt":"\u00a0 Un a\u00f1o despu\u00e9s, ya vamos por la V Edici\u00f3n de Kids UP! y nos hace much\u00edsima ilusi\u00f3n a Elena y a m\u00ed, ya que, aunque en cada edici\u00f3n nos dejamos la piel y acabamos agotad\u00edsimas, al final nos va la marcha y volvemos a repetir, porque son un \u00e9xito,\u2026","rel":"","context":"En \u00abNI\u00d1OS Y NI\u00d1AS\u00bb","block_context":{"text":"NI\u00d1OS Y NI\u00d1AS","link":"https:\/\/oui-oui.es\/blog\/category\/ninos\/"},"img":{"alt_text":"","src":"https:\/\/i0.wp.com\/oui-oui.es\/blog\/wp-content\/uploads\/2018\/11\/KidsUp-Square.jpg?resize=350%2C200&ssl=1","width":350,"height":200,"srcset":"https:\/\/i0.wp.com\/oui-oui.es\/blog\/wp-content\/uploads\/2018\/11\/KidsUp-Square.jpg?resize=350%2C200&ssl=1 1x, https:\/\/i0.wp.com\/oui-oui.es\/blog\/wp-content\/uploads\/2018\/11\/KidsUp-Square.jpg?resize=525%2C300&ssl=1 1.5x, https:\/\/i0.wp.com\/oui-oui.es\/blog\/wp-content\/uploads\/2018\/11\/KidsUp-Square.jpg?resize=700%2C400&ssl=1 2x, https:\/\/i0.wp.com\/oui-oui.es\/blog\/wp-content\/uploads\/2018\/11\/KidsUp-Square.jpg?resize=1050%2C600&ssl=1 3x"},"classes":[]},{"id":3487,"url":"https:\/\/oui-oui.es\/blog\/la-wishlist-de-martin-por-su-segundo-cumpleanos\/","url_meta":{"origin":2702,"position":4},"title":"La wishlist de Mart\u00edn por su segundo cumplea\u00f1os","author":"Mar\u00eda \u2665Oui Oui\u2665","date":"12 octubre, 2015","format":false,"excerpt":"El cumplea\u00f1os de Mart\u00edn fue hace exactamente un mes y, como nos pill\u00f3 reci\u00e9n llegados de viaje y con l\u00edo de trabajo no me di\u00f3 tiempo a hacer su lista de regalos como me hubiera gustado, est\u00e1 claro que no pasa nada, tuvo regalos m\u00e1s que de sobra (hasta guard\u00e9\u2026","rel":"","context":"En \u00abNI\u00d1OS Y NI\u00d1AS\u00bb","block_context":{"text":"NI\u00d1OS Y NI\u00d1AS","link":"https:\/\/oui-oui.es\/blog\/category\/ninos\/"},"img":{"alt_text":"","src":"https:\/\/i0.wp.com\/oui-oui.es\/blog\/wp-content\/uploads\/2015\/10\/Oui-Oui-wishlist-martin-babyoui-material-montessori-torre-rosa-tigriteando.jpg?resize=350%2C200&ssl=1","width":350,"height":200},"classes":[]},{"id":9396,"url":"https:\/\/oui-oui.es\/blog\/los-mini-trolley-para-ninos-mas-ideales-ya-estan-aqui\/","url_meta":{"origin":2702,"position":5},"title":"Los mini trolley para ni\u00f1os m\u00e1s ideales ya est\u00e1n aqu\u00ed","author":"Mar\u00eda \u2665Oui Oui\u2665","date":"22 octubre, 2018","format":false,"excerpt":"Recuerdo el a\u00f1o pasado buscar una maleta para ni\u00f1os mona que pudieran llevar ellos mismos como loca y quedarme sin ella porque no encontr\u00e9 nada, o bien eran de merchandising o de animales para sentarse encima, pero adem\u00e1s de que no cab\u00eda mucho, acababas arrastr\u00e1ndoles t\u00fa... Por eso cuando vi\u2026","rel":"","context":"En \u00abREGALOS\u00bb","block_context":{"text":"REGALOS","link":"https:\/\/oui-oui.es\/blog\/category\/no-se-que-regalar\/"},"img":{"alt_text":"","src":"https:\/\/i0.wp.com\/oui-oui.es\/blog\/wp-content\/uploads\/2018\/10\/Oui-Oui-maleta-ni%C3%B1os-mona-trolley-ni%C3%B1os-maletas-olli-ella-see-ya-suitcase-maleta-viaje-ni%C3%B1os-2.jpg?resize=350%2C200&ssl=1","width":350,"height":200,"srcset":"https:\/\/i0.wp.com\/oui-oui.es\/blog\/wp-content\/uploads\/2018\/10\/Oui-Oui-maleta-ni%C3%B1os-mona-trolley-ni%C3%B1os-maletas-olli-ella-see-ya-suitcase-maleta-viaje-ni%C3%B1os-2.jpg?resize=350%2C200&ssl=1 1x, https:\/\/i0.wp.com\/oui-oui.es\/blog\/wp-content\/uploads\/2018\/10\/Oui-Oui-maleta-ni%C3%B1os-mona-trolley-ni%C3%B1os-maletas-olli-ella-see-ya-suitcase-maleta-viaje-ni%C3%B1os-2.jpg?resize=525%2C300&ssl=1 1.5x, https:\/\/i0.wp.com\/oui-oui.es\/blog\/wp-content\/uploads\/2018\/10\/Oui-Oui-maleta-ni%C3%B1os-mona-trolley-ni%C3%B1os-maletas-olli-ella-see-ya-suitcase-maleta-viaje-ni%C3%B1os-2.jpg?resize=700%2C400&ssl=1 2x, https:\/\/i0.wp.com\/oui-oui.es\/blog\/wp-content\/uploads\/2018\/10\/Oui-Oui-maleta-ni%C3%B1os-mona-trolley-ni%C3%B1os-maletas-olli-ella-see-ya-suitcase-maleta-viaje-ni%C3%B1os-2.jpg?resize=1050%2C600&ssl=1 3x, https:\/\/i0.wp.com\/oui-oui.es\/blog\/wp-content\/uploads\/2018\/10\/Oui-Oui-maleta-ni%C3%B1os-mona-trolley-ni%C3%B1os-maletas-olli-ella-see-ya-suitcase-maleta-viaje-ni%C3%B1os-2.jpg?resize=1400%2C800&ssl=1 4x"},"classes":[]}],"_links":{"self":[{"href":"https:\/\/oui-oui.es\/blog\/wp-json\/wp\/v2\/posts\/2702","targetHints":{"allow":["GET"]}}],"collection":[{"href":"https:\/\/oui-oui.es\/blog\/wp-json\/wp\/v2\/posts"}],"about":[{"href":"https:\/\/oui-oui.es\/blog\/wp-json\/wp\/v2\/types\/post"}],"author":[{"embeddable":true,"href":"https:\/\/oui-oui.es\/blog\/wp-json\/wp\/v2\/users\/1"}],"replies":[{"embeddable":true,"href":"https:\/\/oui-oui.es\/blog\/wp-json\/wp\/v2\/comments?post=2702"}],"version-history":[{"count":4,"href":"https:\/\/oui-oui.es\/blog\/wp-json\/wp\/v2\/posts\/2702\/revisions"}],"predecessor-version":[{"id":2712,"href":"https:\/\/oui-oui.es\/blog\/wp-json\/wp\/v2\/posts\/2702\/revisions\/2712"}],"wp:featuredmedia":[{"embeddable":true,"href":"https:\/\/oui-oui.es\/blog\/wp-json\/wp\/v2\/media\/2703"}],"wp:attachment":[{"href":"https:\/\/oui-oui.es\/blog\/wp-json\/wp\/v2\/media?parent=2702"}],"wp:term":[{"taxonomy":"category","embeddable":true,"href":"https:\/\/oui-oui.es\/blog\/wp-json\/wp\/v2\/categories?post=2702"},{"taxonomy":"post_tag","embeddable":true,"href":"https:\/\/oui-oui.es\/blog\/wp-json\/wp\/v2\/tags?post=2702"}],"curies":[{"name":"wp","href":"https:\/\/api.w.org\/{rel}","templated":true}]}}