{"id":272,"date":"2012-12-12T00:00:39","date_gmt":"2012-12-11T23:00:39","guid":{"rendered":"http:\/\/ouiouiblog.wordpress.com\/?p=272"},"modified":"2012-12-12T00:00:39","modified_gmt":"2012-12-11T23:00:39","slug":"el-ramo-de-una-boda-de-invierno","status":"publish","type":"post","link":"https:\/\/oui-oui.es\/blog\/el-ramo-de-una-boda-de-invierno\/","title":{"rendered":"El ramo de una boda de invierno"},"content":{"rendered":"<p style=\"text-align:center;\"><a href=\"https:\/\/oui-oui.es\/blog\/wp-content\/uploads\/boda-invierno-ramo-algodon-pedraza-vestido-novia-tul-chaqueta-militar-2.jpg\"><img loading=\"lazy\" decoding=\"async\" class=\"aligncenter size-full wp-image-306\" alt=\"Boda invierno-ramo algodon-pedraza-vestido novia tul-chaqueta militar (2)\" src=\"https:\/\/oui-oui.es\/blog\/wp-content\/uploads\/boda-invierno-ramo-algodon-pedraza-vestido-novia-tul-chaqueta-militar-2.jpg\" width=\"529\" height=\"352\" srcset=\"https:\/\/oui-oui.es\/blog\/wp-content\/uploads\/boda-invierno-ramo-algodon-pedraza-vestido-novia-tul-chaqueta-militar-2.jpg 5184w, https:\/\/oui-oui.es\/blog\/wp-content\/uploads\/boda-invierno-ramo-algodon-pedraza-vestido-novia-tul-chaqueta-militar-2-300x200.jpg 300w, https:\/\/oui-oui.es\/blog\/wp-content\/uploads\/boda-invierno-ramo-algodon-pedraza-vestido-novia-tul-chaqueta-militar-2-1024x682.jpg 1024w\" sizes=\"auto, (max-width: 529px) 100vw, 529px\" \/><\/a><\/p>\n<p style=\"text-align:center;\">Uno de los detalles que m\u00e1s me gust\u00f3 de la <strong>boda de invierno<\/strong> en la que estuvimos hace dos semanas fu\u00e9 <strong>el ramo de la novia<\/strong>; nos sorprendi\u00f3 a todos con un <strong>ramo de barillas de algod\u00f3n<\/strong>; un ramo <strong>sencillo<\/strong>, pero muy <strong>c\u00e1lido<\/strong>, <strong>r\u00fastico<\/strong> pero que complementaba a la perfecci\u00f3n con un vestido m\u00e1s se\u00f1orial, con una preciosa chaqueta <em>napole\u00f3nica<\/em> en tercipelo con detalles de encaje.<\/p>\n<p style=\"text-align:center;\"><a href=\"https:\/\/oui-oui.es\/blog\/wp-content\/uploads\/boda-invierno-ramo-algodon-pedraza-vestido-novia-tul-chaqueta-militar-3.jpg\"><img loading=\"lazy\" decoding=\"async\" class=\"aligncenter size-full wp-image-308\" alt=\"Boda invierno-ramo algodon-pedraza-vestido novia tul-chaqueta militar (3)\" src=\"https:\/\/oui-oui.es\/blog\/wp-content\/uploads\/boda-invierno-ramo-algodon-pedraza-vestido-novia-tul-chaqueta-militar-3.jpg\" width=\"529\" height=\"352\" srcset=\"https:\/\/oui-oui.es\/blog\/wp-content\/uploads\/boda-invierno-ramo-algodon-pedraza-vestido-novia-tul-chaqueta-militar-3.jpg 5184w, https:\/\/oui-oui.es\/blog\/wp-content\/uploads\/boda-invierno-ramo-algodon-pedraza-vestido-novia-tul-chaqueta-militar-3-300x200.jpg 300w, https:\/\/oui-oui.es\/blog\/wp-content\/uploads\/boda-invierno-ramo-algodon-pedraza-vestido-novia-tul-chaqueta-militar-3-1024x682.jpg 1024w\" sizes=\"auto, (max-width: 529px) 100vw, 529px\" \/><\/a><\/p>\n<p style=\"text-align:center;\">Aqu\u00ed; Bel\u00e9n con su padre.La foto no puede ser m\u00e1s bonita,la luz y la ilusi\u00f3n por entrar en la Iglesia que se desprende de su sonrisa (esta boda dar para m\u00e1s post, ya os contar\u00e9!) y lo guap\u00edsima que estaba.<\/p>\n<p style=\"text-align:center;\"><a href=\"http:\/\/ouiouiblog.files.wordpress.com\/2012\/12\/boda-invierno-ramo-algodon-pedraza-vestido-novia-tul-chaqueta-militar-1.jpg\"><img loading=\"lazy\" decoding=\"async\" class=\"aligncenter size-full wp-image-305\" alt=\"Boda invierno-ramo algodon-pedraza-vestido novia tul-chaqueta militar (1)\" src=\"http:\/\/ouiouiblog.files.wordpress.com\/2012\/12\/boda-invierno-ramo-algodon-pedraza-vestido-novia-tul-chaqueta-militar-1.jpg\" width=\"529\" height=\"793\" \/><\/a><\/p>\n<p style=\"text-align:center;\">A ra\u00edz de ese detalle no pude evitar dar una vuelta por Pinterest y, apesar de que hasta esta boda no hab\u00eda pensado en el <strong>algod\u00f3n<\/strong> como <strong>elemento de decoraci\u00f3n o complemento para los novios<\/strong>, hay propuestas que me han encantado para una <strong>boda de invierno<\/strong>; el <strong>algod\u00f3n<\/strong> <strong>combina c\u00e1lidamente con la madera, los tostados y los dorados.<\/strong><\/p>\n<p style=\"text-align:center;\"><a href=\"http:\/\/ouiouiblog.files.wordpress.com\/2012\/12\/oui-oui-boda-invierno-ramo-algodon-decorar-con-ramas-algodon-8.jpg\"><img loading=\"lazy\" decoding=\"async\" class=\"aligncenter size-full wp-image-280\" alt=\"Oui Oui-boda invierno-ramo algodon-decorar con ramas algodon (8)\" src=\"http:\/\/ouiouiblog.files.wordpress.com\/2012\/12\/oui-oui-boda-invierno-ramo-algodon-decorar-con-ramas-algodon-8.jpg\" width=\"529\" height=\"793\" srcset=\"https:\/\/oui-oui.es\/blog\/wp-content\/uploads\/oui-oui-boda-invierno-ramo-algodon-decorar-con-ramas-algodon-8.jpg 554w, https:\/\/oui-oui.es\/blog\/wp-content\/uploads\/oui-oui-boda-invierno-ramo-algodon-decorar-con-ramas-algodon-8-200x300.jpg 200w\" sizes=\"auto, (max-width: 529px) 100vw, 529px\" \/><\/a><\/p>\n<p style=\"text-align:center;\"><a href=\"http:\/\/ouiouiblog.files.wordpress.com\/2012\/12\/oui-oui-boda-invierno-ramo-algodon-decorar-con-ramas-algodon-6.jpg\"><img loading=\"lazy\" decoding=\"async\" class=\" wp-image-278 aligncenter\" alt=\"\" src=\"http:\/\/ouiouiblog.files.wordpress.com\/2012\/12\/oui-oui-boda-invierno-ramo-algodon-decorar-con-ramas-algodon-6.jpg\" width=\"529\" height=\"793\" \/><\/a><\/p>\n<p style=\"text-align:center;\"><a href=\"http:\/\/ouiouiblog.files.wordpress.com\/2012\/12\/oui-oui-boda-invierno-ramo-algodon-decorar-con-ramas-algodon-10.jpg\"><img loading=\"lazy\" decoding=\"async\" class=\"size-full wp-image-282 aligncenter\" alt=\"\" src=\"http:\/\/ouiouiblog.files.wordpress.com\/2012\/12\/oui-oui-boda-invierno-ramo-algodon-decorar-con-ramas-algodon-10.jpg\" width=\"499\" height=\"750\" srcset=\"https:\/\/oui-oui.es\/blog\/wp-content\/uploads\/oui-oui-boda-invierno-ramo-algodon-decorar-con-ramas-algodon-10.jpg 499w, https:\/\/oui-oui.es\/blog\/wp-content\/uploads\/oui-oui-boda-invierno-ramo-algodon-decorar-con-ramas-algodon-10-199x300.jpg 199w\" sizes=\"auto, (max-width: 499px) 100vw, 499px\" \/><\/a><\/p>\n<p style=\"text-align:center;\"><a href=\"http:\/\/ouiouiblog.files.wordpress.com\/2012\/12\/oui-oui-boda-invierno-ramo-algodon-decorar-con-ramas-algodon-2.jpg\"><img loading=\"lazy\" decoding=\"async\" class=\"aligncenter size-full wp-image-274\" alt=\"Oui Oui-boda invierno-ramo algodon-decorar con ramas algodon (2)\" src=\"http:\/\/ouiouiblog.files.wordpress.com\/2012\/12\/oui-oui-boda-invierno-ramo-algodon-decorar-con-ramas-algodon-2.jpg\" width=\"529\" height=\"529\" srcset=\"https:\/\/oui-oui.es\/blog\/wp-content\/uploads\/oui-oui-boda-invierno-ramo-algodon-decorar-con-ramas-algodon-2.jpg 554w, https:\/\/oui-oui.es\/blog\/wp-content\/uploads\/oui-oui-boda-invierno-ramo-algodon-decorar-con-ramas-algodon-2-150x150.jpg 150w, https:\/\/oui-oui.es\/blog\/wp-content\/uploads\/oui-oui-boda-invierno-ramo-algodon-decorar-con-ramas-algodon-2-300x300.jpg 300w\" sizes=\"auto, (max-width: 529px) 100vw, 529px\" \/><\/a> <a href=\"http:\/\/ouiouiblog.files.wordpress.com\/2012\/12\/oui-oui-boda-invierno-ramo-algodon-decorar-con-ramas-algodon-4.jpg\"><img loading=\"lazy\" decoding=\"async\" class=\"aligncenter size-full wp-image-276\" alt=\"Oui Oui-boda invierno-ramo algodon-decorar con ramas algodon (4)\" src=\"http:\/\/ouiouiblog.files.wordpress.com\/2012\/12\/oui-oui-boda-invierno-ramo-algodon-decorar-con-ramas-algodon-4.jpg\" width=\"529\" height=\"1773\" \/><\/a><\/p>\n<p style=\"text-align:center;\">Tambi\u00e9n como <strong>centros de mesa<\/strong> o <strong>detalle<\/strong> en cada sitio<\/p>\n<p><a href=\"http:\/\/ouiouiblog.files.wordpress.com\/2012\/12\/oui-oui-boda-invierno-ramo-algodon-decorar-con-ramas-algodon-3.jpg\"><img loading=\"lazy\" decoding=\"async\" class=\"aligncenter size-full wp-image-275\" alt=\"Oui Oui-boda invierno-ramo algodon-decorar con ramas algodon (3)\" src=\"http:\/\/ouiouiblog.files.wordpress.com\/2012\/12\/oui-oui-boda-invierno-ramo-algodon-decorar-con-ramas-algodon-3.jpg\" width=\"529\" height=\"753\" srcset=\"https:\/\/oui-oui.es\/blog\/wp-content\/uploads\/oui-oui-boda-invierno-ramo-algodon-decorar-con-ramas-algodon-3.jpg 554w, https:\/\/oui-oui.es\/blog\/wp-content\/uploads\/oui-oui-boda-invierno-ramo-algodon-decorar-con-ramas-algodon-3-210x300.jpg 210w\" sizes=\"auto, (max-width: 529px) 100vw, 529px\" \/><\/a><\/p>\n<p style=\"text-align:center;\"><a href=\"http:\/\/ouiouiblog.files.wordpress.com\/2012\/12\/oui-oui-boda-invierno-ramo-algodon-decorar-con-ramas-algodon-1.jpg\"><img loading=\"lazy\" decoding=\"async\" class=\" wp-image-273 aligncenter\" alt=\"\" src=\"http:\/\/ouiouiblog.files.wordpress.com\/2012\/12\/oui-oui-boda-invierno-ramo-algodon-decorar-con-ramas-algodon-1.jpg\" width=\"529\" height=\"722\" srcset=\"https:\/\/oui-oui.es\/blog\/wp-content\/uploads\/oui-oui-boda-invierno-ramo-algodon-decorar-con-ramas-algodon-1.jpg 554w, https:\/\/oui-oui.es\/blog\/wp-content\/uploads\/oui-oui-boda-invierno-ramo-algodon-decorar-con-ramas-algodon-1-219x300.jpg 219w\" sizes=\"auto, (max-width: 529px) 100vw, 529px\" \/><\/a><\/p>\n<p style=\"text-align:center;\">Y para los chicos que gusten de <strong>adornar el ojal de la chaqueta<\/strong><\/p>\n<p style=\"text-align:center;\"><a href=\"http:\/\/ouiouiblog.files.wordpress.com\/2012\/12\/oui-oui-boda-invierno-detalle-ojal-algodon-hombre.jpg\"><img loading=\"lazy\" decoding=\"async\" class=\"size-full wp-image-284 aligncenter\" alt=\"\" src=\"http:\/\/ouiouiblog.files.wordpress.com\/2012\/12\/oui-oui-boda-invierno-detalle-ojal-algodon-hombre.jpg\" width=\"275\" height=\"459\" srcset=\"https:\/\/oui-oui.es\/blog\/wp-content\/uploads\/oui-oui-boda-invierno-detalle-ojal-algodon-hombre.jpg 275w, https:\/\/oui-oui.es\/blog\/wp-content\/uploads\/oui-oui-boda-invierno-detalle-ojal-algodon-hombre-179x300.jpg 179w\" sizes=\"auto, (max-width: 275px) 100vw, 275px\" \/><\/a><\/p>\n<p style=\"text-align:center;\"><a href=\"http:\/\/ouiouiblog.files.wordpress.com\/2012\/12\/oui-oui-boda-invierno-ramo-algodon-decorar-con-ramas-algodon-7.jpg\"><img loading=\"lazy\" decoding=\"async\" class=\" wp-image-279 aligncenter\" alt=\"\" src=\"http:\/\/ouiouiblog.files.wordpress.com\/2012\/12\/oui-oui-boda-invierno-ramo-algodon-decorar-con-ramas-algodon-7.jpg\" width=\"529\" height=\"493\" srcset=\"https:\/\/oui-oui.es\/blog\/wp-content\/uploads\/oui-oui-boda-invierno-ramo-algodon-decorar-con-ramas-algodon-7.jpg 554w, https:\/\/oui-oui.es\/blog\/wp-content\/uploads\/oui-oui-boda-invierno-ramo-algodon-decorar-con-ramas-algodon-7-300x279.jpg 300w\" sizes=\"auto, (max-width: 529px) 100vw, 529px\" \/><\/a><\/p>\n<p style=\"text-align:center;\">Esta misma idea, tambi\u00e9n quedar\u00eda bien como <strong>sitting<\/strong>; una <strong>bolita de algod\u00f3n con cada nombre.<\/strong><\/p>\n<p style=\"text-align:center;\">Y en detalles como una <strong>corona<\/strong>, quiz\u00e1s para la puerta de entrada al comedor, por ejemplo&#8230;<\/p>\n<p style=\"text-align:center;\"><a href=\"http:\/\/ouiouiblog.files.wordpress.com\/2012\/12\/oui-oui-boda-invierno-ramo-algodon-decorar-con-ramas-algodon-5.jpg\"><img loading=\"lazy\" decoding=\"async\" class=\"size-full wp-image-277 aligncenter\" alt=\"\" src=\"http:\/\/ouiouiblog.files.wordpress.com\/2012\/12\/oui-oui-boda-invierno-ramo-algodon-decorar-con-ramas-algodon-5.jpg\" width=\"360\" height=\"450\" srcset=\"https:\/\/oui-oui.es\/blog\/wp-content\/uploads\/oui-oui-boda-invierno-ramo-algodon-decorar-con-ramas-algodon-5.jpg 360w, https:\/\/oui-oui.es\/blog\/wp-content\/uploads\/oui-oui-boda-invierno-ramo-algodon-decorar-con-ramas-algodon-5-240x300.jpg 240w\" sizes=\"auto, (max-width: 360px) 100vw, 360px\" \/><\/a><\/p>\n<p style=\"text-align:center;\">Me encanta c\u00f3mo queda <strong>coronando la tarta<\/strong><\/p>\n<p style=\"text-align:center;\"><a href=\"http:\/\/ouiouiblog.files.wordpress.com\/2012\/12\/oui-oui-boda-invierno-ramo-algodon-decorar-con-ramas-algodon-9.jpg\"><img loading=\"lazy\" decoding=\"async\" class=\"size-full wp-image-281 aligncenter\" alt=\"\" src=\"http:\/\/ouiouiblog.files.wordpress.com\/2012\/12\/oui-oui-boda-invierno-ramo-algodon-decorar-con-ramas-algodon-9.jpg\" width=\"467\" height=\"700\" srcset=\"https:\/\/oui-oui.es\/blog\/wp-content\/uploads\/oui-oui-boda-invierno-ramo-algodon-decorar-con-ramas-algodon-9.jpg 467w, https:\/\/oui-oui.es\/blog\/wp-content\/uploads\/oui-oui-boda-invierno-ramo-algodon-decorar-con-ramas-algodon-9-200x300.jpg 200w\" sizes=\"auto, (max-width: 467px) 100vw, 467px\" \/><\/a><\/p>\n<p style=\"text-align:center;\">Las fotos de la novia no pueden ser reproducidas sin autorizaci\u00f3n, el resto pod\u00e9is encontrar los cr\u00e9ditos <a href=\"http:\/\/pinterest.com\/ouiouidetalles\/winter-wedding\/\" target=\"_blank\">aqu\u00ed<\/a><\/p>\n","protected":false},"excerpt":{"rendered":"<p>Uno de los detalles que m\u00e1s me gust\u00f3 de la boda de invierno en la que estuvimos hace dos semanas fu\u00e9 el ramo de la novia; nos sorprendi\u00f3 a todos con un ramo de barillas de algod\u00f3n; un ramo sencillo, pero muy c\u00e1lido, r\u00fastico pero que complementaba a la perfecci\u00f3n con un vestido m\u00e1s se\u00f1orial, [&hellip;]<\/p>\n","protected":false},"author":1,"featured_media":306,"comment_status":"open","ping_status":"open","sticky":false,"template":"","format":"standard","meta":{"jetpack_post_was_ever_published":false,"_jetpack_newsletter_access":"","_jetpack_dont_email_post_to_subs":false,"_jetpack_newsletter_tier_id":0,"_jetpack_memberships_contains_paywalled_content":false,"_jetpack_memberships_contains_paid_content":false,"footnotes":"","jetpack_publicize_message":"","jetpack_publicize_feature_enabled":true,"jetpack_social_post_already_shared":false,"jetpack_social_options":{"image_generator_settings":{"template":"highway","default_image_id":0,"font":"","enabled":false},"version":2}},"categories":[704],"tags":[44],"class_list":["post-272","post","type-post","status-publish","format-standard","has-post-thumbnail","hentry","category-boda","tag-boda-campestre"],"aioseo_notices":[],"jetpack_publicize_connections":[],"jetpack_featured_media_url":"https:\/\/oui-oui.es\/blog\/wp-content\/uploads\/boda-invierno-ramo-algodon-pedraza-vestido-novia-tul-chaqueta-militar-2.jpg","jetpack_sharing_enabled":true,"jetpack-related-posts":[{"id":967,"url":"https:\/\/oui-oui.es\/blog\/oui-oui-en-mi-boda-rocks-experience\/","url_meta":{"origin":272,"position":0},"title":"Oui Oui en Mi Boda Rocks Experience","author":"Mar\u00eda \u2665Oui Oui\u2665","date":"8 octubre, 2013","format":false,"excerpt":"Poco a poco voy volviendo a la rutina (a\u00fan no he conseguido volver a escribir en el blog tanto como antes, pero al menos hay nuevo post en menos de una semana!) y una de las cosas que m\u00e1s me apetece es participar en pop up\u00b4s, reuniones para novi@s, etc...As\u00ed\u2026","rel":"","context":"En \u00abBoda\u00bb","block_context":{"text":"Boda","link":"https:\/\/oui-oui.es\/blog\/category\/fiestas-celebraciones\/boda\/"},"img":{"alt_text":"","src":"https:\/\/i0.wp.com\/oui-oui.es\/blog\/wp-content\/uploads\/oui-oui-detalles-decoracic3b3n-puertas-ratoncito-pc3a9rez-marc3ada-gijc3b3n-36.jpg?resize=350%2C200&ssl=1","width":350,"height":200,"srcset":"https:\/\/i0.wp.com\/oui-oui.es\/blog\/wp-content\/uploads\/oui-oui-detalles-decoracic3b3n-puertas-ratoncito-pc3a9rez-marc3ada-gijc3b3n-36.jpg?resize=350%2C200&ssl=1 1x, https:\/\/i0.wp.com\/oui-oui.es\/blog\/wp-content\/uploads\/oui-oui-detalles-decoracic3b3n-puertas-ratoncito-pc3a9rez-marc3ada-gijc3b3n-36.jpg?resize=525%2C300&ssl=1 1.5x, https:\/\/i0.wp.com\/oui-oui.es\/blog\/wp-content\/uploads\/oui-oui-detalles-decoracic3b3n-puertas-ratoncito-pc3a9rez-marc3ada-gijc3b3n-36.jpg?resize=700%2C400&ssl=1 2x, https:\/\/i0.wp.com\/oui-oui.es\/blog\/wp-content\/uploads\/oui-oui-detalles-decoracic3b3n-puertas-ratoncito-pc3a9rez-marc3ada-gijc3b3n-36.jpg?resize=1050%2C600&ssl=1 3x, https:\/\/i0.wp.com\/oui-oui.es\/blog\/wp-content\/uploads\/oui-oui-detalles-decoracic3b3n-puertas-ratoncito-pc3a9rez-marc3ada-gijc3b3n-36.jpg?resize=1400%2C800&ssl=1 4x"},"classes":[]},{"id":1441,"url":"https:\/\/oui-oui.es\/blog\/la-cabanita-de-verde-pimienta\/","url_meta":{"origin":272,"position":1},"title":"La caba\u00f1ita de Verde Pimienta","author":"Mar\u00eda \u2665Oui Oui\u2665","date":"21 marzo, 2014","format":false,"excerpt":"Despu\u00e9s de pasar el d\u00eda tan estupendo con Su\u00e1rez el a\u00f1o pasado ten\u00eda muchas ganas de conocer la caba\u00f1a de madera llena de flores de la que me hab\u00edan hablado y, por fin, hace unas semanas tuve la oportunidad!, y encima para hacer mi propio ramo y tomar unos gin\u2026","rel":"","context":"En \u00abBoda\u00bb","block_context":{"text":"Boda","link":"https:\/\/oui-oui.es\/blog\/category\/fiestas-celebraciones\/boda\/"},"img":{"alt_text":"","src":"https:\/\/i0.wp.com\/oui-oui.es\/blog\/wp-content\/uploads\/2014\/03\/oui-oui-verde-pimienta-ramos-novia-madrid-1.jpg?resize=350%2C200&ssl=1","width":350,"height":200,"srcset":"https:\/\/i0.wp.com\/oui-oui.es\/blog\/wp-content\/uploads\/2014\/03\/oui-oui-verde-pimienta-ramos-novia-madrid-1.jpg?resize=350%2C200&ssl=1 1x, https:\/\/i0.wp.com\/oui-oui.es\/blog\/wp-content\/uploads\/2014\/03\/oui-oui-verde-pimienta-ramos-novia-madrid-1.jpg?resize=525%2C300&ssl=1 1.5x, https:\/\/i0.wp.com\/oui-oui.es\/blog\/wp-content\/uploads\/2014\/03\/oui-oui-verde-pimienta-ramos-novia-madrid-1.jpg?resize=700%2C400&ssl=1 2x, https:\/\/i0.wp.com\/oui-oui.es\/blog\/wp-content\/uploads\/2014\/03\/oui-oui-verde-pimienta-ramos-novia-madrid-1.jpg?resize=1050%2C600&ssl=1 3x, https:\/\/i0.wp.com\/oui-oui.es\/blog\/wp-content\/uploads\/2014\/03\/oui-oui-verde-pimienta-ramos-novia-madrid-1.jpg?resize=1400%2C800&ssl=1 4x"},"classes":[]},{"id":1225,"url":"https:\/\/oui-oui.es\/blog\/mis-recortes-de-telva-novias-feb-2014\/","url_meta":{"origin":272,"position":2},"title":"Mis recortes de Telva Novias (Feb 2014)","author":"Mar\u00eda \u2665Oui Oui\u2665","date":"10 febrero, 2014","format":false,"excerpt":"Parece mentira c\u00f3mo pasa el tiempo...Hace un a\u00f1o, por primera vez, aparec\u00eda Oui Oui en una revista y fu\u00e9 en Telva Novias, a\u00fan no hab\u00eda lanzado la tienda pero hab\u00edan gustado los productos y confiaron en Oui Oui casi a ciegas. Ver tu peque\u00f1o proyecto en una de las grandes\u2026","rel":"","context":"En \u00abBoda\u00bb","block_context":{"text":"Boda","link":"https:\/\/oui-oui.es\/blog\/category\/fiestas-celebraciones\/boda\/"},"img":{"alt_text":"Oui Oui-Telva Novias febrero 2014","src":"https:\/\/ouiouiblog.files.wordpress.com\/2014\/02\/oui-oui-telva-novias-febrero-2014.jpg?w=350&h=200&crop=1","width":350,"height":200},"classes":[]},{"id":545,"url":"https:\/\/oui-oui.es\/blog\/the-wedding-lab\/","url_meta":{"origin":272,"position":3},"title":"The Wedding Lab","author":"Mar\u00eda \u2665Oui Oui\u2665","date":"1 marzo, 2013","format":false,"excerpt":"Como os coment\u00e9, ayer inauguraban The Wedding Lab , un espacio ef\u00edmero (pero que esperamos se repita cada a\u00f1o!) en el que encontrar diferentes propuestas para incorporar a tu boda. La presentaci\u00f3n fu\u00e9 en el Taller de Verde Pimienta al que me encantar\u00eda volver en un d\u00eda normal, pues el\u2026","rel":"","context":"En \u00abBoda\u00bb","block_context":{"text":"Boda","link":"https:\/\/oui-oui.es\/blog\/category\/fiestas-celebraciones\/boda\/"},"img":{"alt_text":"","src":"https:\/\/i0.wp.com\/oui-oui.es\/blog\/wp-content\/uploads\/the-wedding-lab-oui-oui.jpg?resize=350%2C200&ssl=1","width":350,"height":200},"classes":[]},{"id":1206,"url":"https:\/\/oui-oui.es\/blog\/its-gstaad-baby\/","url_meta":{"origin":272,"position":4},"title":"It\u00b4s Gstaad Baby!","author":"Mar\u00eda \u2665Oui Oui\u2665","date":"3 febrero, 2014","format":false,"excerpt":"A la espera de ver \u00a1pronto, por favor! las fotos y reportaje oficial (si es que lo vemos, que espero que s\u00ed) del bod\u00f3n invernal de Tatiana Santodomingo y Andrea Casiraghi aqu\u00ed os dejo con lo que se ha filtrado hasta el momento (todas las fotos son tomadas de Instagram\u2026","rel":"","context":"En \u00abBoda\u00bb","block_context":{"text":"Boda","link":"https:\/\/oui-oui.es\/blog\/category\/fiestas-celebraciones\/boda\/"},"img":{"alt_text":"","src":"https:\/\/i0.wp.com\/oui-oui.es\/blog\/wp-content\/uploads\/2014\/02\/oui-oui-boda-tatiana-santodomingo-andrea-casiraghi-gstaad-boda-invernal-boda-invierno-9.jpg?resize=350%2C200&ssl=1","width":350,"height":200,"srcset":"https:\/\/i0.wp.com\/oui-oui.es\/blog\/wp-content\/uploads\/2014\/02\/oui-oui-boda-tatiana-santodomingo-andrea-casiraghi-gstaad-boda-invernal-boda-invierno-9.jpg?resize=350%2C200&ssl=1 1x, https:\/\/i0.wp.com\/oui-oui.es\/blog\/wp-content\/uploads\/2014\/02\/oui-oui-boda-tatiana-santodomingo-andrea-casiraghi-gstaad-boda-invernal-boda-invierno-9.jpg?resize=525%2C300&ssl=1 1.5x"},"classes":[]},{"id":1037,"url":"https:\/\/oui-oui.es\/blog\/vestidos-de-invierno\/","url_meta":{"origin":272,"position":5},"title":"Vestidos de Invierno","author":"Mar\u00eda \u2665Oui Oui\u2665","date":"22 noviembre, 2013","format":false,"excerpt":"Cada vez me gustan m\u00e1s las bodas de oto\u00f1o e invierno, tanto como invitada como de novia (si me volviera a casar varias veces, que para la primera reboda ya tenemos el sitio y es mejor en verano ;) ). Este a\u00f1o, cuando parec\u00eda que ya no habr\u00eda casi bodas\u2026","rel":"","context":"En \u00abBoda\u00bb","block_context":{"text":"Boda","link":"https:\/\/oui-oui.es\/blog\/category\/fiestas-celebraciones\/boda\/"},"img":{"alt_text":"","src":"https:\/\/i0.wp.com\/oui-oui.es\/blog\/wp-content\/uploads\/oui-oui-invitadas-de-invierno-vestidos-boda-invierno-kolonaki-vestido-largo-rosa.jpg?resize=350%2C200&ssl=1","width":350,"height":200,"srcset":"https:\/\/i0.wp.com\/oui-oui.es\/blog\/wp-content\/uploads\/oui-oui-invitadas-de-invierno-vestidos-boda-invierno-kolonaki-vestido-largo-rosa.jpg?resize=350%2C200&ssl=1 1x, https:\/\/i0.wp.com\/oui-oui.es\/blog\/wp-content\/uploads\/oui-oui-invitadas-de-invierno-vestidos-boda-invierno-kolonaki-vestido-largo-rosa.jpg?resize=525%2C300&ssl=1 1.5x, https:\/\/i0.wp.com\/oui-oui.es\/blog\/wp-content\/uploads\/oui-oui-invitadas-de-invierno-vestidos-boda-invierno-kolonaki-vestido-largo-rosa.jpg?resize=700%2C400&ssl=1 2x"},"classes":[]}],"_links":{"self":[{"href":"https:\/\/oui-oui.es\/blog\/wp-json\/wp\/v2\/posts\/272","targetHints":{"allow":["GET"]}}],"collection":[{"href":"https:\/\/oui-oui.es\/blog\/wp-json\/wp\/v2\/posts"}],"about":[{"href":"https:\/\/oui-oui.es\/blog\/wp-json\/wp\/v2\/types\/post"}],"author":[{"embeddable":true,"href":"https:\/\/oui-oui.es\/blog\/wp-json\/wp\/v2\/users\/1"}],"replies":[{"embeddable":true,"href":"https:\/\/oui-oui.es\/blog\/wp-json\/wp\/v2\/comments?post=272"}],"version-history":[{"count":0,"href":"https:\/\/oui-oui.es\/blog\/wp-json\/wp\/v2\/posts\/272\/revisions"}],"wp:featuredmedia":[{"embeddable":true,"href":"https:\/\/oui-oui.es\/blog\/wp-json\/wp\/v2\/media\/306"}],"wp:attachment":[{"href":"https:\/\/oui-oui.es\/blog\/wp-json\/wp\/v2\/media?parent=272"}],"wp:term":[{"taxonomy":"category","embeddable":true,"href":"https:\/\/oui-oui.es\/blog\/wp-json\/wp\/v2\/categories?post=272"},{"taxonomy":"post_tag","embeddable":true,"href":"https:\/\/oui-oui.es\/blog\/wp-json\/wp\/v2\/tags?post=272"}],"curies":[{"name":"wp","href":"https:\/\/api.w.org\/{rel}","templated":true}]}}