{"id":2727,"date":"2015-07-03T00:01:51","date_gmt":"2015-07-03T00:01:51","guid":{"rendered":"https:\/\/oui-oui.es\/blog\/?p=2727"},"modified":"2015-07-02T14:11:27","modified_gmt":"2015-07-02T14:11:27","slug":"un-verano-de-por-lo-menos-dos-meses","status":"publish","type":"post","link":"https:\/\/oui-oui.es\/blog\/un-verano-de-por-lo-menos-dos-meses\/","title":{"rendered":"Un verano de, por lo menos, dos meses"},"content":{"rendered":"<p><a href=\"https:\/\/oui-oui.es\/blog\/wp-content\/uploads\/Oui-Oui-sand\u00edas-de-verano.jpg\"><img loading=\"lazy\" decoding=\"async\" class=\"aligncenter size-large wp-image-2732\" src=\"https:\/\/oui-oui.es\/blog\/wp-content\/uploads\/Oui-Oui-sand\u00edas-de-verano-680x1024.jpg\" alt=\"Oui Oui-sand\u00edas de verano\" width=\"680\" height=\"1024\" srcset=\"https:\/\/oui-oui.es\/blog\/wp-content\/uploads\/Oui-Oui-sand\u00edas-de-verano.jpg 680w, https:\/\/oui-oui.es\/blog\/wp-content\/uploads\/Oui-Oui-sand\u00edas-de-verano-199x300.jpg 199w\" sizes=\"auto, (max-width: 680px) 100vw, 680px\" \/><\/a><\/p>\n<p>Ya estamos en julio y me niego a que llegue agosto y medio verano haya pasado ante m\u00ed sin enterarme as\u00ed que desde el d\u00eda uno me he propuesto <strong>vivir cada d\u00eda plenamente consciente de que es verano<\/strong>, aunque trabaje por las ma\u00f1anas, voy a intentar <strong>hacer un plan cada tarde que nos haga disfrutar del verano desde ya<\/strong>. No s\u00f3lo los fines de semana hasta que nos vayamos de vacaciones; <strong>ir a la piscina, organizar barbacoas y paellas,ver exposiciones, hacer polos, jugar con agua en el parque, dormir la siesta, quedar con amigos, ir de tiendas a un centro comercial fresquito<\/strong>&#8230;Peque\u00f1as cosas que puedes hacer en las tardes de Madrid.<\/p>\n<p><a href=\"https:\/\/oui-oui.es\/blog\/wp-content\/uploads\/Oui-Oui-fiesta-en-la-azotea-ny.jpg\"><img loading=\"lazy\" decoding=\"async\" class=\"aligncenter size-full wp-image-2730\" src=\"https:\/\/oui-oui.es\/blog\/wp-content\/uploads\/Oui-Oui-fiesta-en-la-azotea-ny.jpg\" alt=\"Oui Oui-fiesta en la azotea-ny\" width=\"454\" height=\"634\" srcset=\"https:\/\/oui-oui.es\/blog\/wp-content\/uploads\/Oui-Oui-fiesta-en-la-azotea-ny.jpg 454w, https:\/\/oui-oui.es\/blog\/wp-content\/uploads\/Oui-Oui-fiesta-en-la-azotea-ny-215x300.jpg 215w\" sizes=\"auto, (max-width: 454px) 100vw, 454px\" \/><\/a><\/p>\n<p><a href=\"https:\/\/oui-oui.es\/blog\/wp-content\/uploads\/Oui-Oui-helado-de-cereza.jpg\"><img loading=\"lazy\" decoding=\"async\" class=\"aligncenter size-full wp-image-2731\" src=\"https:\/\/oui-oui.es\/blog\/wp-content\/uploads\/Oui-Oui-helado-de-cereza.jpg\" alt=\"Oui Oui-helado de cereza\" width=\"500\" height=\"750\" srcset=\"https:\/\/oui-oui.es\/blog\/wp-content\/uploads\/Oui-Oui-helado-de-cereza.jpg 500w, https:\/\/oui-oui.es\/blog\/wp-content\/uploads\/Oui-Oui-helado-de-cereza-200x300.jpg 200w\" sizes=\"auto, (max-width: 500px) 100vw, 500px\" \/><\/a><\/p>\n<p>&nbsp;<\/p>\n<p>Cuando leas \u00e9sto, estar\u00e9 en Valencia de viaje de amigas, as\u00ed que no empieza mal el mes! \ud83d\ude09<\/p>\n<p>&nbsp;<\/p>\n<p><a href=\"https:\/\/oui-oui.es\/blog\/wp-content\/uploads\/Oui-Oui-columpio-en-el-mar.jpg\"><img loading=\"lazy\" decoding=\"async\" class=\"aligncenter size-full wp-image-2729\" src=\"https:\/\/oui-oui.es\/blog\/wp-content\/uploads\/Oui-Oui-columpio-en-el-mar.jpg\" alt=\"Oui Oui-columpio en el mar\" width=\"500\" height=\"750\" srcset=\"https:\/\/oui-oui.es\/blog\/wp-content\/uploads\/Oui-Oui-columpio-en-el-mar.jpg 500w, https:\/\/oui-oui.es\/blog\/wp-content\/uploads\/Oui-Oui-columpio-en-el-mar-200x300.jpg 200w\" sizes=\"auto, (max-width: 500px) 100vw, 500px\" \/><\/a><\/p>\n<p>Im\u00e1genes <a href=\"https:\/\/es.pinterest.com\/ouiouidetalles\/verano\/\" target=\"_blank\">v\u00eda<\/a><\/p>\n","protected":false},"excerpt":{"rendered":"<p>Ya estamos en julio y me niego a que llegue agosto y medio verano haya pasado ante m\u00ed sin enterarme as\u00ed que desde el d\u00eda uno me he propuesto vivir cada d\u00eda plenamente consciente de que es verano, aunque trabaje por las ma\u00f1anas, voy a intentar hacer un plan cada tarde que nos haga disfrutar [&hellip;]<\/p>\n","protected":false},"author":1,"featured_media":2731,"comment_status":"open","ping_status":"open","sticky":false,"template":"","format":"standard","meta":{"jetpack_post_was_ever_published":false,"_jetpack_newsletter_access":"","_jetpack_dont_email_post_to_subs":false,"_jetpack_newsletter_tier_id":0,"_jetpack_memberships_contains_paywalled_content":false,"_jetpack_memberships_contains_paid_content":false,"footnotes":"","jetpack_publicize_message":"","jetpack_publicize_feature_enabled":true,"jetpack_social_post_already_shared":false,"jetpack_social_options":{"image_generator_settings":{"template":"highway","default_image_id":0,"font":"","enabled":false},"version":2}},"categories":[177],"tags":[685,529,687],"class_list":["post-2727","post","type-post","status-publish","format-standard","has-post-thumbnail","hentry","category-lifestyle-2","tag-helados","tag-tendencias","tag-verano"],"aioseo_notices":[],"jetpack_publicize_connections":[],"jetpack_featured_media_url":"https:\/\/oui-oui.es\/blog\/wp-content\/uploads\/Oui-Oui-helado-de-cereza.jpg","jetpack_sharing_enabled":true,"jetpack-related-posts":[{"id":4664,"url":"https:\/\/oui-oui.es\/blog\/10-actividades-para-hacer-con-un-nino-de-3-anos-en-verano\/","url_meta":{"origin":2727,"position":0},"title":"10 actividades para hacer con un ni\u00f1o de 3 a\u00f1os en verano","author":"Mar\u00eda \u2665Oui Oui\u2665","date":"15 julio, 2016","format":false,"excerpt":"El verano pasado busqu\u00e9 cinco actividades que hacer con Mart\u00edn para nuestra semana en la sierra y llam\u00e9 al post \"5 actividades que hacer con un beb\u00e9 de 2 a\u00f1os en verano\", este a\u00f1o he estado tentada de poner la palabra beb\u00e9 de nuevo, pero creo que el tiempo vuela\u2026","rel":"","context":"En \u00abNI\u00d1OS Y NI\u00d1AS\u00bb","block_context":{"text":"NI\u00d1OS Y NI\u00d1AS","link":"https:\/\/oui-oui.es\/blog\/category\/ninos\/"},"img":{"alt_text":"","src":"https:\/\/i0.wp.com\/oui-oui.es\/blog\/wp-content\/uploads\/2016\/07\/Oui-Oui-martin-cocinando-mini-thermomix.jpg?resize=350%2C200&ssl=1","width":350,"height":200,"srcset":"https:\/\/i0.wp.com\/oui-oui.es\/blog\/wp-content\/uploads\/2016\/07\/Oui-Oui-martin-cocinando-mini-thermomix.jpg?resize=350%2C200&ssl=1 1x, https:\/\/i0.wp.com\/oui-oui.es\/blog\/wp-content\/uploads\/2016\/07\/Oui-Oui-martin-cocinando-mini-thermomix.jpg?resize=525%2C300&ssl=1 1.5x, https:\/\/i0.wp.com\/oui-oui.es\/blog\/wp-content\/uploads\/2016\/07\/Oui-Oui-martin-cocinando-mini-thermomix.jpg?resize=700%2C400&ssl=1 2x, https:\/\/i0.wp.com\/oui-oui.es\/blog\/wp-content\/uploads\/2016\/07\/Oui-Oui-martin-cocinando-mini-thermomix.jpg?resize=1050%2C600&ssl=1 3x, https:\/\/i0.wp.com\/oui-oui.es\/blog\/wp-content\/uploads\/2016\/07\/Oui-Oui-martin-cocinando-mini-thermomix.jpg?resize=1400%2C800&ssl=1 4x"},"classes":[]},{"id":2359,"url":"https:\/\/oui-oui.es\/blog\/un-trocito-de-verano-por-bonnet-a-pompon\/","url_meta":{"origin":2727,"position":1},"title":"Un trocito de verano por Bonnet \u00e0 Pompon","author":"Mar\u00eda \u2665Oui Oui\u2665","date":"20 mayo, 2015","format":false,"excerpt":"Otra de las marcas de ropa que me encantan para ni\u00f1os es Bonnet \u00e0 Pompon, tanto para beb\u00e9 como para cuando van creciendo, tiene un estilo inconfundible, m\u00e1s bien un estilazo. Los colores, las combinaciones de tejidos, el punto como protagonista y su aire afrancesado, aunque es puramente marca espa\u00f1ola,\u2026","rel":"","context":"En \u00abMATERNIDAD\u00bb","block_context":{"text":"MATERNIDAD","link":"https:\/\/oui-oui.es\/blog\/category\/maternidad\/"},"img":{"alt_text":"","src":"https:\/\/i0.wp.com\/oui-oui.es\/blog\/wp-content\/uploads\/2015\/05\/oui-oui-bonnet-a-pompon-2015-ropa-mona-bebes-verano-3.jpg?resize=350%2C200&ssl=1","width":350,"height":200,"srcset":"https:\/\/i0.wp.com\/oui-oui.es\/blog\/wp-content\/uploads\/2015\/05\/oui-oui-bonnet-a-pompon-2015-ropa-mona-bebes-verano-3.jpg?resize=350%2C200&ssl=1 1x, https:\/\/i0.wp.com\/oui-oui.es\/blog\/wp-content\/uploads\/2015\/05\/oui-oui-bonnet-a-pompon-2015-ropa-mona-bebes-verano-3.jpg?resize=525%2C300&ssl=1 1.5x, https:\/\/i0.wp.com\/oui-oui.es\/blog\/wp-content\/uploads\/2015\/05\/oui-oui-bonnet-a-pompon-2015-ropa-mona-bebes-verano-3.jpg?resize=700%2C400&ssl=1 2x"},"classes":[]},{"id":2840,"url":"https:\/\/oui-oui.es\/blog\/5-actividades-para-hacer-con-un-bebe-de-2-anos-en-verano\/","url_meta":{"origin":2727,"position":2},"title":"5 actividades para hacer con un beb\u00e9 de 2 a\u00f1os en verano","author":"Mar\u00eda \u2665Oui Oui\u2665","date":"4 agosto, 2015","format":false,"excerpt":"Este es el segundo verano de Mart\u00edn, cada vez va siendo menos beb\u00e9 y m\u00e1s ni\u00f1o y quer\u00eda aprovechar al m\u00e1ximo esta etapa.El verano tiene d\u00edas m\u00e1s largos, y, en mi caso, estar\u00e9 con Mart\u00edn pr\u00e1cticamente 24h al d\u00eda (con m\u00e1s familia, claro), as\u00ed que me pareci\u00f3 importante planificarme algunas\u2026","rel":"","context":"En \u00abMATERNIDAD\u00bb","block_context":{"text":"MATERNIDAD","link":"https:\/\/oui-oui.es\/blog\/category\/maternidad\/"},"img":{"alt_text":"","src":"https:\/\/i0.wp.com\/oui-oui.es\/blog\/wp-content\/uploads\/Oui-Oui-actividades-bebes-2-a%C3%B1os-llevar-un-perro-e1438898133537.jpg?resize=350%2C200&ssl=1","width":350,"height":200,"srcset":"https:\/\/i0.wp.com\/oui-oui.es\/blog\/wp-content\/uploads\/Oui-Oui-actividades-bebes-2-a%C3%B1os-llevar-un-perro-e1438898133537.jpg?resize=350%2C200&ssl=1 1x, https:\/\/i0.wp.com\/oui-oui.es\/blog\/wp-content\/uploads\/Oui-Oui-actividades-bebes-2-a%C3%B1os-llevar-un-perro-e1438898133537.jpg?resize=525%2C300&ssl=1 1.5x"},"classes":[]},{"id":937,"url":"https:\/\/oui-oui.es\/blog\/las-frambuesas-son-para-el-verano\/","url_meta":{"origin":2727,"position":3},"title":"Las frambuesas son para el verano","author":"Mar\u00eda \u2665Oui Oui\u2665","date":"13 agosto, 2013","format":false,"excerpt":"Siempre me han encantado las frambuesas, pero no hay nada como tener un frambueso a mano para engancharse del todo. Hace unas semanas estuvimos en el pueblo (mi pueblo adoptivo!) , y como recibimiento nos estaba esperando un riqu\u00edsimo batido de frambuesas. Y una buena recolecta para hacer mi tarta\u2026","rel":"","context":"En \u00abDECORACI\u00d3N\u00bb","block_context":{"text":"DECORACI\u00d3N","link":"https:\/\/oui-oui.es\/blog\/category\/decoracion-de-casa\/"},"img":{"alt_text":"","src":"https:\/\/i0.wp.com\/oui-oui.es\/blog\/wp-content\/uploads\/oui-oui-tarta-chocolate-blanco-y-frambuesas-las-frambuesas-son-para-el-verano.jpg?resize=350%2C200&ssl=1","width":350,"height":200,"srcset":"https:\/\/i0.wp.com\/oui-oui.es\/blog\/wp-content\/uploads\/oui-oui-tarta-chocolate-blanco-y-frambuesas-las-frambuesas-son-para-el-verano.jpg?resize=350%2C200&ssl=1 1x, https:\/\/i0.wp.com\/oui-oui.es\/blog\/wp-content\/uploads\/oui-oui-tarta-chocolate-blanco-y-frambuesas-las-frambuesas-son-para-el-verano.jpg?resize=525%2C300&ssl=1 1.5x, https:\/\/i0.wp.com\/oui-oui.es\/blog\/wp-content\/uploads\/oui-oui-tarta-chocolate-blanco-y-frambuesas-las-frambuesas-son-para-el-verano.jpg?resize=700%2C400&ssl=1 2x, https:\/\/i0.wp.com\/oui-oui.es\/blog\/wp-content\/uploads\/oui-oui-tarta-chocolate-blanco-y-frambuesas-las-frambuesas-son-para-el-verano.jpg?resize=1050%2C600&ssl=1 3x, https:\/\/i0.wp.com\/oui-oui.es\/blog\/wp-content\/uploads\/oui-oui-tarta-chocolate-blanco-y-frambuesas-las-frambuesas-son-para-el-verano.jpg?resize=1400%2C800&ssl=1 4x"},"classes":[]},{"id":9023,"url":"https:\/\/oui-oui.es\/blog\/kids-up-edicion-verano\/","url_meta":{"origin":2727,"position":4},"title":"Kids UP! Edici\u00f3n Verano","author":"Mar\u00eda \u2665Oui Oui\u2665","date":"30 abril, 2018","format":false,"excerpt":"Parece que fue ayer cuando organizamos la primera venta ef\u00edmera infantil \u00a1y ya vamos a celebrar la IV Edici\u00f3n! Supongo que, como yo, teneis ganas ya de comprar ropa de primavera y de verano \u00a1de verdad! de blusas, vestidos, pantalones cortos \u00a1y trajes de ba\u00f1o!. Como siempre, hemo seleccionado a\u2026","rel":"","context":"En \u00abNI\u00d1OS Y NI\u00d1AS\u00bb","block_context":{"text":"NI\u00d1OS Y NI\u00d1AS","link":"https:\/\/oui-oui.es\/blog\/category\/ninos\/"},"img":{"alt_text":"","src":"https:\/\/i0.wp.com\/oui-oui.es\/blog\/wp-content\/uploads\/2018\/04\/Logo-KidsUp72.png?resize=350%2C200&ssl=1","width":350,"height":200},"classes":[]},{"id":9065,"url":"https:\/\/oui-oui.es\/blog\/caprichos-de-verano\/","url_meta":{"origin":2727,"position":5},"title":"Caprichos de verano","author":"Mar\u00eda \u2665Oui Oui\u2665","date":"16 mayo, 2018","format":false,"excerpt":"Ahora si que s\u00ed, con el cambio de ropa terminado (aunque no ordenado del todo, he de reconocer), el sol, las terracitas...Apetece pensar en complementos de verano y, como de casualidad, en los \u00faltimos d\u00edas me he topado con varios accesorios y marcas que me han chiflado; zapatos, sombreros, un\u2026","rel":"","context":"En \u00abD\u00eda de la Madre\u00bb","block_context":{"text":"D\u00eda de la Madre","link":"https:\/\/oui-oui.es\/blog\/category\/no-se-que-regalar\/dia-de-la-madre\/"},"img":{"alt_text":"","src":"https:\/\/i0.wp.com\/oui-oui.es\/blog\/wp-content\/uploads\/2018\/05\/Oui-Oui-kaftan-sombrero-bolso-mexicano-mau-loa-shop.jpg?resize=350%2C200&ssl=1","width":350,"height":200},"classes":[]}],"_links":{"self":[{"href":"https:\/\/oui-oui.es\/blog\/wp-json\/wp\/v2\/posts\/2727","targetHints":{"allow":["GET"]}}],"collection":[{"href":"https:\/\/oui-oui.es\/blog\/wp-json\/wp\/v2\/posts"}],"about":[{"href":"https:\/\/oui-oui.es\/blog\/wp-json\/wp\/v2\/types\/post"}],"author":[{"embeddable":true,"href":"https:\/\/oui-oui.es\/blog\/wp-json\/wp\/v2\/users\/1"}],"replies":[{"embeddable":true,"href":"https:\/\/oui-oui.es\/blog\/wp-json\/wp\/v2\/comments?post=2727"}],"version-history":[{"count":1,"href":"https:\/\/oui-oui.es\/blog\/wp-json\/wp\/v2\/posts\/2727\/revisions"}],"predecessor-version":[{"id":2733,"href":"https:\/\/oui-oui.es\/blog\/wp-json\/wp\/v2\/posts\/2727\/revisions\/2733"}],"wp:featuredmedia":[{"embeddable":true,"href":"https:\/\/oui-oui.es\/blog\/wp-json\/wp\/v2\/media\/2731"}],"wp:attachment":[{"href":"https:\/\/oui-oui.es\/blog\/wp-json\/wp\/v2\/media?parent=2727"}],"wp:term":[{"taxonomy":"category","embeddable":true,"href":"https:\/\/oui-oui.es\/blog\/wp-json\/wp\/v2\/categories?post=2727"},{"taxonomy":"post_tag","embeddable":true,"href":"https:\/\/oui-oui.es\/blog\/wp-json\/wp\/v2\/tags?post=2727"}],"curies":[{"name":"wp","href":"https:\/\/api.w.org\/{rel}","templated":true}]}}