{"id":2747,"date":"2015-07-16T00:01:58","date_gmt":"2015-07-16T00:01:58","guid":{"rendered":"https:\/\/oui-oui.es\/blog\/?p=2747"},"modified":"2015-07-15T12:13:36","modified_gmt":"2015-07-15T12:13:36","slug":"pasteleria-francesa-en-madrid-motteau","status":"publish","type":"post","link":"https:\/\/oui-oui.es\/blog\/pasteleria-francesa-en-madrid-motteau\/","title":{"rendered":"Pasteler\u00eda francesa en Madrid | Motteau"},"content":{"rendered":"<p><a href=\"https:\/\/oui-oui.es\/blog\/wp-content\/uploads\/Oui-Oui-pasteleria-MOTTEAU.jpg\"><img loading=\"lazy\" decoding=\"async\" class=\"aligncenter size-full wp-image-2748\" src=\"https:\/\/oui-oui.es\/blog\/wp-content\/uploads\/Oui-Oui-pasteleria-MOTTEAU.jpg\" alt=\"Oui Oui-pasteleria MOTTEAU\" width=\"640\" height=\"360\" srcset=\"https:\/\/oui-oui.es\/blog\/wp-content\/uploads\/Oui-Oui-pasteleria-MOTTEAU.jpg 640w, https:\/\/oui-oui.es\/blog\/wp-content\/uploads\/Oui-Oui-pasteleria-MOTTEAU-300x169.jpg 300w\" sizes=\"auto, (max-width: 640px) 100vw, 640px\" \/><\/a><\/p>\n<p>Ya os cont\u00e9 lo que me gusta volver al <strong>barrio de las Letras<\/strong> y descubrir sitios nuevos, con la excusa de <a href=\"https:\/\/oui-oui.es\/blog\/oui-oui-en-decoraccion-2\/\" target=\"_blank\">DecorAcci\u00f3n<\/a>, me pas\u00e9 cuatro d\u00edas all\u00ed y pude disfrutar de varios de los bares, restaurantes y tiendas con encanto que hay en cada callecita.<\/p>\n<p><a href=\"https:\/\/oui-oui.es\/blog\/wp-content\/uploads\/Oui-Oui-pasteler\u00eda-MOTTEAU-tarta.jpg\"><img loading=\"lazy\" decoding=\"async\" class=\"aligncenter size-full wp-image-2751\" src=\"https:\/\/oui-oui.es\/blog\/wp-content\/uploads\/Oui-Oui-pasteler\u00eda-MOTTEAU-tarta.jpg\" alt=\"Oui Oui-pasteler\u00eda MOTTEAU-tarta\" width=\"640\" height=\"427\" srcset=\"https:\/\/oui-oui.es\/blog\/wp-content\/uploads\/Oui-Oui-pasteler\u00eda-MOTTEAU-tarta.jpg 640w, https:\/\/oui-oui.es\/blog\/wp-content\/uploads\/Oui-Oui-pasteler\u00eda-MOTTEAU-tarta-300x200.jpg 300w\" sizes=\"auto, (max-width: 640px) 100vw, 640px\" \/><\/a><\/p>\n<p>Uno reci\u00e9n inagurado fu\u00e9 la <strong>pasteler\u00eda Motteau<\/strong>, un peque\u00f1o local, muy cuco, en el que <strong>cada d\u00eda elaboran sus artesanales recetas<\/strong>; mi padre me advirti\u00f3 de lo riqu\u00edsimo que estaba el <strong>lemon pie<\/strong>, mi madre se ha hecho asidua de sus <strong>sandwiches<\/strong> (tambi\u00e9n tienen salado) y por supuesto de los dulces (el <strong>brownie<\/strong> tambi\u00e9n buen\u00edsimo).<\/p>\n<div id=\"attachment_2754\" style=\"width: 650px\" class=\"wp-caption aligncenter\"><a href=\"https:\/\/oui-oui.es\/blog\/wp-content\/uploads\/Oui-Oui-pasteleria-motteau-petit.jpg\"><img loading=\"lazy\" decoding=\"async\" aria-describedby=\"caption-attachment-2754\" class=\"size-full wp-image-2754\" src=\"https:\/\/oui-oui.es\/blog\/wp-content\/uploads\/Oui-Oui-pasteleria-motteau-petit.jpg\" alt=\"Foto de Madrid Diferente\" width=\"640\" height=\"427\" srcset=\"https:\/\/oui-oui.es\/blog\/wp-content\/uploads\/Oui-Oui-pasteleria-motteau-petit.jpg 640w, https:\/\/oui-oui.es\/blog\/wp-content\/uploads\/Oui-Oui-pasteleria-motteau-petit-300x200.jpg 300w\" sizes=\"auto, (max-width: 640px) 100vw, 640px\" \/><\/a><p id=\"caption-attachment-2754\" class=\"wp-caption-text\">Foto de Madrid Diferente<\/p><\/div>\n<p><strong>Juan Manuel D&#8217;alessandro<\/strong> se ha tra\u00eddo desde <strong>Normand\u00eda<\/strong> el concepto de pasteler\u00eda que fundar\u00f3n all\u00ed sus tatarabuelos, y con esa esquinita ha llenado de m\u00e1s encanto a\u00fan la <strong>calle San Pedro<\/strong>.<\/p>\n<p>Por cierto, en <a href=\"https:\/\/oui-oui.es\/blog\/oui-oui-en-decoraccion-2\/\" target=\"_blank\">DecorAcci\u00f3n<\/a> pusieron preciosa su fachada!<\/p>\n<p><a href=\"https:\/\/oui-oui.es\/blog\/wp-content\/uploads\/Oui-Oui-pasteleria-motteau-decoraccion-flores.jpg\"><img loading=\"lazy\" decoding=\"async\" class=\"aligncenter size-large wp-image-2753\" src=\"https:\/\/oui-oui.es\/blog\/wp-content\/uploads\/Oui-Oui-pasteleria-motteau-decoraccion-flores-1024x1024.jpg\" alt=\"Oui Oui-pasteleria motteau-decoraccion-flores\" width=\"1024\" height=\"1024\" \/><\/a><\/p>\n<p>Un imprescindible si vas a ver alguna expo el fin de semana por la ma\u00f1ana, p\u00e1sate a tomar un tentempi\u00e9 antes o despu\u00e9s!<\/p>\n<div id=\"attachment_2750\" style=\"width: 530px\" class=\"wp-caption aligncenter\"><a href=\"https:\/\/oui-oui.es\/blog\/wp-content\/uploads\/Oui-Oui-pasteler\u00eda-MOTTEAU-perro.jpg\"><img loading=\"lazy\" decoding=\"async\" aria-describedby=\"caption-attachment-2750\" class=\"size-full wp-image-2750\" src=\"https:\/\/oui-oui.es\/blog\/wp-content\/uploads\/Oui-Oui-pasteler\u00eda-MOTTEAU-perro.jpg\" alt=\"Foto de Sr.Perro\" width=\"520\" height=\"347\" srcset=\"https:\/\/oui-oui.es\/blog\/wp-content\/uploads\/Oui-Oui-pasteler\u00eda-MOTTEAU-perro.jpg 520w, https:\/\/oui-oui.es\/blog\/wp-content\/uploads\/Oui-Oui-pasteler\u00eda-MOTTEAU-perro-300x200.jpg 300w\" sizes=\"auto, (max-width: 520px) 100vw, 520px\" \/><\/a><p id=\"caption-attachment-2750\" class=\"wp-caption-text\">Foto de Sr.Perro<\/p><\/div>\n<p><strong>Pasteler\u00eda Motteau<\/strong><\/p>\n<p>C\/San Pedro,9. Madrid, detr\u00e1s de Caixa F\u00f3rum<\/p>\n<p>Metro Atocha | Ant\u00f3n Mart\u00edn<\/p>\n","protected":false},"excerpt":{"rendered":"<p>Ya os cont\u00e9 lo que me gusta volver al barrio de las Letras y descubrir sitios nuevos, con la excusa de DecorAcci\u00f3n, me pas\u00e9 cuatro d\u00edas all\u00ed y pude disfrutar de varios de los bares, restaurantes y tiendas con encanto que hay en cada callecita. Uno reci\u00e9n inagurado fu\u00e9 la pasteler\u00eda Motteau, un peque\u00f1o local, [&hellip;]<\/p>\n","protected":false},"author":1,"featured_media":2748,"comment_status":"open","ping_status":"open","sticky":false,"template":"","format":"standard","meta":{"jetpack_post_was_ever_published":false,"_jetpack_newsletter_access":"","_jetpack_dont_email_post_to_subs":false,"_jetpack_newsletter_tier_id":0,"_jetpack_memberships_contains_paywalled_content":false,"_jetpack_memberships_contains_paid_content":false,"footnotes":"","jetpack_publicize_message":"","jetpack_publicize_feature_enabled":true,"jetpack_social_post_already_shared":false,"jetpack_social_options":{"image_generator_settings":{"template":"highway","default_image_id":0,"font":"","enabled":false},"version":2}},"categories":[177],"tags":[542,695],"class_list":["post-2747","post","type-post","status-publish","format-standard","has-post-thumbnail","hentry","category-lifestyle-2","tag-barrio-de-las-letras","tag-gastro"],"aioseo_notices":[],"jetpack_publicize_connections":[],"jetpack_featured_media_url":"https:\/\/oui-oui.es\/blog\/wp-content\/uploads\/Oui-Oui-pasteleria-MOTTEAU.jpg","jetpack_sharing_enabled":true,"jetpack-related-posts":[{"id":1742,"url":"https:\/\/oui-oui.es\/blog\/nectan-stone-tan-bonito-que-da-pena-probarlo\/","url_meta":{"origin":2747,"position":0},"title":"Nectar &#038; Stone; tan bonito que da pena probarlo","author":"Mar\u00eda \u2665Oui Oui\u2665","date":"27 enero, 2015","format":false,"excerpt":"Ver cada d\u00eda las creaciones de Caroline Khoo es m\u00e1s que inspirador, se trata de la creadora de Nectar & Stone, que , por definirlo de alguna forma, podr\u00eda\u00a0decir que es una pasteler\u00eda de autora, pero es mucho m\u00e1s que eso, ella es estilista y fot\u00f3grafa, ahora reconvertida en pastelera,\u2026","rel":"","context":"En \u00abESTILO DE VIDA\u00bb","block_context":{"text":"ESTILO DE VIDA","link":"https:\/\/oui-oui.es\/blog\/category\/lifestyle-2\/"},"img":{"alt_text":"","src":"https:\/\/i0.wp.com\/oui-oui.es\/blog\/wp-content\/uploads\/2015\/01\/oui-oui-chocolate-original-pasteleria-creativa-mona-nectar-and-stone-6.jpg?resize=350%2C200&ssl=1","width":350,"height":200,"srcset":"https:\/\/i0.wp.com\/oui-oui.es\/blog\/wp-content\/uploads\/2015\/01\/oui-oui-chocolate-original-pasteleria-creativa-mona-nectar-and-stone-6.jpg?resize=350%2C200&ssl=1 1x, https:\/\/i0.wp.com\/oui-oui.es\/blog\/wp-content\/uploads\/2015\/01\/oui-oui-chocolate-original-pasteleria-creativa-mona-nectar-and-stone-6.jpg?resize=525%2C300&ssl=1 1.5x"},"classes":[]},{"id":4397,"url":"https:\/\/oui-oui.es\/blog\/las-puertas-del-ratoncito-perez-de-mayo-2\/","url_meta":{"origin":2747,"position":1},"title":"Las puertas del ratoncito P\u00e9rez de mayo","author":"Mar\u00eda \u2665Oui Oui\u2665","date":"3 junio, 2016","format":false,"excerpt":"Durante las \u00faltimas semanas hemos hecho algunas puertas para el ratoncito P\u00e9rez m\u00e1s especiales, llev\u00e1bamos un tiempo trabajando en una de las m\u00e1s personalizadas que hemos ehcho hasta el momento y por fin vio la luz...Se trata de la puerta del rat\u00f3n P\u00e9rez de la pasteler\u00eda Motteau en el Barrio\u2026","rel":"","context":"En \u00abNI\u00d1OS Y NI\u00d1AS\u00bb","block_context":{"text":"NI\u00d1OS Y NI\u00d1AS","link":"https:\/\/oui-oui.es\/blog\/category\/ninos\/"},"img":{"alt_text":"","src":"https:\/\/i0.wp.com\/oui-oui.es\/blog\/wp-content\/uploads\/2016\/06\/Oui-Oui-puerta-ratoncito-P%C3%A9rez-Motteau-bakery-madrid.jpg?resize=350%2C200&ssl=1","width":350,"height":200,"srcset":"https:\/\/i0.wp.com\/oui-oui.es\/blog\/wp-content\/uploads\/2016\/06\/Oui-Oui-puerta-ratoncito-P%C3%A9rez-Motteau-bakery-madrid.jpg?resize=350%2C200&ssl=1 1x, https:\/\/i0.wp.com\/oui-oui.es\/blog\/wp-content\/uploads\/2016\/06\/Oui-Oui-puerta-ratoncito-P%C3%A9rez-Motteau-bakery-madrid.jpg?resize=525%2C300&ssl=1 1.5x, https:\/\/i0.wp.com\/oui-oui.es\/blog\/wp-content\/uploads\/2016\/06\/Oui-Oui-puerta-ratoncito-P%C3%A9rez-Motteau-bakery-madrid.jpg?resize=700%2C400&ssl=1 2x, https:\/\/i0.wp.com\/oui-oui.es\/blog\/wp-content\/uploads\/2016\/06\/Oui-Oui-puerta-ratoncito-P%C3%A9rez-Motteau-bakery-madrid.jpg?resize=1050%2C600&ssl=1 3x, https:\/\/i0.wp.com\/oui-oui.es\/blog\/wp-content\/uploads\/2016\/06\/Oui-Oui-puerta-ratoncito-P%C3%A9rez-Motteau-bakery-madrid.jpg?resize=1400%2C800&ssl=1 4x"},"classes":[]},{"id":9138,"url":"https:\/\/oui-oui.es\/blog\/6-2-restaurantes-que-no-debes-perderte-en-el-barrio-de-las-letras\/","url_meta":{"origin":2747,"position":2},"title":"6 + 2 restaurantes que no debes perderte en el Barrio de las Letras","author":"Mar\u00eda \u2665Oui Oui\u2665","date":"13 junio, 2018","format":false,"excerpt":"Los a\u00f1os ( y los ni\u00f1os) van pesando y se notan en algunas cosas...Como en las salidas. No puedo quejarme porque yo a\u00fan salgo bastante ( de hecho hoy tengo cena con amigas...je,je), pero tras este finde de DecorAcci\u00f3n si me di cuenta que notaba el cansancio acumulado. En las\u2026","rel":"","context":"En \u00abESTILO DE VIDA\u00bb","block_context":{"text":"ESTILO DE VIDA","link":"https:\/\/oui-oui.es\/blog\/category\/lifestyle-2\/"},"img":{"alt_text":"","src":"https:\/\/i0.wp.com\/oui-oui.es\/blog\/wp-content\/uploads\/2018\/06\/Oui-Oui-restaurantes-barrio-letras-restaurante-bistronomika-cocina-creativa-huertas.jpg?resize=350%2C200&ssl=1","width":350,"height":200,"srcset":"https:\/\/i0.wp.com\/oui-oui.es\/blog\/wp-content\/uploads\/2018\/06\/Oui-Oui-restaurantes-barrio-letras-restaurante-bistronomika-cocina-creativa-huertas.jpg?resize=350%2C200&ssl=1 1x, https:\/\/i0.wp.com\/oui-oui.es\/blog\/wp-content\/uploads\/2018\/06\/Oui-Oui-restaurantes-barrio-letras-restaurante-bistronomika-cocina-creativa-huertas.jpg?resize=525%2C300&ssl=1 1.5x, https:\/\/i0.wp.com\/oui-oui.es\/blog\/wp-content\/uploads\/2018\/06\/Oui-Oui-restaurantes-barrio-letras-restaurante-bistronomika-cocina-creativa-huertas.jpg?resize=700%2C400&ssl=1 2x"},"classes":[]},{"id":4078,"url":"https:\/\/oui-oui.es\/blog\/la-pasteleria-que-se-convirtio-en-un-arrecife-rosa\/","url_meta":{"origin":2747,"position":3},"title":"La pasteler\u00eda que se convirti\u00f3 en un arrecife rosa","author":"Mar\u00eda \u2665Oui Oui\u2665","date":"8 marzo, 2016","format":false,"excerpt":"Hay muchas razones para visitar Alcal\u00e1 de Henares, pero la reciente remodelaci\u00f3n de una antigua pasteler\u00eda me llama especialmente para acercarme en cuanto pueda. El estudio de arquitectura IDEO ha concebido esta remodelaci\u00f3n, manteniendo la estructura original del espacio, con el ladrillo visto, pero incorporando el color rosa, con m\u00e1s\u2026","rel":"","context":"En \u00abESTILO DE VIDA\u00bb","block_context":{"text":"ESTILO DE VIDA","link":"https:\/\/oui-oui.es\/blog\/category\/lifestyle-2\/"},"img":{"alt_text":"","src":"https:\/\/i0.wp.com\/oui-oui.es\/blog\/wp-content\/uploads\/2016\/02\/Oui-Oui-ideo-arquitectura-madrid-bakery-art-installation-strawberry-sticks-pasteleria-rosa-alcala-henares-3.jpg?resize=350%2C200&ssl=1","width":350,"height":200,"srcset":"https:\/\/i0.wp.com\/oui-oui.es\/blog\/wp-content\/uploads\/2016\/02\/Oui-Oui-ideo-arquitectura-madrid-bakery-art-installation-strawberry-sticks-pasteleria-rosa-alcala-henares-3.jpg?resize=350%2C200&ssl=1 1x, https:\/\/i0.wp.com\/oui-oui.es\/blog\/wp-content\/uploads\/2016\/02\/Oui-Oui-ideo-arquitectura-madrid-bakery-art-installation-strawberry-sticks-pasteleria-rosa-alcala-henares-3.jpg?resize=525%2C300&ssl=1 1.5x, https:\/\/i0.wp.com\/oui-oui.es\/blog\/wp-content\/uploads\/2016\/02\/Oui-Oui-ideo-arquitectura-madrid-bakery-art-installation-strawberry-sticks-pasteleria-rosa-alcala-henares-3.jpg?resize=700%2C400&ssl=1 2x"},"classes":[]},{"id":1548,"url":"https:\/\/oui-oui.es\/blog\/oui-oui-en-decoraccion\/","url_meta":{"origin":2747,"position":4},"title":"Oui Oui en DecorAcci\u00f3n","author":"Mar\u00eda \u2665Oui Oui\u2665","date":"2 junio, 2014","format":false,"excerpt":"Vuelvo al blog con ganas de contaros muchas cosas y la primera y muy importantes es que Oui Oui va a participar en la V Edici\u00f3n de DecorAcci\u00f3n...Que se ha convertido en uno de los eventos de decoraci\u00f3n m\u00e1s importantes, tanto por su dimensi\u00f3n (todo el Barrio de Las Letras)\u2026","rel":"","context":"En \u00abOUI OUI\u00bb","block_context":{"text":"OUI OUI","link":"https:\/\/oui-oui.es\/blog\/category\/oui-oui\/"},"img":{"alt_text":"","src":"https:\/\/i0.wp.com\/oui-oui.es\/blog\/wp-content\/uploads\/2014\/06\/oui-oui-las-verdaderas-puertas-del-ratoncito-perez-puerta-ratoncito-perez-la-original.jpg?resize=350%2C200&ssl=1","width":350,"height":200,"srcset":"https:\/\/i0.wp.com\/oui-oui.es\/blog\/wp-content\/uploads\/2014\/06\/oui-oui-las-verdaderas-puertas-del-ratoncito-perez-puerta-ratoncito-perez-la-original.jpg?resize=350%2C200&ssl=1 1x, https:\/\/i0.wp.com\/oui-oui.es\/blog\/wp-content\/uploads\/2014\/06\/oui-oui-las-verdaderas-puertas-del-ratoncito-perez-puerta-ratoncito-perez-la-original.jpg?resize=525%2C300&ssl=1 1.5x, https:\/\/i0.wp.com\/oui-oui.es\/blog\/wp-content\/uploads\/2014\/06\/oui-oui-las-verdaderas-puertas-del-ratoncito-perez-puerta-ratoncito-perez-la-original.jpg?resize=700%2C400&ssl=1 2x"},"classes":[]},{"id":9128,"url":"https:\/\/oui-oui.es\/blog\/volvemos-a-vernos-en-decoraccion\/","url_meta":{"origin":2747,"position":5},"title":"Volvemos a vernos en DecorAcci\u00f3n","author":"Mar\u00eda \u2665Oui Oui\u2665","date":"5 junio, 2018","format":false,"excerpt":"Un a\u00f1o m\u00e1s! y ya casi ni me acuerdo de las ediciones que llevamos \u00a1creo que es la sexta!. Como siempre, participaremos en la GRAN FIESTA de la DECORACI\u00d3N, que no te puedes perder; decoradores, interioristas, arquitectos, comercios, restaurantes...Todo el barrio de las letras se vuelca en engalanar las calles,\u2026","rel":"","context":"En \u00abOUI OUI\u00bb","block_context":{"text":"OUI OUI","link":"https:\/\/oui-oui.es\/blog\/category\/oui-oui\/"},"img":{"alt_text":"","src":"https:\/\/i0.wp.com\/oui-oui.es\/blog\/wp-content\/uploads\/2018\/06\/LOGO-DA-2018.jpg?resize=350%2C200&ssl=1","width":350,"height":200,"srcset":"https:\/\/i0.wp.com\/oui-oui.es\/blog\/wp-content\/uploads\/2018\/06\/LOGO-DA-2018.jpg?resize=350%2C200&ssl=1 1x, https:\/\/i0.wp.com\/oui-oui.es\/blog\/wp-content\/uploads\/2018\/06\/LOGO-DA-2018.jpg?resize=525%2C300&ssl=1 1.5x"},"classes":[]}],"_links":{"self":[{"href":"https:\/\/oui-oui.es\/blog\/wp-json\/wp\/v2\/posts\/2747","targetHints":{"allow":["GET"]}}],"collection":[{"href":"https:\/\/oui-oui.es\/blog\/wp-json\/wp\/v2\/posts"}],"about":[{"href":"https:\/\/oui-oui.es\/blog\/wp-json\/wp\/v2\/types\/post"}],"author":[{"embeddable":true,"href":"https:\/\/oui-oui.es\/blog\/wp-json\/wp\/v2\/users\/1"}],"replies":[{"embeddable":true,"href":"https:\/\/oui-oui.es\/blog\/wp-json\/wp\/v2\/comments?post=2747"}],"version-history":[{"count":1,"href":"https:\/\/oui-oui.es\/blog\/wp-json\/wp\/v2\/posts\/2747\/revisions"}],"predecessor-version":[{"id":2755,"href":"https:\/\/oui-oui.es\/blog\/wp-json\/wp\/v2\/posts\/2747\/revisions\/2755"}],"wp:featuredmedia":[{"embeddable":true,"href":"https:\/\/oui-oui.es\/blog\/wp-json\/wp\/v2\/media\/2748"}],"wp:attachment":[{"href":"https:\/\/oui-oui.es\/blog\/wp-json\/wp\/v2\/media?parent=2747"}],"wp:term":[{"taxonomy":"category","embeddable":true,"href":"https:\/\/oui-oui.es\/blog\/wp-json\/wp\/v2\/categories?post=2747"},{"taxonomy":"post_tag","embeddable":true,"href":"https:\/\/oui-oui.es\/blog\/wp-json\/wp\/v2\/tags?post=2747"}],"curies":[{"name":"wp","href":"https:\/\/api.w.org\/{rel}","templated":true}]}}