{"id":2757,"date":"2015-07-20T12:01:03","date_gmt":"2015-07-20T12:01:03","guid":{"rendered":"https:\/\/oui-oui.es\/blog\/?p=2757"},"modified":"2015-07-20T12:01:03","modified_gmt":"2015-07-20T12:01:03","slug":"cascabel-la-antojeria-de-punto-mx","status":"publish","type":"post","link":"https:\/\/oui-oui.es\/blog\/cascabel-la-antojeria-de-punto-mx\/","title":{"rendered":"Cascabel |La antojer\u00eda de Punto Mx"},"content":{"rendered":"<div id=\"attachment_2760\" style=\"width: 1034px\" class=\"wp-caption aligncenter\"><a href=\"https:\/\/oui-oui.es\/blog\/wp-content\/uploads\/Oui-Oui-restaurante-cascabel-salon-cascabel-gourmet-experience1.jpg\"><img loading=\"lazy\" decoding=\"async\" aria-describedby=\"caption-attachment-2760\" class=\"size-large wp-image-2760\" src=\"https:\/\/oui-oui.es\/blog\/wp-content\/uploads\/Oui-Oui-restaurante-cascabel-salon-cascabel-gourmet-experience1-1024x682.jpg\" alt=\"Imagen v\u00eda Mad Queen\" width=\"1024\" height=\"682\" srcset=\"https:\/\/oui-oui.es\/blog\/wp-content\/uploads\/Oui-Oui-restaurante-cascabel-salon-cascabel-gourmet-experience1-1024x682.jpg 1024w, https:\/\/oui-oui.es\/blog\/wp-content\/uploads\/Oui-Oui-restaurante-cascabel-salon-cascabel-gourmet-experience1-300x200.jpg 300w, https:\/\/oui-oui.es\/blog\/wp-content\/uploads\/Oui-Oui-restaurante-cascabel-salon-cascabel-gourmet-experience1.jpg 1600w\" sizes=\"auto, (max-width: 1024px) 100vw, 1024px\" \/><\/a><p id=\"caption-attachment-2760\" class=\"wp-caption-text\">Imagen v\u00eda Mad Queen<\/p><\/div>\n<p>Parece que \u00faltimamente s\u00f3lo escribo de restaurantes y tiendas de comida, pero estoy apurando mis d\u00edas de verano en Madrid y, aprovechando que todo va a un ritmo un poco m\u00e1s lento, quedando a comer\/cenar todo lo que puedo!<\/p>\n<p>Ten\u00eda muchas ganas de conocer <a href=\"http:\/\/www.saloncascabel.com\/\" target=\"_blank\"><strong>Cascabel<\/strong><\/a>, hace un par de a\u00f1os estuve en <strong><a href=\"http:\/\/www.puntomx.es\/index.php?lang=es\" target=\"_blank\">Punto Mx<\/a><\/strong> y guardaba un recuerdo estupendo; han sabido dar a conocer otra cocina mexicana, de regiones, creativa y reinterpretada, de forma que la mezcla de picantes, sabores y toques de lima hace que cada plato sea mejor que el anterior.<\/p>\n<p>Y <strong><a href=\"http:\/\/www.saloncascabel.com\/\" target=\"_blank\">Cascabel<\/a><\/strong>, su hermano peque\u00f1o, situado en el <strong><a href=\"http:\/\/aptcsupermercado.elcorteingles.es\/gourmet-experience\/serrano\" target=\"_blank\">Gourmet Experience de Serrano<\/a><\/strong> (en la planta 7 del Corte Ingl\u00e9s donde una vez estuvo mi a\u00f1orado M&amp;S), est\u00e1 a la altura, y m\u00e1s que eso.<\/p>\n<p>Epezamos la noche con unas <strong>limonadas de fresa y lima INCRE\u00cdBLES<\/strong>, de verdad, merece la pena ir s\u00f3lo a tomarte una, si est\u00e1s de compras por Serrano, haz un par\u00f3n y refr\u00e9scate con una limonada, me qued\u00e9 con ganas de pedirles las receta \ud83d\ude09<\/p>\n<p><a href=\"http:\/\/www.oui-oui.es\/decoracion-casa\/925-jarra-estilo-mason-jar.html\"><img loading=\"lazy\" decoding=\"async\" class=\"aligncenter size-large wp-image-2761\" src=\"https:\/\/oui-oui.es\/blog\/wp-content\/uploads\/Oui-Oui-restaurante-cascabel-salon-cascabel-limonada-fresa-y-lima-1024x1024.jpg\" alt=\"Oui Oui-restaurante cascabel-salon cascabel-limonada fresa y lima\" width=\"1024\" height=\"1024\" \/><\/a><\/p>\n<p><strong>El guacamole, las quesadillas y, sobretodo el agua chile verde de langostinos<\/strong>, buen\u00edsimos, con muchos matices, toques picantes incre\u00edbles&#8230;Se me hace la boca agua escribiendo&#8230;Esos fueron nuestros entrantes<\/p>\n<div id=\"attachment_2762\" style=\"width: 1034px\" class=\"wp-caption aligncenter\"><a href=\"https:\/\/oui-oui.es\/blog\/wp-content\/uploads\/Oui-Oui-restaurante-cascabel-salon-cascabel-guacamole.jpg\"><img loading=\"lazy\" decoding=\"async\" aria-describedby=\"caption-attachment-2762\" class=\"size-large wp-image-2762\" src=\"https:\/\/oui-oui.es\/blog\/wp-content\/uploads\/Oui-Oui-restaurante-cascabel-salon-cascabel-guacamole-1024x768.jpg\" alt=\"Imagen v\u00eda gastromkg.blogspot\" width=\"1024\" height=\"768\" \/><\/a><p id=\"caption-attachment-2762\" class=\"wp-caption-text\">Imagen v\u00eda gastromkg.blogspot<\/p><\/div>\n<p>Y despu\u00e9s, un <strong>taco<\/strong> <em>estilo \u00e1rabe<\/em> cada una&#8230;Tambi\u00e9n sin palabras, con muchas ganas de repetir (no s\u00e9 si tienen postres porque entre las limonadas y todo lo que pedimos est\u00e1bamos llen\u00edsimas).<\/p>\n<div id=\"attachment_2759\" style=\"width: 1034px\" class=\"wp-caption aligncenter\"><a href=\"https:\/\/oui-oui.es\/blog\/wp-content\/uploads\/Oui-Oui-restaurante-cascabel-salon-cascabel-taco-arabe.jpg\"><img loading=\"lazy\" decoding=\"async\" aria-describedby=\"caption-attachment-2759\" class=\"size-large wp-image-2759\" src=\"https:\/\/oui-oui.es\/blog\/wp-content\/uploads\/Oui-Oui-restaurante-cascabel-salon-cascabel-taco-arabe-1024x681.jpg\" alt=\"Imagen v\u00eda 24h.Mx\" width=\"1024\" height=\"681\" \/><\/a><p id=\"caption-attachment-2759\" class=\"wp-caption-text\">Imagen v\u00eda 24h.Mx<\/p><\/div>\n<p>\u00bfLo \u00fanico malo?; <strong>no reservan<\/strong>&#8230;Tuvimos suerte y no hab\u00eda cola, auqnue al ratito ya hab\u00eda una cola de unas seis personas, al menos parece un poco m\u00e1s f\u00e1cil entrar que en su vecino StreetXo (que tambi\u00e9n recomiendo que prob\u00e9is!!)<\/p>\n<div id=\"attachment_2763\" style=\"width: 1010px\" class=\"wp-caption aligncenter\"><a href=\"https:\/\/oui-oui.es\/blog\/wp-content\/uploads\/Oui-Oui-restaurante-cascabel-salon-cascabel-gourmet-experience-sofas.jpg\"><img loading=\"lazy\" decoding=\"async\" aria-describedby=\"caption-attachment-2763\" class=\"size-full wp-image-2763\" src=\"https:\/\/oui-oui.es\/blog\/wp-content\/uploads\/Oui-Oui-restaurante-cascabel-salon-cascabel-gourmet-experience-sofas.jpg\" alt=\"Imagen v\u00eda Madrid a la carta\" width=\"1000\" height=\"667\" srcset=\"https:\/\/oui-oui.es\/blog\/wp-content\/uploads\/Oui-Oui-restaurante-cascabel-salon-cascabel-gourmet-experience-sofas.jpg 1000w, https:\/\/oui-oui.es\/blog\/wp-content\/uploads\/Oui-Oui-restaurante-cascabel-salon-cascabel-gourmet-experience-sofas-300x200.jpg 300w\" sizes=\"auto, (max-width: 1000px) 100vw, 1000px\" \/><\/a><p id=\"caption-attachment-2763\" class=\"wp-caption-text\">Imagen v\u00eda Madrid a la carta<\/p><\/div>\n<p>Al margen de la cocina; <strong>el musicote y el buen rollo de los camareros\/cocineros animan a cualquiera!<\/strong>, cuando entramos pensamos que no \u00edbamos a poder hablar mucho (ten\u00edan la m\u00fasica un poco alta), pero al rato te mimetizas y ni te enteras \ud83d\ude09<\/p>\n","protected":false},"excerpt":{"rendered":"<p>Parece que \u00faltimamente s\u00f3lo escribo de restaurantes y tiendas de comida, pero estoy apurando mis d\u00edas de verano en Madrid y, aprovechando que todo va a un ritmo un poco m\u00e1s lento, quedando a comer\/cenar todo lo que puedo! Ten\u00eda muchas ganas de conocer Cascabel, hace un par de a\u00f1os estuve en Punto Mx y [&hellip;]<\/p>\n","protected":false},"author":1,"featured_media":2759,"comment_status":"open","ping_status":"open","sticky":false,"template":"","format":"standard","meta":{"jetpack_post_was_ever_published":false,"_jetpack_newsletter_access":"","_jetpack_dont_email_post_to_subs":false,"_jetpack_newsletter_tier_id":0,"_jetpack_memberships_contains_paywalled_content":false,"_jetpack_memberships_contains_paid_content":false,"footnotes":"","jetpack_publicize_message":"","jetpack_publicize_feature_enabled":true,"jetpack_social_post_already_shared":false,"jetpack_social_options":{"image_generator_settings":{"template":"highway","default_image_id":0,"font":"","enabled":false},"version":2}},"categories":[177],"tags":[695],"class_list":["post-2757","post","type-post","status-publish","format-standard","has-post-thumbnail","hentry","category-lifestyle-2","tag-gastro"],"aioseo_notices":[],"jetpack_publicize_connections":[],"jetpack_featured_media_url":"https:\/\/oui-oui.es\/blog\/wp-content\/uploads\/Oui-Oui-restaurante-cascabel-salon-cascabel-taco-arabe-e1438294249632.jpg","jetpack_sharing_enabled":true,"jetpack-related-posts":[{"id":2792,"url":"https:\/\/oui-oui.es\/blog\/polos-artesanos-en-madrid-lolo-polos\/","url_meta":{"origin":2757,"position":0},"title":"Polos artesanos en Madrid | Lolo Polos","author":"Mar\u00eda \u2665Oui Oui\u2665","date":"24 julio, 2015","format":false,"excerpt":"Las cosas bonitas son m\u00e1s apetecibles, eso es as\u00ed. Este verano ten\u00eda ganas de polos de fruta, naturales, artesanos...Me apetece hacerlos cuando me suba a la Sierra y me apetec\u00eda probar los de Lolo Polos desde que vi las preciosas fotos de su tienda y las apetecibles combinaciones de sabores\u2026","rel":"","context":"En \u00abESTILO DE VIDA\u00bb","block_context":{"text":"ESTILO DE VIDA","link":"https:\/\/oui-oui.es\/blog\/category\/lifestyle-2\/"},"img":{"alt_text":"","src":"https:\/\/i0.wp.com\/oui-oui.es\/blog\/wp-content\/uploads\/Oui-Oui-polos-malasa%C3%B1a-lolo-polos-e1438282279295.jpg?resize=350%2C200&ssl=1","width":350,"height":200,"srcset":"https:\/\/i0.wp.com\/oui-oui.es\/blog\/wp-content\/uploads\/Oui-Oui-polos-malasa%C3%B1a-lolo-polos-e1438282279295.jpg?resize=350%2C200&ssl=1 1x, https:\/\/i0.wp.com\/oui-oui.es\/blog\/wp-content\/uploads\/Oui-Oui-polos-malasa%C3%B1a-lolo-polos-e1438282279295.jpg?resize=525%2C300&ssl=1 1.5x, https:\/\/i0.wp.com\/oui-oui.es\/blog\/wp-content\/uploads\/Oui-Oui-polos-malasa%C3%B1a-lolo-polos-e1438282279295.jpg?resize=700%2C400&ssl=1 2x, https:\/\/i0.wp.com\/oui-oui.es\/blog\/wp-content\/uploads\/Oui-Oui-polos-malasa%C3%B1a-lolo-polos-e1438282279295.jpg?resize=1050%2C600&ssl=1 3x, https:\/\/i0.wp.com\/oui-oui.es\/blog\/wp-content\/uploads\/Oui-Oui-polos-malasa%C3%B1a-lolo-polos-e1438282279295.jpg?resize=1400%2C800&ssl=1 4x"},"classes":[]},{"id":759,"url":"https:\/\/oui-oui.es\/blog\/esta-semana-estare-de-tendera\/","url_meta":{"origin":2757,"position":1},"title":"Esta semana&#8230;Estar\u00e9 de tendera!","author":"Mar\u00eda \u2665Oui Oui\u2665","date":"27 mayo, 2013","format":false,"excerpt":"Esta semana va a ser un no parar, adem\u00e1s de que hemos recibido nuevas cositas, hoy tengo el d\u00eda hasta arriba (empezando bien prontito con la prueba de glucosa...) , el martes tengo que coger del almac\u00e9n todos los productos que llevaremos a Say I Do!, la primera \"pop up\"\u2026","rel":"","context":"En \u00abBoda\u00bb","block_context":{"text":"Boda","link":"https:\/\/oui-oui.es\/blog\/category\/fiestas-celebraciones\/boda\/"},"img":{"alt_text":"","src":"https:\/\/i0.wp.com\/oui-oui.es\/blog\/wp-content\/uploads\/oui-oui-video-chanel-keira-knightley-pop-up.jpg?resize=350%2C200&ssl=1","width":350,"height":200,"srcset":"https:\/\/i0.wp.com\/oui-oui.es\/blog\/wp-content\/uploads\/oui-oui-video-chanel-keira-knightley-pop-up.jpg?resize=350%2C200&ssl=1 1x, https:\/\/i0.wp.com\/oui-oui.es\/blog\/wp-content\/uploads\/oui-oui-video-chanel-keira-knightley-pop-up.jpg?resize=525%2C300&ssl=1 1.5x"},"classes":[]},{"id":4264,"url":"https:\/\/oui-oui.es\/blog\/5-marcas-espanolas-de-ropa-de-bebe\/","url_meta":{"origin":2757,"position":2},"title":"5 marcas espa\u00f1olas de ropa de beb\u00e9","author":"Mar\u00eda \u2665Oui Oui\u2665","date":"6 mayo, 2016","format":false,"excerpt":"Este post es la continuaci\u00f3n del de 10 marcas de ropa espa\u00f1olas para beb\u00e9, cada semana descubro marcas nuevas que me encantan, muchas espa\u00f1olas y otras no, pero me pareci\u00f3 interesante dividirlas as\u00ed, como no me cab\u00edan todas en un post, aqu\u00ed va la segunda tanda ;) Las agujas de\u2026","rel":"","context":"En \u00abMATERNIDAD\u00bb","block_context":{"text":"MATERNIDAD","link":"https:\/\/oui-oui.es\/blog\/category\/maternidad\/"},"img":{"alt_text":"","src":"https:\/\/i0.wp.com\/oui-oui.es\/blog\/wp-content\/uploads\/2016\/05\/Oui-Oui-marcas-espa%C3%B1olas-ropa-bebe-jersey-inicial-las-agujas-de-mama.jpg?resize=350%2C200&ssl=1","width":350,"height":200,"srcset":"https:\/\/i0.wp.com\/oui-oui.es\/blog\/wp-content\/uploads\/2016\/05\/Oui-Oui-marcas-espa%C3%B1olas-ropa-bebe-jersey-inicial-las-agujas-de-mama.jpg?resize=350%2C200&ssl=1 1x, https:\/\/i0.wp.com\/oui-oui.es\/blog\/wp-content\/uploads\/2016\/05\/Oui-Oui-marcas-espa%C3%B1olas-ropa-bebe-jersey-inicial-las-agujas-de-mama.jpg?resize=525%2C300&ssl=1 1.5x"},"classes":[]},{"id":3735,"url":"https:\/\/oui-oui.es\/blog\/love-lab-days-casarse-en-asturias\/","url_meta":{"origin":2757,"position":3},"title":"Love Lab Days | Casarse en Asturias","author":"Mar\u00eda \u2665Oui Oui\u2665","date":"17 noviembre, 2015","format":false,"excerpt":"Hace unas semanas hice un viaje rel\u00e1mpago a Gij\u00f3n (os lo adelantaba aqu\u00ed) para asistir a la fiesta de inauguraci\u00f3n de Love Lab Days , una no feria de bodas que reun\u00eda a lo mejorcito del sector nupcial asturiano (y alg\u00fan que otro invitado de fuera, tambi\u00e9n genial!), despu\u00e9s de\u2026","rel":"","context":"En \u00abBoda\u00bb","block_context":{"text":"Boda","link":"https:\/\/oui-oui.es\/blog\/category\/fiestas-celebraciones\/boda\/"},"img":{"alt_text":"","src":"https:\/\/i0.wp.com\/oui-oui.es\/blog\/wp-content\/uploads\/2015\/11\/Oui-Oui-lovelabdays-gijon-2015-fotos-jfk-imagen-social1-99.jpg?resize=350%2C200&ssl=1","width":350,"height":200,"srcset":"https:\/\/i0.wp.com\/oui-oui.es\/blog\/wp-content\/uploads\/2015\/11\/Oui-Oui-lovelabdays-gijon-2015-fotos-jfk-imagen-social1-99.jpg?resize=350%2C200&ssl=1 1x, https:\/\/i0.wp.com\/oui-oui.es\/blog\/wp-content\/uploads\/2015\/11\/Oui-Oui-lovelabdays-gijon-2015-fotos-jfk-imagen-social1-99.jpg?resize=525%2C300&ssl=1 1.5x, https:\/\/i0.wp.com\/oui-oui.es\/blog\/wp-content\/uploads\/2015\/11\/Oui-Oui-lovelabdays-gijon-2015-fotos-jfk-imagen-social1-99.jpg?resize=700%2C400&ssl=1 2x, https:\/\/i0.wp.com\/oui-oui.es\/blog\/wp-content\/uploads\/2015\/11\/Oui-Oui-lovelabdays-gijon-2015-fotos-jfk-imagen-social1-99.jpg?resize=1050%2C600&ssl=1 3x"},"classes":[]},{"id":10827,"url":"https:\/\/oui-oui.es\/blog\/el-miedo-y-el-emprendimiento\/","url_meta":{"origin":2757,"position":4},"title":"El miedo y el emprendimiento","author":"Mar\u00eda \u2665Oui Oui\u2665","date":"23 octubre, 2023","format":false,"excerpt":"Si eres emprendedora o est\u00e1s pensando en serlo, ven a compartir tus miedos en Net \u00e1 Emprender, un encuentro de emprendedoras en el que compartir, inspirarte, desahogarte y salir con m\u00e1s energ\u00eda e ilusi\u00f3n que nunca...Adem\u00e1s,siempre surgen colaboraciones y proyectos entre emprendedoras que ayudan mucho","rel":"","context":"En \u00abEMPRENDEDORAS\u00bb","block_context":{"text":"EMPRENDEDORAS","link":"https:\/\/oui-oui.es\/blog\/category\/mentoring-emprendedores\/"},"img":{"alt_text":"","src":"https:\/\/oui-oui.es\/blog\/wp-content\/uploads\/2023\/10\/Net-a-emprender-miedo-a-emprender-miedo-y-emprendimiento-mujer-y-emprendimiento.jpe","width":350,"height":200,"srcset":"https:\/\/oui-oui.es\/blog\/wp-content\/uploads\/2023\/10\/Net-a-emprender-miedo-a-emprender-miedo-y-emprendimiento-mujer-y-emprendimiento.jpe 1x, https:\/\/oui-oui.es\/blog\/wp-content\/uploads\/2023\/10\/Net-a-emprender-miedo-a-emprender-miedo-y-emprendimiento-mujer-y-emprendimiento.jpe 1.5x"},"classes":[]},{"id":5347,"url":"https:\/\/oui-oui.es\/blog\/mentoring-de-oui-oui-organizacion-y-eficacia\/","url_meta":{"origin":2757,"position":5},"title":"Mentoring de Oui Oui | Organizaci\u00f3n y Eficacia","author":"Mar\u00eda \u2665Oui Oui\u2665","date":"1 mayo, 2017","format":false,"excerpt":"Una de las cosas que m\u00e1s satisfacci\u00f3n me est\u00e1 dando de las sesiones de mentoring para emprendedores es la versatilidad de las mismas y c\u00f3mo me est\u00e1 permitiendo conocer proyectos y perfiles de personas tan diferentes que muchos tienen unas necesidades muy diferentes. Muchas veces las emprendedoras (las sesiones son\u2026","rel":"","context":"En \u00abEMPRENDEDORAS\u00bb","block_context":{"text":"EMPRENDEDORAS","link":"https:\/\/oui-oui.es\/blog\/category\/mentoring-emprendedores\/"},"img":{"alt_text":"","src":"https:\/\/i0.wp.com\/oui-oui.es\/blog\/wp-content\/uploads\/2017\/04\/Oui-Oui-mentoring-oui-oui-mentoring-emprendedores-oui-oui-concept-store-mes-petits-pompons-clips-pompon.jpg?resize=350%2C200&ssl=1","width":350,"height":200,"srcset":"https:\/\/i0.wp.com\/oui-oui.es\/blog\/wp-content\/uploads\/2017\/04\/Oui-Oui-mentoring-oui-oui-mentoring-emprendedores-oui-oui-concept-store-mes-petits-pompons-clips-pompon.jpg?resize=350%2C200&ssl=1 1x, https:\/\/i0.wp.com\/oui-oui.es\/blog\/wp-content\/uploads\/2017\/04\/Oui-Oui-mentoring-oui-oui-mentoring-emprendedores-oui-oui-concept-store-mes-petits-pompons-clips-pompon.jpg?resize=525%2C300&ssl=1 1.5x"},"classes":[]}],"_links":{"self":[{"href":"https:\/\/oui-oui.es\/blog\/wp-json\/wp\/v2\/posts\/2757","targetHints":{"allow":["GET"]}}],"collection":[{"href":"https:\/\/oui-oui.es\/blog\/wp-json\/wp\/v2\/posts"}],"about":[{"href":"https:\/\/oui-oui.es\/blog\/wp-json\/wp\/v2\/types\/post"}],"author":[{"embeddable":true,"href":"https:\/\/oui-oui.es\/blog\/wp-json\/wp\/v2\/users\/1"}],"replies":[{"embeddable":true,"href":"https:\/\/oui-oui.es\/blog\/wp-json\/wp\/v2\/comments?post=2757"}],"version-history":[{"count":1,"href":"https:\/\/oui-oui.es\/blog\/wp-json\/wp\/v2\/posts\/2757\/revisions"}],"predecessor-version":[{"id":2764,"href":"https:\/\/oui-oui.es\/blog\/wp-json\/wp\/v2\/posts\/2757\/revisions\/2764"}],"wp:featuredmedia":[{"embeddable":true,"href":"https:\/\/oui-oui.es\/blog\/wp-json\/wp\/v2\/media\/2759"}],"wp:attachment":[{"href":"https:\/\/oui-oui.es\/blog\/wp-json\/wp\/v2\/media?parent=2757"}],"wp:term":[{"taxonomy":"category","embeddable":true,"href":"https:\/\/oui-oui.es\/blog\/wp-json\/wp\/v2\/categories?post=2757"},{"taxonomy":"post_tag","embeddable":true,"href":"https:\/\/oui-oui.es\/blog\/wp-json\/wp\/v2\/tags?post=2757"}],"curies":[{"name":"wp","href":"https:\/\/api.w.org\/{rel}","templated":true}]}}