{"id":2767,"date":"2015-07-21T12:22:00","date_gmt":"2015-07-21T12:22:00","guid":{"rendered":"https:\/\/oui-oui.es\/blog\/?p=2767"},"modified":"2015-07-30T11:55:52","modified_gmt":"2015-07-30T11:55:52","slug":"bloggers-y-marcas-lo-que-no-me-dio-tiempo-a-decir-en-malasmadres","status":"publish","type":"post","link":"https:\/\/oui-oui.es\/blog\/bloggers-y-marcas-lo-que-no-me-dio-tiempo-a-decir-en-malasmadres\/","title":{"rendered":"Bloggers y Marcas | Lo que no me di\u00f3 tiempo a decir en Malasmadres"},"content":{"rendered":"<p><a href=\"https:\/\/oui-oui.es\/blog\/wp-content\/uploads\/Oui-Oui-III-encuentro-de-madres-blogueras-mesa-redonda-marcas-y-bloguers-yo-dona-malasmadres-2.jpg\"><img loading=\"lazy\" decoding=\"async\" class=\"aligncenter size-large wp-image-2768\" src=\"https:\/\/oui-oui.es\/blog\/wp-content\/uploads\/Oui-Oui-III-encuentro-de-madres-blogueras-mesa-redonda-marcas-y-bloguers-yo-dona-malasmadres-2-1024x1024.jpg\" alt=\"Oui Oui-III encuentro de madres blogueras-mesa redonda marcas y bloguers-yo dona-malasmadres 2\" width=\"1024\" height=\"1024\" srcset=\"https:\/\/oui-oui.es\/blog\/wp-content\/uploads\/Oui-Oui-III-encuentro-de-madres-blogueras-mesa-redonda-marcas-y-bloguers-yo-dona-malasmadres-2-1024x1024.jpg 1024w, https:\/\/oui-oui.es\/blog\/wp-content\/uploads\/Oui-Oui-III-encuentro-de-madres-blogueras-mesa-redonda-marcas-y-bloguers-yo-dona-malasmadres-2-150x150.jpg 150w, https:\/\/oui-oui.es\/blog\/wp-content\/uploads\/Oui-Oui-III-encuentro-de-madres-blogueras-mesa-redonda-marcas-y-bloguers-yo-dona-malasmadres-2-300x300.jpg 300w, https:\/\/oui-oui.es\/blog\/wp-content\/uploads\/Oui-Oui-III-encuentro-de-madres-blogueras-mesa-redonda-marcas-y-bloguers-yo-dona-malasmadres-2.jpg 1240w\" sizes=\"auto, (max-width: 1024px) 100vw, 1024px\" \/><\/a><\/p>\n<p>Cuando <a href=\"https:\/\/instagram.com\/savethedateprojects\/\" target=\"_blank\">Kata<\/a> <em>me nomin\u00f3<\/em> para participar en la <strong>mesa redonda<\/strong> que <a href=\"http:\/\/clubdemalasmadres.com\/\" target=\"_blank\">Malasmadres<\/a> organizaba, junto a <a href=\"http:\/\/www.elmundo.es\/yodona.html\" target=\"_blank\">Yo Dona<\/a> en el <a href=\"http:\/\/www.elmundo.es\/yodona\/estaticas\/especiales\/2015\/05\/madres_blogueras\/\" target=\"_blank\"><strong>III Encuentro de Madres Blogueras<\/strong><\/a> sobre <strong>marcas y bloggers<\/strong> no pod\u00eda imaginar que tendr\u00eda tanto apoyo de vosotras (casi todas mujeres) en <a href=\"https:\/\/instagram.com\/ouiouidetalles\/\" target=\"_blank\">Instagram<\/a>, as\u00ed que cuando me llam\u00f3 <a href=\"http:\/\/clubdemalasmadres.com\/\" target=\"_blank\">Laura<\/a> para decirme que quer\u00eda que <strong>participara<\/strong> junto a personas a las que admiro como ella, <a href=\"http:\/\/stylelovely.com\/mamatrendy\/\" target=\"_blank\">Paula<\/a> o <a href=\"http:\/\/www.escarabajosbichosymariposas.com\/\" target=\"_blank\">Mar\u00eda<\/a> me alegr\u00f3 el d\u00eda sobremanera, por supuesto dije que s\u00ed (casi siempre digo que s\u00ed a todos los planes que me parecen interesantes aunque me coincidan con otras cosas y luego consigo hacer encaje de bolillos, ya lo hac\u00eda con los trabajos en la universidad&#8230;<strong>El S\u00cd por delante ayuda mucho!<\/strong>) y luego me puse a pensar c\u00f3mo me iba a organizar, pues coincid\u00eda con <a href=\"https:\/\/oui-oui.es\/blog\/oui-oui-en-decoraccion-2\/\" target=\"_blank\"><strong>DecorAcci\u00f3n<\/strong><\/a>, en s\u00e1bado (d\u00eda a tope), con mi marido de viaje, mi madre cuidando de Mart\u00edn&#8230;Y, como siempre, lo conseguimos!, mi padre se qued\u00f3 s\u00f3lo en el stand durante un par de horas \ud83d\ude09<\/p>\n<p><strong>Una vez all\u00ed<\/strong>, despu\u00e9s de llegar a la carrera, <strong>pas\u00f3 volando<\/strong>, como suele pasar con estas cosas, siempre falta tiempo, unas ponencias suelen retrasar a las siguientes y <strong>al final te quedas con ganas de hablar mucho m\u00e1s, de hacer un coloquio de preguntas y respuestas<\/strong>&#8230;Vamos, que me di cuenta de que me encant\u00f3 la experiencia, me supo a poco, <strong>de mayor quiero ser conferenciante y tertuliana<\/strong>&#8230;jajaja, el otro d\u00eda fantaseaba con una <strong>tertulia sobre el mundo blogger<\/strong>, todas esas cosas que comentamos todas cuando nos vemos, pero en modo tertulia televisada, ser\u00eda divertido, verdad?; tendencias, descubrimientos, cotilleos, nuevos blogs, agrupaciones, proyectos&#8230;La verdad es que es un poco <em>friki<\/em>, pero podr\u00eda ser divertido, \u00bfalguien se anima? \ud83d\ude09<\/p>\n<p><a href=\"https:\/\/oui-oui.es\/blog\/wp-content\/uploads\/Oui-Oui-III-encuentro-de-madres-blogueras-mesa-redonda-marcas-y-bloguers-yo-dona-malasmadres-3.jpg\"><img loading=\"lazy\" decoding=\"async\" class=\"aligncenter size-full wp-image-2770\" src=\"https:\/\/oui-oui.es\/blog\/wp-content\/uploads\/Oui-Oui-III-encuentro-de-madres-blogueras-mesa-redonda-marcas-y-bloguers-yo-dona-malasmadres-3.jpg\" alt=\"Oui Oui-III encuentro de madres blogueras-mesa redonda marcas y bloguers-yo dona-malasmadres 3\" width=\"600\" height=\"450\" srcset=\"https:\/\/oui-oui.es\/blog\/wp-content\/uploads\/Oui-Oui-III-encuentro-de-madres-blogueras-mesa-redonda-marcas-y-bloguers-yo-dona-malasmadres-3.jpg 600w, https:\/\/oui-oui.es\/blog\/wp-content\/uploads\/Oui-Oui-III-encuentro-de-madres-blogueras-mesa-redonda-marcas-y-bloguers-yo-dona-malasmadres-3-300x225.jpg 300w\" sizes=\"auto, (max-width: 600px) 100vw, 600px\" \/><\/a><\/p>\n<p>Dejando la tertulia a un lado, creo que fue muy interesante lo que hablamos referente a la <strong>relaci\u00f3n de los blogs y las marcas<\/strong>, de un tiempo a esta parte (empec\u00e9 a escribir mi primer blog en 2008) esto ha cambiado mucho, la blogosfera ha crecido much\u00edsimo y las marcas se han dado cuenta de lo importante que son los blogs como prescriptores, muchas veces las personas que escriben un blog no saben c\u00f3mo tratar con una marca o viceversa.<\/p>\n<p>Unos d\u00edas antes de la mesa redonda, las participantes (<a href=\"http:\/\/www.mamisybebes.com\/\" target=\"_blank\">Sara<\/a>, <a href=\"http:\/\/planeandoserpadres.com\/\" target=\"_blank\">Luc\u00eda<\/a>, <a href=\"http:\/\/clubdemalasmadres.com\/\" target=\"_blank\">Laura<\/a>, <a href=\"http:\/\/stylelovely.com\/mamatrendy\/\" target=\"_blank\">Paula<\/a>, <a href=\"http:\/\/www.escarabajosbichosymariposas.com\/\" target=\"_blank\">Mar\u00eda<\/a> y yo) nos cruzamos varios mails con las ideas que ten\u00edamos, no nos di\u00f3 tiempo a compartirlas todas, pero creo que puede ser interesante compartir, en forma de <em>bullet points<\/em> algunas de ellas, <strong>desde mi humilde opini\u00f3n, y haciendo un mix con opiniones de mis compis<\/strong>&#8230;<\/p>\n<p><a href=\"https:\/\/oui-oui.es\/blog\/wp-content\/uploads\/Oui-Oui-III-encuentro-de-madres-blogueras-mesa-redonda-marcas-y-bloguers-yo-dona-malasmadres.jpg\"><img loading=\"lazy\" decoding=\"async\" class=\"aligncenter size-full wp-image-2769\" src=\"https:\/\/oui-oui.es\/blog\/wp-content\/uploads\/Oui-Oui-III-encuentro-de-madres-blogueras-mesa-redonda-marcas-y-bloguers-yo-dona-malasmadres.jpg\" alt=\"Oui Oui-III encuentro de madres blogueras-mesa redonda marcas y bloguers-yo dona-malasmadres\" width=\"464\" height=\"309\" srcset=\"https:\/\/oui-oui.es\/blog\/wp-content\/uploads\/Oui-Oui-III-encuentro-de-madres-blogueras-mesa-redonda-marcas-y-bloguers-yo-dona-malasmadres.jpg 464w, https:\/\/oui-oui.es\/blog\/wp-content\/uploads\/Oui-Oui-III-encuentro-de-madres-blogueras-mesa-redonda-marcas-y-bloguers-yo-dona-malasmadres-300x200.jpg 300w\" sizes=\"auto, (max-width: 464px) 100vw, 464px\" \/><\/a><\/p>\n<p><strong>A las <em>bloggers<\/em> que quieran colaborar con marcas<\/strong><\/p>\n<ul>\n<li><strong>Se honesto<\/strong>; contigo mismo, con los lectores y con las marcas.<\/li>\n<li><strong>Empieza a escribir un blog porque te encanta un tema<\/strong>, quieres compartir algo con los dem\u00e1s o crees que tienes algo diferente que aportar, pero no pensando en monetizarlo, eso, si llega, vendr\u00e1 despu\u00e9s.<\/li>\n<li>Si en alg\u00fan momento te cansas de escribir (por falta de tiempo que hace que tengas falta de ideas, por ejemplo), haz un par\u00f3n y <strong>recuerda por qu\u00e9 empezaste<\/strong>, <strong>vuelve a escribir como si nadie te leyera.<\/strong><\/li>\n<li>Elige tu l\u00ednea de estilo, las marcas que van contigo, con tu blog y con tus lectores, <strong>es importante saber decir que no a tiempo<\/strong>, para no perder credibilidad ni recomendar algo que en realidad tu no usar\u00edas.<\/li>\n<li><strong>Se profesional<\/strong>; si vas a colaborar con una marca, ponte en su piel, en lo que quiere comunicar, en si eso est\u00e1 alineado con tu estilo y si no es contraproducente respecto a otras marcas con las que hayas colaborado.No es lo mismo una marca grande que una peque\u00f1a, y no es lo mismo un blog de comparativa de productos (en los que tiene sentido que hables de muchas marcas diferentes para un mismo producto) que uno que no lo es y un d\u00eda promociones un producto de la marca X y al d\u00eda siguiente a su competencia&#8230;Especialmente esto hace m\u00e1s da\u00f1o a las marcas peque\u00f1as.<\/li>\n<li><strong>Valora tu tiempo<\/strong>, adem\u00e1s de las visitas, seguidores, etc&#8230;Tu tiempo tiene un valor, que dependiendo de tu situacion personal\/laboral puede tener mayor o menor valor.<\/li>\n<\/ul>\n<p><strong>A las marcas que quieran colaborar con <em>bloggers<\/em><\/strong><\/p>\n<ul>\n<li><strong>Conoce el blog<\/strong>; nada mas impresonal que recibir un mail de una marca que no sabe ni c\u00f3mo te llamas o de qu\u00e9 trata el blog en realidad&#8230;<\/li>\n<li><strong>Valora el tiempo de la persona que escribe<\/strong> a la hora de proponer una colaboraci\u00f3n, si tienes claro lo que ofreces y lo que necesitas, mejor que mejor.<\/li>\n<li><strong>No utlices el argumento<\/strong> <em>\u00bb te mando esta informaci\u00f3n para que tengas m\u00e1s contenido para tu blog\u00bb<\/em>, en general, los <em>blogs de \u00e9xito<\/em> tienen m\u00e1s temas en el tintero que tiempo para postearlos.<\/li>\n<li>Si est\u00e1 dentro de la estrategia de la marca, puede que sea m\u00e1s <strong>interesante establecer una relaci\u00f3n a largo plazo<\/strong> con unos pocos blogs que un simple post con muchos.<\/li>\n<\/ul>\n<p><strong>Seguro que faltan muchas cosas<\/strong> que como bloggers o como marca que ha colaborado con un blog cre\u00e9is que son importantes, <strong>\u00a1y me encantar\u00eda conocerlas!<\/strong>, puedes dejar tu comentario m\u00e1s abajo \ud83d\ude09<\/p>\n<p>Es un tema apasionante del que parece m\u00e1s f\u00e1cil hablar que escribir!<\/p>\n<p>&nbsp;<\/p>\n","protected":false},"excerpt":{"rendered":"<p>Cuando Kata me nomin\u00f3 para participar en la mesa redonda que Malasmadres organizaba, junto a Yo Dona en el III Encuentro de Madres Blogueras sobre marcas y bloggers no pod\u00eda imaginar que tendr\u00eda tanto apoyo de vosotras (casi todas mujeres) en Instagram, as\u00ed que cuando me llam\u00f3 Laura para decirme que quer\u00eda que participara junto [&hellip;]<\/p>\n","protected":false},"author":1,"featured_media":2769,"comment_status":"open","ping_status":"open","sticky":false,"template":"","format":"standard","meta":{"jetpack_post_was_ever_published":false,"_jetpack_newsletter_access":"","_jetpack_dont_email_post_to_subs":false,"_jetpack_newsletter_tier_id":0,"_jetpack_memberships_contains_paywalled_content":false,"_jetpack_memberships_contains_paid_content":false,"footnotes":"","jetpack_publicize_message":"","jetpack_publicize_feature_enabled":true,"jetpack_social_post_already_shared":false,"jetpack_social_options":{"image_generator_settings":{"template":"highway","default_image_id":0,"font":"","enabled":false},"version":2}},"categories":[177,13],"tags":[729,692,735],"class_list":["post-2767","post","type-post","status-publish","format-standard","has-post-thumbnail","hentry","category-lifestyle-2","category-oui-oui","tag-madres-blogueras","tag-malasmadres","tag-oui-oui-en-prensa"],"aioseo_notices":[],"jetpack_publicize_connections":[],"jetpack_featured_media_url":"https:\/\/oui-oui.es\/blog\/wp-content\/uploads\/Oui-Oui-III-encuentro-de-madres-blogueras-mesa-redonda-marcas-y-bloguers-yo-dona-malasmadres.jpg","jetpack_sharing_enabled":true,"jetpack-related-posts":[{"id":1525,"url":"https:\/\/oui-oui.es\/blog\/ay-lo-que-me-apetecian-estos-saraos\/","url_meta":{"origin":2767,"position":0},"title":"\u00a1Ay lo que me apetec\u00edan estos saraos!","author":"Mar\u00eda \u2665Oui Oui\u2665","date":"6 mayo, 2014","format":false,"excerpt":"Si, ya es mala suerte...Meses esperando a saber cu\u00e1ndo era la fiesta de las Malasmadres y, cuando por fin se publica, me pilla fuera de Espa\u00f1a, pero si estuviera en Madrid no me la perder\u00eda!. \u00bfA\u00fan no sabes qu\u00e9 es el Club de las Malasmadres?, pues si tienes hijos no\u2026","rel":"","context":"En \u00abNI\u00d1OS Y NI\u00d1AS\u00bb","block_context":{"text":"NI\u00d1OS Y NI\u00d1AS","link":"https:\/\/oui-oui.es\/blog\/category\/ninos\/"},"img":{"alt_text":"","src":"https:\/\/i0.wp.com\/oui-oui.es\/blog\/wp-content\/uploads\/2014\/05\/oui-oui-club-malasmadres-party.png?resize=350%2C200&ssl=1","width":350,"height":200,"srcset":"https:\/\/i0.wp.com\/oui-oui.es\/blog\/wp-content\/uploads\/2014\/05\/oui-oui-club-malasmadres-party.png?resize=350%2C200&ssl=1 1x, https:\/\/i0.wp.com\/oui-oui.es\/blog\/wp-content\/uploads\/2014\/05\/oui-oui-club-malasmadres-party.png?resize=525%2C300&ssl=1 1.5x, https:\/\/i0.wp.com\/oui-oui.es\/blog\/wp-content\/uploads\/2014\/05\/oui-oui-club-malasmadres-party.png?resize=700%2C400&ssl=1 2x"},"classes":[]},{"id":4357,"url":"https:\/\/oui-oui.es\/blog\/5-practicos-regalos-para-una-reciente-mama\/","url_meta":{"origin":2767,"position":1},"title":"5 pr\u00e1cticos regalos para una reciente mam\u00e1","author":"Mar\u00eda \u2665Oui Oui\u2665","date":"25 mayo, 2016","format":false,"excerpt":"Cuando te quedas embarazada (sobretodo si es del primer hijo) recibes muchos regalos, m\u00e1s para el beb\u00e9 que para t\u00ed pero te regalan cosas nuevas, la mayor\u00eda no hab\u00eda estado en tu espectro de compras y empiezas a descubrir un mundo nuevo.Si tienes a una mujer embarazada cerca, aqu\u00ed van\u2026","rel":"","context":"En \u00abMATERNIDAD\u00bb","block_context":{"text":"MATERNIDAD","link":"https:\/\/oui-oui.es\/blog\/category\/maternidad\/"},"img":{"alt_text":"","src":"https:\/\/i0.wp.com\/oui-oui.es\/blog\/wp-content\/uploads\/2016\/05\/Oui-Oui-auriculares-inalambricos-carrito-bebe-urbanista.jpg?resize=350%2C200&ssl=1","width":350,"height":200,"srcset":"https:\/\/i0.wp.com\/oui-oui.es\/blog\/wp-content\/uploads\/2016\/05\/Oui-Oui-auriculares-inalambricos-carrito-bebe-urbanista.jpg?resize=350%2C200&ssl=1 1x, https:\/\/i0.wp.com\/oui-oui.es\/blog\/wp-content\/uploads\/2016\/05\/Oui-Oui-auriculares-inalambricos-carrito-bebe-urbanista.jpg?resize=525%2C300&ssl=1 1.5x, https:\/\/i0.wp.com\/oui-oui.es\/blog\/wp-content\/uploads\/2016\/05\/Oui-Oui-auriculares-inalambricos-carrito-bebe-urbanista.jpg?resize=700%2C400&ssl=1 2x, https:\/\/i0.wp.com\/oui-oui.es\/blog\/wp-content\/uploads\/2016\/05\/Oui-Oui-auriculares-inalambricos-carrito-bebe-urbanista.jpg?resize=1050%2C600&ssl=1 3x, https:\/\/i0.wp.com\/oui-oui.es\/blog\/wp-content\/uploads\/2016\/05\/Oui-Oui-auriculares-inalambricos-carrito-bebe-urbanista.jpg?resize=1400%2C800&ssl=1 4x"},"classes":[]},{"id":3821,"url":"https:\/\/oui-oui.es\/blog\/cenar-con-expertos-cenas-adivina\/","url_meta":{"origin":2767,"position":2},"title":"Cenar con expertos | Cenas Adivina","author":"Mar\u00eda \u2665Oui Oui\u2665","date":"26 noviembre, 2015","format":false,"excerpt":"Conoc\u00ed a Silvia y su proyecto hace unos meses aunque no fue hasta hace unas semanas que pude acudir a una de sus interesants cenas...las Cenas Adivina \u00bfy qu\u00e9 es eso? (os preguntar\u00e9is si a\u00fan no la conoc\u00e9is), pues un nuevo proyecto, lleno de ilusi\u00f3n y, sobretodo, rodeado de gente\u2026","rel":"","context":"En \u00abESTILO DE VIDA\u00bb","block_context":{"text":"ESTILO DE VIDA","link":"https:\/\/oui-oui.es\/blog\/category\/lifestyle-2\/"},"img":{"alt_text":"","src":"https:\/\/i0.wp.com\/oui-oui.es\/blog\/wp-content\/uploads\/2015\/11\/Oui-Oui-cenas-adivina.jpg?resize=350%2C200&ssl=1","width":350,"height":200,"srcset":"https:\/\/i0.wp.com\/oui-oui.es\/blog\/wp-content\/uploads\/2015\/11\/Oui-Oui-cenas-adivina.jpg?resize=350%2C200&ssl=1 1x, https:\/\/i0.wp.com\/oui-oui.es\/blog\/wp-content\/uploads\/2015\/11\/Oui-Oui-cenas-adivina.jpg?resize=525%2C300&ssl=1 1.5x, https:\/\/i0.wp.com\/oui-oui.es\/blog\/wp-content\/uploads\/2015\/11\/Oui-Oui-cenas-adivina.jpg?resize=700%2C400&ssl=1 2x"},"classes":[]},{"id":4368,"url":"https:\/\/oui-oui.es\/blog\/con-el-corazon-de-alejo\/","url_meta":{"origin":2767,"position":3},"title":"Con el coraz\u00f3n de Alejo","author":"Mar\u00eda \u2665Oui Oui\u2665","date":"30 mayo, 2016","format":false,"excerpt":"No s\u00e9 si recordar\u00e9is que hace unos meses un grupo muy grande de bloggers nos pusimos en marcha para recaudar fondos a favor de los refugiados, de ese impulso inicial naci\u00f3n el concepto En tu piel, con la idea de organizar planes para ayudar a personas o causas que en\u2026","rel":"","context":"En \u00abNI\u00d1OS Y NI\u00d1AS\u00bb","block_context":{"text":"NI\u00d1OS Y NI\u00d1AS","link":"https:\/\/oui-oui.es\/blog\/category\/ninos\/"},"img":{"alt_text":"","src":"https:\/\/i0.wp.com\/oui-oui.es\/blog\/wp-content\/uploads\/2016\/05\/Oui-Oui-en-tu-piel-alejo.jpg?resize=350%2C200&ssl=1","width":350,"height":200,"srcset":"https:\/\/i0.wp.com\/oui-oui.es\/blog\/wp-content\/uploads\/2016\/05\/Oui-Oui-en-tu-piel-alejo.jpg?resize=350%2C200&ssl=1 1x, https:\/\/i0.wp.com\/oui-oui.es\/blog\/wp-content\/uploads\/2016\/05\/Oui-Oui-en-tu-piel-alejo.jpg?resize=525%2C300&ssl=1 1.5x, https:\/\/i0.wp.com\/oui-oui.es\/blog\/wp-content\/uploads\/2016\/05\/Oui-Oui-en-tu-piel-alejo.jpg?resize=700%2C400&ssl=1 2x"},"classes":[]},{"id":9996,"url":"https:\/\/oui-oui.es\/blog\/las-nuevas-tecnologias-y-los-ninos-estudio-tenemoslike\/","url_meta":{"origin":2767,"position":4},"title":"Las nuevas tecnolog\u00edas y los ni\u00f1os | Estudio #TenemosLike","author":"Mar\u00eda \u2665Oui Oui\u2665","date":"18 julio, 2019","format":false,"excerpt":"Esta ma\u00f1ana he acudido a la presentaci\u00f3n del estudio #TenemosLike realizado por el Club de Malasmadres y Movistar tomando como muestra madres del Club. Me interesaba mucho porque es un tema que me preocupa a futuro, mis hijos son peque\u00f1os y, con mucho esfuerzo, a\u00fan no utilizan dispositivos. El estudio\u2026","rel":"","context":"En \u00abEDUCACI\u00d3N\u00bb","block_context":{"text":"EDUCACI\u00d3N","link":"https:\/\/oui-oui.es\/blog\/category\/educacion\/"},"img":{"alt_text":"","src":"https:\/\/i0.wp.com\/oui-oui.es\/blog\/wp-content\/uploads\/2019\/07\/Oui-Oui-uso-dispositivos-moviles-hijos-.jpg?resize=350%2C200&ssl=1","width":350,"height":200},"classes":[]},{"id":5247,"url":"https:\/\/oui-oui.es\/blog\/5247-2\/","url_meta":{"origin":2767,"position":5},"title":"Somos Equipo y, por tanto, corresponsables","author":"Mar\u00eda \u2665Oui Oui\u2665","date":"29 marzo, 2017","format":false,"excerpt":"\u00a0 Llevo queriendo escribir este post desde el mismo d\u00eda que acud\u00ed a la presentaci\u00f3n del II Estudio de la Asociaci\u00f3n Yo No Renuncio, creada por el Club de las Malas Madres. El estudio \"Somos Equipo\" recog\u00eda los resultados de la macro encuesta que hab\u00edan realizado unos meses antes en\u2026","rel":"","context":"En \u00abMATERNIDAD\u00bb","block_context":{"text":"MATERNIDAD","link":"https:\/\/oui-oui.es\/blog\/category\/maternidad\/"},"img":{"alt_text":"","src":"https:\/\/i0.wp.com\/oui-oui.es\/blog\/wp-content\/uploads\/2017\/03\/Oui-Oui-Yo-no-renuncio-responsable-tareas-domesticas-aportacion-al-hogar.jpg?resize=350%2C200&ssl=1","width":350,"height":200,"srcset":"https:\/\/i0.wp.com\/oui-oui.es\/blog\/wp-content\/uploads\/2017\/03\/Oui-Oui-Yo-no-renuncio-responsable-tareas-domesticas-aportacion-al-hogar.jpg?resize=350%2C200&ssl=1 1x, https:\/\/i0.wp.com\/oui-oui.es\/blog\/wp-content\/uploads\/2017\/03\/Oui-Oui-Yo-no-renuncio-responsable-tareas-domesticas-aportacion-al-hogar.jpg?resize=525%2C300&ssl=1 1.5x, https:\/\/i0.wp.com\/oui-oui.es\/blog\/wp-content\/uploads\/2017\/03\/Oui-Oui-Yo-no-renuncio-responsable-tareas-domesticas-aportacion-al-hogar.jpg?resize=700%2C400&ssl=1 2x"},"classes":[]}],"_links":{"self":[{"href":"https:\/\/oui-oui.es\/blog\/wp-json\/wp\/v2\/posts\/2767","targetHints":{"allow":["GET"]}}],"collection":[{"href":"https:\/\/oui-oui.es\/blog\/wp-json\/wp\/v2\/posts"}],"about":[{"href":"https:\/\/oui-oui.es\/blog\/wp-json\/wp\/v2\/types\/post"}],"author":[{"embeddable":true,"href":"https:\/\/oui-oui.es\/blog\/wp-json\/wp\/v2\/users\/1"}],"replies":[{"embeddable":true,"href":"https:\/\/oui-oui.es\/blog\/wp-json\/wp\/v2\/comments?post=2767"}],"version-history":[{"count":1,"href":"https:\/\/oui-oui.es\/blog\/wp-json\/wp\/v2\/posts\/2767\/revisions"}],"predecessor-version":[{"id":2771,"href":"https:\/\/oui-oui.es\/blog\/wp-json\/wp\/v2\/posts\/2767\/revisions\/2771"}],"wp:featuredmedia":[{"embeddable":true,"href":"https:\/\/oui-oui.es\/blog\/wp-json\/wp\/v2\/media\/2769"}],"wp:attachment":[{"href":"https:\/\/oui-oui.es\/blog\/wp-json\/wp\/v2\/media?parent=2767"}],"wp:term":[{"taxonomy":"category","embeddable":true,"href":"https:\/\/oui-oui.es\/blog\/wp-json\/wp\/v2\/categories?post=2767"},{"taxonomy":"post_tag","embeddable":true,"href":"https:\/\/oui-oui.es\/blog\/wp-json\/wp\/v2\/tags?post=2767"}],"curies":[{"name":"wp","href":"https:\/\/api.w.org\/{rel}","templated":true}]}}