{"id":2772,"date":"2015-07-22T00:01:15","date_gmt":"2015-07-22T00:01:15","guid":{"rendered":"https:\/\/oui-oui.es\/blog\/?p=2772"},"modified":"2015-07-30T22:35:17","modified_gmt":"2015-07-30T22:35:17","slug":"los-platos-que-la-moda-hace-que-aburran","status":"publish","type":"post","link":"https:\/\/oui-oui.es\/blog\/los-platos-que-la-moda-hace-que-aburran\/","title":{"rendered":"Los platos que la moda hace que aburran"},"content":{"rendered":"<p>Me gusta el <strong>pulpo a la brasa<\/strong>, pero temo acabar cogi\u00e9ndole man\u00eda.<\/p>\n<p>No s\u00e9 si lo habr\u00e9is observado tambi\u00e9n pero <strong>es curioso c\u00f3mo se ponen de moda determinados platos en los restaurantes<\/strong> (da igual que sea el restaurante de moda, un bar de provincias o que acabe en platos congelados).<\/p>\n<p>Primero pas\u00f3 con la <strong>ensalada con queso de cabra\/brie y mermelada<\/strong> (mi amiga Ester la ped\u00eda siempre en <a href=\"http:\/\/lafondadenpep.com\/about\/\" target=\"_blank\">La Fonda D\u00b4en Pep<\/a><\/p>\n<p>Despu\u00e9s fue el <strong>coulant de chocolate<\/strong>, recuerdo la primera vez que lo prob\u00e9 en <a href=\"http:\/\/www.lafinca-restaurant.com\/\" target=\"_blank\">La Finca de Susana<\/a>, hace m\u00e1s de diez a\u00f1os seguro, resulto un postre sorprendente, ahora no lo puedo ver en una carta.<\/p>\n<div id=\"attachment_2773\" style=\"width: 1034px\" class=\"wp-caption aligncenter\"><a href=\"https:\/\/oui-oui.es\/blog\/wp-content\/uploads\/Oui-Oui-coulant-de-chocolate.jpg\"><img loading=\"lazy\" decoding=\"async\" aria-describedby=\"caption-attachment-2773\" class=\"size-large wp-image-2773\" src=\"https:\/\/oui-oui.es\/blog\/wp-content\/uploads\/Oui-Oui-coulant-de-chocolate-1024x661.jpg\" alt=\"Imagen v\u00eda Mamma Gourmet\" width=\"1024\" height=\"661\" srcset=\"https:\/\/oui-oui.es\/blog\/wp-content\/uploads\/Oui-Oui-coulant-de-chocolate.jpg 1024w, https:\/\/oui-oui.es\/blog\/wp-content\/uploads\/Oui-Oui-coulant-de-chocolate-300x194.jpg 300w\" sizes=\"auto, (max-width: 1024px) 100vw, 1024px\" \/><\/a><p id=\"caption-attachment-2773\" class=\"wp-caption-text\">Imagen v\u00eda Mamma Gourmet<\/p><\/div>\n<p>La <strong>cebolla caramelizada<\/strong> (en tostas, pinchos, con el solomillo), tambi\u00e9n sufri\u00f3 lo suyo&#8230;A\u00fan as\u00ed me sigue encantado tomarla en casa.<\/p>\n<p>La <strong>carrillera<\/strong> y la <strong>presa ib\u00e9rica<\/strong> tuvieron su punto \u00e1lgido all\u00e1 por 2010 (gracias Elena por record\u00e1rmelo!).<\/p>\n<p>Otro ingrediente que da much\u00edsima pereza en la carta de un restaurante es el <strong>mezclum<\/strong>; restaurantes del mundo, por favor, quitadla de las cartas!<\/p>\n<p>Y, \u00faltimamente, se ha puesto de moda el <strong>pulpo a la brasa<\/strong>, est\u00e1 buen\u00edsimo y en sano, pero verlo en todas las cartas aburre, a\u00fan as\u00ed, si quieres tomarlo, te recomiendo el de <a href=\"http:\/\/martinetemadrid.com\/\" target=\"_blank\">Martinete<\/a>, tambi\u00e9n muy bueno el de <a href=\"http:\/\/www.casalobomadrid.com\/\" target=\"_blank\">Casa Lobo<\/a> , <a href=\"http:\/\/restaurantepuntobasico.com\/\" target=\"_blank\">Punto B\u00e1sico<\/a> y el de <a href=\"http:\/\/www.ganzcafe.com\/\" target=\"_blank\">Ganz<\/a>.<\/p>\n<p><a href=\"https:\/\/oui-oui.es\/blog\/wp-content\/uploads\/Oui-Oui-pulpo-a-la-brasa-tendencias-gastro.jpg\"><img loading=\"lazy\" decoding=\"async\" class=\"aligncenter size-full wp-image-2774\" src=\"https:\/\/oui-oui.es\/blog\/wp-content\/uploads\/Oui-Oui-pulpo-a-la-brasa-tendencias-gastro.jpg\" alt=\"Oui Oui-pulpo a la brasa-tendencias gastro\" width=\"900\" height=\"600\" srcset=\"https:\/\/oui-oui.es\/blog\/wp-content\/uploads\/Oui-Oui-pulpo-a-la-brasa-tendencias-gastro.jpg 900w, https:\/\/oui-oui.es\/blog\/wp-content\/uploads\/Oui-Oui-pulpo-a-la-brasa-tendencias-gastro-300x200.jpg 300w\" sizes=\"auto, (max-width: 900px) 100vw, 900px\" \/><\/a><\/p>\n<p>Y, no por moda, sino por insustanciales&#8230;Por favor, quitad de las cartas las patatas paja!<\/p>\n<p>\u00bfHab\u00e9is detectado alg\u00fan alimento m\u00e1s tan de moda en los restaurantes?<\/p>\n","protected":false},"excerpt":{"rendered":"<p>Me gusta el pulpo a la brasa, pero temo acabar cogi\u00e9ndole man\u00eda. No s\u00e9 si lo habr\u00e9is observado tambi\u00e9n pero es curioso c\u00f3mo se ponen de moda determinados platos en los restaurantes (da igual que sea el restaurante de moda, un bar de provincias o que acabe en platos congelados). Primero pas\u00f3 con la ensalada [&hellip;]<\/p>\n","protected":false},"author":1,"featured_media":2773,"comment_status":"open","ping_status":"open","sticky":false,"template":"","format":"standard","meta":{"jetpack_post_was_ever_published":false,"_jetpack_newsletter_access":"","_jetpack_dont_email_post_to_subs":false,"_jetpack_newsletter_tier_id":0,"_jetpack_memberships_contains_paywalled_content":false,"_jetpack_memberships_contains_paid_content":false,"footnotes":"","jetpack_publicize_message":"","jetpack_publicize_feature_enabled":true,"jetpack_social_post_already_shared":false,"jetpack_social_options":{"image_generator_settings":{"template":"highway","default_image_id":0,"font":"","enabled":false},"version":2}},"categories":[177],"tags":[695,529],"class_list":["post-2772","post","type-post","status-publish","format-standard","has-post-thumbnail","hentry","category-lifestyle-2","tag-gastro","tag-tendencias"],"aioseo_notices":[],"jetpack_publicize_connections":[],"jetpack_featured_media_url":"https:\/\/oui-oui.es\/blog\/wp-content\/uploads\/Oui-Oui-coulant-de-chocolate.jpg","jetpack_sharing_enabled":true,"jetpack-related-posts":[{"id":4450,"url":"https:\/\/oui-oui.es\/blog\/no-es-un-souvenir-es-un-dealli\/","url_meta":{"origin":2772,"position":0},"title":"No es un souvenir, es un Deall\u00ed","author":"Mar\u00eda \u2665Oui Oui\u2665","date":"6 junio, 2016","format":false,"excerpt":"Soy muy fan de Abraham, primero lo era de su marca; Abe the Ape porque me encantaba todo lo que hac\u00eda, pero me hice fan de \u00e9l desde que le compr\u00e9 dos platos en el Mercado de Dise\u00f1o, quedamos que me los entregar\u00eda m\u00e1s tarde y acab\u00f3 tray\u00e9ndolos \u00e9l mismo\u2026","rel":"","context":"En \u00abDECORACI\u00d3N\u00bb","block_context":{"text":"DECORACI\u00d3N","link":"https:\/\/oui-oui.es\/blog\/category\/decoracion-de-casa\/"},"img":{"alt_text":"","src":"https:\/\/i0.wp.com\/oui-oui.es\/blog\/wp-content\/uploads\/2016\/06\/Oui-Oui-coleccion-souvenirs-abe-the-ape-guaimaro-dealli-memory-abe-the-ape-platos-abe-the-ape-8.jpg?resize=350%2C200&ssl=1","width":350,"height":200,"srcset":"https:\/\/i0.wp.com\/oui-oui.es\/blog\/wp-content\/uploads\/2016\/06\/Oui-Oui-coleccion-souvenirs-abe-the-ape-guaimaro-dealli-memory-abe-the-ape-platos-abe-the-ape-8.jpg?resize=350%2C200&ssl=1 1x, https:\/\/i0.wp.com\/oui-oui.es\/blog\/wp-content\/uploads\/2016\/06\/Oui-Oui-coleccion-souvenirs-abe-the-ape-guaimaro-dealli-memory-abe-the-ape-platos-abe-the-ape-8.jpg?resize=525%2C300&ssl=1 1.5x, https:\/\/i0.wp.com\/oui-oui.es\/blog\/wp-content\/uploads\/2016\/06\/Oui-Oui-coleccion-souvenirs-abe-the-ape-guaimaro-dealli-memory-abe-the-ape-platos-abe-the-ape-8.jpg?resize=700%2C400&ssl=1 2x, https:\/\/i0.wp.com\/oui-oui.es\/blog\/wp-content\/uploads\/2016\/06\/Oui-Oui-coleccion-souvenirs-abe-the-ape-guaimaro-dealli-memory-abe-the-ape-platos-abe-the-ape-8.jpg?resize=1050%2C600&ssl=1 3x, https:\/\/i0.wp.com\/oui-oui.es\/blog\/wp-content\/uploads\/2016\/06\/Oui-Oui-coleccion-souvenirs-abe-the-ape-guaimaro-dealli-memory-abe-the-ape-platos-abe-the-ape-8.jpg?resize=1400%2C800&ssl=1 4x"},"classes":[]},{"id":4009,"url":"https:\/\/oui-oui.es\/blog\/mi-wishlist-de-cumpleanos\/","url_meta":{"origin":2772,"position":1},"title":"Lo que me gusta una wishlist, aqu\u00ed la de mi cumple!","author":"Mar\u00eda \u2665Oui Oui\u2665","date":"5 febrero, 2016","format":false,"excerpt":"Esta semana los post van de regalos, se nota que estamos en meses de muchas celebraciones, \u00bfverdad?. Hoy empieza la cuenta atr\u00e1s para mi 34 cumplea\u00f1os, as\u00ed que, previsora una, dejo aqu\u00ed mi peque\u00f1a wishlist para que luego algunos no me digan que no les ha dado tiempo o que\u2026","rel":"","context":"En \u00abESTILO DE VIDA\u00bb","block_context":{"text":"ESTILO DE VIDA","link":"https:\/\/oui-oui.es\/blog\/category\/lifestyle-2\/"},"img":{"alt_text":"","src":"https:\/\/i0.wp.com\/oui-oui.es\/blog\/wp-content\/uploads\/2016\/01\/Oui-Oui-tarta-hersheys-sugar-factory-madrid.jpg?resize=350%2C200&ssl=1","width":350,"height":200,"srcset":"https:\/\/i0.wp.com\/oui-oui.es\/blog\/wp-content\/uploads\/2016\/01\/Oui-Oui-tarta-hersheys-sugar-factory-madrid.jpg?resize=350%2C200&ssl=1 1x, https:\/\/i0.wp.com\/oui-oui.es\/blog\/wp-content\/uploads\/2016\/01\/Oui-Oui-tarta-hersheys-sugar-factory-madrid.jpg?resize=525%2C300&ssl=1 1.5x, https:\/\/i0.wp.com\/oui-oui.es\/blog\/wp-content\/uploads\/2016\/01\/Oui-Oui-tarta-hersheys-sugar-factory-madrid.jpg?resize=700%2C400&ssl=1 2x, https:\/\/i0.wp.com\/oui-oui.es\/blog\/wp-content\/uploads\/2016\/01\/Oui-Oui-tarta-hersheys-sugar-factory-madrid.jpg?resize=1050%2C600&ssl=1 3x"},"classes":[]},{"id":2735,"url":"https:\/\/oui-oui.es\/blog\/vuelve-el-plato-combinado-lovnis\/","url_meta":{"origin":2772,"position":2},"title":"Vuelve el plato combinado | Lovnis","author":"Mar\u00eda \u2665Oui Oui\u2665","date":"15 julio, 2015","format":false,"excerpt":"Si cuando estaba en el colegio me dicen que ir\u00eda a un restaurante porque uno de sus atractivos son los platos combinados servidos en las m\u00edticas bandejas de metal en las que cab\u00eda todo; primero, segundo, pan, postre y cubiertos...No me lo creer\u00eda. Pero as\u00ed ha sido, los exitosos socios\u2026","rel":"","context":"En \u00abESTILO DE VIDA\u00bb","block_context":{"text":"ESTILO DE VIDA","link":"https:\/\/oui-oui.es\/blog\/category\/lifestyle-2\/"},"img":{"alt_text":"","src":"https:\/\/i0.wp.com\/oui-oui.es\/blog\/wp-content\/uploads\/Oui-Oui-restaurante-platos-combinados-LOVNI-revista-HSM.jpg?resize=350%2C200&ssl=1","width":350,"height":200,"srcset":"https:\/\/i0.wp.com\/oui-oui.es\/blog\/wp-content\/uploads\/Oui-Oui-restaurante-platos-combinados-LOVNI-revista-HSM.jpg?resize=350%2C200&ssl=1 1x, https:\/\/i0.wp.com\/oui-oui.es\/blog\/wp-content\/uploads\/Oui-Oui-restaurante-platos-combinados-LOVNI-revista-HSM.jpg?resize=525%2C300&ssl=1 1.5x"},"classes":[]},{"id":4048,"url":"https:\/\/oui-oui.es\/blog\/restaurantes-que-tachar-en-febrero\/","url_meta":{"origin":2772,"position":3},"title":"Restaurantes que tachar en Febrero","author":"Mar\u00eda \u2665Oui Oui\u2665","date":"9 febrero, 2016","format":false,"excerpt":"Est\u00e1 claro que febrero no ser\u00e1 un mes f\u00e1cil para tachar restaurantes, me quedan unos diez d\u00edas como m\u00e1ximo para dar a luz y no s\u00e9 como nos apa\u00f1aremos siendo cuatro en casa, con la lactancia, el cansancio, etc...Pero a\u00fan as\u00ed, os dejo la lista para que pod\u00e1is tacharlos vosotros!\u2026","rel":"","context":"En \u00abESTILO DE VIDA\u00bb","block_context":{"text":"ESTILO DE VIDA","link":"https:\/\/oui-oui.es\/blog\/category\/lifestyle-2\/"},"img":{"alt_text":"","src":"https:\/\/i0.wp.com\/oui-oui.es\/blog\/wp-content\/uploads\/2016\/02\/Oui-Oui-floren-domezain-restaurante-lechuga.jpg?resize=350%2C200&ssl=1","width":350,"height":200,"srcset":"https:\/\/i0.wp.com\/oui-oui.es\/blog\/wp-content\/uploads\/2016\/02\/Oui-Oui-floren-domezain-restaurante-lechuga.jpg?resize=350%2C200&ssl=1 1x, https:\/\/i0.wp.com\/oui-oui.es\/blog\/wp-content\/uploads\/2016\/02\/Oui-Oui-floren-domezain-restaurante-lechuga.jpg?resize=525%2C300&ssl=1 1.5x"},"classes":[]},{"id":3897,"url":"https:\/\/oui-oui.es\/blog\/restaurantes-que-tachar-en-diciembre\/","url_meta":{"origin":2772,"position":4},"title":"Restaurantes que tachar en diciembre","author":"Mar\u00eda \u2665Oui Oui\u2665","date":"18 diciembre, 2015","format":false,"excerpt":"Es momento de cenas navide\u00f1as, si no has reservado ya en los sitios m\u00e1s de moda ser\u00e1 dif\u00edcil encontrar mesa, pero aqu\u00ed va mi selecci\u00f3n...Empezando por donde cenamos antes de ayer ;) La Vaquer\u00eda Monta\u00f1esa En el antiguo local de la Vaquer\u00eda Suiza se sit\u00faa la \u00faltima propuesta gastron\u00f3mica del\u2026","rel":"","context":"En \u00abESTILO DE VIDA\u00bb","block_context":{"text":"ESTILO DE VIDA","link":"https:\/\/oui-oui.es\/blog\/category\/lifestyle-2\/"},"img":{"alt_text":"","src":"https:\/\/i0.wp.com\/oui-oui.es\/blog\/wp-content\/uploads\/2015\/12\/Oui-Oui-restaurantes-tachar-diciembre-la-vaqueria-monta%C3%B1esa.jpg?resize=350%2C200&ssl=1","width":350,"height":200,"srcset":"https:\/\/i0.wp.com\/oui-oui.es\/blog\/wp-content\/uploads\/2015\/12\/Oui-Oui-restaurantes-tachar-diciembre-la-vaqueria-monta%C3%B1esa.jpg?resize=350%2C200&ssl=1 1x, https:\/\/i0.wp.com\/oui-oui.es\/blog\/wp-content\/uploads\/2015\/12\/Oui-Oui-restaurantes-tachar-diciembre-la-vaqueria-monta%C3%B1esa.jpg?resize=525%2C300&ssl=1 1.5x"},"classes":[]},{"id":4418,"url":"https:\/\/oui-oui.es\/blog\/restaurantes-que-tachar-en-junio\/","url_meta":{"origin":2772,"position":5},"title":"Restaurantes que tachar en junio","author":"Mar\u00eda \u2665Oui Oui\u2665","date":"8 junio, 2016","format":false,"excerpt":"Los restaurantes de este mes van a estar dedicados al Barrio de las Letras, como os contaba ayer, participaremos en DecorAcci\u00f3n y me gusta (en la medida de lo posible porque con los horarios del stand es complicado) aprovechar para tachar esos sitios que tengo pendiente por la zona y\u2026","rel":"","context":"En \u00abESTILO DE VIDA\u00bb","block_context":{"text":"ESTILO DE VIDA","link":"https:\/\/oui-oui.es\/blog\/category\/lifestyle-2\/"},"img":{"alt_text":"","src":"https:\/\/i0.wp.com\/oui-oui.es\/blog\/wp-content\/uploads\/2016\/06\/Oui-Oui-restaurantes-tachar-junio-mercado-anton-martin-buns-and-bones.jpg?resize=350%2C200&ssl=1","width":350,"height":200,"srcset":"https:\/\/i0.wp.com\/oui-oui.es\/blog\/wp-content\/uploads\/2016\/06\/Oui-Oui-restaurantes-tachar-junio-mercado-anton-martin-buns-and-bones.jpg?resize=350%2C200&ssl=1 1x, https:\/\/i0.wp.com\/oui-oui.es\/blog\/wp-content\/uploads\/2016\/06\/Oui-Oui-restaurantes-tachar-junio-mercado-anton-martin-buns-and-bones.jpg?resize=525%2C300&ssl=1 1.5x, https:\/\/i0.wp.com\/oui-oui.es\/blog\/wp-content\/uploads\/2016\/06\/Oui-Oui-restaurantes-tachar-junio-mercado-anton-martin-buns-and-bones.jpg?resize=700%2C400&ssl=1 2x"},"classes":[]}],"_links":{"self":[{"href":"https:\/\/oui-oui.es\/blog\/wp-json\/wp\/v2\/posts\/2772","targetHints":{"allow":["GET"]}}],"collection":[{"href":"https:\/\/oui-oui.es\/blog\/wp-json\/wp\/v2\/posts"}],"about":[{"href":"https:\/\/oui-oui.es\/blog\/wp-json\/wp\/v2\/types\/post"}],"author":[{"embeddable":true,"href":"https:\/\/oui-oui.es\/blog\/wp-json\/wp\/v2\/users\/1"}],"replies":[{"embeddable":true,"href":"https:\/\/oui-oui.es\/blog\/wp-json\/wp\/v2\/comments?post=2772"}],"version-history":[{"count":3,"href":"https:\/\/oui-oui.es\/blog\/wp-json\/wp\/v2\/posts\/2772\/revisions"}],"predecessor-version":[{"id":2791,"href":"https:\/\/oui-oui.es\/blog\/wp-json\/wp\/v2\/posts\/2772\/revisions\/2791"}],"wp:featuredmedia":[{"embeddable":true,"href":"https:\/\/oui-oui.es\/blog\/wp-json\/wp\/v2\/media\/2773"}],"wp:attachment":[{"href":"https:\/\/oui-oui.es\/blog\/wp-json\/wp\/v2\/media?parent=2772"}],"wp:term":[{"taxonomy":"category","embeddable":true,"href":"https:\/\/oui-oui.es\/blog\/wp-json\/wp\/v2\/categories?post=2772"},{"taxonomy":"post_tag","embeddable":true,"href":"https:\/\/oui-oui.es\/blog\/wp-json\/wp\/v2\/tags?post=2772"}],"curies":[{"name":"wp","href":"https:\/\/api.w.org\/{rel}","templated":true}]}}