{"id":2792,"date":"2015-07-24T00:01:35","date_gmt":"2015-07-24T00:01:35","guid":{"rendered":"https:\/\/oui-oui.es\/blog\/?p=2792"},"modified":"2015-07-30T18:52:06","modified_gmt":"2015-07-30T18:52:06","slug":"polos-artesanos-en-madrid-lolo-polos","status":"publish","type":"post","link":"https:\/\/oui-oui.es\/blog\/polos-artesanos-en-madrid-lolo-polos\/","title":{"rendered":"Polos artesanos en Madrid | Lolo Polos"},"content":{"rendered":"<p><a href=\"https:\/\/oui-oui.es\/blog\/wp-content\/uploads\/Oui-Oui-lolo-polos-artesanos.jpg\"><img loading=\"lazy\" decoding=\"async\" class=\"aligncenter size-large wp-image-2793\" src=\"https:\/\/oui-oui.es\/blog\/wp-content\/uploads\/Oui-Oui-lolo-polos-artesanos-1024x1024.jpg\" alt=\"Oui Oui-lolo polos artesanos\" width=\"1024\" height=\"1024\" \/><\/a><\/p>\n<p><strong>Las cosas bonitas son m\u00e1s apetecibles<\/strong>, eso es as\u00ed.<\/p>\n<p>Este verano ten\u00eda ganas de polos de fruta, naturales, artesanos&#8230;Me apetece hacerlos cuando me suba a la Sierra y me apetec\u00eda probar los de <a href=\"http:\/\/lolopolosartesanos.es\" target=\"_blank\"><strong>Lolo Polos<\/strong><\/a> desde que vi las preciosas fotos de su tienda y las apetecibles combinaciones de sabores de sus polos.<\/p>\n<div id=\"attachment_2796\" style=\"width: 910px\" class=\"wp-caption aligncenter\"><a href=\"https:\/\/oui-oui.es\/blog\/wp-content\/uploads\/Oui-Oui-polos-artesanos-malasa\u00f1a-lolo-polos-3.jpg\"><img loading=\"lazy\" decoding=\"async\" aria-describedby=\"caption-attachment-2796\" class=\"size-full wp-image-2796\" src=\"https:\/\/oui-oui.es\/blog\/wp-content\/uploads\/Oui-Oui-polos-artesanos-malasa\u00f1a-lolo-polos-3.jpg\" alt=\"Foto de Madrid Diferente\" width=\"900\" height=\"600\" srcset=\"https:\/\/oui-oui.es\/blog\/wp-content\/uploads\/Oui-Oui-polos-artesanos-malasa\u00f1a-lolo-polos-3.jpg 900w, https:\/\/oui-oui.es\/blog\/wp-content\/uploads\/Oui-Oui-polos-artesanos-malasa\u00f1a-lolo-polos-3-300x200.jpg 300w\" sizes=\"auto, (max-width: 900px) 100vw, 900px\" \/><\/a><p id=\"caption-attachment-2796\" class=\"wp-caption-text\">Foto de Madrid Diferente<\/p><\/div>\n<p>As\u00ed que despu\u00e9s de cenar en <strong>Cascabel<\/strong> nos fuimos <strong>directas a probar un polo<\/strong>, como eran las 12 de la noche (cierran a la 1) no quedaban todos los sabores, pero probamos el <strong>de pi\u00f1a y coco, melocot\u00f3n y cardamomo y nectarina con nata&#8230;Todos muy ricos!<\/strong><\/p>\n<div id=\"attachment_2799\" style=\"width: 910px\" class=\"wp-caption aligncenter\"><a href=\"https:\/\/oui-oui.es\/blog\/wp-content\/uploads\/Oui-Oui-polos-artesanos-malasa\u00f1a-lolo-polos-6.jpg\"><img loading=\"lazy\" decoding=\"async\" aria-describedby=\"caption-attachment-2799\" class=\"size-full wp-image-2799\" src=\"https:\/\/oui-oui.es\/blog\/wp-content\/uploads\/Oui-Oui-polos-artesanos-malasa\u00f1a-lolo-polos-6.jpg\" alt=\"Foto de Madrid Diferente\" width=\"900\" height=\"600\" srcset=\"https:\/\/oui-oui.es\/blog\/wp-content\/uploads\/Oui-Oui-polos-artesanos-malasa\u00f1a-lolo-polos-6.jpg 900w, https:\/\/oui-oui.es\/blog\/wp-content\/uploads\/Oui-Oui-polos-artesanos-malasa\u00f1a-lolo-polos-6-300x200.jpg 300w\" sizes=\"auto, (max-width: 900px) 100vw, 900px\" \/><\/a><p id=\"caption-attachment-2799\" class=\"wp-caption-text\">Foto de Madrid Diferente<\/p><\/div>\n<p>Tienen tambi\u00e9n de <strong>pepino y lima, de albaricoque con manzanilla, de limonada de fresa,de mango y chile&#8230;<\/strong><\/p>\n<p>Result\u00f3 que estaban haciendo un concurso en <a href=\"https:\/\/instagram.com\/ouiouidetalles\/\" target=\"_blank\">Instagram<\/a>, y como no hay nada que me guste m\u00e1s que un reto bonito&#8230;<strong>Hicimos una foto con nuestros polos<\/strong>&#8230;Y ganamos!<\/p>\n<p><a href=\"https:\/\/oui-oui.es\/blog\/wp-content\/uploads\/Oui-Oui-polos-malasa\u00f1a-lolo-polos.jpg\"><img loading=\"lazy\" decoding=\"async\" class=\"aligncenter size-large wp-image-2805\" src=\"https:\/\/oui-oui.es\/blog\/wp-content\/uploads\/Oui-Oui-polos-malasa\u00f1a-lolo-polos-1024x1024.jpg\" alt=\"Oui Oui-polos malasa\u00f1a-lolo polos\" width=\"1024\" height=\"1024\" \/><\/a><\/p>\n<p>El premio era <strong>una caja de polos<\/strong>, que fuimos a recoger ayer y as\u00ed por fin pude probar el polo de sand\u00eda, el de lima y chile me encant\u00f3 y el de fresa y pl\u00e1tano, aunque parec\u00eda \u00abdemasiado normal\u00bb estaba buen\u00edsimo!<\/p>\n<p><a href=\"https:\/\/oui-oui.es\/blog\/wp-content\/uploads\/Oui-Oui-lolo-polos-caja-de-polos.jpg\"><img loading=\"lazy\" decoding=\"async\" class=\"aligncenter size-large wp-image-2808\" src=\"https:\/\/oui-oui.es\/blog\/wp-content\/uploads\/Oui-Oui-lolo-polos-caja-de-polos-1024x1024.jpg\" alt=\"Oui Oui-lolo polos-caja de polos\" width=\"1024\" height=\"1024\" srcset=\"https:\/\/oui-oui.es\/blog\/wp-content\/uploads\/Oui-Oui-lolo-polos-caja-de-polos-1024x1024.jpg 1024w, https:\/\/oui-oui.es\/blog\/wp-content\/uploads\/Oui-Oui-lolo-polos-caja-de-polos-150x150.jpg 150w, https:\/\/oui-oui.es\/blog\/wp-content\/uploads\/Oui-Oui-lolo-polos-caja-de-polos-300x300.jpg 300w\" sizes=\"auto, (max-width: 1024px) 100vw, 1024px\" \/><\/a><\/p>\n<p>Si te quedas en Madrid en verano tienes que ir!<\/p>\n<div id=\"attachment_2794\" style=\"width: 610px\" class=\"wp-caption aligncenter\"><a href=\"https:\/\/oui-oui.es\/blog\/wp-content\/uploads\/Oui-Oui-polos-artesanos-malasa\u00f1a-lolo-polos-1.jpg\"><img loading=\"lazy\" decoding=\"async\" aria-describedby=\"caption-attachment-2794\" class=\"size-full wp-image-2794\" src=\"https:\/\/oui-oui.es\/blog\/wp-content\/uploads\/Oui-Oui-polos-artesanos-malasa\u00f1a-lolo-polos-1.jpg\" alt=\"Foto de Madrid Diferente\" width=\"600\" height=\"900\" srcset=\"https:\/\/oui-oui.es\/blog\/wp-content\/uploads\/Oui-Oui-polos-artesanos-malasa\u00f1a-lolo-polos-1.jpg 600w, https:\/\/oui-oui.es\/blog\/wp-content\/uploads\/Oui-Oui-polos-artesanos-malasa\u00f1a-lolo-polos-1-200x300.jpg 200w\" sizes=\"auto, (max-width: 600px) 100vw, 600px\" \/><\/a><p id=\"caption-attachment-2794\" class=\"wp-caption-text\">Foto de Madrid Diferente<\/p><\/div>\n<p><a href=\"http:\/\/lolopolosartesanos.es\" target=\"_blank\"><strong>Lolo Polos<\/strong><\/a> es un local peque\u00f1ito en Malasa\u00f1a, decorado por la interiorista Marta Ban\u00fas con una est\u00e9tica de verbena en tonos pastel ideal.<\/p>\n<p><strong>Lolo Polos<\/strong><\/p>\n<p>C\/Esp\u00edritu Santo, 12 | Madrid |Metro Tribunal<\/p>\n","protected":false},"excerpt":{"rendered":"<p>Las cosas bonitas son m\u00e1s apetecibles, eso es as\u00ed. Este verano ten\u00eda ganas de polos de fruta, naturales, artesanos&#8230;Me apetece hacerlos cuando me suba a la Sierra y me apetec\u00eda probar los de Lolo Polos desde que vi las preciosas fotos de su tienda y las apetecibles combinaciones de sabores de sus polos. As\u00ed que [&hellip;]<\/p>\n","protected":false},"author":1,"featured_media":2805,"comment_status":"open","ping_status":"open","sticky":false,"template":"","format":"standard","meta":{"jetpack_post_was_ever_published":false,"_jetpack_newsletter_access":"","_jetpack_dont_email_post_to_subs":false,"_jetpack_newsletter_tier_id":0,"_jetpack_memberships_contains_paywalled_content":false,"_jetpack_memberships_contains_paid_content":false,"footnotes":"","jetpack_publicize_message":"","jetpack_publicize_feature_enabled":true,"jetpack_social_post_already_shared":false,"jetpack_social_options":{"image_generator_settings":{"template":"highway","default_image_id":0,"font":"","enabled":false},"version":2}},"categories":[177],"tags":[695,698,697],"class_list":["post-2792","post","type-post","status-publish","format-standard","has-post-thumbnail","hentry","category-lifestyle-2","tag-gastro","tag-malasana","tag-tiendas"],"aioseo_notices":[],"jetpack_publicize_connections":[],"jetpack_featured_media_url":"https:\/\/oui-oui.es\/blog\/wp-content\/uploads\/Oui-Oui-polos-malasa\u00f1a-lolo-polos-e1438282279295.jpg","jetpack_sharing_enabled":true,"jetpack-related-posts":[{"id":4649,"url":"https:\/\/oui-oui.es\/blog\/como-hacer-polos-caseros\/","url_meta":{"origin":2792,"position":0},"title":"C\u00f3mo hacer polos caseros","author":"Mar\u00eda \u2665Oui Oui\u2665","date":"13 julio, 2016","format":false,"excerpt":"Hacer polos en casa puede ser muy f\u00e1cil, todo depende de las complicaciones culinarias que le quieras a\u00f1adir. Hace unas semanas, Cristina, del blog Yellow Mandarin me propuso ir a cocinar a su casa para su secci\u00f3n #hoycocinocon , como ya est\u00e1bamos con la mente puesta en el verano pens\u00e9\u2026","rel":"","context":"En \u00abESTILO DE VIDA\u00bb","block_context":{"text":"ESTILO DE VIDA","link":"https:\/\/oui-oui.es\/blog\/category\/lifestyle-2\/"},"img":{"alt_text":"","src":"https:\/\/i0.wp.com\/oui-oui.es\/blog\/wp-content\/uploads\/2016\/07\/Oui-Oui-polos-caseros-yellow-mandarin-teresa-loboarregui-polo-frutas-del-bosque.jpg?resize=350%2C200&ssl=1","width":350,"height":200,"srcset":"https:\/\/i0.wp.com\/oui-oui.es\/blog\/wp-content\/uploads\/2016\/07\/Oui-Oui-polos-caseros-yellow-mandarin-teresa-loboarregui-polo-frutas-del-bosque.jpg?resize=350%2C200&ssl=1 1x, https:\/\/i0.wp.com\/oui-oui.es\/blog\/wp-content\/uploads\/2016\/07\/Oui-Oui-polos-caseros-yellow-mandarin-teresa-loboarregui-polo-frutas-del-bosque.jpg?resize=525%2C300&ssl=1 1.5x, https:\/\/i0.wp.com\/oui-oui.es\/blog\/wp-content\/uploads\/2016\/07\/Oui-Oui-polos-caseros-yellow-mandarin-teresa-loboarregui-polo-frutas-del-bosque.jpg?resize=700%2C400&ssl=1 2x"},"classes":[]},{"id":2682,"url":"https:\/\/oui-oui.es\/blog\/love-pop-polos-de-fruta-natural\/","url_meta":{"origin":2792,"position":1},"title":"Love Pop | Polos de fruta natural","author":"Mar\u00eda \u2665Oui Oui\u2665","date":"26 junio, 2015","format":false,"excerpt":"Este verano me he propuesto hacer m\u00e1s zumos, batidos y helados naturales, pero mientras me hago con unas cuantas recetas, tengo ganas de probar los polos de Love Pop, de sabores naturales, elaborados artesanalmente para garantizar que conservan el sabor de su fruta original...Sand\u00eda, lim\u00f3n, kiwi, fresa...Todos tienen buen\u00edsima pinta!\u2026","rel":"","context":"En \u00abESTILO DE VIDA\u00bb","block_context":{"text":"ESTILO DE VIDA","link":"https:\/\/oui-oui.es\/blog\/category\/lifestyle-2\/"},"img":{"alt_text":"","src":"https:\/\/i0.wp.com\/oui-oui.es\/blog\/wp-content\/uploads\/Oui-Oui-polos-frutas-naturales-helados-love-pop-polos-3.jpg?resize=350%2C200&ssl=1","width":350,"height":200},"classes":[]},{"id":4664,"url":"https:\/\/oui-oui.es\/blog\/10-actividades-para-hacer-con-un-nino-de-3-anos-en-verano\/","url_meta":{"origin":2792,"position":2},"title":"10 actividades para hacer con un ni\u00f1o de 3 a\u00f1os en verano","author":"Mar\u00eda \u2665Oui Oui\u2665","date":"15 julio, 2016","format":false,"excerpt":"El verano pasado busqu\u00e9 cinco actividades que hacer con Mart\u00edn para nuestra semana en la sierra y llam\u00e9 al post \"5 actividades que hacer con un beb\u00e9 de 2 a\u00f1os en verano\", este a\u00f1o he estado tentada de poner la palabra beb\u00e9 de nuevo, pero creo que el tiempo vuela\u2026","rel":"","context":"En \u00abNI\u00d1OS Y NI\u00d1AS\u00bb","block_context":{"text":"NI\u00d1OS Y NI\u00d1AS","link":"https:\/\/oui-oui.es\/blog\/category\/ninos\/"},"img":{"alt_text":"","src":"https:\/\/i0.wp.com\/oui-oui.es\/blog\/wp-content\/uploads\/2016\/07\/Oui-Oui-martin-cocinando-mini-thermomix.jpg?resize=350%2C200&ssl=1","width":350,"height":200,"srcset":"https:\/\/i0.wp.com\/oui-oui.es\/blog\/wp-content\/uploads\/2016\/07\/Oui-Oui-martin-cocinando-mini-thermomix.jpg?resize=350%2C200&ssl=1 1x, https:\/\/i0.wp.com\/oui-oui.es\/blog\/wp-content\/uploads\/2016\/07\/Oui-Oui-martin-cocinando-mini-thermomix.jpg?resize=525%2C300&ssl=1 1.5x, https:\/\/i0.wp.com\/oui-oui.es\/blog\/wp-content\/uploads\/2016\/07\/Oui-Oui-martin-cocinando-mini-thermomix.jpg?resize=700%2C400&ssl=1 2x, https:\/\/i0.wp.com\/oui-oui.es\/blog\/wp-content\/uploads\/2016\/07\/Oui-Oui-martin-cocinando-mini-thermomix.jpg?resize=1050%2C600&ssl=1 3x, https:\/\/i0.wp.com\/oui-oui.es\/blog\/wp-content\/uploads\/2016\/07\/Oui-Oui-martin-cocinando-mini-thermomix.jpg?resize=1400%2C800&ssl=1 4x"},"classes":[]},{"id":2727,"url":"https:\/\/oui-oui.es\/blog\/un-verano-de-por-lo-menos-dos-meses\/","url_meta":{"origin":2792,"position":3},"title":"Un verano de, por lo menos, dos meses","author":"Mar\u00eda \u2665Oui Oui\u2665","date":"3 julio, 2015","format":false,"excerpt":"Ya estamos en julio y me niego a que llegue agosto y medio verano haya pasado ante m\u00ed sin enterarme as\u00ed que desde el d\u00eda uno me he propuesto vivir cada d\u00eda plenamente consciente de que es verano, aunque trabaje por las ma\u00f1anas, voy a intentar hacer un plan cada\u2026","rel":"","context":"En \u00abESTILO DE VIDA\u00bb","block_context":{"text":"ESTILO DE VIDA","link":"https:\/\/oui-oui.es\/blog\/category\/lifestyle-2\/"},"img":{"alt_text":"","src":"https:\/\/i0.wp.com\/oui-oui.es\/blog\/wp-content\/uploads\/Oui-Oui-helado-de-cereza.jpg?resize=350%2C200&ssl=1","width":350,"height":200},"classes":[]},{"id":3451,"url":"https:\/\/oui-oui.es\/blog\/restaurantes-que-tachar-en-octubre\/","url_meta":{"origin":2792,"position":4},"title":"Restaurantes que tachar en octubre","author":"Mar\u00eda \u2665Oui Oui\u2665","date":"7 octubre, 2015","format":false,"excerpt":"\u00a0 Empezamos mes y con \u00e9l tengo que actualizar mi lista de restaurantes a los que ir, ya hice la lista de septiembre y estoy content\u00edsima porque pude tachar muchos, aunque a\u00fan tengo pendientes La Pagoda, Chuka Ramen, La Chamartina y\u00a0 la terraza de Dear Hotel (el primer d\u00eda con\u2026","rel":"","context":"En \u00abESTILO DE VIDA\u00bb","block_context":{"text":"ESTILO DE VIDA","link":"https:\/\/oui-oui.es\/blog\/category\/lifestyle-2\/"},"img":{"alt_text":"","src":"https:\/\/i0.wp.com\/oui-oui.es\/blog\/wp-content\/uploads\/2015\/10\/Oui-Oui-kilometros-de-pizza-las-tablas-restaurantes-con-ni%C3%B1os-pizza-boquerones-en-vinagre.jpg?resize=350%2C200&ssl=1","width":350,"height":200,"srcset":"https:\/\/i0.wp.com\/oui-oui.es\/blog\/wp-content\/uploads\/2015\/10\/Oui-Oui-kilometros-de-pizza-las-tablas-restaurantes-con-ni%C3%B1os-pizza-boquerones-en-vinagre.jpg?resize=350%2C200&ssl=1 1x, https:\/\/i0.wp.com\/oui-oui.es\/blog\/wp-content\/uploads\/2015\/10\/Oui-Oui-kilometros-de-pizza-las-tablas-restaurantes-con-ni%C3%B1os-pizza-boquerones-en-vinagre.jpg?resize=525%2C300&ssl=1 1.5x, https:\/\/i0.wp.com\/oui-oui.es\/blog\/wp-content\/uploads\/2015\/10\/Oui-Oui-kilometros-de-pizza-las-tablas-restaurantes-con-ni%C3%B1os-pizza-boquerones-en-vinagre.jpg?resize=700%2C400&ssl=1 2x"},"classes":[]},{"id":3897,"url":"https:\/\/oui-oui.es\/blog\/restaurantes-que-tachar-en-diciembre\/","url_meta":{"origin":2792,"position":5},"title":"Restaurantes que tachar en diciembre","author":"Mar\u00eda \u2665Oui Oui\u2665","date":"18 diciembre, 2015","format":false,"excerpt":"Es momento de cenas navide\u00f1as, si no has reservado ya en los sitios m\u00e1s de moda ser\u00e1 dif\u00edcil encontrar mesa, pero aqu\u00ed va mi selecci\u00f3n...Empezando por donde cenamos antes de ayer ;) La Vaquer\u00eda Monta\u00f1esa En el antiguo local de la Vaquer\u00eda Suiza se sit\u00faa la \u00faltima propuesta gastron\u00f3mica del\u2026","rel":"","context":"En \u00abESTILO DE VIDA\u00bb","block_context":{"text":"ESTILO DE VIDA","link":"https:\/\/oui-oui.es\/blog\/category\/lifestyle-2\/"},"img":{"alt_text":"","src":"https:\/\/i0.wp.com\/oui-oui.es\/blog\/wp-content\/uploads\/2015\/12\/Oui-Oui-restaurantes-tachar-diciembre-la-vaqueria-monta%C3%B1esa.jpg?resize=350%2C200&ssl=1","width":350,"height":200,"srcset":"https:\/\/i0.wp.com\/oui-oui.es\/blog\/wp-content\/uploads\/2015\/12\/Oui-Oui-restaurantes-tachar-diciembre-la-vaqueria-monta%C3%B1esa.jpg?resize=350%2C200&ssl=1 1x, https:\/\/i0.wp.com\/oui-oui.es\/blog\/wp-content\/uploads\/2015\/12\/Oui-Oui-restaurantes-tachar-diciembre-la-vaqueria-monta%C3%B1esa.jpg?resize=525%2C300&ssl=1 1.5x"},"classes":[]}],"_links":{"self":[{"href":"https:\/\/oui-oui.es\/blog\/wp-json\/wp\/v2\/posts\/2792","targetHints":{"allow":["GET"]}}],"collection":[{"href":"https:\/\/oui-oui.es\/blog\/wp-json\/wp\/v2\/posts"}],"about":[{"href":"https:\/\/oui-oui.es\/blog\/wp-json\/wp\/v2\/types\/post"}],"author":[{"embeddable":true,"href":"https:\/\/oui-oui.es\/blog\/wp-json\/wp\/v2\/users\/1"}],"replies":[{"embeddable":true,"href":"https:\/\/oui-oui.es\/blog\/wp-json\/wp\/v2\/comments?post=2792"}],"version-history":[{"count":3,"href":"https:\/\/oui-oui.es\/blog\/wp-json\/wp\/v2\/posts\/2792\/revisions"}],"predecessor-version":[{"id":2809,"href":"https:\/\/oui-oui.es\/blog\/wp-json\/wp\/v2\/posts\/2792\/revisions\/2809"}],"wp:featuredmedia":[{"embeddable":true,"href":"https:\/\/oui-oui.es\/blog\/wp-json\/wp\/v2\/media\/2805"}],"wp:attachment":[{"href":"https:\/\/oui-oui.es\/blog\/wp-json\/wp\/v2\/media?parent=2792"}],"wp:term":[{"taxonomy":"category","embeddable":true,"href":"https:\/\/oui-oui.es\/blog\/wp-json\/wp\/v2\/categories?post=2792"},{"taxonomy":"post_tag","embeddable":true,"href":"https:\/\/oui-oui.es\/blog\/wp-json\/wp\/v2\/tags?post=2792"}],"curies":[{"name":"wp","href":"https:\/\/api.w.org\/{rel}","templated":true}]}}