{"id":2840,"date":"2015-08-04T00:01:08","date_gmt":"2015-08-04T00:01:08","guid":{"rendered":"https:\/\/oui-oui.es\/blog\/?p=2840"},"modified":"2016-06-07T14:00:54","modified_gmt":"2016-06-07T12:00:54","slug":"5-actividades-para-hacer-con-un-bebe-de-2-anos-en-verano","status":"publish","type":"post","link":"https:\/\/oui-oui.es\/blog\/5-actividades-para-hacer-con-un-bebe-de-2-anos-en-verano\/","title":{"rendered":"5 actividades para hacer con un beb\u00e9 de 2 a\u00f1os en verano"},"content":{"rendered":"<p><a href=\"http:\/\/www.oui-oui.es\/2-detalles-ninos\"><img loading=\"lazy\" decoding=\"async\" class=\"aligncenter size-large wp-image-2854\" src=\"https:\/\/oui-oui.es\/blog\/wp-content\/uploads\/Oui-Oui-actividades-bebes-2-a\u00f1os-llevar-un-perro-e1438275466399-1024x1024.jpg\" alt=\"Oui Oui-actividades bebes 2 a\u00f1os-llevar un perro\" width=\"1024\" height=\"1024\" \/><\/a><\/p>\n<p>Este es el segundo verano de Mart\u00edn, cada vez va siendo menos beb\u00e9 y m\u00e1s ni\u00f1o y quer\u00eda aprovechar al m\u00e1ximo esta etapa.El verano tiene d\u00edas m\u00e1s largos, y, en mi caso, estar\u00e9 con Mart\u00edn pr\u00e1cticamente 24h al d\u00eda (con m\u00e1s familia, claro), as\u00ed que me pareci\u00f3 importante <strong>planificarme algunas actividades para nuestra primera etapa de vacaciones<\/strong>, que han sido en la monta\u00f1a.<\/p>\n<p>Est\u00e1 claro que es <strong>important\u00edsimo que aprendan a jugar solos, a aburrirse, a pensar juegos<\/strong>&#8230;Pero creo que con dos a\u00f1os lo de <strong><em>aburrirse<\/em> es un concepto que m\u00e1s bien debemos aplicar a \u00abtener paciencia\u00bb<\/strong>; que aprendan a esperar si toca hacer tal o cual cosa o si mam\u00e1 o el familiar que sea est\u00e1 ocupado, por ejemplo yo con Mart\u00edn recurro a los cuentos; le encanta \u00ableer\u00bb, as\u00ed que cuando necesito que est\u00e9 solo haciendo algo mientras termino, le digo <strong>que vaya leyendo un cuento y que ahora voy<\/strong>&#8230;O tambi\u00e9n me funciona muy bien <strong>pedirle que me ayude a llevar cosas de una habitaci\u00f3n a otra<\/strong>, a tirar cosas a la basura o a llevarle algo a otro familiar.<\/p>\n<p>Aqu\u00ed os cuento las <strong>actividades<\/strong> (todas muy sencillas) que hemos hecho; una cada d\u00eda, repitiendo algunas (por ejemplo el <strong>memory de animales<\/strong> ya se ha quedado como juego de casa), Mart\u00edn tiene 22 meses, para que os hag\u00e1is una idea, depende del ni\u00f1o quiz\u00e1 pueda hacerlas un poco antes o un poco despu\u00e9s&#8230;<\/p>\n<p><strong>Hacer <b>spaghetti<\/b> de colores<\/strong><\/p>\n<p><a href=\"http:\/\/www.oui-oui.es\/2-detalles-ninos\"><img loading=\"lazy\" decoding=\"async\" class=\"aligncenter size-large wp-image-2846\" src=\"https:\/\/oui-oui.es\/blog\/wp-content\/uploads\/Oui-Oui-actividades-bebes-dos-a\u00f1os-spaghetti-de-colores-1-e1438274238885-1024x1024.jpg\" alt=\"Oui Oui-actividades bebes dos a\u00f1os-spaghetti de colores (1)\" width=\"1024\" height=\"1024\" srcset=\"https:\/\/oui-oui.es\/blog\/wp-content\/uploads\/Oui-Oui-actividades-bebes-dos-a\u00f1os-spaghetti-de-colores-1-e1438274238885-1024x1024.jpg 1024w, https:\/\/oui-oui.es\/blog\/wp-content\/uploads\/Oui-Oui-actividades-bebes-dos-a\u00f1os-spaghetti-de-colores-1-e1438274238885-150x150.jpg 150w, https:\/\/oui-oui.es\/blog\/wp-content\/uploads\/Oui-Oui-actividades-bebes-dos-a\u00f1os-spaghetti-de-colores-1-e1438274238885-300x300.jpg 300w, https:\/\/oui-oui.es\/blog\/wp-content\/uploads\/Oui-Oui-actividades-bebes-dos-a\u00f1os-spaghetti-de-colores-1-e1438274238885-600x600.jpg 600w\" sizes=\"auto, (max-width: 1024px) 100vw, 1024px\" \/><\/a><\/p>\n<p>No s\u00e9 si esta actividad le gust\u00f3 m\u00e1s a \u00e9l o a m\u00ed&#8230;La vi en <a href=\"https:\/\/es.pinterest.com\/ouiouidetalles\/\" target=\"_blank\">Pinterest <\/a>y no pude resistirme!, es muy f\u00e1cil, s\u00f3lo hay que comprar <strong>colorante alimenticio<\/strong> (yo compr\u00e9 los de <a href=\"http:\/\/www.amazon.es\/gp\/product\/B005UOG942\/ref=as_li_ss_tl?ie=UTF8&amp;camp=3626&amp;creative=24822&amp;creativeASIN=B005UOG942&amp;linkCode=as2&amp;tag=ouou-21\">Wilton &#8211; Colorante para cocinar<\/a><img loading=\"lazy\" decoding=\"async\" style=\"border: none !important; margin: 0px !important;\" src=\"http:\/\/ir-es.amazon-adsystem.com\/e\/ir?t=ouou-21&amp;l=as2&amp;o=30&amp;a=B005UOG942\" alt=\"\" width=\"1\" height=\"1\" border=\"0\" \/>\u00a0) porque en los supermercados normales s\u00f3lo venden los colores primarios y quer\u00eda que me quedaran todos los tonos bien.<\/p>\n<p><strong>Cocer los <b>spaghetti<\/b> por grupos de colores<\/strong>, echas un poco de colorante al empezar a cocer y en cuanto est\u00e9n listos&#8230;Los sacas a escurrir y separas, yo los fui poniendo en papel de plata para no manchar con el colorante.Cuando tienes todos, es importante echar un chorrito de aceite para que no se apelmacen.<\/p>\n<p><a href=\"https:\/\/oui-oui.es\/blog\/wp-content\/uploads\/Oui-Oui-actividades-bebes-dos-a\u00f1os-spaghetti-de-colores-4-e1438274302682.jpg\"><img loading=\"lazy\" decoding=\"async\" class=\"aligncenter size-large wp-image-2849\" src=\"https:\/\/oui-oui.es\/blog\/wp-content\/uploads\/Oui-Oui-actividades-bebes-dos-a\u00f1os-spaghetti-de-colores-4-e1438274302682-768x1024.jpg\" alt=\"Oui Oui-actividades bebes dos a\u00f1os-spaghetti de colores (4)\" width=\"768\" height=\"1024\" srcset=\"https:\/\/oui-oui.es\/blog\/wp-content\/uploads\/Oui-Oui-actividades-bebes-dos-a\u00f1os-spaghetti-de-colores-4-e1438274302682-768x1024.jpg 768w, https:\/\/oui-oui.es\/blog\/wp-content\/uploads\/Oui-Oui-actividades-bebes-dos-a\u00f1os-spaghetti-de-colores-4-e1438274302682-225x300.jpg 225w, https:\/\/oui-oui.es\/blog\/wp-content\/uploads\/Oui-Oui-actividades-bebes-dos-a\u00f1os-spaghetti-de-colores-4-e1438274302682-600x800.jpg 600w\" sizes=\"auto, (max-width: 768px) 100vw, 768px\" \/><\/a><\/p>\n<p>Despu\u00e9s se los coloqu\u00e9 en la bandeja de la trona de Mart\u00edn para que empezara a interactuar y lo primero que hizo fu\u00e9 probarlos, sin partirlos ni nada fue comi\u00e9ndoselos hasta que empez\u00f3 a mezclarlos e hizo una gran monta\u00f1a.En ese momento le puse el tupper para guardarlos y fue metiendo y sacando a su gusto&#8230;Al final cen\u00f3 spaghettis de colores!<\/p>\n<p><a href=\"http:\/\/www.oui-oui.es\/2-detalles-ninos\"><img loading=\"lazy\" decoding=\"async\" class=\"aligncenter size-large wp-image-2848\" src=\"https:\/\/oui-oui.es\/blog\/wp-content\/uploads\/Oui-Oui-actividades-bebes-dos-a\u00f1os-spaghetti-de-colores-3-e1438274395553-1024x1024.jpg\" alt=\"Oui Oui-actividades bebes dos a\u00f1os-spaghetti de colores (3)\" width=\"1024\" height=\"1024\" srcset=\"https:\/\/oui-oui.es\/blog\/wp-content\/uploads\/Oui-Oui-actividades-bebes-dos-a\u00f1os-spaghetti-de-colores-3-e1438274395553-1024x1024.jpg 1024w, https:\/\/oui-oui.es\/blog\/wp-content\/uploads\/Oui-Oui-actividades-bebes-dos-a\u00f1os-spaghetti-de-colores-3-e1438274395553-150x150.jpg 150w, https:\/\/oui-oui.es\/blog\/wp-content\/uploads\/Oui-Oui-actividades-bebes-dos-a\u00f1os-spaghetti-de-colores-3-e1438274395553-300x300.jpg 300w, https:\/\/oui-oui.es\/blog\/wp-content\/uploads\/Oui-Oui-actividades-bebes-dos-a\u00f1os-spaghetti-de-colores-3-e1438274395553-600x600.jpg 600w\" sizes=\"auto, (max-width: 1024px) 100vw, 1024px\" \/><\/a><\/p>\n<p><strong>Memory con mu\u00f1ecos de animales<\/strong><\/p>\n<p><a href=\"http:\/\/www.oui-oui.es\/2-detalles-ninos\"><img loading=\"lazy\" decoding=\"async\" class=\"aligncenter size-large wp-image-2850\" src=\"https:\/\/oui-oui.es\/blog\/wp-content\/uploads\/Oui-Oui-actividades-hacer-bebes-2-a\u00f1os-montessori-memory-animales-1-e1438274821251-1024x1024.jpg\" alt=\"Oui Oui-actividades hacer bebes 2 a\u00f1os-montessori-memory animales (1)\" width=\"1024\" height=\"1024\" srcset=\"https:\/\/oui-oui.es\/blog\/wp-content\/uploads\/Oui-Oui-actividades-hacer-bebes-2-a\u00f1os-montessori-memory-animales-1-e1438274821251-1024x1024.jpg 1024w, https:\/\/oui-oui.es\/blog\/wp-content\/uploads\/Oui-Oui-actividades-hacer-bebes-2-a\u00f1os-montessori-memory-animales-1-e1438274821251-150x150.jpg 150w, https:\/\/oui-oui.es\/blog\/wp-content\/uploads\/Oui-Oui-actividades-hacer-bebes-2-a\u00f1os-montessori-memory-animales-1-e1438274821251-300x300.jpg 300w, https:\/\/oui-oui.es\/blog\/wp-content\/uploads\/Oui-Oui-actividades-hacer-bebes-2-a\u00f1os-montessori-memory-animales-1-e1438274821251-600x600.jpg 600w\" sizes=\"auto, (max-width: 1024px) 100vw, 1024px\" \/><\/a><\/p>\n<p>Inspirada en las <strong>tarjetas Montessori<\/strong>, compr\u00e9 dos bolsas de mu\u00f1ecos de animales; una de granja y otra de la selva, despu\u00e9s busqu\u00e9 en Google fotograf\u00edas de esos animales, las imprim\u00ed, escrib\u00ed detr\u00e1s el nombre del animal (para cuando aprenda a leer) y mi madre las plastific\u00f3 (ese arte de plastificar que s\u00f3lo las madres saben hacer!).<\/p>\n<p>El juego consiste en <strong>repartir las tarjetas en el suelo y despu\u00e9s ir sacando de una caja los animales,<\/strong> seg\u00fan sacas un animal, el ni\u00f1o tiene que buscar la foto que es igual, a Mart\u00edn le gust\u00f3 mucho y lo hemos repetido ya varias veces, puedes a\u00f1adirle el componente del ruido que hace cada animal; muu, guau, etc&#8230;<\/p>\n<p><a href=\"http:\/\/www.oui-oui.es\/2-detalles-ninos\"><img loading=\"lazy\" decoding=\"async\" class=\"aligncenter size-large wp-image-2851\" src=\"https:\/\/oui-oui.es\/blog\/wp-content\/uploads\/Oui-Oui-actividades-hacer-bebes-2-a\u00f1os-montessori-memory-animales-2-e1438274870680-1024x1024.jpg\" alt=\"Oui Oui-actividades hacer bebes 2 a\u00f1os-montessori-memory animales (2)\" width=\"1024\" height=\"1024\" srcset=\"https:\/\/oui-oui.es\/blog\/wp-content\/uploads\/Oui-Oui-actividades-hacer-bebes-2-a\u00f1os-montessori-memory-animales-2-e1438274870680-1024x1024.jpg 1024w, https:\/\/oui-oui.es\/blog\/wp-content\/uploads\/Oui-Oui-actividades-hacer-bebes-2-a\u00f1os-montessori-memory-animales-2-e1438274870680-150x150.jpg 150w, https:\/\/oui-oui.es\/blog\/wp-content\/uploads\/Oui-Oui-actividades-hacer-bebes-2-a\u00f1os-montessori-memory-animales-2-e1438274870680-300x300.jpg 300w, https:\/\/oui-oui.es\/blog\/wp-content\/uploads\/Oui-Oui-actividades-hacer-bebes-2-a\u00f1os-montessori-memory-animales-2-e1438274870680-600x600.jpg 600w\" sizes=\"auto, (max-width: 1024px) 100vw, 1024px\" \/><\/a><\/p>\n<p>Ah! importante, si puedes imprimir en cartulina o bien pegar las fotos sobre cartulina, te quedar\u00e1n mejor y m\u00e1s duraderas \ud83d\ude09<\/p>\n<p><strong>Hacer masa<\/strong><\/p>\n<p><a href=\"http:\/\/www.oui-oui.es\/2-detalles-ninos\"><img loading=\"lazy\" decoding=\"async\" class=\"aligncenter size-large wp-image-2845\" src=\"https:\/\/oui-oui.es\/blog\/wp-content\/uploads\/Oui-Oui-actividades-bebes-2-a\u00f1os-hacer-masa-1024x1024.jpg\" alt=\"Oui Oui-actividades bebes 2 a\u00f1os-hacer masa\" width=\"1024\" height=\"1024\" srcset=\"https:\/\/oui-oui.es\/blog\/wp-content\/uploads\/Oui-Oui-actividades-bebes-2-a\u00f1os-hacer-masa-1024x1024.jpg 1024w, https:\/\/oui-oui.es\/blog\/wp-content\/uploads\/Oui-Oui-actividades-bebes-2-a\u00f1os-hacer-masa-150x150.jpg 150w, https:\/\/oui-oui.es\/blog\/wp-content\/uploads\/Oui-Oui-actividades-bebes-2-a\u00f1os-hacer-masa-300x300.jpg 300w, https:\/\/oui-oui.es\/blog\/wp-content\/uploads\/Oui-Oui-actividades-bebes-2-a\u00f1os-hacer-masa-600x600.jpg 600w, https:\/\/oui-oui.es\/blog\/wp-content\/uploads\/Oui-Oui-actividades-bebes-2-a\u00f1os-hacer-masa.jpg 1438w\" sizes=\"auto, (max-width: 1024px) 100vw, 1024px\" \/><\/a><\/p>\n<p>Recordaba esta actividad de mi cole cuando era peque\u00f1a, comenc\u00e9 a hacerla con Mart\u00edn sin ninguna cantidad prefijada y entonces tardamos un poco en conseguir masa&#8230;Tan s\u00f3lo tienes que <strong>mezclar harina y agua<\/strong> pero si puedes buscar antes una receta que te diga alguna proporci\u00f3n, te evitar\u00e1s los pegotes iniciales!, es muy divertida, sobretodo para verano (si puedes hacerla en la terraza o jard\u00edn, mejor), se pringa, hace churritos, bolitas (motricidad fina&#8230;).<\/p>\n<p><strong>Jugar con las toallitas efervercentes<\/strong><\/p>\n<p><a href=\"http:\/\/www.oui-oui.es\/2-detalles-ninos\"><img loading=\"lazy\" decoding=\"async\" class=\"aligncenter size-large wp-image-2853\" src=\"https:\/\/oui-oui.es\/blog\/wp-content\/uploads\/Oui-Oui-actividades-bebes-dos-a\u00f1os-jugar-toallitas-efervescentes-1024x1024.jpg\" alt=\"Oui Oui-actividades bebes dos a\u00f1os-jugar toallitas efervescentes\" width=\"1024\" height=\"1024\" srcset=\"https:\/\/oui-oui.es\/blog\/wp-content\/uploads\/Oui-Oui-actividades-bebes-dos-a\u00f1os-jugar-toallitas-efervescentes-1024x1024.jpg 1024w, https:\/\/oui-oui.es\/blog\/wp-content\/uploads\/Oui-Oui-actividades-bebes-dos-a\u00f1os-jugar-toallitas-efervescentes-150x150.jpg 150w, https:\/\/oui-oui.es\/blog\/wp-content\/uploads\/Oui-Oui-actividades-bebes-dos-a\u00f1os-jugar-toallitas-efervescentes-300x300.jpg 300w, https:\/\/oui-oui.es\/blog\/wp-content\/uploads\/Oui-Oui-actividades-bebes-dos-a\u00f1os-jugar-toallitas-efervescentes-600x600.jpg 600w, https:\/\/oui-oui.es\/blog\/wp-content\/uploads\/Oui-Oui-actividades-bebes-dos-a\u00f1os-jugar-toallitas-efervescentes.jpg 1500w\" sizes=\"auto, (max-width: 1024px) 100vw, 1024px\" \/><\/a><\/p>\n<p>Encontr\u00e9 por casa unas cuantas <strong>toallitas de esas que parecen una pastilla y que al meterlas en agua se convierten en una toallita de manos<\/strong> (os preguntar\u00e9is por qu\u00e9 ten\u00eda eso por casa&#8230;Me gusta comprar todo tipo de chorradas), as\u00ed que pens\u00e9 que a Mart\u00edn le encantar\u00eda y as\u00ed fu\u00e9&#8230;No es una actividad que dure mucho pero alucina cuando ve que una bolita blanca se convierte en algo grande y mojado, despu\u00e9s jugaba con la toalla mojada; poni\u00e9ndola en el brazo, en la caeza, etc&#8230;<\/p>\n<p><strong>Regar con la manguera<\/strong><\/p>\n<p><a href=\"http:\/\/www.oui-oui.es\/2-detalles-ninos\"><img loading=\"lazy\" decoding=\"async\" class=\"aligncenter size-large wp-image-2852\" src=\"https:\/\/oui-oui.es\/blog\/wp-content\/uploads\/Oui-Oui-actividades-hacer-con-bebes-2-a\u00f1os-regar-e1438274676214-768x1024.jpg\" alt=\"Oui Oui-actividades hacer con bebes 2 a\u00f1os-regar\" width=\"768\" height=\"1024\" srcset=\"https:\/\/oui-oui.es\/blog\/wp-content\/uploads\/Oui-Oui-actividades-hacer-con-bebes-2-a\u00f1os-regar-e1438274676214-768x1024.jpg 768w, https:\/\/oui-oui.es\/blog\/wp-content\/uploads\/Oui-Oui-actividades-hacer-con-bebes-2-a\u00f1os-regar-e1438274676214-225x300.jpg 225w, https:\/\/oui-oui.es\/blog\/wp-content\/uploads\/Oui-Oui-actividades-hacer-con-bebes-2-a\u00f1os-regar-e1438274676214-600x800.jpg 600w\" sizes=\"auto, (max-width: 768px) 100vw, 768px\" \/><\/a><\/p>\n<p>Nada m\u00e1s alucinante y divertido que <strong>ver c\u00f3mo sale el agua con fuerza de la manguera<\/strong>; primero ve\u00eda al abuelo regar y despu\u00e9s le dejamos la manguera; casi nos empapa a todos pero fue muy divertido!.Tambi\u00e9n puedes optar a regar con regadera, eso ya lo hab\u00edamos hecho en alguna otra ocasi\u00f3n.<\/p>\n<p>&nbsp;<\/p>\n<p>\u00bfQu\u00e9 actividades hac\u00e9is vosotros? M\u00e1s ideas?, yo tengo algunas actividades m\u00e1s para la siguiente semana en el pueblo, ya os contar\u00e9! \ud83d\ude09<\/p>\n<p>Y una que me encanta es hacer\u00a0<a href=\"http:\/\/www.amazon.es\/gp\/product\/B0002IBJOG\/ref=as_li_ss_tl?ie=UTF8&amp;camp=3626&amp;creative=24822&amp;creativeASIN=B0002IBJOG&amp;linkCode=as2&amp;tag=ouou-21\" rel=\"nofollow\">polos<\/a><img loading=\"lazy\" decoding=\"async\" style=\"border: none !important; margin: 0px !important;\" src=\"http:\/\/ir-es.amazon-adsystem.com\/e\/ir?t=ouou-21&amp;l=as2&amp;o=30&amp;a=B0002IBJOG\" alt=\"\" width=\"1\" height=\"1\" border=\"0\" \/> en verano!, \u00bfos hab\u00e9is animado?<\/p>\n<p style=\"text-align: right;\">\n","protected":false},"excerpt":{"rendered":"<p>Este es el segundo verano de Mart\u00edn, cada vez va siendo menos beb\u00e9 y m\u00e1s ni\u00f1o y quer\u00eda aprovechar al m\u00e1ximo esta etapa.El verano tiene d\u00edas m\u00e1s largos, y, en mi caso, estar\u00e9 con Mart\u00edn pr\u00e1cticamente 24h al d\u00eda (con m\u00e1s familia, claro), as\u00ed que me pareci\u00f3 importante planificarme algunas actividades para nuestra primera etapa [&hellip;]<\/p>\n","protected":false},"author":1,"featured_media":2854,"comment_status":"open","ping_status":"open","sticky":false,"template":"","format":"standard","meta":{"jetpack_post_was_ever_published":false,"_jetpack_newsletter_access":"","_jetpack_dont_email_post_to_subs":false,"_jetpack_newsletter_tier_id":0,"_jetpack_memberships_contains_paywalled_content":false,"_jetpack_memberships_contains_paid_content":false,"footnotes":"","jetpack_publicize_message":"","jetpack_publicize_feature_enabled":true,"jetpack_social_post_already_shared":false,"jetpack_social_options":{"image_generator_settings":{"template":"highway","default_image_id":0,"font":"","enabled":false},"version":2}},"categories":[535,174],"tags":[657,659],"class_list":["post-2840","post","type-post","status-publish","format-standard","has-post-thumbnail","hentry","category-maternidad","category-ninos","tag-montessori","tag-planes-con-bebes"],"aioseo_notices":[],"jetpack_publicize_connections":[],"jetpack_featured_media_url":"https:\/\/oui-oui.es\/blog\/wp-content\/uploads\/Oui-Oui-actividades-bebes-2-a\u00f1os-llevar-un-perro-e1438898133537.jpg","jetpack_sharing_enabled":true,"jetpack-related-posts":[{"id":4664,"url":"https:\/\/oui-oui.es\/blog\/10-actividades-para-hacer-con-un-nino-de-3-anos-en-verano\/","url_meta":{"origin":2840,"position":0},"title":"10 actividades para hacer con un ni\u00f1o de 3 a\u00f1os en verano","author":"Mar\u00eda \u2665Oui Oui\u2665","date":"15 julio, 2016","format":false,"excerpt":"El verano pasado busqu\u00e9 cinco actividades que hacer con Mart\u00edn para nuestra semana en la sierra y llam\u00e9 al post \"5 actividades que hacer con un beb\u00e9 de 2 a\u00f1os en verano\", este a\u00f1o he estado tentada de poner la palabra beb\u00e9 de nuevo, pero creo que el tiempo vuela\u2026","rel":"","context":"En \u00abNI\u00d1OS Y NI\u00d1AS\u00bb","block_context":{"text":"NI\u00d1OS Y NI\u00d1AS","link":"https:\/\/oui-oui.es\/blog\/category\/ninos\/"},"img":{"alt_text":"","src":"https:\/\/i0.wp.com\/oui-oui.es\/blog\/wp-content\/uploads\/2016\/07\/Oui-Oui-martin-cocinando-mini-thermomix.jpg?resize=350%2C200&ssl=1","width":350,"height":200,"srcset":"https:\/\/i0.wp.com\/oui-oui.es\/blog\/wp-content\/uploads\/2016\/07\/Oui-Oui-martin-cocinando-mini-thermomix.jpg?resize=350%2C200&ssl=1 1x, https:\/\/i0.wp.com\/oui-oui.es\/blog\/wp-content\/uploads\/2016\/07\/Oui-Oui-martin-cocinando-mini-thermomix.jpg?resize=525%2C300&ssl=1 1.5x, https:\/\/i0.wp.com\/oui-oui.es\/blog\/wp-content\/uploads\/2016\/07\/Oui-Oui-martin-cocinando-mini-thermomix.jpg?resize=700%2C400&ssl=1 2x, https:\/\/i0.wp.com\/oui-oui.es\/blog\/wp-content\/uploads\/2016\/07\/Oui-Oui-martin-cocinando-mini-thermomix.jpg?resize=1050%2C600&ssl=1 3x, https:\/\/i0.wp.com\/oui-oui.es\/blog\/wp-content\/uploads\/2016\/07\/Oui-Oui-martin-cocinando-mini-thermomix.jpg?resize=1400%2C800&ssl=1 4x"},"classes":[]},{"id":3907,"url":"https:\/\/oui-oui.es\/blog\/3907-2\/","url_meta":{"origin":2840,"position":1},"title":"Diferencias entre un embarazo de invierno y uno de verano","author":"Mar\u00eda \u2665Oui Oui\u2665","date":"15 enero, 2016","format":false,"excerpt":"Entre el volumen de trabajo de Navidades, las fiestas y el embarazo no he podido volver al blog hasta hoy, me he propuesto recuperar la rutina aunque lo voy a hacer s\u00f3lo tres a veces a la semana (igual despu\u00e9s de dar a luz tengo que bajarlo a dos...). T\u00e9cnicamente\u2026","rel":"","context":"En \u00abMATERNIDAD\u00bb","block_context":{"text":"MATERNIDAD","link":"https:\/\/oui-oui.es\/blog\/category\/maternidad\/"},"img":{"alt_text":"","src":"https:\/\/i0.wp.com\/oui-oui.es\/blog\/wp-content\/uploads\/2016\/01\/Oui-OUi-embarazo-de-verano-vs-embarazo-de-invierno-frida.jpg?resize=350%2C200&ssl=1","width":350,"height":200},"classes":[]},{"id":2263,"url":"https:\/\/oui-oui.es\/blog\/de-lo-bonito-de-montar-en-bici-con-tu-hijo-weeride-spain\/","url_meta":{"origin":2840,"position":2},"title":"De lo bonito de montar en bici con tu hijo: Weeride Spain","author":"Mar\u00eda \u2665Oui Oui\u2665","date":"5 mayo, 2015","format":false,"excerpt":"El verano pasado me regalaron una silla de bici para beb\u00e9, por entonces Mart\u00edn cumpl\u00eda 9 meses y coincid\u00eda que hab\u00eda una carrera cicloturista en la que participamos todos los a\u00f1os, as\u00ed que no lo pens\u00e9 y aprovech\u00e9 para estrenarla ese fin de semana...Desde entonces ten\u00eda ganas de compartir la\u2026","rel":"","context":"En \u00abMATERNIDAD\u00bb","block_context":{"text":"MATERNIDAD","link":"https:\/\/oui-oui.es\/blog\/category\/maternidad\/"},"img":{"alt_text":"","src":"https:\/\/i0.wp.com\/oui-oui.es\/blog\/wp-content\/uploads\/2015\/05\/oui-oui-weeride-silla-llevar-bebe-en-bici-silla-delantera-bebe-bici-cesta.jpg?resize=350%2C200&ssl=1","width":350,"height":200},"classes":[]},{"id":2810,"url":"https:\/\/oui-oui.es\/blog\/la-sillita-de-paseo-perfecta-para-verano-net-stroller-de-inglesina\/","url_meta":{"origin":2840,"position":3},"title":"La sillita de paseo perfecta para verano  Net Stroller de Inglesina","author":"Mar\u00eda \u2665Oui Oui\u2665","date":"28 julio, 2015","format":false,"excerpt":"Recuerdo cuando compramos el carrito de beb\u00e9 de Mart\u00edn lo much\u00edsimo que le\u00edmos, buscamos informaci\u00f3n, comparamos chasis, tejidos, tama\u00f1os, pesos, hasta acabamos en la otra punta de Madrid en una \"clase para escoger el carrito de beb\u00e9\"...Una locura que s\u00f3lo puedes hacer cuando a\u00fan no tienes ning\u00fan hijo y cuando\u2026","rel":"","context":"En \u00abMATERNIDAD\u00bb","block_context":{"text":"MATERNIDAD","link":"https:\/\/oui-oui.es\/blog\/category\/maternidad\/"},"img":{"alt_text":"","src":"https:\/\/i0.wp.com\/oui-oui.es\/blog\/wp-content\/uploads\/Oui-Oui-sillita-paseo-inglesina-net-stroller.jpg?resize=350%2C200&ssl=1","width":350,"height":200,"srcset":"https:\/\/i0.wp.com\/oui-oui.es\/blog\/wp-content\/uploads\/Oui-Oui-sillita-paseo-inglesina-net-stroller.jpg?resize=350%2C200&ssl=1 1x, https:\/\/i0.wp.com\/oui-oui.es\/blog\/wp-content\/uploads\/Oui-Oui-sillita-paseo-inglesina-net-stroller.jpg?resize=525%2C300&ssl=1 1.5x"},"classes":[]},{"id":4495,"url":"https:\/\/oui-oui.es\/blog\/mis-conjuntitos-de-erase-una-vez-para-este-verano\/","url_meta":{"origin":2840,"position":4},"title":"Mis conjuntitos de \u00c9rase una Vez para este verano","author":"Mar\u00eda \u2665Oui Oui\u2665","date":"16 junio, 2016","format":false,"excerpt":"La semana pasada lleg\u00f3 el calorazo de repente, la verdad es que ten\u00eda ganas para vestir a Frida y a Mart\u00edn de veranito, se me estaban acumulando culottes, petos y m\u00e1s prendas de Frida que quer\u00eda estrenar ya y adem\u00e1s no pude resistirme a encargarles varios conjuntos a juego, es\u2026","rel":"","context":"En \u00abNI\u00d1OS Y NI\u00d1AS\u00bb","block_context":{"text":"NI\u00d1OS Y NI\u00d1AS","link":"https:\/\/oui-oui.es\/blog\/category\/ninos\/"},"img":{"alt_text":"","src":"https:\/\/i0.wp.com\/oui-oui.es\/blog\/wp-content\/uploads\/2016\/06\/Oui-Oui-peto-bebe-estampado-tropical-culotte-bebe-estampado-tropical-platos-estampado-tropical.jpg?resize=350%2C200&ssl=1","width":350,"height":200,"srcset":"https:\/\/i0.wp.com\/oui-oui.es\/blog\/wp-content\/uploads\/2016\/06\/Oui-Oui-peto-bebe-estampado-tropical-culotte-bebe-estampado-tropical-platos-estampado-tropical.jpg?resize=350%2C200&ssl=1 1x, https:\/\/i0.wp.com\/oui-oui.es\/blog\/wp-content\/uploads\/2016\/06\/Oui-Oui-peto-bebe-estampado-tropical-culotte-bebe-estampado-tropical-platos-estampado-tropical.jpg?resize=525%2C300&ssl=1 1.5x, https:\/\/i0.wp.com\/oui-oui.es\/blog\/wp-content\/uploads\/2016\/06\/Oui-Oui-peto-bebe-estampado-tropical-culotte-bebe-estampado-tropical-platos-estampado-tropical.jpg?resize=700%2C400&ssl=1 2x, https:\/\/i0.wp.com\/oui-oui.es\/blog\/wp-content\/uploads\/2016\/06\/Oui-Oui-peto-bebe-estampado-tropical-culotte-bebe-estampado-tropical-platos-estampado-tropical.jpg?resize=1050%2C600&ssl=1 3x, https:\/\/i0.wp.com\/oui-oui.es\/blog\/wp-content\/uploads\/2016\/06\/Oui-Oui-peto-bebe-estampado-tropical-culotte-bebe-estampado-tropical-platos-estampado-tropical.jpg?resize=1400%2C800&ssl=1 4x"},"classes":[]},{"id":4990,"url":"https:\/\/oui-oui.es\/blog\/5-ideas-de-regalo-para-un-bebe\/","url_meta":{"origin":2840,"position":5},"title":"5 ideas de regalo para un beb\u00e9","author":"Mar\u00eda \u2665Oui Oui\u2665","date":"19 diciembre, 2016","format":false,"excerpt":"Si te fijas en los cat\u00e1logos de beb\u00e9s parece todo igual; multitud de juguetes de colorinchis (bastante feos en general) y productos de puericultura sin encanto, hay que bucear un poco m\u00e1s para encontrar objetos bonitos, cuidados, sin colores estridentes y que est\u00e9n pensados de verdad para un beb\u00e9...Sobre \u00e9sto\u2026","rel":"","context":"En \u00abA una futura o reciente mam\u00e1\u00bb","block_context":{"text":"A una futura o reciente mam\u00e1","link":"https:\/\/oui-oui.es\/blog\/category\/no-se-que-regalar\/a-una-futura-o-reciente-mama\/"},"img":{"alt_text":"","src":"https:\/\/i0.wp.com\/oui-oui.es\/blog\/wp-content\/uploads\/2016\/12\/Oui-Oui-muselina-aden-anais-muselina-bebes-gasa.jpg?resize=350%2C200&ssl=1","width":350,"height":200,"srcset":"https:\/\/i0.wp.com\/oui-oui.es\/blog\/wp-content\/uploads\/2016\/12\/Oui-Oui-muselina-aden-anais-muselina-bebes-gasa.jpg?resize=350%2C200&ssl=1 1x, https:\/\/i0.wp.com\/oui-oui.es\/blog\/wp-content\/uploads\/2016\/12\/Oui-Oui-muselina-aden-anais-muselina-bebes-gasa.jpg?resize=525%2C300&ssl=1 1.5x, https:\/\/i0.wp.com\/oui-oui.es\/blog\/wp-content\/uploads\/2016\/12\/Oui-Oui-muselina-aden-anais-muselina-bebes-gasa.jpg?resize=700%2C400&ssl=1 2x, https:\/\/i0.wp.com\/oui-oui.es\/blog\/wp-content\/uploads\/2016\/12\/Oui-Oui-muselina-aden-anais-muselina-bebes-gasa.jpg?resize=1050%2C600&ssl=1 3x, https:\/\/i0.wp.com\/oui-oui.es\/blog\/wp-content\/uploads\/2016\/12\/Oui-Oui-muselina-aden-anais-muselina-bebes-gasa.jpg?resize=1400%2C800&ssl=1 4x"},"classes":[]}],"_links":{"self":[{"href":"https:\/\/oui-oui.es\/blog\/wp-json\/wp\/v2\/posts\/2840","targetHints":{"allow":["GET"]}}],"collection":[{"href":"https:\/\/oui-oui.es\/blog\/wp-json\/wp\/v2\/posts"}],"about":[{"href":"https:\/\/oui-oui.es\/blog\/wp-json\/wp\/v2\/types\/post"}],"author":[{"embeddable":true,"href":"https:\/\/oui-oui.es\/blog\/wp-json\/wp\/v2\/users\/1"}],"replies":[{"embeddable":true,"href":"https:\/\/oui-oui.es\/blog\/wp-json\/wp\/v2\/comments?post=2840"}],"version-history":[{"count":6,"href":"https:\/\/oui-oui.es\/blog\/wp-json\/wp\/v2\/posts\/2840\/revisions"}],"predecessor-version":[{"id":4479,"href":"https:\/\/oui-oui.es\/blog\/wp-json\/wp\/v2\/posts\/2840\/revisions\/4479"}],"wp:featuredmedia":[{"embeddable":true,"href":"https:\/\/oui-oui.es\/blog\/wp-json\/wp\/v2\/media\/2854"}],"wp:attachment":[{"href":"https:\/\/oui-oui.es\/blog\/wp-json\/wp\/v2\/media?parent=2840"}],"wp:term":[{"taxonomy":"category","embeddable":true,"href":"https:\/\/oui-oui.es\/blog\/wp-json\/wp\/v2\/categories?post=2840"},{"taxonomy":"post_tag","embeddable":true,"href":"https:\/\/oui-oui.es\/blog\/wp-json\/wp\/v2\/tags?post=2840"}],"curies":[{"name":"wp","href":"https:\/\/api.w.org\/{rel}","templated":true}]}}