{"id":286,"date":"2012-12-11T01:00:01","date_gmt":"2012-12-10T23:00:01","guid":{"rendered":"http:\/\/ouiouiblog.wordpress.com\/?p=286"},"modified":"2012-12-11T01:00:01","modified_gmt":"2012-12-10T23:00:01","slug":"una-mesa-de-postres-para-navidad","status":"publish","type":"post","link":"https:\/\/oui-oui.es\/blog\/una-mesa-de-postres-para-navidad\/","title":{"rendered":"Una mesa de postres para Navidad"},"content":{"rendered":"<p style=\"text-align:center;\"><a href=\"http:\/\/ouiouiblog.files.wordpress.com\/2012\/12\/oui-oui-navidad-rustica-chic.jpg\"><img loading=\"lazy\" decoding=\"async\" class=\"aligncenter size-full wp-image-300\" alt=\"Oui Oui-navidad rustica-chic\" src=\"http:\/\/ouiouiblog.files.wordpress.com\/2012\/12\/oui-oui-navidad-rustica-chic.jpg\" width=\"435\" height=\"580\" srcset=\"https:\/\/oui-oui.es\/blog\/wp-content\/uploads\/oui-oui-navidad-rustica-chic.jpg 435w, https:\/\/oui-oui.es\/blog\/wp-content\/uploads\/oui-oui-navidad-rustica-chic-225x300.jpg 225w\" sizes=\"auto, (max-width: 435px) 100vw, 435px\" \/><\/a><\/p>\n<p style=\"text-align:center;\">Estas Navidades pasaremos Nochebuena en la sierra, pero como subiremos el viernes es como si la Navidad empezase el 21, <strong>ese fin de semana decoraremos, <a href=\"http:\/\/ouiouiblog.wordpress.com\/2012\/12\/03\/pensando-ya-en-el-arbol-de-navidad\/\" target=\"_blank\">haremos el \u00e1rbol<\/a>, cocinaremos<\/strong>&#8230;<strong>Todos juntos<\/strong> para que todo est\u00e9 listo para Nochebuena y Navidad.<\/p>\n<p style=\"text-align:center;\"><a href=\"http:\/\/ouiouiblog.files.wordpress.com\/2012\/12\/oui-oui-mesa-dulces-navidad-blanco-y-rojo-candy-bar-navidad-7.jpg\"><img loading=\"lazy\" decoding=\"async\" class=\"aligncenter size-full wp-image-296\" alt=\"Oui Oui-mesa dulces navidad-blanco y rojo-candy bar navidad (7)\" src=\"http:\/\/ouiouiblog.files.wordpress.com\/2012\/12\/oui-oui-mesa-dulces-navidad-blanco-y-rojo-candy-bar-navidad-7.jpg\" width=\"529\" height=\"486\" srcset=\"https:\/\/oui-oui.es\/blog\/wp-content\/uploads\/oui-oui-mesa-dulces-navidad-blanco-y-rojo-candy-bar-navidad-7.jpg 554w, https:\/\/oui-oui.es\/blog\/wp-content\/uploads\/oui-oui-mesa-dulces-navidad-blanco-y-rojo-candy-bar-navidad-7-300x275.jpg 300w\" sizes=\"auto, (max-width: 529px) 100vw, 529px\" \/><\/a><\/p>\n<p style=\"text-align:center;\">As\u00ed que, con tiempo por delante, una de las cosas que me apetec\u00eda hacer era una <strong>mesa de postres navide\u00f1a, en rojo y blanco<\/strong>.<\/p>\n<p style=\"text-align:center;\"><a href=\"http:\/\/ouiouiblog.files.wordpress.com\/2012\/12\/oui-oui-mesa-dulces-navidad-blanco-y-rojo-candy-bar-navidad-2.jpg\"><img loading=\"lazy\" decoding=\"async\" class=\"aligncenter size-full wp-image-291\" alt=\"Oui Oui-mesa dulces navidad-blanco y rojo-candy bar navidad (2)\" src=\"http:\/\/ouiouiblog.files.wordpress.com\/2012\/12\/oui-oui-mesa-dulces-navidad-blanco-y-rojo-candy-bar-navidad-2.jpg\" width=\"529\" height=\"1219\" srcset=\"https:\/\/oui-oui.es\/blog\/wp-content\/uploads\/oui-oui-mesa-dulces-navidad-blanco-y-rojo-candy-bar-navidad-2.jpg 546w, https:\/\/oui-oui.es\/blog\/wp-content\/uploads\/oui-oui-mesa-dulces-navidad-blanco-y-rojo-candy-bar-navidad-2-130x300.jpg 130w, https:\/\/oui-oui.es\/blog\/wp-content\/uploads\/oui-oui-mesa-dulces-navidad-blanco-y-rojo-candy-bar-navidad-2-444x1024.jpg 444w\" sizes=\"auto, (max-width: 529px) 100vw, 529px\" \/><\/a><\/p>\n<p style=\"text-align:center;\"><a href=\"http:\/\/ouiouiblog.files.wordpress.com\/2012\/12\/oui-oui-mesa-dulces-navidad-blanco-y-rojo-candy-bar-navidad-9.jpg\"><img loading=\"lazy\" decoding=\"async\" class=\"aligncenter size-full wp-image-298\" alt=\"Oui Oui-mesa dulces navidad-blanco y rojo-candy bar navidad (9)\" src=\"http:\/\/ouiouiblog.files.wordpress.com\/2012\/12\/oui-oui-mesa-dulces-navidad-blanco-y-rojo-candy-bar-navidad-9.jpg\" width=\"504\" height=\"462\" srcset=\"https:\/\/oui-oui.es\/blog\/wp-content\/uploads\/oui-oui-mesa-dulces-navidad-blanco-y-rojo-candy-bar-navidad-9.jpg 504w, https:\/\/oui-oui.es\/blog\/wp-content\/uploads\/oui-oui-mesa-dulces-navidad-blanco-y-rojo-candy-bar-navidad-9-300x275.jpg 300w\" sizes=\"auto, (max-width: 504px) 100vw, 504px\" \/><\/a><\/p>\n<p style=\"text-align:center;\">Estoy confeccionando los <strong>postres elegidos<\/strong> y lo que me gustar\u00eda incluir en ella para subir con todos los ingredientes y material necesario; de momento no pueden faltar unos <strong>cupcakes<\/strong>, alguna <strong>manzana caramelizada<\/strong>, una<strong> tarta red velvet<\/strong> (c\u00f3mo me gusta!!), alguna mo\u00f1ada con <strong>oreos blancas<\/strong>, por supuesto <strong>bastoncillos de rayas rojas y blancas<\/strong>&#8230;<\/p>\n<p style=\"text-align:center;\"><a href=\"http:\/\/ouiouiblog.files.wordpress.com\/2012\/12\/oui-oui-mesa-dulces-navidad-blanco-y-rojo-candy-bar-navidad-6.jpg\"><img loading=\"lazy\" decoding=\"async\" class=\"aligncenter size-full wp-image-295\" alt=\"Oui Oui-mesa dulces navidad-blanco y rojo-candy bar navidad (6)\" src=\"http:\/\/ouiouiblog.files.wordpress.com\/2012\/12\/oui-oui-mesa-dulces-navidad-blanco-y-rojo-candy-bar-navidad-6.jpg\" width=\"450\" height=\"337\" srcset=\"https:\/\/oui-oui.es\/blog\/wp-content\/uploads\/oui-oui-mesa-dulces-navidad-blanco-y-rojo-candy-bar-navidad-6.jpg 450w, https:\/\/oui-oui.es\/blog\/wp-content\/uploads\/oui-oui-mesa-dulces-navidad-blanco-y-rojo-candy-bar-navidad-6-300x224.jpg 300w\" sizes=\"auto, (max-width: 450px) 100vw, 450px\" \/><\/a> <a href=\"http:\/\/ouiouiblog.files.wordpress.com\/2012\/12\/oui-oui-mesa-dulces-navidad-blanco-y-rojo-candy-bar-navidad-5.jpg\"><img loading=\"lazy\" decoding=\"async\" class=\"aligncenter size-full wp-image-294\" alt=\"Oui Oui-mesa dulces navidad-blanco y rojo-candy bar navidad (5)\" src=\"http:\/\/ouiouiblog.files.wordpress.com\/2012\/12\/oui-oui-mesa-dulces-navidad-blanco-y-rojo-candy-bar-navidad-5.jpg\" width=\"420\" height=\"559\" srcset=\"https:\/\/oui-oui.es\/blog\/wp-content\/uploads\/oui-oui-mesa-dulces-navidad-blanco-y-rojo-candy-bar-navidad-5.jpg 420w, https:\/\/oui-oui.es\/blog\/wp-content\/uploads\/oui-oui-mesa-dulces-navidad-blanco-y-rojo-candy-bar-navidad-5-225x300.jpg 225w\" sizes=\"auto, (max-width: 420px) 100vw, 420px\" \/><\/a> <a href=\"http:\/\/ouiouiblog.files.wordpress.com\/2012\/12\/oui-oui-mesa-dulces-navidad-blanco-y-rojo-candy-bar-navidad-4.jpg\"><img loading=\"lazy\" decoding=\"async\" class=\"aligncenter size-full wp-image-293\" alt=\"Oui Oui-mesa dulces navidad-blanco y rojo-candy bar navidad (4)\" src=\"http:\/\/ouiouiblog.files.wordpress.com\/2012\/12\/oui-oui-mesa-dulces-navidad-blanco-y-rojo-candy-bar-navidad-4.jpg\" width=\"420\" height=\"315\" srcset=\"https:\/\/oui-oui.es\/blog\/wp-content\/uploads\/oui-oui-mesa-dulces-navidad-blanco-y-rojo-candy-bar-navidad-4.jpg 420w, https:\/\/oui-oui.es\/blog\/wp-content\/uploads\/oui-oui-mesa-dulces-navidad-blanco-y-rojo-candy-bar-navidad-4-300x225.jpg 300w\" sizes=\"auto, (max-width: 420px) 100vw, 420px\" \/><\/a> <a href=\"http:\/\/ouiouiblog.files.wordpress.com\/2012\/12\/oui-oui-mesa-dulces-navidad-blanco-y-rojo-candy-bar-navidad-8.jpg\"><img loading=\"lazy\" decoding=\"async\" class=\"aligncenter size-full wp-image-297\" alt=\"Oui Oui-mesa dulces navidad-blanco y rojo-candy bar navidad (8)\" src=\"http:\/\/ouiouiblog.files.wordpress.com\/2012\/12\/oui-oui-mesa-dulces-navidad-blanco-y-rojo-candy-bar-navidad-8.jpg\" width=\"300\" height=\"300\" srcset=\"https:\/\/oui-oui.es\/blog\/wp-content\/uploads\/oui-oui-mesa-dulces-navidad-blanco-y-rojo-candy-bar-navidad-8.jpg 300w, https:\/\/oui-oui.es\/blog\/wp-content\/uploads\/oui-oui-mesa-dulces-navidad-blanco-y-rojo-candy-bar-navidad-8-150x150.jpg 150w\" sizes=\"auto, (max-width: 300px) 100vw, 300px\" \/><\/a><\/p>\n<p style=\"text-align:center;\"><strong>Para componer la mesa<\/strong>, me ha gustado mucho la idea de los <strong>\u00e1rboles de chuches<\/strong><\/p>\n<p style=\"text-align:center;\"><a href=\"http:\/\/ouiouiblog.files.wordpress.com\/2012\/12\/oui-oui-mesa-dulces-navidad-blanco-y-rojo-candy-bar-navidad-10.jpg\"><img loading=\"lazy\" decoding=\"async\" class=\"aligncenter size-full wp-image-299\" alt=\"Oui Oui-mesa dulces navidad-blanco y rojo-candy bar navidad (10)\" src=\"http:\/\/ouiouiblog.files.wordpress.com\/2012\/12\/oui-oui-mesa-dulces-navidad-blanco-y-rojo-candy-bar-navidad-10.jpg\" width=\"450\" height=\"525\" srcset=\"https:\/\/oui-oui.es\/blog\/wp-content\/uploads\/oui-oui-mesa-dulces-navidad-blanco-y-rojo-candy-bar-navidad-10.jpg 450w, https:\/\/oui-oui.es\/blog\/wp-content\/uploads\/oui-oui-mesa-dulces-navidad-blanco-y-rojo-candy-bar-navidad-10-257x300.jpg 257w\" sizes=\"auto, (max-width: 450px) 100vw, 450px\" \/><\/a><\/p>\n<p style=\"text-align:center;\">Estas <strong>tazas<\/strong> son ya de profesional!<\/p>\n<p style=\"text-align:center;\"><a href=\"http:\/\/ouiouiblog.files.wordpress.com\/2012\/12\/oui-oui-mesa-dulces-navidad-blanco-y-rojo-candy-bar-navidad-1.jpg\"><img loading=\"lazy\" decoding=\"async\" class=\"aligncenter size-full wp-image-290\" alt=\"Oui Oui-mesa dulces navidad-blanco y rojo-candy bar navidad (1)\" src=\"http:\/\/ouiouiblog.files.wordpress.com\/2012\/12\/oui-oui-mesa-dulces-navidad-blanco-y-rojo-candy-bar-navidad-1.jpg\" width=\"450\" height=\"521\" srcset=\"https:\/\/oui-oui.es\/blog\/wp-content\/uploads\/oui-oui-mesa-dulces-navidad-blanco-y-rojo-candy-bar-navidad-1.jpg 450w, https:\/\/oui-oui.es\/blog\/wp-content\/uploads\/oui-oui-mesa-dulces-navidad-blanco-y-rojo-candy-bar-navidad-1-259x300.jpg 259w\" sizes=\"auto, (max-width: 450px) 100vw, 450px\" \/><\/a><\/p>\n<p style=\"text-align:center;\">A ver si me da triempo a hacer una <strong>casita de gengibre<\/strong> como \u00e9sta, tengo la de Ikea esperando!<\/p>\n<p style=\"text-align:center;\"><a href=\"http:\/\/ouiouiblog.files.wordpress.com\/2012\/12\/oui-oui-mesa-dulces-navidad-blanco-y-rojo-candy-bar-navidad-3.jpg\"><img loading=\"lazy\" decoding=\"async\" class=\"aligncenter size-full wp-image-292\" alt=\"Oui Oui-mesa dulces navidad-blanco y rojo-candy bar navidad (3)\" src=\"http:\/\/ouiouiblog.files.wordpress.com\/2012\/12\/oui-oui-mesa-dulces-navidad-blanco-y-rojo-candy-bar-navidad-3.jpg\" width=\"529\" height=\"643\" srcset=\"https:\/\/oui-oui.es\/blog\/wp-content\/uploads\/oui-oui-mesa-dulces-navidad-blanco-y-rojo-candy-bar-navidad-3.jpg 554w, https:\/\/oui-oui.es\/blog\/wp-content\/uploads\/oui-oui-mesa-dulces-navidad-blanco-y-rojo-candy-bar-navidad-3-246x300.jpg 246w\" sizes=\"auto, (max-width: 529px) 100vw, 529px\" \/><\/a><\/p>\n<p style=\"text-align:center;\">Y aunque mi idea es una <strong>mesa en rojo y blanco<\/strong>, la idea de una <strong>barra de chocolates calientes<\/strong> tambi\u00e9n me apetece mucho&#8230;Igual esa la hago en el pueblo despu\u00e9s de Navidad \ud83d\ude09<\/p>\n<p style=\"text-align:center;\"><a href=\"http:\/\/ouiouiblog.files.wordpress.com\/2012\/12\/oui-oui-barra-mesa-dulces-navidad-barra-chocolate-caliente-3.jpg\"><img loading=\"lazy\" decoding=\"async\" class=\"aligncenter size-full wp-image-289\" alt=\"Oui Oui-barra-mesa dulces navidad-barra chocolate caliente (3)\" src=\"http:\/\/ouiouiblog.files.wordpress.com\/2012\/12\/oui-oui-barra-mesa-dulces-navidad-barra-chocolate-caliente-3.jpg\" width=\"529\" height=\"793\" srcset=\"https:\/\/oui-oui.es\/blog\/wp-content\/uploads\/oui-oui-barra-mesa-dulces-navidad-barra-chocolate-caliente-3.jpg 554w, https:\/\/oui-oui.es\/blog\/wp-content\/uploads\/oui-oui-barra-mesa-dulces-navidad-barra-chocolate-caliente-3-200x300.jpg 200w\" sizes=\"auto, (max-width: 529px) 100vw, 529px\" \/><\/a><\/p>\n<p style=\"text-align:center;\"><a href=\"http:\/\/ouiouiblog.files.wordpress.com\/2012\/12\/oui-oui-barra-mesa-dulces-navidad-barra-chocolate-caliente-1.jpg\"><img loading=\"lazy\" decoding=\"async\" class=\"aligncenter size-full wp-image-287\" alt=\"Oui Oui-barra-mesa dulces navidad-barra chocolate caliente (1)\" src=\"http:\/\/ouiouiblog.files.wordpress.com\/2012\/12\/oui-oui-barra-mesa-dulces-navidad-barra-chocolate-caliente-1.jpg\" width=\"529\" height=\"351\" srcset=\"https:\/\/oui-oui.es\/blog\/wp-content\/uploads\/oui-oui-barra-mesa-dulces-navidad-barra-chocolate-caliente-1.jpg 554w, https:\/\/oui-oui.es\/blog\/wp-content\/uploads\/oui-oui-barra-mesa-dulces-navidad-barra-chocolate-caliente-1-300x199.jpg 300w\" sizes=\"auto, (max-width: 529px) 100vw, 529px\" \/><\/a><\/p>\n<p style=\"text-align:center;\"><a href=\"http:\/\/ouiouiblog.files.wordpress.com\/2012\/12\/oui-oui-barra-mesa-dulces-navidad-barra-chocolate-caliente-2.jpg\"><img loading=\"lazy\" decoding=\"async\" class=\"aligncenter size-full wp-image-288\" alt=\"Oui Oui-barra-mesa dulces navidad-barra chocolate caliente (2)\" src=\"http:\/\/ouiouiblog.files.wordpress.com\/2012\/12\/oui-oui-barra-mesa-dulces-navidad-barra-chocolate-caliente-2.jpg\" width=\"436\" height=\"640\" srcset=\"https:\/\/oui-oui.es\/blog\/wp-content\/uploads\/oui-oui-barra-mesa-dulces-navidad-barra-chocolate-caliente-2.jpg 436w, https:\/\/oui-oui.es\/blog\/wp-content\/uploads\/oui-oui-barra-mesa-dulces-navidad-barra-chocolate-caliente-2-204x300.jpg 204w\" sizes=\"auto, (max-width: 436px) 100vw, 436px\" \/><\/a>Todas las fotos <a href=\"http:\/\/pinterest.com\/ouiouidetalles\/christmas\/\" target=\"_blank\">V\u00eda<\/a><\/p>\n","protected":false},"excerpt":{"rendered":"<p>Estas Navidades pasaremos Nochebuena en la sierra, pero como subiremos el viernes es como si la Navidad empezase el 21, ese fin de semana decoraremos, haremos el \u00e1rbol, cocinaremos&#8230;Todos juntos para que todo est\u00e9 listo para Nochebuena y Navidad. As\u00ed que, con tiempo por delante, una de las cosas que me apetec\u00eda hacer era una [&hellip;]<\/p>\n","protected":false},"author":1,"featured_media":300,"comment_status":"open","ping_status":"open","sticky":false,"template":"","format":"standard","meta":{"jetpack_post_was_ever_published":false,"_jetpack_newsletter_access":"","_jetpack_dont_email_post_to_subs":false,"_jetpack_newsletter_tier_id":0,"_jetpack_memberships_contains_paywalled_content":false,"_jetpack_memberships_contains_paid_content":false,"footnotes":"","jetpack_publicize_message":"","jetpack_publicize_feature_enabled":true,"jetpack_social_post_already_shared":false,"jetpack_social_options":{"image_generator_settings":{"template":"highway","default_image_id":0,"font":"","enabled":false},"version":2}},"categories":[173],"tags":[53],"class_list":["post-286","post","type-post","status-publish","format-standard","has-post-thumbnail","hentry","category-decoracion-de-casa","tag-candy-bar"],"aioseo_notices":[],"jetpack_publicize_connections":[],"jetpack_featured_media_url":"https:\/\/oui-oui.es\/blog\/wp-content\/uploads\/oui-oui-navidad-rustica-chic.jpg","jetpack_sharing_enabled":true,"jetpack-related-posts":[{"id":230,"url":"https:\/\/oui-oui.es\/blog\/pensando-ya-en-el-arbol-de-navidad\/","url_meta":{"origin":286,"position":0},"title":"Pensando ya en el \u00e1rbol de Navidad","author":"Mar\u00eda \u2665Oui Oui\u2665","date":"3 diciembre, 2012","format":false,"excerpt":"Cada vez me gusta m\u00e1s la idea de tener un \u00e1rbol de navidad diferente y que ocupe poco, es m\u00e1s, cada vez me gustan m\u00e1s los \u00e1rboles de Navidad de pared. El a\u00f1o pasado opt\u00e9 por la versi\u00f3n \u00e1rbol de post-it y este a\u00f1o a\u00fan lo estoy pensando. Acabo de\u2026","rel":"","context":"En \u00abDECORACI\u00d3N\u00bb","block_context":{"text":"DECORACI\u00d3N","link":"https:\/\/oui-oui.es\/blog\/category\/decoracion-de-casa\/"},"img":{"alt_text":"","src":"https:\/\/i0.wp.com\/oui-oui.es\/blog\/wp-content\/uploads\/oui-oui-ideas-originales-arbol-navidad.jpg?resize=350%2C200&ssl=1","width":350,"height":200},"classes":[]},{"id":3777,"url":"https:\/\/oui-oui.es\/blog\/empezamos-a-decorar-la-navidad\/","url_meta":{"origin":286,"position":1},"title":"\u00bfEmpezamos a decorar la Navidad?","author":"Mar\u00eda \u2665Oui Oui\u2665","date":"19 noviembre, 2015","format":false,"excerpt":"Tradicionalmente he empezado a decorar la casa en el puente de diciembre (cuando no estaba esquiando los \u00faltimos a\u00f1os), pero ya me pas\u00f3 el a\u00f1o pasado que, como pasamos varios d\u00edas de Navidad fuera de Madrid, me aprece que \"no he vivido\" la Navidad en casa lo suficiente...As\u00ed que ayer\u2026","rel":"","context":"En \u00abNavidad\u00bb","block_context":{"text":"Navidad","link":"https:\/\/oui-oui.es\/blog\/category\/fiestas-celebraciones\/navidad\/"},"img":{"alt_text":"","src":"https:\/\/i0.wp.com\/oui-oui.es\/blog\/wp-content\/uploads\/2015\/11\/Oui-Oui-arbol-navidad-ramas-arbol-navidad-troncos-colgador-christmas.jpg?resize=350%2C200&ssl=1","width":350,"height":200,"srcset":"https:\/\/i0.wp.com\/oui-oui.es\/blog\/wp-content\/uploads\/2015\/11\/Oui-Oui-arbol-navidad-ramas-arbol-navidad-troncos-colgador-christmas.jpg?resize=350%2C200&ssl=1 1x, https:\/\/i0.wp.com\/oui-oui.es\/blog\/wp-content\/uploads\/2015\/11\/Oui-Oui-arbol-navidad-ramas-arbol-navidad-troncos-colgador-christmas.jpg?resize=525%2C300&ssl=1 1.5x"},"classes":[]},{"id":387,"url":"https:\/\/oui-oui.es\/blog\/navidades-hasta-el-ano-que-viene\/","url_meta":{"origin":286,"position":2},"title":"Navidades&#8230;hasta el a\u00f1o que viene!","author":"Mar\u00eda \u2665Oui Oui\u2665","date":"9 enero, 2013","format":false,"excerpt":"Se me ha echado el tiempo encima, entre montar la tienda online, el \u00e9xito de las puertas del Ratoncito P\u00e9rez\u00a0...No he dado abasto para poder escribir en el blog, pasan los d\u00edas y, aunque tengo el blog planner regalo de Superyuppies , que me est\u00e1 ayudando mucho, a\u00fan tengo que\u2026","rel":"","context":"En \u00abNavidad\u00bb","block_context":{"text":"Navidad","link":"https:\/\/oui-oui.es\/blog\/category\/fiestas-celebraciones\/navidad\/"},"img":{"alt_text":"","src":"https:\/\/i0.wp.com\/oui-oui.es\/blog\/wp-content\/uploads\/oui-oui-camion-pino-navidad-adios-navidad.jpg?resize=350%2C200&ssl=1","width":350,"height":200},"classes":[]},{"id":4983,"url":"https:\/\/oui-oui.es\/blog\/ii-venta-navidad-la-colombine\/","url_meta":{"origin":286,"position":3},"title":"II Venta Navidad La Colombine","author":"Mar\u00eda \u2665Oui Oui\u2665","date":"14 diciembre, 2016","format":false,"excerpt":"Parece que el inicio de la navidad me est\u00e1 pasando por encima y no me da tiempo ni a escribir en el blog, pero hoy he entrado un momento muy r\u00e1pido s\u00f3lo a contaros que esta semana tenemos nuestra segunda (y \u00faltima) Venta de Navidad, en esta ocasi\u00f3n de la\u2026","rel":"","context":"En \u00abOUI OUI\u00bb","block_context":{"text":"OUI OUI","link":"https:\/\/oui-oui.es\/blog\/category\/oui-oui\/"},"img":{"alt_text":"","src":"https:\/\/i0.wp.com\/oui-oui.es\/blog\/wp-content\/uploads\/2016\/12\/Oui-Oui-navidad-2015-Marta-Machin-14.jpg?resize=350%2C200&ssl=1","width":350,"height":200,"srcset":"https:\/\/i0.wp.com\/oui-oui.es\/blog\/wp-content\/uploads\/2016\/12\/Oui-Oui-navidad-2015-Marta-Machin-14.jpg?resize=350%2C200&ssl=1 1x, https:\/\/i0.wp.com\/oui-oui.es\/blog\/wp-content\/uploads\/2016\/12\/Oui-Oui-navidad-2015-Marta-Machin-14.jpg?resize=525%2C300&ssl=1 1.5x, https:\/\/i0.wp.com\/oui-oui.es\/blog\/wp-content\/uploads\/2016\/12\/Oui-Oui-navidad-2015-Marta-Machin-14.jpg?resize=700%2C400&ssl=1 2x, https:\/\/i0.wp.com\/oui-oui.es\/blog\/wp-content\/uploads\/2016\/12\/Oui-Oui-navidad-2015-Marta-Machin-14.jpg?resize=1050%2C600&ssl=1 3x, https:\/\/i0.wp.com\/oui-oui.es\/blog\/wp-content\/uploads\/2016\/12\/Oui-Oui-navidad-2015-Marta-Machin-14.jpg?resize=1400%2C800&ssl=1 4x"},"classes":[]},{"id":4949,"url":"https:\/\/oui-oui.es\/blog\/los-jerseys-de-navidad\/","url_meta":{"origin":286,"position":4},"title":"Los jerseys de Navidad","author":"Mar\u00eda \u2665Oui Oui\u2665","date":"30 noviembre, 2016","format":false,"excerpt":"Los\u00a0 jers\u00e9ys navide\u00f1os o jumper christmas son esos divertidos jers\u00e9is con motivos navide\u00f1os que conocimos gracias a Marc Darcy en Bridget Jones Pero que en los \u00faltimos a\u00f1os se han popularizado en nuestro pa\u00eds, los tienes con nariz de reno en 3D, con cascabeles, y hasta con luces. Aqu\u00ed tienes\u2026","rel":"","context":"En \u00abFIESTAS y CELEBRACIONES\u00bb","block_context":{"text":"FIESTAS y CELEBRACIONES","link":"https:\/\/oui-oui.es\/blog\/category\/fiestas-celebraciones\/"},"img":{"alt_text":"","src":"https:\/\/i0.wp.com\/oui-oui.es\/blog\/wp-content\/uploads\/2016\/11\/Oui-Oui-etiquetas-regalo-jerseys-navide%C3%B1os-jumper-christmas-gift-tag.jpg?resize=350%2C200&ssl=1","width":350,"height":200,"srcset":"https:\/\/i0.wp.com\/oui-oui.es\/blog\/wp-content\/uploads\/2016\/11\/Oui-Oui-etiquetas-regalo-jerseys-navide%C3%B1os-jumper-christmas-gift-tag.jpg?resize=350%2C200&ssl=1 1x, https:\/\/i0.wp.com\/oui-oui.es\/blog\/wp-content\/uploads\/2016\/11\/Oui-Oui-etiquetas-regalo-jerseys-navide%C3%B1os-jumper-christmas-gift-tag.jpg?resize=525%2C300&ssl=1 1.5x, https:\/\/i0.wp.com\/oui-oui.es\/blog\/wp-content\/uploads\/2016\/11\/Oui-Oui-etiquetas-regalo-jerseys-navide%C3%B1os-jumper-christmas-gift-tag.jpg?resize=700%2C400&ssl=1 2x"},"classes":[]},{"id":3853,"url":"https:\/\/oui-oui.es\/blog\/esta-navidad-nos-vemos-en-1001-atmosphera\/","url_meta":{"origin":286,"position":5},"title":"Esta Navidad nos vemos en 1001 Atmosphera","author":"Mar\u00eda \u2665Oui Oui\u2665","date":"4 diciembre, 2015","format":false,"excerpt":"Como ya es tradici\u00f3n desde hace dos a\u00f1os, por Navidad nos gusta salir a la calle para que pod\u00e1is comprar en directo (sin gastos de env\u00edo!), ver y tocar nuestros productos... Por eso os esperamos la semana que viene, desde el mi\u00e9rcoles 9 de diciembre (a partir de las 16h)\u2026","rel":"","context":"En \u00abOUI OUI\u00bb","block_context":{"text":"OUI OUI","link":"https:\/\/oui-oui.es\/blog\/category\/oui-oui\/"},"img":{"alt_text":"","src":"https:\/\/i0.wp.com\/oui-oui.es\/blog\/wp-content\/uploads\/2015\/12\/atmosphera-1001-navidad-2015-bis.jpg?resize=350%2C200&ssl=1","width":350,"height":200},"classes":[]}],"_links":{"self":[{"href":"https:\/\/oui-oui.es\/blog\/wp-json\/wp\/v2\/posts\/286","targetHints":{"allow":["GET"]}}],"collection":[{"href":"https:\/\/oui-oui.es\/blog\/wp-json\/wp\/v2\/posts"}],"about":[{"href":"https:\/\/oui-oui.es\/blog\/wp-json\/wp\/v2\/types\/post"}],"author":[{"embeddable":true,"href":"https:\/\/oui-oui.es\/blog\/wp-json\/wp\/v2\/users\/1"}],"replies":[{"embeddable":true,"href":"https:\/\/oui-oui.es\/blog\/wp-json\/wp\/v2\/comments?post=286"}],"version-history":[{"count":0,"href":"https:\/\/oui-oui.es\/blog\/wp-json\/wp\/v2\/posts\/286\/revisions"}],"wp:featuredmedia":[{"embeddable":true,"href":"https:\/\/oui-oui.es\/blog\/wp-json\/wp\/v2\/media\/300"}],"wp:attachment":[{"href":"https:\/\/oui-oui.es\/blog\/wp-json\/wp\/v2\/media?parent=286"}],"wp:term":[{"taxonomy":"category","embeddable":true,"href":"https:\/\/oui-oui.es\/blog\/wp-json\/wp\/v2\/categories?post=286"},{"taxonomy":"post_tag","embeddable":true,"href":"https:\/\/oui-oui.es\/blog\/wp-json\/wp\/v2\/tags?post=286"}],"curies":[{"name":"wp","href":"https:\/\/api.w.org\/{rel}","templated":true}]}}