{"id":2954,"date":"2015-08-06T22:11:22","date_gmt":"2015-08-06T22:11:22","guid":{"rendered":"https:\/\/oui-oui.es\/blog\/?p=2954"},"modified":"2015-08-06T22:11:22","modified_gmt":"2015-08-06T22:11:22","slug":"para-cuidar-a-un-nino-hace-falta-una-tribu-entera","status":"publish","type":"post","link":"https:\/\/oui-oui.es\/blog\/para-cuidar-a-un-nino-hace-falta-una-tribu-entera\/","title":{"rendered":"Para cuidar a un ni\u00f1o hace falta una tribu entera"},"content":{"rendered":"<p><img loading=\"lazy\" decoding=\"async\" class=\"aligncenter size-full wp-image-3015\" src=\"https:\/\/oui-oui.es\/blog\/wp-content\/uploads\/2015\/08\/Oui-Oui-proverbio-africano-cuidar-ni\u00f1o-tribu.jpg\" alt=\"Oui Oui-proverbio africano-cuidar ni\u00f1o tribu\" width=\"600\" height=\"518\" srcset=\"https:\/\/oui-oui.es\/blog\/wp-content\/uploads\/2015\/08\/Oui-Oui-proverbio-africano-cuidar-ni\u00f1o-tribu.jpg 600w, https:\/\/oui-oui.es\/blog\/wp-content\/uploads\/2015\/08\/Oui-Oui-proverbio-africano-cuidar-ni\u00f1o-tribu-300x259.jpg 300w\" sizes=\"auto, (max-width: 600px) 100vw, 600px\" \/><\/p>\n<p>Hoy hace dos semanas que estoy de vacaciones, la primera sola con Mart\u00edn y mis padres y esta segunda ya con mi marido y mis suegros. Y hay un pensamiento que no se me ha ido de la cabeza casi ning\u00fan d\u00eda; el <strong>proverbio africano<\/strong> que dice que<\/p>\n<blockquote>\n<h3>\u00ab<strong>Para cuidar a un ni\u00f1o hace falta una tribu entera\u00bb<\/strong><\/h3>\n<\/blockquote>\n<p>Este es el segundo verano de Mart\u00edn, pronto cumplir\u00e1 dos a\u00f1os y se nota mucho la diferencia de actividad con respecto al pasado, aunque este proverbio sirve para todos los casos; cuando s\u00f3lo tienes un beb\u00e9, cuando tienes m\u00e1s hijos, cuando \u00e9stos son m\u00e1s peque\u00f1os o no&#8230;<strong>La tribu ayuda<\/strong>.<\/p>\n<p><strong>La tribu comienza en el propio n\u00facleo familiar<\/strong> (padre y madre), doy por hecho que <span style=\"text-decoration: underline;\"><strong>todas las familias deber\u00edan tener dos progenitores igual de implicados y colaborativo<\/strong><\/span>s, aunque por lo que suelo ver (afortunadamente no en mi caso) es menos habitual de lo que deber\u00eda.Pero una vez tenemos un <strong>equipo familiar fuerte<\/strong>, la tribu es muy importante, para mi lo ha sido estas dos semanas; estar en casa con los abuelos ya ayuda mucho, pero que pasen por casa t\u00edos, t\u00edos abuelos, primos, vecinos&#8230;Todos interesados en estar un poco con Mart\u00edn, cogerle, ba\u00f1arse en la piscina, jugar a la pelota&#8230;Hace que <strong>los padres podamos bajar la guardia, descansar<\/strong>&#8230;Hasta irnos a darnos un ba\u00f1o caliente.Y, as\u00ed, las vacaciones se empiezan mejor.<\/p>\n<p><img loading=\"lazy\" decoding=\"async\" class=\"aligncenter size-full wp-image-3016\" src=\"https:\/\/oui-oui.es\/blog\/wp-content\/uploads\/2015\/08\/Oui-Oui-proverbio-africano-cuidar-ni\u00f1o-tribu-llegar-lejos-acompa\u00f1ado.jpg\" alt=\"Oui Oui-proverbio africano-cuidar ni\u00f1o tribu-llegar lejos acompa\u00f1ado\" width=\"236\" height=\"236\" srcset=\"https:\/\/oui-oui.es\/blog\/wp-content\/uploads\/2015\/08\/Oui-Oui-proverbio-africano-cuidar-ni\u00f1o-tribu-llegar-lejos-acompa\u00f1ado.jpg 236w, https:\/\/oui-oui.es\/blog\/wp-content\/uploads\/2015\/08\/Oui-Oui-proverbio-africano-cuidar-ni\u00f1o-tribu-llegar-lejos-acompa\u00f1ado-150x150.jpg 150w\" sizes=\"auto, (max-width: 236px) 100vw, 236px\" \/><\/p>\n<p>Hace unas semanas tuvimos una boda a la que acudi\u00f3 una de las amigas del grupo con sus mellizos de apenas dos meses a los que daba el pecho, pod\u00e9is imaginar <strong>el traj\u00edn que es ir con dos beb\u00e9s tan peque\u00f1ines a pasar un d\u00eda entero fuera<\/strong>, por supuesto cada vez que alguno de nosotros pasaba por su lado ayudaba con algo; llevar una mantita porque hab\u00eda refrescado, sacar al segundo beb\u00e9 del carrito porque lloraba mientras el otro tomaba el pecho&#8230;Algo que me pareci\u00f3 lo normal, pero que al hilo de una foto que colgu\u00e9 en FB con la frase <strong>\u00abPara cuidar a un ni\u00f1o hace falta una tribu entera\u00bb<\/strong>, mientras me daba un ba\u00f1ito caliente aprovechando que la casa estaba llena de gente,\u00a0 la madre escrib\u00eda <strong><em>\u00ab<\/em><\/strong><span data-reactid=\".5d.1:5:1:$comment10155855061080504_10155860493945504:0.0.$right.0.$left.0.0.1\"><span data-ft=\"{&quot;tn&quot;:&quot;K&quot;}\" data-reactid=\".5d.1:5:1:$comment10155855061080504_10155860493945504:0.0.$right.0.$left.0.0.1.$comment-body\"><span class=\"UFICommentBody\" data-reactid=\".5d.1:5:1:$comment10155855061080504_10155860493945504:0.0.$right.0.$left.0.0.1.$comment-body.0\"><span data-reactid=\".5d.1:5:1:$comment10155855061080504_10155860493945504:0.0.$right.0.$left.0.0.1.$comment-body.0.$end:0:$text0:0\"><strong><em>Eso mismo dec\u00eda hace unos d\u00edas. S\u00f3lo se pueden tener mellizos con la ayuda de la tribu. Ayer mismo se vio. Sin tribu, imposible!\u00bb<\/em><\/strong> y entonces ca\u00ed en lo amplio de la frase, del significado y de los tipos de persona y momentos que agrupa, de repente nosotros fuimos parte de su tribu \ud83d\ude09<\/span><\/span><\/span><\/span><\/p>\n<div id=\"attachment_3013\" style=\"width: 970px\" class=\"wp-caption aligncenter\"><img loading=\"lazy\" decoding=\"async\" aria-describedby=\"caption-attachment-3013\" class=\"size-full wp-image-3013\" src=\"https:\/\/oui-oui.es\/blog\/wp-content\/uploads\/2015\/08\/Oui-Oui-ba\u00f1o-de-descanso.jpg\" alt=\"Para cuidar a un ni\u00f1o hace falta una tribu entera...Que gusto estar en casa con abuelos y t\u00edos abuelos y poder darme un ba\u00f1ito...Empezando bien las vacaciones!\" width=\"960\" height=\"960\" srcset=\"https:\/\/oui-oui.es\/blog\/wp-content\/uploads\/2015\/08\/Oui-Oui-ba\u00f1o-de-descanso.jpg 960w, https:\/\/oui-oui.es\/blog\/wp-content\/uploads\/2015\/08\/Oui-Oui-ba\u00f1o-de-descanso-150x150.jpg 150w, https:\/\/oui-oui.es\/blog\/wp-content\/uploads\/2015\/08\/Oui-Oui-ba\u00f1o-de-descanso-300x300.jpg 300w, https:\/\/oui-oui.es\/blog\/wp-content\/uploads\/2015\/08\/Oui-Oui-ba\u00f1o-de-descanso-600x600.jpg 600w\" sizes=\"auto, (max-width: 960px) 100vw, 960px\" \/><p id=\"caption-attachment-3013\" class=\"wp-caption-text\">Para cuidar a un ni\u00f1o hace falta una tribu entera&#8230;Que gusto estar en casa con abuelos y t\u00edos abuelos y poder darme un ba\u00f1ito&#8230;Empezando bien las vacaciones!<\/p><\/div>\n<p>Por eso tambi\u00e9n me apetece tener m\u00e1s hijos (de momento tres), porque creo que <strong>cuantos m\u00e1s seamos, mejor!<\/strong>, para <strong>ayudarnos, apoyarnos, para divertirnos<\/strong> y&#8230; \u00a1Para el futuro de todos!<\/p>\n<p>Tambi\u00e9n nos hace valorar a\u00fan m\u00e1s a esas familias que por las circunstancias que sean no pueden crecer con todos sus miembros; <strong>el esfuerzo de una madre que saca adelante sola a sus hijos<\/strong>, por ejemplo, desde qu\u00ed ten\u00e9is toda mi admiraci\u00f3n no solo por la valent\u00eda sino por el esfuerzo, que es mucho.<\/p>\n<p>Y, desde aqu\u00ed<strong> \u00a1gracias a mi tribu!<\/strong> primero <strong>a los abuelos<\/strong>, por tenernos en palmitas dos semanas, pero tambi\u00e9n a t\u00edos, t\u00edos abuelos, primos, vecinos, amigos&#8230;<strong>En tribu todo es m\u00e1s f\u00e1cil!<\/strong>, aunque ahora nos vamos a disfrutar de unas semanitas <strong>los tres solos que tambi\u00e9n nos apetece<\/strong>! (a ver c\u00f3mo volvemos de cansados&#8230;je,je)<\/p>\n<p><img loading=\"lazy\" decoding=\"async\" class=\"aligncenter size-full wp-image-3014\" src=\"https:\/\/oui-oui.es\/blog\/wp-content\/uploads\/2015\/08\/Oui-Oui-frase-malasmadres-cansancio-vacaciones.png\" alt=\"Oui Oui-frase malasmadres-cansancio vacaciones\" width=\"653\" height=\"720\" srcset=\"https:\/\/oui-oui.es\/blog\/wp-content\/uploads\/2015\/08\/Oui-Oui-frase-malasmadres-cansancio-vacaciones.png 653w, https:\/\/oui-oui.es\/blog\/wp-content\/uploads\/2015\/08\/Oui-Oui-frase-malasmadres-cansancio-vacaciones-272x300.png 272w, https:\/\/oui-oui.es\/blog\/wp-content\/uploads\/2015\/08\/Oui-Oui-frase-malasmadres-cansancio-vacaciones-600x662.png 600w\" sizes=\"auto, (max-width: 653px) 100vw, 653px\" \/><\/p>\n<p>Feliz verano!<\/p>\n<p>&nbsp;<\/p>\n","protected":false},"excerpt":{"rendered":"<p>Hoy hace dos semanas que estoy de vacaciones, la primera sola con Mart\u00edn y mis padres y esta segunda ya con mi marido y mis suegros. Y hay un pensamiento que no se me ha ido de la cabeza casi ning\u00fan d\u00eda; el proverbio africano que dice que \u00abPara cuidar a un ni\u00f1o hace falta [&hellip;]<\/p>\n","protected":false},"author":1,"featured_media":3015,"comment_status":"open","ping_status":"open","sticky":false,"template":"","format":"standard","meta":{"jetpack_post_was_ever_published":false,"_jetpack_newsletter_access":"","_jetpack_dont_email_post_to_subs":false,"_jetpack_newsletter_tier_id":0,"_jetpack_memberships_contains_paywalled_content":false,"_jetpack_memberships_contains_paid_content":false,"footnotes":"","jetpack_publicize_message":"","jetpack_publicize_feature_enabled":true,"jetpack_social_post_already_shared":false,"jetpack_social_options":{"image_generator_settings":{"template":"highway","default_image_id":0,"font":"","enabled":false},"version":2}},"categories":[535],"tags":[708],"class_list":["post-2954","post","type-post","status-publish","format-standard","has-post-thumbnail","hentry","category-maternidad","tag-reflexiones"],"aioseo_notices":[],"jetpack_publicize_connections":[],"jetpack_featured_media_url":"https:\/\/oui-oui.es\/blog\/wp-content\/uploads\/2015\/08\/Oui-Oui-proverbio-africano-cuidar-ni\u00f1o-tribu.jpg","jetpack_sharing_enabled":true,"jetpack-related-posts":[{"id":4926,"url":"https:\/\/oui-oui.es\/blog\/9-tareas-de-la-casa-que-puede-hacer-un-nino-de-3-anos\/","url_meta":{"origin":2954,"position":0},"title":"9 tareas de la casa que puede hacer un ni\u00f1o de 3 a\u00f1os","author":"Mar\u00eda \u2665Oui Oui\u2665","date":"23 noviembre, 2016","format":false,"excerpt":"Igual el t\u00edtulo suena un poco raro, pero me refiero a que es importante que desde peque\u00f1os participen en las tareas de la casa, tanto para que sean conscientes de que hay muchas cosas que hacer (las haga quien las haga habitualmente, una persona que trabaja en casa, los padres\u2026","rel":"","context":"En \u00abNI\u00d1OS Y NI\u00d1AS\u00bb","block_context":{"text":"NI\u00d1OS Y NI\u00d1AS","link":"https:\/\/oui-oui.es\/blog\/category\/ninos\/"},"img":{"alt_text":"","src":"https:\/\/i0.wp.com\/oui-oui.es\/blog\/wp-content\/uploads\/2016\/11\/Oui-Oui-martin-cocinando-mini-thermomix-thermmix-ni%C3%B1os.jpg?resize=350%2C200&ssl=1","width":350,"height":200,"srcset":"https:\/\/i0.wp.com\/oui-oui.es\/blog\/wp-content\/uploads\/2016\/11\/Oui-Oui-martin-cocinando-mini-thermomix-thermmix-ni%C3%B1os.jpg?resize=350%2C200&ssl=1 1x, https:\/\/i0.wp.com\/oui-oui.es\/blog\/wp-content\/uploads\/2016\/11\/Oui-Oui-martin-cocinando-mini-thermomix-thermmix-ni%C3%B1os.jpg?resize=525%2C300&ssl=1 1.5x, https:\/\/i0.wp.com\/oui-oui.es\/blog\/wp-content\/uploads\/2016\/11\/Oui-Oui-martin-cocinando-mini-thermomix-thermmix-ni%C3%B1os.jpg?resize=700%2C400&ssl=1 2x, https:\/\/i0.wp.com\/oui-oui.es\/blog\/wp-content\/uploads\/2016\/11\/Oui-Oui-martin-cocinando-mini-thermomix-thermmix-ni%C3%B1os.jpg?resize=1050%2C600&ssl=1 3x"},"classes":[]},{"id":3340,"url":"https:\/\/oui-oui.es\/blog\/como-improvisar-un-cumpleanos-de-nino-el-dia-antes\/","url_meta":{"origin":2954,"position":1},"title":"C\u00f3mo improvisar un cumplea\u00f1os de ni\u00f1o el d\u00eda antes","author":"Mar\u00eda \u2665Oui Oui\u2665","date":"18 septiembre, 2015","format":false,"excerpt":"Este a\u00f1o se me ech\u00f3 el tiempo encima, entre que acabamos las vacaciones casi en septiembre, que me fu\u00ed directa a Par\u00eds y que a la vuelta no ten\u00eda m\u00f3vil, la verdad es que me pillaba el toro con el cumplea\u00f1os de Mart\u00edn, quer\u00eda hacer algo personalizado pero estaba muy\u2026","rel":"","context":"En \u00abFIESTAS y CELEBRACIONES\u00bb","block_context":{"text":"FIESTAS y CELEBRACIONES","link":"https:\/\/oui-oui.es\/blog\/category\/fiestas-celebraciones\/"},"img":{"alt_text":"","src":"https:\/\/i0.wp.com\/oui-oui.es\/blog\/wp-content\/uploads\/2015\/09\/Oui-Oui-decoracion-cumple-2-a%C3%B1os-cumple-en-mint-y-plata-cumplea%C3%B1os-ni%C3%B1o-en-mint-2.jpg?resize=350%2C200&ssl=1","width":350,"height":200,"srcset":"https:\/\/i0.wp.com\/oui-oui.es\/blog\/wp-content\/uploads\/2015\/09\/Oui-Oui-decoracion-cumple-2-a%C3%B1os-cumple-en-mint-y-plata-cumplea%C3%B1os-ni%C3%B1o-en-mint-2.jpg?resize=350%2C200&ssl=1 1x, https:\/\/i0.wp.com\/oui-oui.es\/blog\/wp-content\/uploads\/2015\/09\/Oui-Oui-decoracion-cumple-2-a%C3%B1os-cumple-en-mint-y-plata-cumplea%C3%B1os-ni%C3%B1o-en-mint-2.jpg?resize=525%2C300&ssl=1 1.5x, https:\/\/i0.wp.com\/oui-oui.es\/blog\/wp-content\/uploads\/2015\/09\/Oui-Oui-decoracion-cumple-2-a%C3%B1os-cumple-en-mint-y-plata-cumplea%C3%B1os-ni%C3%B1o-en-mint-2.jpg?resize=700%2C400&ssl=1 2x, https:\/\/i0.wp.com\/oui-oui.es\/blog\/wp-content\/uploads\/2015\/09\/Oui-Oui-decoracion-cumple-2-a%C3%B1os-cumple-en-mint-y-plata-cumplea%C3%B1os-ni%C3%B1o-en-mint-2.jpg?resize=1050%2C600&ssl=1 3x, https:\/\/i0.wp.com\/oui-oui.es\/blog\/wp-content\/uploads\/2015\/09\/Oui-Oui-decoracion-cumple-2-a%C3%B1os-cumple-en-mint-y-plata-cumplea%C3%B1os-ni%C3%B1o-en-mint-2.jpg?resize=1400%2C800&ssl=1 4x"},"classes":[]},{"id":5476,"url":"https:\/\/oui-oui.es\/blog\/11-cuentos-de-igualdad-y-feminismo-para-ninos\/","url_meta":{"origin":2954,"position":2},"title":"11 cuentos de igualdad y feminismo para ni\u00f1os","author":"Mar\u00eda \u2665Oui Oui\u2665","date":"2 junio, 2017","format":false,"excerpt":"Cuando naci\u00f3 Mart\u00edn recuper\u00e9 de casa de mis padres algunos de mis cuentos favoritos de cuando era peque\u00f1a, estaba claro no iba a le\u00e9rselos de inmediato, pero ah\u00ed estaban en su habitaci\u00f3n, en lo alto de un estante para que no los cogiera y se rompieran. Sin embargo el otro\u2026","rel":"","context":"En \u00abNI\u00d1OS Y NI\u00d1AS\u00bb","block_context":{"text":"NI\u00d1OS Y NI\u00d1AS","link":"https:\/\/oui-oui.es\/blog\/category\/ninos\/"},"img":{"alt_text":"","src":"https:\/\/i0.wp.com\/oui-oui.es\/blog\/wp-content\/uploads\/2017\/06\/Oui-Oui-libros-igualdad-cuentos-igualdad-coleccion-peque%C3%B1a-y-grande-rosa-caramelo-historia-de-unos-bocadillos-1.jpg?resize=350%2C200&ssl=1","width":350,"height":200,"srcset":"https:\/\/i0.wp.com\/oui-oui.es\/blog\/wp-content\/uploads\/2017\/06\/Oui-Oui-libros-igualdad-cuentos-igualdad-coleccion-peque%C3%B1a-y-grande-rosa-caramelo-historia-de-unos-bocadillos-1.jpg?resize=350%2C200&ssl=1 1x, https:\/\/i0.wp.com\/oui-oui.es\/blog\/wp-content\/uploads\/2017\/06\/Oui-Oui-libros-igualdad-cuentos-igualdad-coleccion-peque%C3%B1a-y-grande-rosa-caramelo-historia-de-unos-bocadillos-1.jpg?resize=525%2C300&ssl=1 1.5x, https:\/\/i0.wp.com\/oui-oui.es\/blog\/wp-content\/uploads\/2017\/06\/Oui-Oui-libros-igualdad-cuentos-igualdad-coleccion-peque%C3%B1a-y-grande-rosa-caramelo-historia-de-unos-bocadillos-1.jpg?resize=700%2C400&ssl=1 2x, https:\/\/i0.wp.com\/oui-oui.es\/blog\/wp-content\/uploads\/2017\/06\/Oui-Oui-libros-igualdad-cuentos-igualdad-coleccion-peque%C3%B1a-y-grande-rosa-caramelo-historia-de-unos-bocadillos-1.jpg?resize=1050%2C600&ssl=1 3x, https:\/\/i0.wp.com\/oui-oui.es\/blog\/wp-content\/uploads\/2017\/06\/Oui-Oui-libros-igualdad-cuentos-igualdad-coleccion-peque%C3%B1a-y-grande-rosa-caramelo-historia-de-unos-bocadillos-1.jpg?resize=1400%2C800&ssl=1 4x"},"classes":[]},{"id":2840,"url":"https:\/\/oui-oui.es\/blog\/5-actividades-para-hacer-con-un-bebe-de-2-anos-en-verano\/","url_meta":{"origin":2954,"position":3},"title":"5 actividades para hacer con un beb\u00e9 de 2 a\u00f1os en verano","author":"Mar\u00eda \u2665Oui Oui\u2665","date":"4 agosto, 2015","format":false,"excerpt":"Este es el segundo verano de Mart\u00edn, cada vez va siendo menos beb\u00e9 y m\u00e1s ni\u00f1o y quer\u00eda aprovechar al m\u00e1ximo esta etapa.El verano tiene d\u00edas m\u00e1s largos, y, en mi caso, estar\u00e9 con Mart\u00edn pr\u00e1cticamente 24h al d\u00eda (con m\u00e1s familia, claro), as\u00ed que me pareci\u00f3 importante planificarme algunas\u2026","rel":"","context":"En \u00abMATERNIDAD\u00bb","block_context":{"text":"MATERNIDAD","link":"https:\/\/oui-oui.es\/blog\/category\/maternidad\/"},"img":{"alt_text":"","src":"https:\/\/i0.wp.com\/oui-oui.es\/blog\/wp-content\/uploads\/Oui-Oui-actividades-bebes-2-a%C3%B1os-llevar-un-perro-e1438898133537.jpg?resize=350%2C200&ssl=1","width":350,"height":200,"srcset":"https:\/\/i0.wp.com\/oui-oui.es\/blog\/wp-content\/uploads\/Oui-Oui-actividades-bebes-2-a%C3%B1os-llevar-un-perro-e1438898133537.jpg?resize=350%2C200&ssl=1 1x, https:\/\/i0.wp.com\/oui-oui.es\/blog\/wp-content\/uploads\/Oui-Oui-actividades-bebes-2-a%C3%B1os-llevar-un-perro-e1438898133537.jpg?resize=525%2C300&ssl=1 1.5x"},"classes":[]},{"id":5807,"url":"https:\/\/oui-oui.es\/blog\/que-es-una-torre-de-aprendizaje-y-por-que-es-util-para-un-nino\/","url_meta":{"origin":2954,"position":4},"title":"Qu\u00e9 es una torre de aprendizaje y por qu\u00e9 es \u00fatil para un ni\u00f1o","author":"Mar\u00eda \u2665Oui Oui\u2665","date":"6 julio, 2017","format":false,"excerpt":"Una torre de aprendizaje es un recurso educativo con el que ayudar a desarrollar la independencia de los m\u00e1s peque\u00f1os, un \"taburete seguro\" en el que subirse para poder realizar actividades que por su altura les ser\u00eda imposible hacer por s\u00ed mismos. Inspirada en la vida pr\u00e1ctica Montessori, es un\u2026","rel":"","context":"En \u00abMATERNIDAD\u00bb","block_context":{"text":"MATERNIDAD","link":"https:\/\/oui-oui.es\/blog\/category\/maternidad\/"},"img":{"alt_text":"","src":"https:\/\/i0.wp.com\/oui-oui.es\/blog\/wp-content\/uploads\/2017\/07\/Oui-Oui-torre-de-aprendizaje-montessori-torre-aprendizaje-kutuva-cocina-montessori-e1499352505936.jpg?resize=350%2C200&ssl=1","width":350,"height":200,"srcset":"https:\/\/i0.wp.com\/oui-oui.es\/blog\/wp-content\/uploads\/2017\/07\/Oui-Oui-torre-de-aprendizaje-montessori-torre-aprendizaje-kutuva-cocina-montessori-e1499352505936.jpg?resize=350%2C200&ssl=1 1x, https:\/\/i0.wp.com\/oui-oui.es\/blog\/wp-content\/uploads\/2017\/07\/Oui-Oui-torre-de-aprendizaje-montessori-torre-aprendizaje-kutuva-cocina-montessori-e1499352505936.jpg?resize=525%2C300&ssl=1 1.5x, https:\/\/i0.wp.com\/oui-oui.es\/blog\/wp-content\/uploads\/2017\/07\/Oui-Oui-torre-de-aprendizaje-montessori-torre-aprendizaje-kutuva-cocina-montessori-e1499352505936.jpg?resize=700%2C400&ssl=1 2x, https:\/\/i0.wp.com\/oui-oui.es\/blog\/wp-content\/uploads\/2017\/07\/Oui-Oui-torre-de-aprendizaje-montessori-torre-aprendizaje-kutuva-cocina-montessori-e1499352505936.jpg?resize=1050%2C600&ssl=1 3x, https:\/\/i0.wp.com\/oui-oui.es\/blog\/wp-content\/uploads\/2017\/07\/Oui-Oui-torre-de-aprendizaje-montessori-torre-aprendizaje-kutuva-cocina-montessori-e1499352505936.jpg?resize=1400%2C800&ssl=1 4x"},"classes":[]},{"id":9164,"url":"https:\/\/oui-oui.es\/blog\/cuadernos-de-actividades-y-otros-juegos-para-vacaciones\/","url_meta":{"origin":2954,"position":5},"title":"Cuadernos de actividades y otros juegos para vacaciones","author":"Mar\u00eda \u2665Oui Oui\u2665","date":"25 junio, 2018","format":false,"excerpt":"Recuerdo cuando llegaba el verano y me encantaba ir a comprar un cuaderno de actividades, por entonces s\u00f3lo exist\u00edan los t\u00edpicos de \"Vacaciones Santillana\" y alg\u00fan cuaderno Rubio, pero, junto al regalo que nos hac\u00edan mis padres por las buenas notas (y que sol\u00eda elegir entre esos anuncios de juguetes\u2026","rel":"","context":"En \u00abNI\u00d1OS Y NI\u00d1AS\u00bb","block_context":{"text":"NI\u00d1OS Y NI\u00d1AS","link":"https:\/\/oui-oui.es\/blog\/category\/ninos\/"},"img":{"alt_text":"","src":"https:\/\/i0.wp.com\/oui-oui.es\/blog\/wp-content\/uploads\/2018\/06\/IMG_5669.jpg?resize=350%2C200&ssl=1","width":350,"height":200,"srcset":"https:\/\/i0.wp.com\/oui-oui.es\/blog\/wp-content\/uploads\/2018\/06\/IMG_5669.jpg?resize=350%2C200&ssl=1 1x, https:\/\/i0.wp.com\/oui-oui.es\/blog\/wp-content\/uploads\/2018\/06\/IMG_5669.jpg?resize=525%2C300&ssl=1 1.5x, https:\/\/i0.wp.com\/oui-oui.es\/blog\/wp-content\/uploads\/2018\/06\/IMG_5669.jpg?resize=700%2C400&ssl=1 2x, https:\/\/i0.wp.com\/oui-oui.es\/blog\/wp-content\/uploads\/2018\/06\/IMG_5669.jpg?resize=1050%2C600&ssl=1 3x, https:\/\/i0.wp.com\/oui-oui.es\/blog\/wp-content\/uploads\/2018\/06\/IMG_5669.jpg?resize=1400%2C800&ssl=1 4x"},"classes":[]}],"_links":{"self":[{"href":"https:\/\/oui-oui.es\/blog\/wp-json\/wp\/v2\/posts\/2954","targetHints":{"allow":["GET"]}}],"collection":[{"href":"https:\/\/oui-oui.es\/blog\/wp-json\/wp\/v2\/posts"}],"about":[{"href":"https:\/\/oui-oui.es\/blog\/wp-json\/wp\/v2\/types\/post"}],"author":[{"embeddable":true,"href":"https:\/\/oui-oui.es\/blog\/wp-json\/wp\/v2\/users\/1"}],"replies":[{"embeddable":true,"href":"https:\/\/oui-oui.es\/blog\/wp-json\/wp\/v2\/comments?post=2954"}],"version-history":[{"count":3,"href":"https:\/\/oui-oui.es\/blog\/wp-json\/wp\/v2\/posts\/2954\/revisions"}],"predecessor-version":[{"id":3017,"href":"https:\/\/oui-oui.es\/blog\/wp-json\/wp\/v2\/posts\/2954\/revisions\/3017"}],"wp:featuredmedia":[{"embeddable":true,"href":"https:\/\/oui-oui.es\/blog\/wp-json\/wp\/v2\/media\/3015"}],"wp:attachment":[{"href":"https:\/\/oui-oui.es\/blog\/wp-json\/wp\/v2\/media?parent=2954"}],"wp:term":[{"taxonomy":"category","embeddable":true,"href":"https:\/\/oui-oui.es\/blog\/wp-json\/wp\/v2\/categories?post=2954"},{"taxonomy":"post_tag","embeddable":true,"href":"https:\/\/oui-oui.es\/blog\/wp-json\/wp\/v2\/tags?post=2954"}],"curies":[{"name":"wp","href":"https:\/\/api.w.org\/{rel}","templated":true}]}}