{"id":3099,"date":"2015-09-02T00:01:24","date_gmt":"2015-09-01T22:01:24","guid":{"rendered":"https:\/\/oui-oui.es\/blog\/?p=3099"},"modified":"2015-09-01T19:09:06","modified_gmt":"2015-09-01T17:09:06","slug":"cabo-de-gata-en-familia","status":"publish","type":"post","link":"https:\/\/oui-oui.es\/blog\/cabo-de-gata-en-familia\/","title":{"rendered":"Cabo de Gata en familia"},"content":{"rendered":"<p><img loading=\"lazy\" decoding=\"async\" class=\"aligncenter size-large wp-image-3107\" src=\"https:\/\/oui-oui.es\/blog\/wp-content\/uploads\/2015\/09\/Oui-Oui-cabo-de-gata-con-ni\u00f1os-agua-amarga-cortijo-los-malenos-1024x768.jpg\" alt=\"Oui Oui-cabo de gata con ni\u00f1os-agua amarga-cortijo los malenos\" width=\"1024\" height=\"768\" srcset=\"https:\/\/oui-oui.es\/blog\/wp-content\/uploads\/2015\/09\/Oui-Oui-cabo-de-gata-con-ni\u00f1os-agua-amarga-cortijo-los-malenos-1024x768.jpg 1024w, https:\/\/oui-oui.es\/blog\/wp-content\/uploads\/2015\/09\/Oui-Oui-cabo-de-gata-con-ni\u00f1os-agua-amarga-cortijo-los-malenos-300x225.jpg 300w, https:\/\/oui-oui.es\/blog\/wp-content\/uploads\/2015\/09\/Oui-Oui-cabo-de-gata-con-ni\u00f1os-agua-amarga-cortijo-los-malenos-600x450.jpg 600w\" sizes=\"auto, (max-width: 1024px) 100vw, 1024px\" \/><\/p>\n<p>Como contaba el otro d\u00eda, este a\u00f1o decidimos buscar un destino de <em>\u00abplaya de calor\u00bb<\/em> para segurarnos los d\u00edas de playa con Mart\u00edn, pero quer\u00edamos hu\u00edr de las masificaciones, los macro hoteles y los atascos, as\u00ed llegamos a <strong>Cabo de Gata<\/strong>. Siendo sincera, seg\u00fan bajamos del coche nos golpe\u00f3 una ola de calor que me hizo dudar si aguantar\u00eda una semana, pero coincidi\u00f3 con la ola de calor que sufr\u00eda media Espa\u00f1a y en un par de d\u00edas volvi\u00f3 a su calor normal, as\u00ed que aunque es un sitio caluroso, nos gust\u00f3 para ir en familia.<\/p>\n<p>Mis recomendaciones si vas a ir es que <strong>el alojamiento s\u00ed o s\u00ed tenga aire acondicionado<\/strong>, hay multitud de hotelitos, cortijos, casas rurales..Esparcidas por <em>el desierto<\/em> y, puesto que en esa zona la idea es moverse de cala en cala, yo elegir\u00eda un alojamiento especial aunque est\u00e9 m\u00e1s alejado, nosotros nos decicimos por el <strong><a href=\"http:\/\/www.cortijolosmalenos.com\/\" target=\"_blank\">cortijo Los Malenos<\/a><\/strong> en Agua Amarga y fu\u00e9 la mejor decisi\u00f3n del viaje; <strong>un hotel con encanto<\/strong>, una piscina especial, que admiten ni\u00f1os (y perros), en el que el desayuno est\u00e1 incre\u00edble y que, adem\u00e1s, tiene grandes y tranquilos espacios para que nadie moleste a nadie.<\/p>\n<p><img loading=\"lazy\" decoding=\"async\" class=\"aligncenter size-large wp-image-3102\" src=\"https:\/\/oui-oui.es\/blog\/wp-content\/uploads\/2015\/09\/Oui-Oui-hoteles-con-encanto-ni\u00f1os-almeria-los-malenos-1024x1024.jpg\" alt=\"Oui Oui-hoteles con encanto ni\u00f1os-almeria-los malenos\" width=\"1024\" height=\"1024\" srcset=\"https:\/\/oui-oui.es\/blog\/wp-content\/uploads\/2015\/09\/Oui-Oui-hoteles-con-encanto-ni\u00f1os-almeria-los-malenos-1024x1024.jpg 1024w, https:\/\/oui-oui.es\/blog\/wp-content\/uploads\/2015\/09\/Oui-Oui-hoteles-con-encanto-ni\u00f1os-almeria-los-malenos-150x150.jpg 150w, https:\/\/oui-oui.es\/blog\/wp-content\/uploads\/2015\/09\/Oui-Oui-hoteles-con-encanto-ni\u00f1os-almeria-los-malenos-300x300.jpg 300w, https:\/\/oui-oui.es\/blog\/wp-content\/uploads\/2015\/09\/Oui-Oui-hoteles-con-encanto-ni\u00f1os-almeria-los-malenos-600x600.jpg 600w\" sizes=\"auto, (max-width: 1024px) 100vw, 1024px\" \/><\/p>\n<p>Los dos pueblos que nos parecieron m\u00e1s bonitos fueron <strong>Agua Amarga<\/strong> y <strong>Rodalquilar<\/strong>, si volviese, sin duda elegir\u00eda uno de los dos de nuevo.<\/p>\n<p><img loading=\"lazy\" decoding=\"async\" class=\"aligncenter size-large wp-image-3100\" src=\"https:\/\/oui-oui.es\/blog\/wp-content\/uploads\/2015\/09\/Oui-Oui-cabo-de-gata-con-ni\u00f1os-agua-amarga-1024x1024.jpg\" alt=\"Oui Oui-cabo de gata con ni\u00f1os-agua amarga\" width=\"1024\" height=\"1024\" srcset=\"https:\/\/oui-oui.es\/blog\/wp-content\/uploads\/2015\/09\/Oui-Oui-cabo-de-gata-con-ni\u00f1os-agua-amarga-1024x1024.jpg 1024w, https:\/\/oui-oui.es\/blog\/wp-content\/uploads\/2015\/09\/Oui-Oui-cabo-de-gata-con-ni\u00f1os-agua-amarga-150x150.jpg 150w, https:\/\/oui-oui.es\/blog\/wp-content\/uploads\/2015\/09\/Oui-Oui-cabo-de-gata-con-ni\u00f1os-agua-amarga-300x300.jpg 300w, https:\/\/oui-oui.es\/blog\/wp-content\/uploads\/2015\/09\/Oui-Oui-cabo-de-gata-con-ni\u00f1os-agua-amarga-600x600.jpg 600w\" sizes=\"auto, (max-width: 1024px) 100vw, 1024px\" \/><\/p>\n<p><strong>Agua Amarga<\/strong> es un peque\u00f1o pueblo, muy tranquilo y que, apesar se ir en agosto, no ten\u00eda grandes aglomeraciones, eso s\u00ed, tampoco hay mucho que hacer por la noche \ud83d\ude09<\/p>\n<p>Pero se come fenomenal, sobretodo en el <a href=\"http:\/\/www.asadorlachumbera.com\/\" target=\"_blank\"><strong>Asador Chumbera<\/strong><\/a> (un must para ir a cenar) y en el <strong><a href=\"http:\/\/www.restaurantelostarahis.com\" target=\"_blank\">restaurante Los Tarahis<\/a><\/strong> (este \u00faltimo justo en la playa de Agua Amarga).<\/p>\n<div id=\"attachment_3101\" style=\"width: 1034px\" class=\"wp-caption aligncenter\"><img loading=\"lazy\" decoding=\"async\" aria-describedby=\"caption-attachment-3101\" class=\"size-large wp-image-3101\" src=\"https:\/\/oui-oui.es\/blog\/wp-content\/uploads\/2015\/09\/Oui-Oui-cabo-de-gata-con-ni\u00f1os-agua-amarga-asador-la-chumbera-e1441125973401-1024x1024.jpg\" alt=\"AsadorLa Chumbera\" width=\"1024\" height=\"1024\" srcset=\"https:\/\/oui-oui.es\/blog\/wp-content\/uploads\/2015\/09\/Oui-Oui-cabo-de-gata-con-ni\u00f1os-agua-amarga-asador-la-chumbera-e1441125973401-1024x1024.jpg 1024w, https:\/\/oui-oui.es\/blog\/wp-content\/uploads\/2015\/09\/Oui-Oui-cabo-de-gata-con-ni\u00f1os-agua-amarga-asador-la-chumbera-e1441125973401-150x150.jpg 150w, https:\/\/oui-oui.es\/blog\/wp-content\/uploads\/2015\/09\/Oui-Oui-cabo-de-gata-con-ni\u00f1os-agua-amarga-asador-la-chumbera-e1441125973401-300x300.jpg 300w, https:\/\/oui-oui.es\/blog\/wp-content\/uploads\/2015\/09\/Oui-Oui-cabo-de-gata-con-ni\u00f1os-agua-amarga-asador-la-chumbera-e1441125973401-600x600.jpg 600w\" sizes=\"auto, (max-width: 1024px) 100vw, 1024px\" \/><p id=\"caption-attachment-3101\" class=\"wp-caption-text\">AsadorLa Chumbera<\/p><\/div>\n<p>Un buen plan para por la tarde es ir a dar una vuelta por el <strong>paseo mar\u00edtimo<\/strong> del pueblo cercano <strong>Carboneras<\/strong>, con un poco m\u00e1s de ambiente adem\u00e1s de alg\u00fan chiringuito en la playa.<\/p>\n<div id=\"attachment_3103\" style=\"width: 1034px\" class=\"wp-caption aligncenter\"><img loading=\"lazy\" decoding=\"async\" aria-describedby=\"caption-attachment-3103\" class=\"size-large wp-image-3103\" src=\"https:\/\/oui-oui.es\/blog\/wp-content\/uploads\/2015\/09\/Oui-Oui-playas-almeria-con-ni\u00f1os-carboneras-1024x768.jpg\" alt=\"Playa de Carboneras\" width=\"1024\" height=\"768\" srcset=\"https:\/\/oui-oui.es\/blog\/wp-content\/uploads\/2015\/09\/Oui-Oui-playas-almeria-con-ni\u00f1os-carboneras-1024x768.jpg 1024w, https:\/\/oui-oui.es\/blog\/wp-content\/uploads\/2015\/09\/Oui-Oui-playas-almeria-con-ni\u00f1os-carboneras-300x225.jpg 300w, https:\/\/oui-oui.es\/blog\/wp-content\/uploads\/2015\/09\/Oui-Oui-playas-almeria-con-ni\u00f1os-carboneras-600x450.jpg 600w\" sizes=\"auto, (max-width: 1024px) 100vw, 1024px\" \/><p id=\"caption-attachment-3103\" class=\"wp-caption-text\">Playa de Carboneras<\/p><\/div>\n<p>Y en cuanto a las playas, sin duda tienes que ir a conocer diferentes calas (nos contaron que hay un barco taxi que te lleva y te recoge de la que quieras, auqnue yo lo har\u00eda con ni\u00f1os un poco m\u00e1s mayores), pero no s\u00e9 si fue debido a que era agosto pero algunas de las m\u00e1s recomendadas nos decepcionaron bastante, como fue el caso de la <strong>playa de los Genoveses<\/strong>, aparcas lejos de la playa (pagando 5\u20ac), la arena es de piedras y palos revueltos y la playa en s\u00ed no era mejor que otras.<\/p>\n<div id=\"attachment_3105\" style=\"width: 1034px\" class=\"wp-caption aligncenter\"><img loading=\"lazy\" decoding=\"async\" aria-describedby=\"caption-attachment-3105\" class=\"size-large wp-image-3105\" src=\"https:\/\/oui-oui.es\/blog\/wp-content\/uploads\/2015\/09\/Oui-Oui-Cabo-de-Gata-con-ni\u00f1os-playa-de-los-genoveses-1-1024x768.jpg\" alt=\"Playa de los Genoveses\" width=\"1024\" height=\"768\" srcset=\"https:\/\/oui-oui.es\/blog\/wp-content\/uploads\/2015\/09\/Oui-Oui-Cabo-de-Gata-con-ni\u00f1os-playa-de-los-genoveses-1-1024x768.jpg 1024w, https:\/\/oui-oui.es\/blog\/wp-content\/uploads\/2015\/09\/Oui-Oui-Cabo-de-Gata-con-ni\u00f1os-playa-de-los-genoveses-1-300x225.jpg 300w, https:\/\/oui-oui.es\/blog\/wp-content\/uploads\/2015\/09\/Oui-Oui-Cabo-de-Gata-con-ni\u00f1os-playa-de-los-genoveses-1-600x450.jpg 600w\" sizes=\"auto, (max-width: 1024px) 100vw, 1024px\" \/><p id=\"caption-attachment-3105\" class=\"wp-caption-text\">Playa de los Genoveses<\/p><\/div>\n<p>Pero hay dos que s\u00ed merecen mucho la pena: <strong>la Playa de los Muertos<\/strong> (aunque hay que bajar andando unos 12min y de vuelta es subida unos 18min), nosotros lo hicimos con Mart\u00edn en brazos y merece la pena; el agua es cristalina, la arena es de piedrecitas pero de las agradables, que, al contacto con las olas crean un sonido s\u00faper relajante (y encima no te pringas de arena).<\/p>\n<p><img loading=\"lazy\" decoding=\"async\" class=\"aligncenter size-large wp-image-3111\" src=\"https:\/\/oui-oui.es\/blog\/wp-content\/uploads\/2015\/09\/Oui-Oui-cabo-de-gata-con-ni\u00f1os-playa-los-muertos-1024x1024.jpg\" alt=\"Oui Oui-cabo de gata con ni\u00f1os-playa los muertos\" width=\"1024\" height=\"1024\" srcset=\"https:\/\/oui-oui.es\/blog\/wp-content\/uploads\/2015\/09\/Oui-Oui-cabo-de-gata-con-ni\u00f1os-playa-los-muertos-1024x1024.jpg 1024w, https:\/\/oui-oui.es\/blog\/wp-content\/uploads\/2015\/09\/Oui-Oui-cabo-de-gata-con-ni\u00f1os-playa-los-muertos-150x150.jpg 150w, https:\/\/oui-oui.es\/blog\/wp-content\/uploads\/2015\/09\/Oui-Oui-cabo-de-gata-con-ni\u00f1os-playa-los-muertos-300x300.jpg 300w, https:\/\/oui-oui.es\/blog\/wp-content\/uploads\/2015\/09\/Oui-Oui-cabo-de-gata-con-ni\u00f1os-playa-los-muertos-600x600.jpg 600w, https:\/\/oui-oui.es\/blog\/wp-content\/uploads\/2015\/09\/Oui-Oui-cabo-de-gata-con-ni\u00f1os-playa-los-muertos.jpg 1280w\" sizes=\"auto, (max-width: 1024px) 100vw, 1024px\" \/><\/p>\n<p>Aunque al d\u00eda siguiente descubrimos un tesoro; la siguiente cala (no est\u00e1 indicada) es igual; <strong>la Playa del Corral<\/strong> en Carboneras,s\u00f3lo que no tienes que bajar nada, aparcas casi en la playa (gratis) y no est\u00e1 nada masificada&#8230;Lo \u00fanico <em>malo <\/em>es\u00a0 que a un lado se ve la cementera, pero vamos, que no nos pareci\u00f3 que molestara en relaci\u00f3n al resto de ventajas.<\/p>\n<p><img loading=\"lazy\" decoding=\"async\" class=\"aligncenter size-large wp-image-3109\" src=\"https:\/\/oui-oui.es\/blog\/wp-content\/uploads\/2015\/09\/Oui-Oui-cabo-de-gata-con-ni\u00f1os-carboneras-playa-cementera-playa-el-corral-1024x768.jpg\" alt=\"Oui Oui-cabo de gata con ni\u00f1os-carboneras-playa cementera-playa el corral\" width=\"1024\" height=\"768\" srcset=\"https:\/\/oui-oui.es\/blog\/wp-content\/uploads\/2015\/09\/Oui-Oui-cabo-de-gata-con-ni\u00f1os-carboneras-playa-cementera-playa-el-corral-1024x768.jpg 1024w, https:\/\/oui-oui.es\/blog\/wp-content\/uploads\/2015\/09\/Oui-Oui-cabo-de-gata-con-ni\u00f1os-carboneras-playa-cementera-playa-el-corral-300x225.jpg 300w, https:\/\/oui-oui.es\/blog\/wp-content\/uploads\/2015\/09\/Oui-Oui-cabo-de-gata-con-ni\u00f1os-carboneras-playa-cementera-playa-el-corral-600x450.jpg 600w\" sizes=\"auto, (max-width: 1024px) 100vw, 1024px\" \/><\/p>\n<div id=\"attachment_3108\" style=\"width: 1034px\" class=\"wp-caption aligncenter\"><img loading=\"lazy\" decoding=\"async\" aria-describedby=\"caption-attachment-3108\" class=\"size-large wp-image-3108\" src=\"https:\/\/oui-oui.es\/blog\/wp-content\/uploads\/2015\/09\/Oui-Oui-cabo-de-gata-con-ni\u00f1os-carboneras-playa-cementera-1024x768.jpg\" alt=\"Playa del Corral o la cementera\" width=\"1024\" height=\"768\" srcset=\"https:\/\/oui-oui.es\/blog\/wp-content\/uploads\/2015\/09\/Oui-Oui-cabo-de-gata-con-ni\u00f1os-carboneras-playa-cementera-1024x768.jpg 1024w, https:\/\/oui-oui.es\/blog\/wp-content\/uploads\/2015\/09\/Oui-Oui-cabo-de-gata-con-ni\u00f1os-carboneras-playa-cementera-300x225.jpg 300w, https:\/\/oui-oui.es\/blog\/wp-content\/uploads\/2015\/09\/Oui-Oui-cabo-de-gata-con-ni\u00f1os-carboneras-playa-cementera-600x450.jpg 600w\" sizes=\"auto, (max-width: 1024px) 100vw, 1024px\" \/><p id=\"caption-attachment-3108\" class=\"wp-caption-text\">Playa del Corral o la cementera<\/p><\/div>\n<p><strong>La Playa de Carboneras<\/strong> tambi\u00e9n nos pareci\u00f3 muy c\u00f3moda, es de las m\u00e1s grandes, nada masificada, con chiringuito (ninguna cala tiene nada) y de arena fina.<\/p>\n<p>Otra que nos gust\u00f3 fue <strong>el Playazo<\/strong>, en Rodalquilar.<\/p>\n<p>Lo \u00fanico con lo que me qued\u00e9 con ganas fue de ir a ver los escenarios del oeste que quedan en el desierto de Tabernas, as\u00ed que \u00a1habr\u00e1 que volver!<\/p>\n<p><img loading=\"lazy\" decoding=\"async\" class=\"aligncenter size-large wp-image-3110\" src=\"https:\/\/oui-oui.es\/blog\/wp-content\/uploads\/2015\/09\/Oui-Oui-cabo-de-gata-con-ni\u00f1os-agua-amarga-cortijo-los-malenos-deco-1024x768.jpg\" alt=\"Oui Oui-cabo de gata con ni\u00f1os-agua amarga-cortijo los malenos-deco\" width=\"1024\" height=\"768\" srcset=\"https:\/\/oui-oui.es\/blog\/wp-content\/uploads\/2015\/09\/Oui-Oui-cabo-de-gata-con-ni\u00f1os-agua-amarga-cortijo-los-malenos-deco-1024x768.jpg 1024w, https:\/\/oui-oui.es\/blog\/wp-content\/uploads\/2015\/09\/Oui-Oui-cabo-de-gata-con-ni\u00f1os-agua-amarga-cortijo-los-malenos-deco-300x225.jpg 300w, https:\/\/oui-oui.es\/blog\/wp-content\/uploads\/2015\/09\/Oui-Oui-cabo-de-gata-con-ni\u00f1os-agua-amarga-cortijo-los-malenos-deco-600x450.jpg 600w, https:\/\/oui-oui.es\/blog\/wp-content\/uploads\/2015\/09\/Oui-Oui-cabo-de-gata-con-ni\u00f1os-agua-amarga-cortijo-los-malenos-deco.jpg 1280w\" sizes=\"auto, (max-width: 1024px) 100vw, 1024px\" \/><\/p>\n","protected":false},"excerpt":{"rendered":"<p>Como contaba el otro d\u00eda, este a\u00f1o decidimos buscar un destino de \u00abplaya de calor\u00bb para segurarnos los d\u00edas de playa con Mart\u00edn, pero quer\u00edamos hu\u00edr de las masificaciones, los macro hoteles y los atascos, as\u00ed llegamos a Cabo de Gata. Siendo sincera, seg\u00fan bajamos del coche nos golpe\u00f3 una ola de calor que me [&hellip;]<\/p>\n","protected":false},"author":1,"featured_media":3100,"comment_status":"open","ping_status":"open","sticky":false,"template":"","format":"standard","meta":{"jetpack_post_was_ever_published":false,"_jetpack_newsletter_access":"","_jetpack_dont_email_post_to_subs":false,"_jetpack_newsletter_tier_id":0,"_jetpack_memberships_contains_paywalled_content":false,"_jetpack_memberships_contains_paid_content":false,"footnotes":"","jetpack_publicize_message":"","jetpack_publicize_feature_enabled":true,"jetpack_social_post_already_shared":true,"jetpack_social_options":{"image_generator_settings":{"template":"highway","default_image_id":0,"font":"","enabled":false},"version":2}},"categories":[177],"tags":[666,710,706,632],"class_list":["post-3099","post","type-post","status-publish","format-standard","has-post-thumbnail","hentry","category-lifestyle-2","tag-hoteles-con-encanto-ir-con-ninos","tag-playas","tag-viajar-con-ninos","tag-viajes"],"aioseo_notices":[],"jetpack_publicize_connections":[],"jetpack_featured_media_url":"https:\/\/oui-oui.es\/blog\/wp-content\/uploads\/2015\/09\/Oui-Oui-cabo-de-gata-con-ni\u00f1os-agua-amarga.jpg","jetpack_sharing_enabled":true,"jetpack-related-posts":[{"id":3022,"url":"https:\/\/oui-oui.es\/blog\/y-tu-eres-de-playa-de-norte-o-de-sur\/","url_meta":{"origin":3099,"position":0},"title":"Y t\u00fa, \u00bferes de playa de Norte o de Sur?","author":"Mar\u00eda \u2665Oui Oui\u2665","date":"26 agosto, 2015","format":false,"excerpt":"\u00a0 Ten\u00eda la esperanza de poder escribir todas las noches de las \u00faltimas semanas, pero resulta que llego muerta y me quedo frita, as\u00ed que he encontraod un huequ\u00edn para compartir mis reflexiones del \u00faltimo mes sobre las ventajas de ir a una playa \"de calor\" (en Espa\u00f1a d\u00edcese del\u2026","rel":"","context":"En \u00abESTILO DE VIDA\u00bb","block_context":{"text":"ESTILO DE VIDA","link":"https:\/\/oui-oui.es\/blog\/category\/lifestyle-2\/"},"img":{"alt_text":"","src":"https:\/\/i0.wp.com\/oui-oui.es\/blog\/wp-content\/uploads\/2015\/08\/Oui-Oui-playas-asturias-con-ni%C3%B1os-tazones.jpg?resize=350%2C200&ssl=1","width":350,"height":200,"srcset":"https:\/\/i0.wp.com\/oui-oui.es\/blog\/wp-content\/uploads\/2015\/08\/Oui-Oui-playas-asturias-con-ni%C3%B1os-tazones.jpg?resize=350%2C200&ssl=1 1x, https:\/\/i0.wp.com\/oui-oui.es\/blog\/wp-content\/uploads\/2015\/08\/Oui-Oui-playas-asturias-con-ni%C3%B1os-tazones.jpg?resize=525%2C300&ssl=1 1.5x, https:\/\/i0.wp.com\/oui-oui.es\/blog\/wp-content\/uploads\/2015\/08\/Oui-Oui-playas-asturias-con-ni%C3%B1os-tazones.jpg?resize=700%2C400&ssl=1 2x, https:\/\/i0.wp.com\/oui-oui.es\/blog\/wp-content\/uploads\/2015\/08\/Oui-Oui-playas-asturias-con-ni%C3%B1os-tazones.jpg?resize=1050%2C600&ssl=1 3x"},"classes":[]},{"id":4537,"url":"https:\/\/oui-oui.es\/blog\/casa-la-bonita\/","url_meta":{"origin":3099,"position":1},"title":"Casa La Bonita","author":"Mar\u00eda \u2665Oui Oui\u2665","date":"27 junio, 2016","format":false,"excerpt":"Me gustan los hoteles peque\u00f1os y con encanto, las casas rurales, los hoteles boutique y los alojamientos especiales.Ahora con ni\u00f1os no es tan f\u00e1cil encontrar uno que nos cuadre a todos pero a\u00fan as\u00ed no me rindo, por eso en cuanto descubr\u00ed Casa La Bonita en Agua Amarga (uno de\u2026","rel":"","context":"En \u00abESTILO DE VIDA\u00bb","block_context":{"text":"ESTILO DE VIDA","link":"https:\/\/oui-oui.es\/blog\/category\/lifestyle-2\/"},"img":{"alt_text":"","src":"https:\/\/i0.wp.com\/oui-oui.es\/blog\/wp-content\/uploads\/2016\/06\/Oui-Oui-casa-la-bonita-hoteles-cool-aguamarga-alojamiento-con-encanto-almeria-1.jpg?resize=350%2C200&ssl=1","width":350,"height":200,"srcset":"https:\/\/i0.wp.com\/oui-oui.es\/blog\/wp-content\/uploads\/2016\/06\/Oui-Oui-casa-la-bonita-hoteles-cool-aguamarga-alojamiento-con-encanto-almeria-1.jpg?resize=350%2C200&ssl=1 1x, https:\/\/i0.wp.com\/oui-oui.es\/blog\/wp-content\/uploads\/2016\/06\/Oui-Oui-casa-la-bonita-hoteles-cool-aguamarga-alojamiento-con-encanto-almeria-1.jpg?resize=525%2C300&ssl=1 1.5x"},"classes":[]},{"id":9270,"url":"https:\/\/oui-oui.es\/blog\/7-planes-con-ninos-en-ribadesella\/","url_meta":{"origin":3099,"position":2},"title":"7 planes con ni\u00f1os en Ribadesella","author":"Mar\u00eda \u2665Oui Oui\u2665","date":"26 agosto, 2018","format":false,"excerpt":"Siempre que vuelvo de Asturias me propongo escribir un post con mis direcciones preferidas de Ribadesella pero al final la vuelta al cole se me echa encima y, de repente, ha pasado un mes y me acabo liando con otras cosas...As\u00ed que esta vez no quer\u00eda que me ocurriera y\u2026","rel":"","context":"En \u00abESTILO DE VIDA\u00bb","block_context":{"text":"ESTILO DE VIDA","link":"https:\/\/oui-oui.es\/blog\/category\/lifestyle-2\/"},"img":{"alt_text":"","src":"https:\/\/i0.wp.com\/oui-oui.es\/blog\/wp-content\/uploads\/2018\/08\/Oui-Oui-planes-ni%C3%B1os-ribadesella-que-hacer-ni%C3%B1os-ribadesella-picnic-area-recreativa-ardines-mejores-vistas-ribadesella-mirador-ribadesella.jpg?resize=350%2C200&ssl=1","width":350,"height":200,"srcset":"https:\/\/i0.wp.com\/oui-oui.es\/blog\/wp-content\/uploads\/2018\/08\/Oui-Oui-planes-ni%C3%B1os-ribadesella-que-hacer-ni%C3%B1os-ribadesella-picnic-area-recreativa-ardines-mejores-vistas-ribadesella-mirador-ribadesella.jpg?resize=350%2C200&ssl=1 1x, https:\/\/i0.wp.com\/oui-oui.es\/blog\/wp-content\/uploads\/2018\/08\/Oui-Oui-planes-ni%C3%B1os-ribadesella-que-hacer-ni%C3%B1os-ribadesella-picnic-area-recreativa-ardines-mejores-vistas-ribadesella-mirador-ribadesella.jpg?resize=525%2C300&ssl=1 1.5x, https:\/\/i0.wp.com\/oui-oui.es\/blog\/wp-content\/uploads\/2018\/08\/Oui-Oui-planes-ni%C3%B1os-ribadesella-que-hacer-ni%C3%B1os-ribadesella-picnic-area-recreativa-ardines-mejores-vistas-ribadesella-mirador-ribadesella.jpg?resize=700%2C400&ssl=1 2x, https:\/\/i0.wp.com\/oui-oui.es\/blog\/wp-content\/uploads\/2018\/08\/Oui-Oui-planes-ni%C3%B1os-ribadesella-que-hacer-ni%C3%B1os-ribadesella-picnic-area-recreativa-ardines-mejores-vistas-ribadesella-mirador-ribadesella.jpg?resize=1050%2C600&ssl=1 3x, https:\/\/i0.wp.com\/oui-oui.es\/blog\/wp-content\/uploads\/2018\/08\/Oui-Oui-planes-ni%C3%B1os-ribadesella-que-hacer-ni%C3%B1os-ribadesella-picnic-area-recreativa-ardines-mejores-vistas-ribadesella-mirador-ribadesella.jpg?resize=1400%2C800&ssl=1 4x"},"classes":[]},{"id":2544,"url":"https:\/\/oui-oui.es\/blog\/3-hoteles-con-encanto-para-ir-con-ninos-cerca-de-madrid\/","url_meta":{"origin":3099,"position":3},"title":"3 hoteles con encanto para ir con ni\u00f1os cerca de Madrid","author":"Mar\u00eda \u2665Oui Oui\u2665","date":"4 junio, 2015","format":false,"excerpt":"Parece que las palabras ni\u00f1os y \"con encanto\" son incompatibles, pero yo me niego a ello, as\u00ed que voy a intentar recopilar en el blog todas las direcciones \"con encanto\" (al final es el t\u00e9rmino de b\u00fasqueda, porque cuando pongo \"hoteles monos\" salen hoteles CON monos...jajaja) que vaya descubriendo, porque\u2026","rel":"","context":"En \u00abESTILO DE VIDA\u00bb","block_context":{"text":"ESTILO DE VIDA","link":"https:\/\/oui-oui.es\/blog\/category\/lifestyle-2\/"},"img":{"alt_text":"","src":"https:\/\/i0.wp.com\/oui-oui.es\/blog\/wp-content\/uploads\/2015\/06\/oui-oui-hoteles-con-encanto-con-nic3b1os-madrid-candeleda-la-casa-de-los-tomillares-4.jpg?resize=350%2C200&ssl=1","width":350,"height":200,"srcset":"https:\/\/i0.wp.com\/oui-oui.es\/blog\/wp-content\/uploads\/2015\/06\/oui-oui-hoteles-con-encanto-con-nic3b1os-madrid-candeleda-la-casa-de-los-tomillares-4.jpg?resize=350%2C200&ssl=1 1x, https:\/\/i0.wp.com\/oui-oui.es\/blog\/wp-content\/uploads\/2015\/06\/oui-oui-hoteles-con-encanto-con-nic3b1os-madrid-candeleda-la-casa-de-los-tomillares-4.jpg?resize=525%2C300&ssl=1 1.5x"},"classes":[]},{"id":3391,"url":"https:\/\/oui-oui.es\/blog\/entupielrefugiado\/","url_meta":{"origin":3099,"position":4},"title":"#entupielRefugiado &#8230; Tu tambi\u00e9n puedes ayudar","author":"Mar\u00eda \u2665Oui Oui\u2665","date":"23 septiembre, 2015","format":false,"excerpt":"Hace unas semanas todos vimos la foto de un ni\u00f1o en la playa que nos estremeci\u00f3, nos revolvi\u00f3 por dentro y no nos dej\u00f3 indiferente...Reflejaba una situaci\u00f3n que lleva mucho tiempo ocurriendo, en diferentes partes del mundo, es cierto, pero esa imagen nos hizo parar, ponernos en la piel de\u2026","rel":"","context":"En \u00abNI\u00d1OS Y NI\u00d1AS\u00bb","block_context":{"text":"NI\u00d1OS Y NI\u00d1AS","link":"https:\/\/oui-oui.es\/blog\/category\/ninos\/"},"img":{"alt_text":"","src":"https:\/\/i0.wp.com\/oui-oui.es\/blog\/wp-content\/uploads\/2015\/09\/entupiel-cartel-cuadrado-1.jpg?resize=350%2C200&ssl=1","width":350,"height":200,"srcset":"https:\/\/i0.wp.com\/oui-oui.es\/blog\/wp-content\/uploads\/2015\/09\/entupiel-cartel-cuadrado-1.jpg?resize=350%2C200&ssl=1 1x, https:\/\/i0.wp.com\/oui-oui.es\/blog\/wp-content\/uploads\/2015\/09\/entupiel-cartel-cuadrado-1.jpg?resize=525%2C300&ssl=1 1.5x, https:\/\/i0.wp.com\/oui-oui.es\/blog\/wp-content\/uploads\/2015\/09\/entupiel-cartel-cuadrado-1.jpg?resize=700%2C400&ssl=1 2x, https:\/\/i0.wp.com\/oui-oui.es\/blog\/wp-content\/uploads\/2015\/09\/entupiel-cartel-cuadrado-1.jpg?resize=1050%2C600&ssl=1 3x, https:\/\/i0.wp.com\/oui-oui.es\/blog\/wp-content\/uploads\/2015\/09\/entupiel-cartel-cuadrado-1.jpg?resize=1400%2C800&ssl=1 4x"},"classes":[]},{"id":4745,"url":"https:\/\/oui-oui.es\/blog\/babymoon-en-aire-de-bardenas\/","url_meta":{"origin":3099,"position":5},"title":"Babymoon en Aire de B\u00e1rdenas","author":"Mar\u00eda \u2665Oui Oui\u2665","date":"18 octubre, 2016","format":false,"excerpt":"Soy muy fan del concepto Babymoon; se trata del viaje que haces embarazada, unos meses antes de dar a luz, para disfrutar del relax del que carecer\u00e1s al menos durante el siguiente a\u00f1o. Con Mart\u00edn planeamos nuestra babymoon dos meses antes de que naciera (acabo de descubrir que escrib\u00ed un\u2026","rel":"","context":"En \u00abESTILO DE VIDA\u00bb","block_context":{"text":"ESTILO DE VIDA","link":"https:\/\/oui-oui.es\/blog\/category\/lifestyle-2\/"},"img":{"alt_text":"","src":"https:\/\/i0.wp.com\/oui-oui.es\/blog\/wp-content\/uploads\/2016\/10\/Oui-Oui-babymoon-aire-de-bardenas-habitaciones-cubo.jpg?resize=350%2C200&ssl=1","width":350,"height":200,"srcset":"https:\/\/i0.wp.com\/oui-oui.es\/blog\/wp-content\/uploads\/2016\/10\/Oui-Oui-babymoon-aire-de-bardenas-habitaciones-cubo.jpg?resize=350%2C200&ssl=1 1x, https:\/\/i0.wp.com\/oui-oui.es\/blog\/wp-content\/uploads\/2016\/10\/Oui-Oui-babymoon-aire-de-bardenas-habitaciones-cubo.jpg?resize=525%2C300&ssl=1 1.5x, https:\/\/i0.wp.com\/oui-oui.es\/blog\/wp-content\/uploads\/2016\/10\/Oui-Oui-babymoon-aire-de-bardenas-habitaciones-cubo.jpg?resize=700%2C400&ssl=1 2x"},"classes":[]}],"_links":{"self":[{"href":"https:\/\/oui-oui.es\/blog\/wp-json\/wp\/v2\/posts\/3099","targetHints":{"allow":["GET"]}}],"collection":[{"href":"https:\/\/oui-oui.es\/blog\/wp-json\/wp\/v2\/posts"}],"about":[{"href":"https:\/\/oui-oui.es\/blog\/wp-json\/wp\/v2\/types\/post"}],"author":[{"embeddable":true,"href":"https:\/\/oui-oui.es\/blog\/wp-json\/wp\/v2\/users\/1"}],"replies":[{"embeddable":true,"href":"https:\/\/oui-oui.es\/blog\/wp-json\/wp\/v2\/comments?post=3099"}],"version-history":[{"count":1,"href":"https:\/\/oui-oui.es\/blog\/wp-json\/wp\/v2\/posts\/3099\/revisions"}],"predecessor-version":[{"id":3112,"href":"https:\/\/oui-oui.es\/blog\/wp-json\/wp\/v2\/posts\/3099\/revisions\/3112"}],"wp:featuredmedia":[{"embeddable":true,"href":"https:\/\/oui-oui.es\/blog\/wp-json\/wp\/v2\/media\/3100"}],"wp:attachment":[{"href":"https:\/\/oui-oui.es\/blog\/wp-json\/wp\/v2\/media?parent=3099"}],"wp:term":[{"taxonomy":"category","embeddable":true,"href":"https:\/\/oui-oui.es\/blog\/wp-json\/wp\/v2\/categories?post=3099"},{"taxonomy":"post_tag","embeddable":true,"href":"https:\/\/oui-oui.es\/blog\/wp-json\/wp\/v2\/tags?post=3099"}],"curies":[{"name":"wp","href":"https:\/\/api.w.org\/{rel}","templated":true}]}}