{"id":3113,"date":"2015-09-03T00:01:37","date_gmt":"2015-09-02T22:01:37","guid":{"rendered":"https:\/\/oui-oui.es\/blog\/?p=3113"},"modified":"2015-09-02T16:21:07","modified_gmt":"2015-09-02T14:21:07","slug":"los-restaurantes-que-debes-tachar-en-septiembre","status":"publish","type":"post","link":"https:\/\/oui-oui.es\/blog\/los-restaurantes-que-debes-tachar-en-septiembre\/","title":{"rendered":"Los restaurantes que debes tachar en septiembre"},"content":{"rendered":"<p><img loading=\"lazy\" decoding=\"async\" class=\"aligncenter size-full wp-image-3170\" src=\"https:\/\/oui-oui.es\/blog\/wp-content\/uploads\/2015\/09\/Oui-Oui-restaurantes-plaza-castilla-nitty-gritty.jpg\" alt=\"Oui Oui-restaurantes plaza castilla-nitty gritty\" width=\"625\" height=\"417\" srcset=\"https:\/\/oui-oui.es\/blog\/wp-content\/uploads\/2015\/09\/Oui-Oui-restaurantes-plaza-castilla-nitty-gritty.jpg 625w, https:\/\/oui-oui.es\/blog\/wp-content\/uploads\/2015\/09\/Oui-Oui-restaurantes-plaza-castilla-nitty-gritty-300x200.jpg 300w, https:\/\/oui-oui.es\/blog\/wp-content\/uploads\/2015\/09\/Oui-Oui-restaurantes-plaza-castilla-nitty-gritty-600x400.jpg 600w\" sizes=\"auto, (max-width: 625px) 100vw, 625px\" \/><\/p>\n<p>El verano no se ha acabado, quedan veinte d\u00edas perfectos para disfrutar de \u00e9l en tu ciudad si ya has vuelto de vacaciones o en otro destino si tienes la suerte de veranear en septiembre (yo antes lo hac\u00eda y me encantaba).<\/p>\n<p>Si est\u00e1s en Madrid, no puedes perderte las \u00faltimas aperturas de restaurantes, esta ciudad nunca para!<\/p>\n<p><strong><a href=\"http:\/\/babeliarestaurante.com\" target=\"_blank\">Babelia<\/a><\/strong><\/p>\n<p>Com\u00ed all\u00ed antes de irme de vacaciones, junto con una deco muy de tendencia pero que no por ello deja de ser bonita, una carta ampl\u00edsima en variedad (internacional) y unos platos buen\u00edsimos os lo recomeindo, para una cena de amigas o una comida de trabajo. Imprescindible el sashimi de salm\u00f3n y muy ricos los rollitos de verduras.HOy mismo vuelvo que me qued\u00e9 con ganas de probar el <em>lobster roll.<\/em><\/p>\n<p><img loading=\"lazy\" decoding=\"async\" class=\"aligncenter size-large wp-image-3114\" src=\"https:\/\/oui-oui.es\/blog\/wp-content\/uploads\/2015\/09\/Oui-Oui-babelia-restaurante-1024x576.jpg\" alt=\"Oui Oui-babelia restaurante\" width=\"1024\" height=\"576\" srcset=\"https:\/\/oui-oui.es\/blog\/wp-content\/uploads\/2015\/09\/Oui-Oui-babelia-restaurante-1024x576.jpg 1024w, https:\/\/oui-oui.es\/blog\/wp-content\/uploads\/2015\/09\/Oui-Oui-babelia-restaurante-300x169.jpg 300w, https:\/\/oui-oui.es\/blog\/wp-content\/uploads\/2015\/09\/Oui-Oui-babelia-restaurante-600x338.jpg 600w, https:\/\/oui-oui.es\/blog\/wp-content\/uploads\/2015\/09\/Oui-Oui-babelia-restaurante-500x280.jpg 500w, https:\/\/oui-oui.es\/blog\/wp-content\/uploads\/2015\/09\/Oui-Oui-babelia-restaurante.jpg 1280w\" sizes=\"auto, (max-width: 1024px) 100vw, 1024px\" \/><\/p>\n<p>El servicio fue bueno, el encargado encantador, los due\u00f1os son los mismos que los de Los Gallos, que ya es referente en la capital.<\/p>\n<p><img loading=\"lazy\" decoding=\"async\" class=\"aligncenter size-large wp-image-3115\" src=\"https:\/\/oui-oui.es\/blog\/wp-content\/uploads\/2015\/09\/Oui-Oui-restaurante-babelia-planta-baja-1024x683.jpg\" alt=\"Oui Oui-restaurante babelia-planta baja\" width=\"1024\" height=\"683\" srcset=\"https:\/\/oui-oui.es\/blog\/wp-content\/uploads\/2015\/09\/Oui-Oui-restaurante-babelia-planta-baja.jpg 1024w, https:\/\/oui-oui.es\/blog\/wp-content\/uploads\/2015\/09\/Oui-Oui-restaurante-babelia-planta-baja-300x200.jpg 300w, https:\/\/oui-oui.es\/blog\/wp-content\/uploads\/2015\/09\/Oui-Oui-restaurante-babelia-planta-baja-600x400.jpg 600w\" sizes=\"auto, (max-width: 1024px) 100vw, 1024px\" \/><\/p>\n<p><strong>\u00bfD\u00f3nde?<\/strong> C\/Puigerd\u00e0,6 Tlf 91 831 71 79. Precio medio 25-30\u20ac<\/p>\n<p><strong><a href=\"http:\/\/fridamadrid.com\/\" target=\"_blank\">Frida<\/a><\/strong><\/p>\n<p>Aqu\u00ed tengo ganas de ir a\u00fan, pero de septiembre no pasa! su wallpaper tropical me conquist\u00f3 por la vista e iremos a que nos conquisten por el est\u00f3mago.<\/p>\n<div id=\"attachment_3116\" style=\"width: 810px\" class=\"wp-caption aligncenter\"><img loading=\"lazy\" decoding=\"async\" aria-describedby=\"caption-attachment-3116\" class=\"size-full wp-image-3116\" src=\"https:\/\/oui-oui.es\/blog\/wp-content\/uploads\/2015\/09\/Oui-Oui-restaurante-frida-madrid-papel-pared-hojas-tropicales.jpg\" alt=\"Fotograf\u00eda v\u00eda ABC\" width=\"800\" height=\"350\" srcset=\"https:\/\/oui-oui.es\/blog\/wp-content\/uploads\/2015\/09\/Oui-Oui-restaurante-frida-madrid-papel-pared-hojas-tropicales.jpg 800w, https:\/\/oui-oui.es\/blog\/wp-content\/uploads\/2015\/09\/Oui-Oui-restaurante-frida-madrid-papel-pared-hojas-tropicales-300x131.jpg 300w, https:\/\/oui-oui.es\/blog\/wp-content\/uploads\/2015\/09\/Oui-Oui-restaurante-frida-madrid-papel-pared-hojas-tropicales-600x263.jpg 600w\" sizes=\"auto, (max-width: 800px) 100vw, 800px\" \/><p id=\"caption-attachment-3116\" class=\"wp-caption-text\">Fotograf\u00eda v\u00eda ABC<\/p><\/div>\n<p>Me encanta que tenga cocina ininterrumpida, el t\u00edpico sitio al que puede ir a tomarte algo a media tarde o una simple coca-cola para charlar por la ma\u00f1ana.<\/p>\n<p><strong>\u00bfD\u00f3nde?<\/strong> Calle San Gregorio, 8. Tlf 91 704 82 86<\/p>\n<p><span style=\"text-decoration: underline;\"><strong><a href=\"http:\/\/restaurantepuntobasico.com\/\" target=\"_blank\">Punto B\u00e1sico<\/a><\/strong><\/span><\/p>\n<p><img loading=\"lazy\" decoding=\"async\" class=\"aligncenter size-large wp-image-3177\" src=\"https:\/\/oui-oui.es\/blog\/wp-content\/uploads\/2015\/09\/Oui-Oui-restaurantes-madrid-punto-basico-1024x633.jpg\" alt=\"Oui Oui-restaurantes madrid-punto basico\" width=\"1024\" height=\"633\" srcset=\"https:\/\/oui-oui.es\/blog\/wp-content\/uploads\/2015\/09\/Oui-Oui-restaurantes-madrid-punto-basico-1024x633.jpg 1024w, https:\/\/oui-oui.es\/blog\/wp-content\/uploads\/2015\/09\/Oui-Oui-restaurantes-madrid-punto-basico-300x185.jpg 300w, https:\/\/oui-oui.es\/blog\/wp-content\/uploads\/2015\/09\/Oui-Oui-restaurantes-madrid-punto-basico-600x371.jpg 600w, https:\/\/oui-oui.es\/blog\/wp-content\/uploads\/2015\/09\/Oui-Oui-restaurantes-madrid-punto-basico.jpg 1550w\" sizes=\"auto, (max-width: 1024px) 100vw, 1024px\" \/><\/p>\n<p>Decorado por<strong> Madrid in Love<\/strong>, me llam\u00f3 la atenci\u00f3n que pese a ser un \u00abrestaurante de dise\u00f1o\u00bb estaba lleno de gente del barrio, y nos encant\u00f3; \u00bflo mejor?; las croquetas de trufa y el postre de queso y frutos rojos, la hamburguesa muy buena tambi\u00e9n.<\/p>\n<p><strong>\u00bfD\u00f3nde?<\/strong> C\/ Marqu\u00e9s de Urquijo, 23. Tlf:<span class=\"st\">91 758 25 96<\/span><\/p>\n<p><strong><a href=\"http:\/\/www.dearhotelmadrid.com\/es\/nice-to-meet-you\" target=\"_blank\">Dear Hotel<\/a><\/strong><\/p>\n<p><img loading=\"lazy\" decoding=\"async\" class=\"aligncenter size-full wp-image-3117\" src=\"https:\/\/oui-oui.es\/blog\/wp-content\/uploads\/2015\/09\/Oui-Oui-terraza-hotel-dear.jpg\" alt=\"Oui Oui-terraza hotel dear\" width=\"550\" height=\"330\" srcset=\"https:\/\/oui-oui.es\/blog\/wp-content\/uploads\/2015\/09\/Oui-Oui-terraza-hotel-dear.jpg 550w, https:\/\/oui-oui.es\/blog\/wp-content\/uploads\/2015\/09\/Oui-Oui-terraza-hotel-dear-300x180.jpg 300w\" sizes=\"auto, (max-width: 550px) 100vw, 550px\" \/><\/p>\n<p>La terraza (<strong>Nice to meet you<\/strong>) de este nuevo hotel en plena Gran V\u00eda nos pide que vayamos a disfrutar de sus vistas!<\/p>\n<p><strong>\u00bfD\u00f3nde?<\/strong> Gran V\u00eda, 80. Tlf 638.908.559<\/p>\n<p>&#8230;&#8230;&#8230;&#8230;&#8230;&#8230;&#8230;&#8230;&#8230;&#8230;&#8230;&#8230;&#8230;&#8230;&#8230;&#8230;&#8230;&#8230;&#8230;&#8230;&#8230;&#8230;&#8230;&#8230;&#8230;&#8230;&#8230;&#8230;&#8230;&#8230;&#8230;&#8230;&#8230;&#8230;&#8230;&#8230;&#8230;&#8230;&#8230;&#8230;&#8230;&#8230;&#8230;&#8230;&#8230;&#8230;&#8230;&#8230;&#8230;&#8230;&#8230;&#8230;&#8230;&#8230;&#8230;&#8230;&#8230;&#8230;&#8230;&#8230;&#8230;&#8230;&#8230;..<\/p>\n<p>Parece que fue dejar de frecuentar Plaza Castilla para trabajar (menos mal!) y que empezasen a surgir sitios chulos por la zona; el primero fue <strong><a href=\"http:\/\/nittygritty.es\/\" target=\"_blank\">Nitty Gritty<\/a> <\/strong>(Dr.Fleming,51), al que estoy abonada desde que abrieron, con horario ininterrumpido, si tienes una reuni\u00f3n informal es perfecto, tambi\u00e9n para deayunar y comer (la ensalada de quinoa es un must!)<\/p>\n<p><strong><img loading=\"lazy\" decoding=\"async\" class=\"aligncenter size-full wp-image-3172\" src=\"https:\/\/oui-oui.es\/blog\/wp-content\/uploads\/2015\/09\/Oui-Oui-restaurantes-plaza-castilla-nitty-gritty2.jpg\" alt=\"Oui Oui-restaurantes plaza castilla-nitty gritty2\" width=\"800\" height=\"534\" srcset=\"https:\/\/oui-oui.es\/blog\/wp-content\/uploads\/2015\/09\/Oui-Oui-restaurantes-plaza-castilla-nitty-gritty2.jpg 800w, https:\/\/oui-oui.es\/blog\/wp-content\/uploads\/2015\/09\/Oui-Oui-restaurantes-plaza-castilla-nitty-gritty2-300x200.jpg 300w, https:\/\/oui-oui.es\/blog\/wp-content\/uploads\/2015\/09\/Oui-Oui-restaurantes-plaza-castilla-nitty-gritty2-600x401.jpg 600w\" sizes=\"auto, (max-width: 800px) 100vw, 800px\" \/><\/strong><\/p>\n<p>&nbsp;<\/p>\n<div id=\"attachment_3168\" style=\"width: 650px\" class=\"wp-caption aligncenter\"><img loading=\"lazy\" decoding=\"async\" aria-describedby=\"caption-attachment-3168\" class=\"size-full wp-image-3168\" src=\"https:\/\/oui-oui.es\/blog\/wp-content\/uploads\/2015\/09\/Oui-Oui-restaurantes-plaza-castilla-nitty-gritty-mesa-larga.jpg\" alt=\"Imagen v\u00eda My Little Pleasshures\" width=\"640\" height=\"480\" srcset=\"https:\/\/oui-oui.es\/blog\/wp-content\/uploads\/2015\/09\/Oui-Oui-restaurantes-plaza-castilla-nitty-gritty-mesa-larga.jpg 640w, https:\/\/oui-oui.es\/blog\/wp-content\/uploads\/2015\/09\/Oui-Oui-restaurantes-plaza-castilla-nitty-gritty-mesa-larga-300x225.jpg 300w, https:\/\/oui-oui.es\/blog\/wp-content\/uploads\/2015\/09\/Oui-Oui-restaurantes-plaza-castilla-nitty-gritty-mesa-larga-600x450.jpg 600w\" sizes=\"auto, (max-width: 640px) 100vw, 640px\" \/><p id=\"caption-attachment-3168\" class=\"wp-caption-text\">Imagen v\u00eda My Little Pleasshures<\/p><\/div>\n<p>Despu\u00e9s el antiguo Tao se reconvirti\u00f3 en <a href=\"http:\/\/lapagodarestaurante.com\" target=\"_blank\"><strong>La Pagoda <\/strong><\/a>(C\/F\u00e9lix B\u00f3ix,7), con una cuidada decoraci\u00f3n, tengo ganas de ir a probar su nueva carta \u00a1tienen men\u00fa del d\u00eda!<\/p>\n<p><img loading=\"lazy\" decoding=\"async\" class=\"aligncenter size-full wp-image-3175\" src=\"https:\/\/oui-oui.es\/blog\/wp-content\/uploads\/2015\/09\/Oui-Oui-restaurantes-plaza-castilla-pagoda.jpg\" alt=\"Oui Oui-restaurantes plaza castilla-pagoda\" width=\"1000\" height=\"628\" srcset=\"https:\/\/oui-oui.es\/blog\/wp-content\/uploads\/2015\/09\/Oui-Oui-restaurantes-plaza-castilla-pagoda.jpg 1000w, https:\/\/oui-oui.es\/blog\/wp-content\/uploads\/2015\/09\/Oui-Oui-restaurantes-plaza-castilla-pagoda-300x188.jpg 300w, https:\/\/oui-oui.es\/blog\/wp-content\/uploads\/2015\/09\/Oui-Oui-restaurantes-plaza-castilla-pagoda-600x377.jpg 600w\" sizes=\"auto, (max-width: 1000px) 100vw, 1000px\" \/><\/p>\n<p>&nbsp;<\/p>\n<p>Y justo este verano ha abierto <strong><a href=\"https:\/\/www.facebook.com\/pages\/Restaurante-MATT\/1441722159467490?fref=ts\" target=\"_blank\">Matt<\/a> <\/strong>(Mateo Inurria,19 ) con una terraza que tiene pint\u00f3n, me voy ahora mismo a conocerlo y ya os contar\u00e9!<strong><br \/>\n<\/strong><\/p>\n<p><img loading=\"lazy\" decoding=\"async\" class=\"aligncenter size-full wp-image-3178\" src=\"https:\/\/oui-oui.es\/blog\/wp-content\/uploads\/2015\/09\/Oui-Oui-restaurantes-plaza-castilla-matt-restaurante.jpg\" alt=\"Oui Oui-restaurantes plaza castilla-matt restaurante\" width=\"960\" height=\"516\" srcset=\"https:\/\/oui-oui.es\/blog\/wp-content\/uploads\/2015\/09\/Oui-Oui-restaurantes-plaza-castilla-matt-restaurante.jpg 960w, https:\/\/oui-oui.es\/blog\/wp-content\/uploads\/2015\/09\/Oui-Oui-restaurantes-plaza-castilla-matt-restaurante-300x161.jpg 300w, https:\/\/oui-oui.es\/blog\/wp-content\/uploads\/2015\/09\/Oui-Oui-restaurantes-plaza-castilla-matt-restaurante-600x323.jpg 600w\" sizes=\"auto, (max-width: 960px) 100vw, 960px\" \/><\/p>\n<p><img loading=\"lazy\" decoding=\"async\" class=\"aligncenter size-full wp-image-3179\" src=\"https:\/\/oui-oui.es\/blog\/wp-content\/uploads\/2015\/09\/Oui-Oui-restaurantes-plaza-castilla-matt-restaurante-terraza.jpg\" alt=\"Oui Oui-restaurantes plaza castilla-matt restaurante-terraza\" width=\"960\" height=\"622\" srcset=\"https:\/\/oui-oui.es\/blog\/wp-content\/uploads\/2015\/09\/Oui-Oui-restaurantes-plaza-castilla-matt-restaurante-terraza.jpg 960w, https:\/\/oui-oui.es\/blog\/wp-content\/uploads\/2015\/09\/Oui-Oui-restaurantes-plaza-castilla-matt-restaurante-terraza-300x194.jpg 300w, https:\/\/oui-oui.es\/blog\/wp-content\/uploads\/2015\/09\/Oui-Oui-restaurantes-plaza-castilla-matt-restaurante-terraza-600x389.jpg 600w\" sizes=\"auto, (max-width: 960px) 100vw, 960px\" \/><\/p>\n<p>&nbsp;<\/p>\n<p>El <strong>ramen<\/strong> es una de las <strong>tendencias culinarias<\/strong> de la temporada y, si bien he de decir que no es un plato que me encante, tienen m\u00e1s opciones; como los <em><strong>gua bao<\/strong><\/em> (bocadillos tailandeses al vapor) que tienen con ingedientes infinitos, el de buy waygu de <strong><span style=\"text-decoration: underline;\"><a href=\"http:\/\/ninjaramen.es\/\" target=\"_blank\">Ninja Ramen<\/a><\/span><\/strong> (C\/Barcel\u00f3,1) me encant\u00f3.<\/p>\n<p>&nbsp;<\/p>\n<div id=\"attachment_3182\" style=\"width: 780px\" class=\"wp-caption aligncenter\"><img loading=\"lazy\" decoding=\"async\" aria-describedby=\"caption-attachment-3182\" class=\"size-full wp-image-3182\" src=\"https:\/\/oui-oui.es\/blog\/wp-content\/uploads\/2015\/09\/Oui-Oui-ramen-ninja-ramen-gua-bao-bocadillos-vapor.jpg\" alt=\"Foto de Tenemosqueir.com\" width=\"770\" height=\"400\" srcset=\"https:\/\/oui-oui.es\/blog\/wp-content\/uploads\/2015\/09\/Oui-Oui-ramen-ninja-ramen-gua-bao-bocadillos-vapor.jpg 770w, https:\/\/oui-oui.es\/blog\/wp-content\/uploads\/2015\/09\/Oui-Oui-ramen-ninja-ramen-gua-bao-bocadillos-vapor-300x156.jpg 300w, https:\/\/oui-oui.es\/blog\/wp-content\/uploads\/2015\/09\/Oui-Oui-ramen-ninja-ramen-gua-bao-bocadillos-vapor-600x312.jpg 600w\" sizes=\"auto, (max-width: 770px) 100vw, 770px\" \/><p id=\"caption-attachment-3182\" class=\"wp-caption-text\">Foto de Tenemosqueir.com<\/p><\/div>\n<p>Tengo pendiente ir a conocer <a href=\"http:\/\/www.chukaramenbar.com\" target=\"_blank\"><span style=\"text-decoration: underline;\"><strong>Chuka Ramen<\/strong><\/span><\/a> (C\/Echegaray,9), huka es la versi\u00f3n japonesa de la gastronom\u00eda china&#8230;Qu\u00e9 buena pinta!<\/p>\n<p><img loading=\"lazy\" decoding=\"async\" class=\"aligncenter size-full wp-image-3180\" src=\"https:\/\/oui-oui.es\/blog\/wp-content\/uploads\/2015\/09\/Oui-Oui-Chuka-Ramen-bar.jpg\" alt=\"Oui Oui-Chuka Ramen bar\" width=\"800\" height=\"600\" srcset=\"https:\/\/oui-oui.es\/blog\/wp-content\/uploads\/2015\/09\/Oui-Oui-Chuka-Ramen-bar.jpg 800w, https:\/\/oui-oui.es\/blog\/wp-content\/uploads\/2015\/09\/Oui-Oui-Chuka-Ramen-bar-300x225.jpg 300w, https:\/\/oui-oui.es\/blog\/wp-content\/uploads\/2015\/09\/Oui-Oui-Chuka-Ramen-bar-600x450.jpg 600w\" sizes=\"auto, (max-width: 800px) 100vw, 800px\" \/><\/p>\n<p><span style=\"text-decoration: underline;\"><strong><a href=\"http:\/\/www.elperroylagalleta.com\" target=\"_blank\">El perro y la galleta<\/a><\/strong><\/span><\/p>\n<p>De los creadores del bar Galleta, tenemos un nuevo restaurante en el barrio de Salamanca (C\/Claudio Coello, 1), me muero por probar sus tiraditos con aj\u00ed y la tarta de galleta con helado!<\/p>\n<p><img loading=\"lazy\" decoding=\"async\" class=\"aligncenter size-full wp-image-3181\" src=\"https:\/\/oui-oui.es\/blog\/wp-content\/uploads\/2015\/09\/Oui-Oui-el-perro-y-la-galleta.jpg\" alt=\"Oui Oui-el perro y la galleta\" width=\"710\" height=\"472\" srcset=\"https:\/\/oui-oui.es\/blog\/wp-content\/uploads\/2015\/09\/Oui-Oui-el-perro-y-la-galleta.jpg 710w, https:\/\/oui-oui.es\/blog\/wp-content\/uploads\/2015\/09\/Oui-Oui-el-perro-y-la-galleta-300x199.jpg 300w, https:\/\/oui-oui.es\/blog\/wp-content\/uploads\/2015\/09\/Oui-Oui-el-perro-y-la-galleta-600x399.jpg 600w\" sizes=\"auto, (max-width: 710px) 100vw, 710px\" \/><\/p>\n<p><strong><a href=\"http:\/\/www.lachamartina.com\" target=\"_blank\">La Chamartina<\/a><\/strong><\/p>\n<p>Uno de mis restaurantes favoritos; el <strong>Q\u00fcenco de Pepa<\/strong>, inaugura su versi\u00f3n m\u00e1s econ\u00f3mica en un local en la misma zona, podremos seguir disfrutando de su arroz con gurumelos, entre otras delicias, pero, como ella misma dice \u00abMe gustar\u00eda que aquellos clientes que vienen una vez al mes al Q\u00fcenco puedan hacerlo una vez a la semana a \u00abLa Chamartina\u00bb&#8230;Pues iremos a probarlo!<\/p>\n<p><img loading=\"lazy\" decoding=\"async\" class=\"aligncenter size-full wp-image-3196\" src=\"https:\/\/oui-oui.es\/blog\/wp-content\/uploads\/2015\/09\/Oui-Oui-restaurante-la-chamartina.jpg\" alt=\"Oui Oui-restaurante la chamartina\" width=\"600\" height=\"450\" srcset=\"https:\/\/oui-oui.es\/blog\/wp-content\/uploads\/2015\/09\/Oui-Oui-restaurante-la-chamartina.jpg 600w, https:\/\/oui-oui.es\/blog\/wp-content\/uploads\/2015\/09\/Oui-Oui-restaurante-la-chamartina-300x225.jpg 300w\" sizes=\"auto, (max-width: 600px) 100vw, 600px\" \/><\/p>\n<p><strong>\u00bfD\u00f3nde?<\/strong> C\/General Gallegos,1. Tlf: 91 345 44 98<\/p>\n<p>Y creo que con esta lista tengo bastante para septiembre \ud83d\ude09<\/p>\n","protected":false},"excerpt":{"rendered":"<p>El verano no se ha acabado, quedan veinte d\u00edas perfectos para disfrutar de \u00e9l en tu ciudad si ya has vuelto de vacaciones o en otro destino si tienes la suerte de veranear en septiembre (yo antes lo hac\u00eda y me encantaba). Si est\u00e1s en Madrid, no puedes perderte las \u00faltimas aperturas de restaurantes, esta [&hellip;]<\/p>\n","protected":false},"author":1,"featured_media":3179,"comment_status":"open","ping_status":"open","sticky":false,"template":"","format":"standard","meta":{"jetpack_post_was_ever_published":false,"_jetpack_newsletter_access":"","_jetpack_dont_email_post_to_subs":false,"_jetpack_newsletter_tier_id":0,"_jetpack_memberships_contains_paywalled_content":false,"_jetpack_memberships_contains_paid_content":false,"footnotes":"","jetpack_publicize_message":"","jetpack_publicize_feature_enabled":true,"jetpack_social_post_already_shared":true,"jetpack_social_options":{"image_generator_settings":{"template":"highway","default_image_id":0,"font":"","enabled":false},"version":2}},"categories":[177],"tags":[736],"class_list":["post-3113","post","type-post","status-publish","format-standard","has-post-thumbnail","hentry","category-lifestyle-2","tag-restaurantes"],"aioseo_notices":[],"jetpack_publicize_connections":[],"jetpack_featured_media_url":"https:\/\/oui-oui.es\/blog\/wp-content\/uploads\/2015\/09\/Oui-Oui-restaurantes-plaza-castilla-matt-restaurante-terraza.jpg","jetpack_sharing_enabled":true,"jetpack-related-posts":[{"id":9164,"url":"https:\/\/oui-oui.es\/blog\/cuadernos-de-actividades-y-otros-juegos-para-vacaciones\/","url_meta":{"origin":3113,"position":0},"title":"Cuadernos de actividades y otros juegos para vacaciones","author":"Mar\u00eda \u2665Oui Oui\u2665","date":"25 junio, 2018","format":false,"excerpt":"Recuerdo cuando llegaba el verano y me encantaba ir a comprar un cuaderno de actividades, por entonces s\u00f3lo exist\u00edan los t\u00edpicos de \"Vacaciones Santillana\" y alg\u00fan cuaderno Rubio, pero, junto al regalo que nos hac\u00edan mis padres por las buenas notas (y que sol\u00eda elegir entre esos anuncios de juguetes\u2026","rel":"","context":"En \u00abNI\u00d1OS Y NI\u00d1AS\u00bb","block_context":{"text":"NI\u00d1OS Y NI\u00d1AS","link":"https:\/\/oui-oui.es\/blog\/category\/ninos\/"},"img":{"alt_text":"","src":"https:\/\/i0.wp.com\/oui-oui.es\/blog\/wp-content\/uploads\/2018\/06\/IMG_5669.jpg?resize=350%2C200&ssl=1","width":350,"height":200,"srcset":"https:\/\/i0.wp.com\/oui-oui.es\/blog\/wp-content\/uploads\/2018\/06\/IMG_5669.jpg?resize=350%2C200&ssl=1 1x, https:\/\/i0.wp.com\/oui-oui.es\/blog\/wp-content\/uploads\/2018\/06\/IMG_5669.jpg?resize=525%2C300&ssl=1 1.5x, https:\/\/i0.wp.com\/oui-oui.es\/blog\/wp-content\/uploads\/2018\/06\/IMG_5669.jpg?resize=700%2C400&ssl=1 2x, https:\/\/i0.wp.com\/oui-oui.es\/blog\/wp-content\/uploads\/2018\/06\/IMG_5669.jpg?resize=1050%2C600&ssl=1 3x, https:\/\/i0.wp.com\/oui-oui.es\/blog\/wp-content\/uploads\/2018\/06\/IMG_5669.jpg?resize=1400%2C800&ssl=1 4x"},"classes":[]},{"id":3285,"url":"https:\/\/oui-oui.es\/blog\/mis-imprescindibles-en-leon-restaurantes-y-bares-de-tapas\/","url_meta":{"origin":3113,"position":1},"title":"Mis imprescindibles en Le\u00f3n | restaurantes y bares de tapas","author":"Mar\u00eda \u2665Oui Oui\u2665","date":"7 septiembre, 2015","format":false,"excerpt":"\u00a0 Me encanta conocer restaurantes nuevos; de todo tipo, pero en Madrid la t\u00f3nica general es que sean de dise\u00f1o, con una cuidada decoraci\u00f3n, muchos con cartas variadas de corte internacional o de cocina creativa. Por eso, cuando salgo a ciudades m\u00e1s peque\u00f1as me apetece disfrutar de lugares m\u00e1s aut\u00e9nticos,\u2026","rel":"","context":"En \u00abESTILO DE VIDA\u00bb","block_context":{"text":"ESTILO DE VIDA","link":"https:\/\/oui-oui.es\/blog\/category\/lifestyle-2\/"},"img":{"alt_text":"","src":"https:\/\/i0.wp.com\/oui-oui.es\/blog\/wp-content\/uploads\/2015\/09\/Oui-Oui-restaurantes-en-Le%C3%B3n-mes%C3%B3n-el-burgo.jpg?resize=350%2C200&ssl=1","width":350,"height":200,"srcset":"https:\/\/i0.wp.com\/oui-oui.es\/blog\/wp-content\/uploads\/2015\/09\/Oui-Oui-restaurantes-en-Le%C3%B3n-mes%C3%B3n-el-burgo.jpg?resize=350%2C200&ssl=1 1x, https:\/\/i0.wp.com\/oui-oui.es\/blog\/wp-content\/uploads\/2015\/09\/Oui-Oui-restaurantes-en-Le%C3%B3n-mes%C3%B3n-el-burgo.jpg?resize=525%2C300&ssl=1 1.5x, https:\/\/i0.wp.com\/oui-oui.es\/blog\/wp-content\/uploads\/2015\/09\/Oui-Oui-restaurantes-en-Le%C3%B3n-mes%C3%B3n-el-burgo.jpg?resize=700%2C400&ssl=1 2x, https:\/\/i0.wp.com\/oui-oui.es\/blog\/wp-content\/uploads\/2015\/09\/Oui-Oui-restaurantes-en-Le%C3%B3n-mes%C3%B3n-el-burgo.jpg?resize=1050%2C600&ssl=1 3x, https:\/\/i0.wp.com\/oui-oui.es\/blog\/wp-content\/uploads\/2015\/09\/Oui-Oui-restaurantes-en-Le%C3%B3n-mes%C3%B3n-el-burgo.jpg?resize=1400%2C800&ssl=1 4x"},"classes":[]},{"id":10551,"url":"https:\/\/oui-oui.es\/blog\/7-restaurantes-para-comer-en-el-valle-de-lozoya\/","url_meta":{"origin":3113,"position":2},"title":"7 restaurantes para comer en el Valle de Lozoya","author":"Mar\u00eda \u2665Oui Oui\u2665","date":"1 julio, 2020","format":false,"excerpt":"A menudo me preguntan sobre sitios para comer en \"La Sierra\" de Madrid y siempre tengo que ir corriendo a Google a buscar los links y direcciones de los restaurantes por la zona de Lozoya que conozco, as\u00ed que se me ha ocurrido dejar aqu\u00ed un post con mis 7\u2026","rel":"","context":"En \u00abESTILO DE VIDA\u00bb","block_context":{"text":"ESTILO DE VIDA","link":"https:\/\/oui-oui.es\/blog\/category\/lifestyle-2\/"},"img":{"alt_text":"","src":"https:\/\/i0.wp.com\/oui-oui.es\/blog\/wp-content\/uploads\/2020\/07\/Oui-Oui-restaurantes-siera-norte-donde-comer-lozoya-la-ca%C3%B1ada-pinilla-del-valle.jpg?resize=350%2C200&ssl=1","width":350,"height":200,"srcset":"https:\/\/i0.wp.com\/oui-oui.es\/blog\/wp-content\/uploads\/2020\/07\/Oui-Oui-restaurantes-siera-norte-donde-comer-lozoya-la-ca%C3%B1ada-pinilla-del-valle.jpg?resize=350%2C200&ssl=1 1x, https:\/\/i0.wp.com\/oui-oui.es\/blog\/wp-content\/uploads\/2020\/07\/Oui-Oui-restaurantes-siera-norte-donde-comer-lozoya-la-ca%C3%B1ada-pinilla-del-valle.jpg?resize=525%2C300&ssl=1 1.5x, https:\/\/i0.wp.com\/oui-oui.es\/blog\/wp-content\/uploads\/2020\/07\/Oui-Oui-restaurantes-siera-norte-donde-comer-lozoya-la-ca%C3%B1ada-pinilla-del-valle.jpg?resize=700%2C400&ssl=1 2x"},"classes":[]},{"id":3897,"url":"https:\/\/oui-oui.es\/blog\/restaurantes-que-tachar-en-diciembre\/","url_meta":{"origin":3113,"position":3},"title":"Restaurantes que tachar en diciembre","author":"Mar\u00eda \u2665Oui Oui\u2665","date":"18 diciembre, 2015","format":false,"excerpt":"Es momento de cenas navide\u00f1as, si no has reservado ya en los sitios m\u00e1s de moda ser\u00e1 dif\u00edcil encontrar mesa, pero aqu\u00ed va mi selecci\u00f3n...Empezando por donde cenamos antes de ayer ;) La Vaquer\u00eda Monta\u00f1esa En el antiguo local de la Vaquer\u00eda Suiza se sit\u00faa la \u00faltima propuesta gastron\u00f3mica del\u2026","rel":"","context":"En \u00abESTILO DE VIDA\u00bb","block_context":{"text":"ESTILO DE VIDA","link":"https:\/\/oui-oui.es\/blog\/category\/lifestyle-2\/"},"img":{"alt_text":"","src":"https:\/\/i0.wp.com\/oui-oui.es\/blog\/wp-content\/uploads\/2015\/12\/Oui-Oui-restaurantes-tachar-diciembre-la-vaqueria-monta%C3%B1esa.jpg?resize=350%2C200&ssl=1","width":350,"height":200,"srcset":"https:\/\/i0.wp.com\/oui-oui.es\/blog\/wp-content\/uploads\/2015\/12\/Oui-Oui-restaurantes-tachar-diciembre-la-vaqueria-monta%C3%B1esa.jpg?resize=350%2C200&ssl=1 1x, https:\/\/i0.wp.com\/oui-oui.es\/blog\/wp-content\/uploads\/2015\/12\/Oui-Oui-restaurantes-tachar-diciembre-la-vaqueria-monta%C3%B1esa.jpg?resize=525%2C300&ssl=1 1.5x"},"classes":[]},{"id":1726,"url":"https:\/\/oui-oui.es\/blog\/donde-alojarte-y-cenar-en-el-valle-de-aran\/","url_meta":{"origin":3113,"position":4},"title":"D\u00f3nde alojarte y cenar en el Valle de Ar\u00e1n","author":"Mar\u00eda \u2665Oui Oui\u2665","date":"22 enero, 2015","format":false,"excerpt":"He vuelto con las pilas cargadas despu\u00e9s de mi primer finde de esqu\u00ed en tres temporadas, entre el embarazo y la lactancia no hab\u00eda vuelto a esquiar y ten\u00eda muchas ganas, parece que hasta m\u00e1s de las que yo cre\u00eda, pues los tres d\u00edas me han sabido como si fueran\u2026","rel":"","context":"En \u00abESTILO DE VIDA\u00bb","block_context":{"text":"ESTILO DE VIDA","link":"https:\/\/oui-oui.es\/blog\/category\/lifestyle-2\/"},"img":{"alt_text":"","src":"https:\/\/i0.wp.com\/oui-oui.es\/blog\/wp-content\/uploads\/2015\/01\/oui-oui-restaurantes-favoritos-valle-de-aran-alojamientos-chulos-valle-de-aran-hotel-himalaya-le-sac-en-papier.jpg?resize=350%2C200&ssl=1","width":350,"height":200},"classes":[]},{"id":3923,"url":"https:\/\/oui-oui.es\/blog\/restaurantes-que-tachar-en-enero\/","url_meta":{"origin":3113,"position":5},"title":"Restaurantes que tachar en enero","author":"Mar\u00eda \u2665Oui Oui\u2665","date":"18 enero, 2016","format":false,"excerpt":"Estamos a mediados de enero, pero no pod\u00eda dejar de compartir varios restaurantes para seguir conociendo lo mejor (y m\u00e1s nuevo) de nuestra ciudad ;) Inauguramos 2016 con una cena de chicas en Ornella, el \u00faltimo restauraurante italiano del barrio de Salamanca que moderniza el concepto tradicional de trattoria con\u2026","rel":"","context":"En \u00abESTILO DE VIDA\u00bb","block_context":{"text":"ESTILO DE VIDA","link":"https:\/\/oui-oui.es\/blog\/category\/lifestyle-2\/"},"img":{"alt_text":"","src":"https:\/\/i0.wp.com\/oui-oui.es\/blog\/wp-content\/uploads\/2016\/01\/Oui-Oui-restaurantes-enero-ornella.jpg?resize=350%2C200&ssl=1","width":350,"height":200,"srcset":"https:\/\/i0.wp.com\/oui-oui.es\/blog\/wp-content\/uploads\/2016\/01\/Oui-Oui-restaurantes-enero-ornella.jpg?resize=350%2C200&ssl=1 1x, https:\/\/i0.wp.com\/oui-oui.es\/blog\/wp-content\/uploads\/2016\/01\/Oui-Oui-restaurantes-enero-ornella.jpg?resize=525%2C300&ssl=1 1.5x, https:\/\/i0.wp.com\/oui-oui.es\/blog\/wp-content\/uploads\/2016\/01\/Oui-Oui-restaurantes-enero-ornella.jpg?resize=700%2C400&ssl=1 2x"},"classes":[]}],"_links":{"self":[{"href":"https:\/\/oui-oui.es\/blog\/wp-json\/wp\/v2\/posts\/3113","targetHints":{"allow":["GET"]}}],"collection":[{"href":"https:\/\/oui-oui.es\/blog\/wp-json\/wp\/v2\/posts"}],"about":[{"href":"https:\/\/oui-oui.es\/blog\/wp-json\/wp\/v2\/types\/post"}],"author":[{"embeddable":true,"href":"https:\/\/oui-oui.es\/blog\/wp-json\/wp\/v2\/users\/1"}],"replies":[{"embeddable":true,"href":"https:\/\/oui-oui.es\/blog\/wp-json\/wp\/v2\/comments?post=3113"}],"version-history":[{"count":5,"href":"https:\/\/oui-oui.es\/blog\/wp-json\/wp\/v2\/posts\/3113\/revisions"}],"predecessor-version":[{"id":3202,"href":"https:\/\/oui-oui.es\/blog\/wp-json\/wp\/v2\/posts\/3113\/revisions\/3202"}],"wp:featuredmedia":[{"embeddable":true,"href":"https:\/\/oui-oui.es\/blog\/wp-json\/wp\/v2\/media\/3179"}],"wp:attachment":[{"href":"https:\/\/oui-oui.es\/blog\/wp-json\/wp\/v2\/media?parent=3113"}],"wp:term":[{"taxonomy":"category","embeddable":true,"href":"https:\/\/oui-oui.es\/blog\/wp-json\/wp\/v2\/categories?post=3113"},{"taxonomy":"post_tag","embeddable":true,"href":"https:\/\/oui-oui.es\/blog\/wp-json\/wp\/v2\/tags?post=3113"}],"curies":[{"name":"wp","href":"https:\/\/api.w.org\/{rel}","templated":true}]}}