{"id":3278,"date":"2015-09-04T12:17:02","date_gmt":"2015-09-04T10:17:02","guid":{"rendered":"https:\/\/oui-oui.es\/blog\/?p=3278"},"modified":"2015-09-04T12:21:26","modified_gmt":"2015-09-04T10:21:26","slug":"receta-de-bizcocho-de-mango-casero","status":"publish","type":"post","link":"https:\/\/oui-oui.es\/blog\/receta-de-bizcocho-de-mango-casero\/","title":{"rendered":"Receta de bizcocho de mango casero"},"content":{"rendered":"<p><a href=\"http:\/\/www.oui-oui.es\/buscar?orderby=position&amp;orderway=desc&amp;search_query=taza&amp;submit_search.x=0&amp;submit_search.y=0\"><img loading=\"lazy\" decoding=\"async\" class=\"aligncenter size-large wp-image-3280\" src=\"https:\/\/oui-oui.es\/blog\/wp-content\/uploads\/2015\/09\/IMG_3043-1024x1024.jpg\" alt=\"IMG_3043\" width=\"1024\" height=\"1024\" srcset=\"https:\/\/oui-oui.es\/blog\/wp-content\/uploads\/2015\/09\/IMG_3043-1024x1024.jpg 1024w, https:\/\/oui-oui.es\/blog\/wp-content\/uploads\/2015\/09\/IMG_3043-150x150.jpg 150w, https:\/\/oui-oui.es\/blog\/wp-content\/uploads\/2015\/09\/IMG_3043-300x300.jpg 300w, https:\/\/oui-oui.es\/blog\/wp-content\/uploads\/2015\/09\/IMG_3043-600x600.jpg 600w\" sizes=\"auto, (max-width: 1024px) 100vw, 1024px\" \/><\/a><\/p>\n<p>Los que me segu\u00eds por <a href=\"https:\/\/instagram.com\/ouiouidetalles\/\" target=\"_blank\">Instagram <\/a>habr\u00e9is visto m\u00e1s de una vez los <strong>incre\u00edbles desayunos<\/strong> que nos preparan mis padres en la sierra, una de las recetas estrella hasta ahora era el <strong>bizcocho de frambuesas<\/strong> o de frutos rojos, pero este verano mi madre <strong>innnov\u00f3 cambiando la fruta por mango<\/strong> y result\u00f3 un exitazo, <strong>quedaba muy esponjoso y con un sabor muy ligero<\/strong>, es un bizcocho muy sencillo (la base es el bizcocho de yogurth al que le a\u00f1adimos fruta), pero por si os sirve, aqu\u00ed ten\u00e9is la receta.<\/p>\n<p><img loading=\"lazy\" decoding=\"async\" class=\"aligncenter size-large wp-image-3281\" src=\"https:\/\/oui-oui.es\/blog\/wp-content\/uploads\/2015\/09\/IMG_3142-1024x768.jpg\" alt=\"IMG_3142\" width=\"1024\" height=\"768\" srcset=\"https:\/\/oui-oui.es\/blog\/wp-content\/uploads\/2015\/09\/IMG_3142-1024x768.jpg 1024w, https:\/\/oui-oui.es\/blog\/wp-content\/uploads\/2015\/09\/IMG_3142-300x225.jpg 300w, https:\/\/oui-oui.es\/blog\/wp-content\/uploads\/2015\/09\/IMG_3142-600x450.jpg 600w\" sizes=\"auto, (max-width: 1024px) 100vw, 1024px\" \/><\/p>\n<p><strong>Ingredientes:<\/strong><\/p>\n<ul>\n<li>1 yogur natural ( de 125 gr).<\/li>\n<li>3 huevos.<\/li>\n<li>Harina (3 medidas de yogur).<\/li>\n<li>Az\u00facar (2 medidas de yogur).<\/li>\n<li>Aceite de oliva (1 medida de yogur). Si te gusta que en el sabor final se aprecie el aceite, utiliza uno de sabor potente, pero si prefieres que sea m\u00e1s discreto, utiliza un aceite de sabor suave.<\/li>\n<li>1 sobre de levadura en polvo (16 gr).<\/li>\n<li>Mantequilla para untar el molde.<\/li>\n<li>Fruta al gusto, unos 200 gr. (puede ser de mango o de frambuesas)<\/li>\n<\/ul>\n<p><strong>Preparaci\u00f3n:<\/strong><\/p>\n<ol>\n<li>Vac\u00eda el\u00a0<strong>yogur<\/strong>\u00a0en un peque\u00f1o bol para poder utilizar su recipiente desde el primer momento.<\/li>\n<li>Precalienta el horno a 180\u00ba durante estos 10 minutos que vas a dedicar aproximadamente a elaborar la masa.<\/li>\n<li>En un bol grande, a\u00f1ade las dos medidas de\u00a0<strong>az\u00facar<\/strong>\u00a0y los\u00a0<strong>huevos<\/strong>, y b\u00e1telos en\u00e9rgitamente, mejor con unas varillas o una cuchara.<\/li>\n<li>A\u00f1ade el\u00a0<strong>aceite<\/strong>\u00a0y el\u00a0<strong>yogur<\/strong>, y sigue kbatiendo para que la mezcla quede homog\u00e9nea, sin grumos.<\/li>\n<li>Ahora, sit\u00faa un colador justo encima del bol y ve a\u00f1adiendo las medidas de\u00a0<strong>levadura<\/strong>\u00a0y\u00a0<strong>harina<\/strong>, de forma que pasen por el colador. A este proceso se le llama tamizado, y permite que estos ingredientes secos se a\u00f1adan a la mezcla sin grumos ni apelmazamientos, viene genial para que todo se mezcle bien. Termina de mezclarlo todo, que queden perfectamente integrados todos los ingredientes.<\/li>\n<li>Unta el molde con\u00a0<strong>mantequilla<\/strong>. Puedes hacerlo con tu propio dedo, y es recomendable que la mantequilla haya estado unos minutos fuera de la nevera, o si est\u00e1 demasiado dura, introduce una peque\u00f1a cantidad de ella en un vaso en el microondas durante apenas 5 segundos, y ya la tendr\u00e1s lista para impregnar las paredes del molde con facilidad.<\/li>\n<li>Introduce la fruta en la masa antes de verterla en el molde y deja que se sumerja.<\/li>\n<li>Vierte la masa en el molde y col\u00f3calo en el\u00a0<strong>horno<\/strong>, a una altura media, y mant\u00e9n esa temperatura de 180\u00ba durante unos 30 minutos.<\/li>\n<\/ol>\n<p>Haz\u00a0<strong>la prueba del palillo<\/strong>: pincha con un palillo el bizcocho, y si sale sin restos pegados, es que est\u00e1 listo. Apaga el horno, saca el bizcocho y d\u00e9jalo reposar.<\/p>\n<p>Si quieres hacer bizcochos m\u00e1s peque\u00f1os, en <a href=\"http:\/\/www.oui-oui.es\" target=\"_blank\">Oui Oui<\/a> tenemos unas <a href=\"http:\/\/www.oui-oui.es\/papeleria-regalos-craft\/582-bandejita-kraft-para-bizcocho.html\" target=\"_blank\">bandejitas para bizcocho<\/a> con plastiquito mon\u00edsimas para cuando regales tus obreas de arte \ud83d\ude09<\/p>\n<p><a href=\"http:\/\/www.oui-oui.es\/papeleria-regalos-craft\/582-bandejita-kraft-para-bizcocho.html\"><img loading=\"lazy\" decoding=\"async\" class=\"aligncenter wp-image-3279 size-medium\" src=\"https:\/\/oui-oui.es\/blog\/wp-content\/uploads\/2015\/09\/IMG_2969-300x300.jpg\" alt=\"IMG_2969\" width=\"300\" height=\"300\" srcset=\"https:\/\/oui-oui.es\/blog\/wp-content\/uploads\/2015\/09\/IMG_2969-300x300.jpg 300w, https:\/\/oui-oui.es\/blog\/wp-content\/uploads\/2015\/09\/IMG_2969-150x150.jpg 150w, https:\/\/oui-oui.es\/blog\/wp-content\/uploads\/2015\/09\/IMG_2969-600x600.jpg 600w, https:\/\/oui-oui.es\/blog\/wp-content\/uploads\/2015\/09\/IMG_2969.jpg 720w\" sizes=\"auto, (max-width: 300px) 100vw, 300px\" \/><\/a><\/p>\n<p>Y voil\u00e1! este bizcocho nos desayunamos el d\u00eda que sal\u00edamos de vacaciones para Asturias ;), espero que os guste si prob\u00e1is a hacerlo!<\/p>\n<p><img loading=\"lazy\" decoding=\"async\" class=\"aligncenter size-large wp-image-3282\" src=\"https:\/\/oui-oui.es\/blog\/wp-content\/uploads\/2015\/09\/IMG_3797-1024x1024.jpg\" alt=\"IMG_3797\" width=\"1024\" height=\"1024\" srcset=\"https:\/\/oui-oui.es\/blog\/wp-content\/uploads\/2015\/09\/IMG_3797-1024x1024.jpg 1024w, https:\/\/oui-oui.es\/blog\/wp-content\/uploads\/2015\/09\/IMG_3797-150x150.jpg 150w, https:\/\/oui-oui.es\/blog\/wp-content\/uploads\/2015\/09\/IMG_3797-300x300.jpg 300w, https:\/\/oui-oui.es\/blog\/wp-content\/uploads\/2015\/09\/IMG_3797-600x600.jpg 600w\" sizes=\"auto, (max-width: 1024px) 100vw, 1024px\" \/><\/p>\n<p>&nbsp;<\/p>\n","protected":false},"excerpt":{"rendered":"<p>Los que me segu\u00eds por Instagram habr\u00e9is visto m\u00e1s de una vez los incre\u00edbles desayunos que nos preparan mis padres en la sierra, una de las recetas estrella hasta ahora era el bizcocho de frambuesas o de frutos rojos, pero este verano mi madre innnov\u00f3 cambiando la fruta por mango y result\u00f3 un exitazo, quedaba [&hellip;]<\/p>\n","protected":false},"author":1,"featured_media":3280,"comment_status":"open","ping_status":"open","sticky":false,"template":"","format":"standard","meta":{"jetpack_post_was_ever_published":false,"_jetpack_newsletter_access":"","_jetpack_dont_email_post_to_subs":false,"_jetpack_newsletter_tier_id":0,"_jetpack_memberships_contains_paywalled_content":false,"_jetpack_memberships_contains_paid_content":false,"footnotes":"","jetpack_publicize_message":"","jetpack_publicize_feature_enabled":true,"jetpack_social_post_already_shared":true,"jetpack_social_options":{"image_generator_settings":{"template":"highway","default_image_id":0,"font":"","enabled":false},"version":2}},"categories":[173],"tags":[738,695,737],"class_list":["post-3278","post","type-post","status-publish","format-standard","has-post-thumbnail","hentry","category-decoracion-de-casa","tag-desayunos","tag-gastro","tag-recetas"],"aioseo_notices":[],"jetpack_publicize_connections":[],"jetpack_featured_media_url":"https:\/\/oui-oui.es\/blog\/wp-content\/uploads\/2015\/09\/IMG_3043.jpg","jetpack_sharing_enabled":true,"jetpack-related-posts":[{"id":3835,"url":"https:\/\/oui-oui.es\/blog\/bizcochos-diferentes-un-bizcocho-para-teo\/","url_meta":{"origin":3278,"position":0},"title":"Bizcochos diferentes | Un bizcocho para Teo","author":"Mar\u00eda \u2665Oui Oui\u2665","date":"27 noviembre, 2015","format":false,"excerpt":"Hab\u00eda o\u00eddo hablar de ellos pero no fue hasta la semana pasada que los vi en directo y me conquistaron...Porque est\u00e1n buen\u00edsimos, pero sobretodo, por su original, a la vez que sencilla, puesta en escena y presentaci\u00f3n. Detr\u00e1s de Un bizcocho para Teo est\u00e1n Blanca, su marido y, por supuesto;\u2026","rel":"","context":"En \u00abA una futura o reciente mam\u00e1\u00bb","block_context":{"text":"A una futura o reciente mam\u00e1","link":"https:\/\/oui-oui.es\/blog\/category\/no-se-que-regalar\/a-una-futura-o-reciente-mama\/"},"img":{"alt_text":"","src":"https:\/\/i0.wp.com\/oui-oui.es\/blog\/wp-content\/uploads\/2015\/11\/Oui-Oui-sandwich-red-velvet-un-bizcocho-para-teo.jpg?resize=350%2C200&ssl=1","width":350,"height":200,"srcset":"https:\/\/i0.wp.com\/oui-oui.es\/blog\/wp-content\/uploads\/2015\/11\/Oui-Oui-sandwich-red-velvet-un-bizcocho-para-teo.jpg?resize=350%2C200&ssl=1 1x, https:\/\/i0.wp.com\/oui-oui.es\/blog\/wp-content\/uploads\/2015\/11\/Oui-Oui-sandwich-red-velvet-un-bizcocho-para-teo.jpg?resize=525%2C300&ssl=1 1.5x"},"classes":[]},{"id":937,"url":"https:\/\/oui-oui.es\/blog\/las-frambuesas-son-para-el-verano\/","url_meta":{"origin":3278,"position":1},"title":"Las frambuesas son para el verano","author":"Mar\u00eda \u2665Oui Oui\u2665","date":"13 agosto, 2013","format":false,"excerpt":"Siempre me han encantado las frambuesas, pero no hay nada como tener un frambueso a mano para engancharse del todo. Hace unas semanas estuvimos en el pueblo (mi pueblo adoptivo!) , y como recibimiento nos estaba esperando un riqu\u00edsimo batido de frambuesas. Y una buena recolecta para hacer mi tarta\u2026","rel":"","context":"En \u00abDECORACI\u00d3N\u00bb","block_context":{"text":"DECORACI\u00d3N","link":"https:\/\/oui-oui.es\/blog\/category\/decoracion-de-casa\/"},"img":{"alt_text":"","src":"https:\/\/i0.wp.com\/oui-oui.es\/blog\/wp-content\/uploads\/oui-oui-tarta-chocolate-blanco-y-frambuesas-las-frambuesas-son-para-el-verano.jpg?resize=350%2C200&ssl=1","width":350,"height":200,"srcset":"https:\/\/i0.wp.com\/oui-oui.es\/blog\/wp-content\/uploads\/oui-oui-tarta-chocolate-blanco-y-frambuesas-las-frambuesas-son-para-el-verano.jpg?resize=350%2C200&ssl=1 1x, https:\/\/i0.wp.com\/oui-oui.es\/blog\/wp-content\/uploads\/oui-oui-tarta-chocolate-blanco-y-frambuesas-las-frambuesas-son-para-el-verano.jpg?resize=525%2C300&ssl=1 1.5x, https:\/\/i0.wp.com\/oui-oui.es\/blog\/wp-content\/uploads\/oui-oui-tarta-chocolate-blanco-y-frambuesas-las-frambuesas-son-para-el-verano.jpg?resize=700%2C400&ssl=1 2x, https:\/\/i0.wp.com\/oui-oui.es\/blog\/wp-content\/uploads\/oui-oui-tarta-chocolate-blanco-y-frambuesas-las-frambuesas-son-para-el-verano.jpg?resize=1050%2C600&ssl=1 3x, https:\/\/i0.wp.com\/oui-oui.es\/blog\/wp-content\/uploads\/oui-oui-tarta-chocolate-blanco-y-frambuesas-las-frambuesas-son-para-el-verano.jpg?resize=1400%2C800&ssl=1 4x"},"classes":[]},{"id":387,"url":"https:\/\/oui-oui.es\/blog\/navidades-hasta-el-ano-que-viene\/","url_meta":{"origin":3278,"position":2},"title":"Navidades&#8230;hasta el a\u00f1o que viene!","author":"Mar\u00eda \u2665Oui Oui\u2665","date":"9 enero, 2013","format":false,"excerpt":"Se me ha echado el tiempo encima, entre montar la tienda online, el \u00e9xito de las puertas del Ratoncito P\u00e9rez\u00a0...No he dado abasto para poder escribir en el blog, pasan los d\u00edas y, aunque tengo el blog planner regalo de Superyuppies , que me est\u00e1 ayudando mucho, a\u00fan tengo que\u2026","rel":"","context":"En \u00abNavidad\u00bb","block_context":{"text":"Navidad","link":"https:\/\/oui-oui.es\/blog\/category\/fiestas-celebraciones\/navidad\/"},"img":{"alt_text":"","src":"https:\/\/i0.wp.com\/oui-oui.es\/blog\/wp-content\/uploads\/oui-oui-camion-pino-navidad-adios-navidad.jpg?resize=350%2C200&ssl=1","width":350,"height":200},"classes":[]},{"id":1558,"url":"https:\/\/oui-oui.es\/blog\/destino-gang-the-wool\/","url_meta":{"origin":3278,"position":3},"title":"Destino: Gang &#038; the Wool","author":"Mar\u00eda \u2665Oui Oui\u2665","date":"4 junio, 2014","format":false,"excerpt":"Hay sitios que merecen un viaje, de hecho mis \u00faltimos viajes, los m\u00e1s especiales, han estado motivados por conocer un hotel, un restaurante o un espacio en concreto, y cada me encanta viajar as\u00ed. Pues bien, uno de los lugares que merecen un viaje es la caba\u00f1a, el invernadero de\u2026","rel":"","context":"En \u00abESTILO DE VIDA\u00bb","block_context":{"text":"ESTILO DE VIDA","link":"https:\/\/oui-oui.es\/blog\/category\/lifestyle-2\/"},"img":{"alt_text":"","src":"https:\/\/i0.wp.com\/oui-oui.es\/blog\/wp-content\/uploads\/2014\/06\/oui-oui-gang-and-the-wool-beauty-party-bcn-girls-trip-ami-youk-31.jpg?resize=350%2C200&ssl=1","width":350,"height":200,"srcset":"https:\/\/i0.wp.com\/oui-oui.es\/blog\/wp-content\/uploads\/2014\/06\/oui-oui-gang-and-the-wool-beauty-party-bcn-girls-trip-ami-youk-31.jpg?resize=350%2C200&ssl=1 1x, https:\/\/i0.wp.com\/oui-oui.es\/blog\/wp-content\/uploads\/2014\/06\/oui-oui-gang-and-the-wool-beauty-party-bcn-girls-trip-ami-youk-31.jpg?resize=525%2C300&ssl=1 1.5x, https:\/\/i0.wp.com\/oui-oui.es\/blog\/wp-content\/uploads\/2014\/06\/oui-oui-gang-and-the-wool-beauty-party-bcn-girls-trip-ami-youk-31.jpg?resize=700%2C400&ssl=1 2x, https:\/\/i0.wp.com\/oui-oui.es\/blog\/wp-content\/uploads\/2014\/06\/oui-oui-gang-and-the-wool-beauty-party-bcn-girls-trip-ami-youk-31.jpg?resize=1050%2C600&ssl=1 3x, https:\/\/i0.wp.com\/oui-oui.es\/blog\/wp-content\/uploads\/2014\/06\/oui-oui-gang-and-the-wool-beauty-party-bcn-girls-trip-ami-youk-31.jpg?resize=1400%2C800&ssl=1 4x"},"classes":[]},{"id":4710,"url":"https:\/\/oui-oui.es\/blog\/y-de-repente-ha-pasado-septiembre\/","url_meta":{"origin":3278,"position":4},"title":"Y, de repente, ha pasado septiembre","author":"Mar\u00eda \u2665Oui Oui\u2665","date":"3 octubre, 2016","format":false,"excerpt":"Me ha costado pero ya he vuelto a mi medio rutina, despu\u00e9s de casi dos meses de teletrabajo, vacaciones, viajes, adaptaci\u00f3n al cole...Empezamos octubre con varios to do\u00b4s tachados; la adaptaci\u00f3n al cole de Mart\u00edn, el tercer cumplea\u00f1os de Mart\u00edn, una boda y el cambio (y la reorganizaci\u00f3n que ha\u2026","rel":"","context":"En \u00abFIESTAS y CELEBRACIONES\u00bb","block_context":{"text":"FIESTAS y CELEBRACIONES","link":"https:\/\/oui-oui.es\/blog\/category\/fiestas-celebraciones\/"},"img":{"alt_text":"","src":"https:\/\/i0.wp.com\/oui-oui.es\/blog\/wp-content\/uploads\/2016\/09\/Oui-Oui-medems-catering-invitarte-la-tayada.jpg?resize=350%2C200&ssl=1","width":350,"height":200,"srcset":"https:\/\/i0.wp.com\/oui-oui.es\/blog\/wp-content\/uploads\/2016\/09\/Oui-Oui-medems-catering-invitarte-la-tayada.jpg?resize=350%2C200&ssl=1 1x, https:\/\/i0.wp.com\/oui-oui.es\/blog\/wp-content\/uploads\/2016\/09\/Oui-Oui-medems-catering-invitarte-la-tayada.jpg?resize=525%2C300&ssl=1 1.5x, https:\/\/i0.wp.com\/oui-oui.es\/blog\/wp-content\/uploads\/2016\/09\/Oui-Oui-medems-catering-invitarte-la-tayada.jpg?resize=700%2C400&ssl=1 2x, https:\/\/i0.wp.com\/oui-oui.es\/blog\/wp-content\/uploads\/2016\/09\/Oui-Oui-medems-catering-invitarte-la-tayada.jpg?resize=1050%2C600&ssl=1 3x, https:\/\/i0.wp.com\/oui-oui.es\/blog\/wp-content\/uploads\/2016\/09\/Oui-Oui-medems-catering-invitarte-la-tayada.jpg?resize=1400%2C800&ssl=1 4x"},"classes":[]},{"id":2682,"url":"https:\/\/oui-oui.es\/blog\/love-pop-polos-de-fruta-natural\/","url_meta":{"origin":3278,"position":5},"title":"Love Pop | Polos de fruta natural","author":"Mar\u00eda \u2665Oui Oui\u2665","date":"26 junio, 2015","format":false,"excerpt":"Este verano me he propuesto hacer m\u00e1s zumos, batidos y helados naturales, pero mientras me hago con unas cuantas recetas, tengo ganas de probar los polos de Love Pop, de sabores naturales, elaborados artesanalmente para garantizar que conservan el sabor de su fruta original...Sand\u00eda, lim\u00f3n, kiwi, fresa...Todos tienen buen\u00edsima pinta!\u2026","rel":"","context":"En \u00abESTILO DE VIDA\u00bb","block_context":{"text":"ESTILO DE VIDA","link":"https:\/\/oui-oui.es\/blog\/category\/lifestyle-2\/"},"img":{"alt_text":"","src":"https:\/\/i0.wp.com\/oui-oui.es\/blog\/wp-content\/uploads\/Oui-Oui-polos-frutas-naturales-helados-love-pop-polos-3.jpg?resize=350%2C200&ssl=1","width":350,"height":200},"classes":[]}],"_links":{"self":[{"href":"https:\/\/oui-oui.es\/blog\/wp-json\/wp\/v2\/posts\/3278","targetHints":{"allow":["GET"]}}],"collection":[{"href":"https:\/\/oui-oui.es\/blog\/wp-json\/wp\/v2\/posts"}],"about":[{"href":"https:\/\/oui-oui.es\/blog\/wp-json\/wp\/v2\/types\/post"}],"author":[{"embeddable":true,"href":"https:\/\/oui-oui.es\/blog\/wp-json\/wp\/v2\/users\/1"}],"replies":[{"embeddable":true,"href":"https:\/\/oui-oui.es\/blog\/wp-json\/wp\/v2\/comments?post=3278"}],"version-history":[{"count":1,"href":"https:\/\/oui-oui.es\/blog\/wp-json\/wp\/v2\/posts\/3278\/revisions"}],"predecessor-version":[{"id":3283,"href":"https:\/\/oui-oui.es\/blog\/wp-json\/wp\/v2\/posts\/3278\/revisions\/3283"}],"wp:featuredmedia":[{"embeddable":true,"href":"https:\/\/oui-oui.es\/blog\/wp-json\/wp\/v2\/media\/3280"}],"wp:attachment":[{"href":"https:\/\/oui-oui.es\/blog\/wp-json\/wp\/v2\/media?parent=3278"}],"wp:term":[{"taxonomy":"category","embeddable":true,"href":"https:\/\/oui-oui.es\/blog\/wp-json\/wp\/v2\/categories?post=3278"},{"taxonomy":"post_tag","embeddable":true,"href":"https:\/\/oui-oui.es\/blog\/wp-json\/wp\/v2\/tags?post=3278"}],"curies":[{"name":"wp","href":"https:\/\/api.w.org\/{rel}","templated":true}]}}