{"id":3285,"date":"2015-09-07T00:01:56","date_gmt":"2015-09-06T22:01:56","guid":{"rendered":"https:\/\/oui-oui.es\/blog\/?p=3285"},"modified":"2015-09-04T12:46:32","modified_gmt":"2015-09-04T10:46:32","slug":"mis-imprescindibles-en-leon-restaurantes-y-bares-de-tapas","status":"publish","type":"post","link":"https:\/\/oui-oui.es\/blog\/mis-imprescindibles-en-leon-restaurantes-y-bares-de-tapas\/","title":{"rendered":"Mis imprescindibles en Le\u00f3n | restaurantes y bares de tapas"},"content":{"rendered":"<p>&nbsp;<\/p>\n<p><img loading=\"lazy\" decoding=\"async\" class=\"aligncenter size-full wp-image-3290\" src=\"https:\/\/oui-oui.es\/blog\/wp-content\/uploads\/2015\/09\/Oui-Oui-restaurantes-en-Le\u00f3n-catedral.jpg\" alt=\"Oui Oui-restaurantes en Le\u00f3n-catedral\" width=\"647\" height=\"319\" srcset=\"https:\/\/oui-oui.es\/blog\/wp-content\/uploads\/2015\/09\/Oui-Oui-restaurantes-en-Le\u00f3n-catedral.jpg 647w, https:\/\/oui-oui.es\/blog\/wp-content\/uploads\/2015\/09\/Oui-Oui-restaurantes-en-Le\u00f3n-catedral-300x148.jpg 300w, https:\/\/oui-oui.es\/blog\/wp-content\/uploads\/2015\/09\/Oui-Oui-restaurantes-en-Le\u00f3n-catedral-600x296.jpg 600w\" sizes=\"auto, (max-width: 647px) 100vw, 647px\" \/><\/p>\n<p>Me encanta conocer restaurantes nuevos; de todo tipo, pero en Madrid la t\u00f3nica general es que sean de dise\u00f1o, con una cuidada decoraci\u00f3n, muchos con cartas variadas de corte internacional o de cocina creativa. Por eso, cuando salgo a ciudades m\u00e1s peque\u00f1as me apetece disfrutar de lugares m\u00e1s aut\u00e9nticos, muchas veces me recomiendan <em>\u00abel sitio de moda\u00bb<\/em>, el japo de la ciudad o un <em>gastro bar<\/em> que intenta crar cosas que ya ve\u00edamos hace a\u00f1os en lugares como el <strong>Club Allard<\/strong> o <strong>La Gabinoteca<\/strong>, por ejemplo \ud83d\ude09<\/p>\n<p>Es el caso de <strong>Le\u00f3n<\/strong>, por un lado pienso en conocer sitios nuevos pero al final lo que me apetece es ir a los m\u00e1s aut\u00e9nticos, que tienen un picadillo de chuparte los dedos o unas tapas que te quitan las ganas de comer, aqu\u00ed va mi peque\u00f1a selecci\u00f3n de lo que no debes perderte en tu visita a <strong>Le\u00f3n<\/strong>, pero si conoces alg\u00fan sitio m\u00e1s (de este estilo) \u00a1me encantar\u00e1 visitarlo la pr\u00f3xima vez!<\/p>\n<p>Un imprescindible son las patatas del <a href=\"https:\/\/11870.com\/pro\/el-meson-burgo\" target=\"_blank\">Mes\u00f3n del Burgo<\/a>; te las suelen poner de tapa, pero yo siempre acabo pidiendo una raci\u00f3n aparte porque me chiflan, tienen un alioli suave pero a la vez potente que engancha.<\/p>\n<p><img loading=\"lazy\" decoding=\"async\" class=\"aligncenter size-large wp-image-3288\" src=\"https:\/\/oui-oui.es\/blog\/wp-content\/uploads\/2015\/09\/Oui-Oui-restaurantes-en-Le\u00f3n-mes\u00f3n-el-burgo-1024x1024.jpg\" alt=\"Oui Oui-restaurantes en Le\u00f3n-mes\u00f3n el burgo\" width=\"1024\" height=\"1024\" srcset=\"https:\/\/oui-oui.es\/blog\/wp-content\/uploads\/2015\/09\/Oui-Oui-restaurantes-en-Le\u00f3n-mes\u00f3n-el-burgo-1024x1024.jpg 1024w, https:\/\/oui-oui.es\/blog\/wp-content\/uploads\/2015\/09\/Oui-Oui-restaurantes-en-Le\u00f3n-mes\u00f3n-el-burgo-150x150.jpg 150w, https:\/\/oui-oui.es\/blog\/wp-content\/uploads\/2015\/09\/Oui-Oui-restaurantes-en-Le\u00f3n-mes\u00f3n-el-burgo-300x300.jpg 300w, https:\/\/oui-oui.es\/blog\/wp-content\/uploads\/2015\/09\/Oui-Oui-restaurantes-en-Le\u00f3n-mes\u00f3n-el-burgo-600x600.jpg 600w\" sizes=\"auto, (max-width: 1024px) 100vw, 1024px\" \/><\/p>\n<p>Cuando compart\u00ed la foto en <a href=\"https:\/\/instagram.com\/ouiouidetalles\/\" target=\"_blank\"><strong>Instagram<\/strong> <\/a>hubo varias personas que me recomendaron probar las patatas del restaurante de al lado (las Torres), y as\u00ed lo har\u00e9 en cuanto vuelva!<\/p>\n<p><strong>Para cenar casero<\/strong> y muy rico;<a href=\"https:\/\/11870.com\/pro\/el-infierno\" target=\"_blank\"><strong> el Infierno<\/strong><\/a>; su <strong>tortilla de patatas es incre\u00edble<\/strong>, la ensalada sabe a huerta,las raciones son muy abundantes y los postres son caseros, adem\u00e1s, su due\u00f1o siempre es muy simp\u00e1tico!<\/p>\n<div id=\"attachment_3287\" style=\"width: 810px\" class=\"wp-caption aligncenter\"><img loading=\"lazy\" decoding=\"async\" aria-describedby=\"caption-attachment-3287\" class=\"size-full wp-image-3287\" src=\"https:\/\/oui-oui.es\/blog\/wp-content\/uploads\/2015\/09\/Oui-Oui-restaurantes-en-Le\u00f3n-el-infierno.jpg\" alt=\"Mundi. Bar El Infierno.  Revista Hosteleros del H\u00famedo. Le\u00f3n. 28 - febrero - 2013. Secundino P\u00e9rez\" width=\"800\" height=\"438\" srcset=\"https:\/\/oui-oui.es\/blog\/wp-content\/uploads\/2015\/09\/Oui-Oui-restaurantes-en-Le\u00f3n-el-infierno.jpg 800w, https:\/\/oui-oui.es\/blog\/wp-content\/uploads\/2015\/09\/Oui-Oui-restaurantes-en-Le\u00f3n-el-infierno-300x164.jpg 300w, https:\/\/oui-oui.es\/blog\/wp-content\/uploads\/2015\/09\/Oui-Oui-restaurantes-en-Le\u00f3n-el-infierno-600x329.jpg 600w\" sizes=\"auto, (max-width: 800px) 100vw, 800px\" \/><p id=\"caption-attachment-3287\" class=\"wp-caption-text\">Mundi. Bar El Infierno. Revista Hosteleros del H\u00famedo. Le\u00f3n. 28 &#8211; febrero &#8211; 2013. Secundino P\u00e9rez<\/p><\/div>\n<p>Y <strong>para comer<\/strong>\u00a0 (por si prefieres dejar para esta hora la morcilla y el picadillo); <strong>Mes\u00f3n Celso <\/strong>(en la misma calle del Infierno un poco m\u00e1s abajo enfrente), con una terraza muy agradable; el camarero es muy particular, te canta la carta, siempre acierrta con lo que te trae si te dejas llevar y tienen <strong>el mejor picadillo<\/strong> que he tomado nunca!<\/p>\n<p>Si no has estado en Le\u00f3n tienes que pasar a probar las patatas de <strong>El Flechazo<\/strong>, y muchos te dir\u00e1n que pruebes la morcilla de <strong>La Bicha<\/strong>, pero la verdad es que la tienes igual de buena en muchos otros sitios y el se\u00f1or que regenta el local no es nada amable (excepto con sus amigos)&#8230;<\/p>\n<p>Y por \u00faltimo, <strong>la excepci\u00f3n de confirma la regla<\/strong>; un restaurante de cocina creativa en Le\u00f3n que debes conocer; <strong>Cocinandos<\/strong>, con buen\u00edsima relaci\u00f3n calidad-precio, trato excelente (fuimos con Mart\u00edn de muy beb\u00e9, empez\u00f3 a llorar y pararon el men\u00fa degustaci\u00f3n hasta que volvi\u00f3 a dormirse para que yo disfrutara agusto de cada plato).<\/p>\n<p><img loading=\"lazy\" decoding=\"async\" class=\"aligncenter size-large wp-image-3286\" src=\"https:\/\/oui-oui.es\/blog\/wp-content\/uploads\/2015\/09\/Oui-Oui-restaurantes-en-Le\u00f3n-cocinandos-1024x768.jpg\" alt=\"Oui Oui-restaurantes en Le\u00f3n-cocinandos\" width=\"1024\" height=\"768\" srcset=\"https:\/\/oui-oui.es\/blog\/wp-content\/uploads\/2015\/09\/Oui-Oui-restaurantes-en-Le\u00f3n-cocinandos-1024x768.jpg 1024w, https:\/\/oui-oui.es\/blog\/wp-content\/uploads\/2015\/09\/Oui-Oui-restaurantes-en-Le\u00f3n-cocinandos-300x225.jpg 300w, https:\/\/oui-oui.es\/blog\/wp-content\/uploads\/2015\/09\/Oui-Oui-restaurantes-en-Le\u00f3n-cocinandos-600x450.jpg 600w, https:\/\/oui-oui.es\/blog\/wp-content\/uploads\/2015\/09\/Oui-Oui-restaurantes-en-Le\u00f3n-cocinandos.jpg 1600w\" sizes=\"auto, (max-width: 1024px) 100vw, 1024px\" \/><\/p>\n","protected":false},"excerpt":{"rendered":"<p>&nbsp; Me encanta conocer restaurantes nuevos; de todo tipo, pero en Madrid la t\u00f3nica general es que sean de dise\u00f1o, con una cuidada decoraci\u00f3n, muchos con cartas variadas de corte internacional o de cocina creativa. Por eso, cuando salgo a ciudades m\u00e1s peque\u00f1as me apetece disfrutar de lugares m\u00e1s aut\u00e9nticos, muchas veces me recomiendan \u00abel [&hellip;]<\/p>\n","protected":false},"author":1,"featured_media":3288,"comment_status":"open","ping_status":"open","sticky":false,"template":"","format":"standard","meta":{"jetpack_post_was_ever_published":false,"_jetpack_newsletter_access":"","_jetpack_dont_email_post_to_subs":false,"_jetpack_newsletter_tier_id":0,"_jetpack_memberships_contains_paywalled_content":false,"_jetpack_memberships_contains_paid_content":false,"footnotes":"","jetpack_publicize_message":"","jetpack_publicize_feature_enabled":true,"jetpack_social_post_already_shared":true,"jetpack_social_options":{"image_generator_settings":{"template":"highway","default_image_id":0,"font":"","enabled":false},"version":2}},"categories":[177],"tags":[695,739,736],"class_list":["post-3285","post","type-post","status-publish","format-standard","has-post-thumbnail","hentry","category-lifestyle-2","tag-gastro","tag-leon","tag-restaurantes"],"aioseo_notices":[],"jetpack_publicize_connections":[],"jetpack_featured_media_url":"https:\/\/oui-oui.es\/blog\/wp-content\/uploads\/2015\/09\/Oui-Oui-restaurantes-en-Le\u00f3n-mes\u00f3n-el-burgo.jpg","jetpack_sharing_enabled":true,"jetpack-related-posts":[{"id":1726,"url":"https:\/\/oui-oui.es\/blog\/donde-alojarte-y-cenar-en-el-valle-de-aran\/","url_meta":{"origin":3285,"position":0},"title":"D\u00f3nde alojarte y cenar en el Valle de Ar\u00e1n","author":"Mar\u00eda \u2665Oui Oui\u2665","date":"22 enero, 2015","format":false,"excerpt":"He vuelto con las pilas cargadas despu\u00e9s de mi primer finde de esqu\u00ed en tres temporadas, entre el embarazo y la lactancia no hab\u00eda vuelto a esquiar y ten\u00eda muchas ganas, parece que hasta m\u00e1s de las que yo cre\u00eda, pues los tres d\u00edas me han sabido como si fueran\u2026","rel":"","context":"En \u00abESTILO DE VIDA\u00bb","block_context":{"text":"ESTILO DE VIDA","link":"https:\/\/oui-oui.es\/blog\/category\/lifestyle-2\/"},"img":{"alt_text":"","src":"https:\/\/i0.wp.com\/oui-oui.es\/blog\/wp-content\/uploads\/2015\/01\/oui-oui-restaurantes-favoritos-valle-de-aran-alojamientos-chulos-valle-de-aran-hotel-himalaya-le-sac-en-papier.jpg?resize=350%2C200&ssl=1","width":350,"height":200},"classes":[]},{"id":2772,"url":"https:\/\/oui-oui.es\/blog\/los-platos-que-la-moda-hace-que-aburran\/","url_meta":{"origin":3285,"position":1},"title":"Los platos que la moda hace que aburran","author":"Mar\u00eda \u2665Oui Oui\u2665","date":"22 julio, 2015","format":false,"excerpt":"Me gusta el pulpo a la brasa, pero temo acabar cogi\u00e9ndole man\u00eda. No s\u00e9 si lo habr\u00e9is observado tambi\u00e9n pero es curioso c\u00f3mo se ponen de moda determinados platos en los restaurantes (da igual que sea el restaurante de moda, un bar de provincias o que acabe en platos congelados).\u2026","rel":"","context":"En \u00abESTILO DE VIDA\u00bb","block_context":{"text":"ESTILO DE VIDA","link":"https:\/\/oui-oui.es\/blog\/category\/lifestyle-2\/"},"img":{"alt_text":"","src":"https:\/\/i0.wp.com\/oui-oui.es\/blog\/wp-content\/uploads\/Oui-Oui-coulant-de-chocolate.jpg?resize=350%2C200&ssl=1","width":350,"height":200,"srcset":"https:\/\/i0.wp.com\/oui-oui.es\/blog\/wp-content\/uploads\/Oui-Oui-coulant-de-chocolate.jpg?resize=350%2C200&ssl=1 1x, https:\/\/i0.wp.com\/oui-oui.es\/blog\/wp-content\/uploads\/Oui-Oui-coulant-de-chocolate.jpg?resize=525%2C300&ssl=1 1.5x, https:\/\/i0.wp.com\/oui-oui.es\/blog\/wp-content\/uploads\/Oui-Oui-coulant-de-chocolate.jpg?resize=700%2C400&ssl=1 2x"},"classes":[]},{"id":4960,"url":"https:\/\/oui-oui.es\/blog\/restaurantes-que-tachar-en-diciembre-2\/","url_meta":{"origin":3285,"position":2},"title":"Restaurantes que tachar en diciembre","author":"Mar\u00eda \u2665Oui Oui\u2665","date":"2 diciembre, 2016","format":false,"excerpt":"Tengo esta secci\u00f3n un poco abandonada, b\u00e1sicamente por falta de tiempo y porque \u00e9sta ha hecho que salga menos a comer por ah\u00ed, pero no quiero despedir el a\u00f1o, ni empezar diciembre (mes de las cenas y comidas fuera por excelencia) sin dejar, al menos plasmados, todos los restaurantes que\u2026","rel":"","context":"En \u00abLA GU\u00cdA DE MAR\u00cdA\u00bb","block_context":{"text":"LA GU\u00cdA DE MAR\u00cdA","link":"https:\/\/oui-oui.es\/blog\/category\/la-guia-de-maria\/"},"img":{"alt_text":"","src":"https:\/\/i0.wp.com\/oui-oui.es\/blog\/wp-content\/uploads\/2016\/12\/Oui-Oui-duck-and-sushi-restaurantes-cuzco-restaurantes-calle-orense-restaurantes-plaza-castilla.jpg?resize=350%2C200&ssl=1","width":350,"height":200,"srcset":"https:\/\/i0.wp.com\/oui-oui.es\/blog\/wp-content\/uploads\/2016\/12\/Oui-Oui-duck-and-sushi-restaurantes-cuzco-restaurantes-calle-orense-restaurantes-plaza-castilla.jpg?resize=350%2C200&ssl=1 1x, https:\/\/i0.wp.com\/oui-oui.es\/blog\/wp-content\/uploads\/2016\/12\/Oui-Oui-duck-and-sushi-restaurantes-cuzco-restaurantes-calle-orense-restaurantes-plaza-castilla.jpg?resize=525%2C300&ssl=1 1.5x"},"classes":[]},{"id":4048,"url":"https:\/\/oui-oui.es\/blog\/restaurantes-que-tachar-en-febrero\/","url_meta":{"origin":3285,"position":3},"title":"Restaurantes que tachar en Febrero","author":"Mar\u00eda \u2665Oui Oui\u2665","date":"9 febrero, 2016","format":false,"excerpt":"Est\u00e1 claro que febrero no ser\u00e1 un mes f\u00e1cil para tachar restaurantes, me quedan unos diez d\u00edas como m\u00e1ximo para dar a luz y no s\u00e9 como nos apa\u00f1aremos siendo cuatro en casa, con la lactancia, el cansancio, etc...Pero a\u00fan as\u00ed, os dejo la lista para que pod\u00e1is tacharlos vosotros!\u2026","rel":"","context":"En \u00abESTILO DE VIDA\u00bb","block_context":{"text":"ESTILO DE VIDA","link":"https:\/\/oui-oui.es\/blog\/category\/lifestyle-2\/"},"img":{"alt_text":"","src":"https:\/\/i0.wp.com\/oui-oui.es\/blog\/wp-content\/uploads\/2016\/02\/Oui-Oui-floren-domezain-restaurante-lechuga.jpg?resize=350%2C200&ssl=1","width":350,"height":200,"srcset":"https:\/\/i0.wp.com\/oui-oui.es\/blog\/wp-content\/uploads\/2016\/02\/Oui-Oui-floren-domezain-restaurante-lechuga.jpg?resize=350%2C200&ssl=1 1x, https:\/\/i0.wp.com\/oui-oui.es\/blog\/wp-content\/uploads\/2016\/02\/Oui-Oui-floren-domezain-restaurante-lechuga.jpg?resize=525%2C300&ssl=1 1.5x"},"classes":[]},{"id":3923,"url":"https:\/\/oui-oui.es\/blog\/restaurantes-que-tachar-en-enero\/","url_meta":{"origin":3285,"position":4},"title":"Restaurantes que tachar en enero","author":"Mar\u00eda \u2665Oui Oui\u2665","date":"18 enero, 2016","format":false,"excerpt":"Estamos a mediados de enero, pero no pod\u00eda dejar de compartir varios restaurantes para seguir conociendo lo mejor (y m\u00e1s nuevo) de nuestra ciudad ;) Inauguramos 2016 con una cena de chicas en Ornella, el \u00faltimo restauraurante italiano del barrio de Salamanca que moderniza el concepto tradicional de trattoria con\u2026","rel":"","context":"En \u00abESTILO DE VIDA\u00bb","block_context":{"text":"ESTILO DE VIDA","link":"https:\/\/oui-oui.es\/blog\/category\/lifestyle-2\/"},"img":{"alt_text":"","src":"https:\/\/i0.wp.com\/oui-oui.es\/blog\/wp-content\/uploads\/2016\/01\/Oui-Oui-restaurantes-enero-ornella.jpg?resize=350%2C200&ssl=1","width":350,"height":200,"srcset":"https:\/\/i0.wp.com\/oui-oui.es\/blog\/wp-content\/uploads\/2016\/01\/Oui-Oui-restaurantes-enero-ornella.jpg?resize=350%2C200&ssl=1 1x, https:\/\/i0.wp.com\/oui-oui.es\/blog\/wp-content\/uploads\/2016\/01\/Oui-Oui-restaurantes-enero-ornella.jpg?resize=525%2C300&ssl=1 1.5x, https:\/\/i0.wp.com\/oui-oui.es\/blog\/wp-content\/uploads\/2016\/01\/Oui-Oui-restaurantes-enero-ornella.jpg?resize=700%2C400&ssl=1 2x"},"classes":[]},{"id":3606,"url":"https:\/\/oui-oui.es\/blog\/gijon-goloso\/","url_meta":{"origin":3285,"position":5},"title":"Gij\u00f3n Goloso","author":"Mar\u00eda \u2665Oui Oui\u2665","date":"23 octubre, 2015","format":false,"excerpt":"A estas horas estar\u00e9 ya en el tren directa a Gij\u00f3n! un viaje express pero que me apetece mucho, por mis momentos de tren sola (siempre me llevo mil tareas que hacer, a ver a qu\u00e9 me da tiempo en \u00e9ste...), por comer con Paula y Pedro (a ver con\u2026","rel":"","context":"En \u00abBoda\u00bb","block_context":{"text":"Boda","link":"https:\/\/oui-oui.es\/blog\/category\/fiestas-celebraciones\/boda\/"},"img":{"alt_text":"","src":"https:\/\/i0.wp.com\/oui-oui.es\/blog\/wp-content\/uploads\/2015\/10\/Oui-Oui-croissants-pomme-cuite-marta-simonet-gijon-goloso.jpg?resize=350%2C200&ssl=1","width":350,"height":200},"classes":[]}],"_links":{"self":[{"href":"https:\/\/oui-oui.es\/blog\/wp-json\/wp\/v2\/posts\/3285","targetHints":{"allow":["GET"]}}],"collection":[{"href":"https:\/\/oui-oui.es\/blog\/wp-json\/wp\/v2\/posts"}],"about":[{"href":"https:\/\/oui-oui.es\/blog\/wp-json\/wp\/v2\/types\/post"}],"author":[{"embeddable":true,"href":"https:\/\/oui-oui.es\/blog\/wp-json\/wp\/v2\/users\/1"}],"replies":[{"embeddable":true,"href":"https:\/\/oui-oui.es\/blog\/wp-json\/wp\/v2\/comments?post=3285"}],"version-history":[{"count":1,"href":"https:\/\/oui-oui.es\/blog\/wp-json\/wp\/v2\/posts\/3285\/revisions"}],"predecessor-version":[{"id":3291,"href":"https:\/\/oui-oui.es\/blog\/wp-json\/wp\/v2\/posts\/3285\/revisions\/3291"}],"wp:featuredmedia":[{"embeddable":true,"href":"https:\/\/oui-oui.es\/blog\/wp-json\/wp\/v2\/media\/3288"}],"wp:attachment":[{"href":"https:\/\/oui-oui.es\/blog\/wp-json\/wp\/v2\/media?parent=3285"}],"wp:term":[{"taxonomy":"category","embeddable":true,"href":"https:\/\/oui-oui.es\/blog\/wp-json\/wp\/v2\/categories?post=3285"},{"taxonomy":"post_tag","embeddable":true,"href":"https:\/\/oui-oui.es\/blog\/wp-json\/wp\/v2\/tags?post=3285"}],"curies":[{"name":"wp","href":"https:\/\/api.w.org\/{rel}","templated":true}]}}