{"id":3305,"date":"2015-09-15T00:01:34","date_gmt":"2015-09-14T22:01:34","guid":{"rendered":"https:\/\/oui-oui.es\/blog\/?p=3305"},"modified":"2015-09-14T14:58:53","modified_gmt":"2015-09-14T12:58:53","slug":"un-dia-intenso-en-cibeles","status":"publish","type":"post","link":"https:\/\/oui-oui.es\/blog\/un-dia-intenso-en-cibeles\/","title":{"rendered":"Un d\u00eda intenso en Cibeles"},"content":{"rendered":"<p>La semana pasada fue intensa, reci\u00e9n llegada de Par\u00eds el lunes por la noche, estaba en pie el martes a las 6.30 porque <a href=\"http:\/\/www.bodascolorin.com\/\" target=\"_blank\">Eva<\/a> y yo mont\u00e1bamos un candybar para el kissing del desfile de Po\u00e8te (que os contar\u00e9 en otro post!), pero es que ese d\u00eda tambi\u00e9n estaban los desfiles de <strong>Inu\u00f1ez<\/strong> y <strong>David Christian<\/strong>, as\u00ed que durante un d\u00eda el <strong>Palacio de Cibeles<\/strong> fu\u00e9 como mi casa-oficina, os resumo, por orden de desfile,\u00a0 lo que m\u00e1s me gust\u00f3 de las propuestas de cada marca para la temporada que viene&#8230;Atentas todas las que teng\u00e1is bodas en 2016!<\/p>\n<p><strong><a href=\"http:\/\/inunez.es\/\" target=\"_blank\">Inu\u00f1ez<\/a><\/strong><\/p>\n<p>Era su <strong>primer desfile en la Semana de la Moda de Madrid<\/strong> y pas\u00f3 la prueba con creces, la superposici\u00f3n de tejidos y texturas, con volantes, flecos, pliegues&#8230;Fue la t\u00f3nica general, encontrando en la misma colecci\u00f3n diferentes estilos; m\u00e1s cl\u00e1sicos y otros m\u00e1s atrevidos.Mi favorito, el <strong>vestido de sat\u00e9n rosa<\/strong><\/p>\n<p><img loading=\"lazy\" decoding=\"async\" class=\"aligncenter wp-image-3308 size-large\" src=\"https:\/\/oui-oui.es\/blog\/wp-content\/uploads\/2015\/09\/Oui-Oui-desfile-inu\u00f1ez-cibeles-elena-bau-fotografia-30-683x1024.jpg\" alt=\"\" width=\"683\" height=\"1024\" srcset=\"https:\/\/oui-oui.es\/blog\/wp-content\/uploads\/2015\/09\/Oui-Oui-desfile-inu\u00f1ez-cibeles-elena-bau-fotografia-30-683x1024.jpg 683w, https:\/\/oui-oui.es\/blog\/wp-content\/uploads\/2015\/09\/Oui-Oui-desfile-inu\u00f1ez-cibeles-elena-bau-fotografia-30-200x300.jpg 200w, https:\/\/oui-oui.es\/blog\/wp-content\/uploads\/2015\/09\/Oui-Oui-desfile-inu\u00f1ez-cibeles-elena-bau-fotografia-30-600x900.jpg 600w, https:\/\/oui-oui.es\/blog\/wp-content\/uploads\/2015\/09\/Oui-Oui-desfile-inu\u00f1ez-cibeles-elena-bau-fotografia-30-300x450.jpg 300w\" sizes=\"auto, (max-width: 683px) 100vw, 683px\" \/><\/p>\n<p>Para las m\u00e1s atrevidas este vestido con escotazo delantero y trasero en la espalda<\/p>\n<p><img loading=\"lazy\" decoding=\"async\" class=\"aligncenter wp-image-3306 size-large\" src=\"https:\/\/oui-oui.es\/blog\/wp-content\/uploads\/2015\/09\/Oui-Oui-desfile-inu\u00f1ez-cibeles-elena-bau-fotografia-3-683x1024.jpg\" alt=\"\" width=\"683\" height=\"1024\" srcset=\"https:\/\/oui-oui.es\/blog\/wp-content\/uploads\/2015\/09\/Oui-Oui-desfile-inu\u00f1ez-cibeles-elena-bau-fotografia-3-683x1024.jpg 683w, https:\/\/oui-oui.es\/blog\/wp-content\/uploads\/2015\/09\/Oui-Oui-desfile-inu\u00f1ez-cibeles-elena-bau-fotografia-3-200x300.jpg 200w, https:\/\/oui-oui.es\/blog\/wp-content\/uploads\/2015\/09\/Oui-Oui-desfile-inu\u00f1ez-cibeles-elena-bau-fotografia-3-600x900.jpg 600w, https:\/\/oui-oui.es\/blog\/wp-content\/uploads\/2015\/09\/Oui-Oui-desfile-inu\u00f1ez-cibeles-elena-bau-fotografia-3-300x450.jpg 300w\" sizes=\"auto, (max-width: 683px) 100vw, 683px\" \/><\/p>\n<p>Y, por \u00faltimo, aunque la combinaci\u00f3n de colores no acaba de convencerme, me gusta la forma de la falda y el top de este look<\/p>\n<p><img loading=\"lazy\" decoding=\"async\" class=\"aligncenter wp-image-3307 size-large\" src=\"https:\/\/oui-oui.es\/blog\/wp-content\/uploads\/2015\/09\/Oui-Oui-desfile-inu\u00f1ez-cibeles-elena-bau-fotografia-22-683x1024.jpg\" alt=\"\" width=\"683\" height=\"1024\" srcset=\"https:\/\/oui-oui.es\/blog\/wp-content\/uploads\/2015\/09\/Oui-Oui-desfile-inu\u00f1ez-cibeles-elena-bau-fotografia-22-683x1024.jpg 683w, https:\/\/oui-oui.es\/blog\/wp-content\/uploads\/2015\/09\/Oui-Oui-desfile-inu\u00f1ez-cibeles-elena-bau-fotografia-22-200x300.jpg 200w, https:\/\/oui-oui.es\/blog\/wp-content\/uploads\/2015\/09\/Oui-Oui-desfile-inu\u00f1ez-cibeles-elena-bau-fotografia-22-600x900.jpg 600w, https:\/\/oui-oui.es\/blog\/wp-content\/uploads\/2015\/09\/Oui-Oui-desfile-inu\u00f1ez-cibeles-elena-bau-fotografia-22-300x450.jpg 300w\" sizes=\"auto, (max-width: 683px) 100vw, 683px\" \/><\/p>\n<p>&nbsp;<\/p>\n<p>Como v\u00e9is, tres looks muy diferentes entre s\u00ed!, aqu\u00ed ten\u00e9is a <a href=\"http:\/\/inunez.es\/\" target=\"_blank\">Isabel Nu\u00f1ez<\/a> en el photocall de despu\u00e9s con Paula y Andrea \ud83d\ude09<\/p>\n<div id=\"attachment_3309\" style=\"width: 477px\" class=\"wp-caption aligncenter\"><img loading=\"lazy\" decoding=\"async\" aria-describedby=\"caption-attachment-3309\" class=\"size-full wp-image-3309\" src=\"https:\/\/oui-oui.es\/blog\/wp-content\/uploads\/2015\/09\/0029ElenaBau_desfileinunez.jpg\" alt=\"Fotograf\u00eda de Elena Bau\" width=\"467\" height=\"700\" srcset=\"https:\/\/oui-oui.es\/blog\/wp-content\/uploads\/2015\/09\/0029ElenaBau_desfileinunez.jpg 467w, https:\/\/oui-oui.es\/blog\/wp-content\/uploads\/2015\/09\/0029ElenaBau_desfileinunez-200x300.jpg 200w, https:\/\/oui-oui.es\/blog\/wp-content\/uploads\/2015\/09\/0029ElenaBau_desfileinunez-300x450.jpg 300w\" sizes=\"auto, (max-width: 467px) 100vw, 467px\" \/><p id=\"caption-attachment-3309\" class=\"wp-caption-text\">Fotograf\u00eda de Elena Bau<\/p><\/div>\n<p><a href=\"http:\/\/www.oui-oui.es\/10-fiesta\"><img loading=\"lazy\" decoding=\"async\" class=\"aligncenter size-large wp-image-3316\" src=\"https:\/\/oui-oui.es\/blog\/wp-content\/uploads\/2015\/09\/Oui-Oui-candybar-mesa-de-dulces-candy-desile-poete-3-1024x1024.jpg\" alt=\"Oui Oui-candybar-mesa de dulces-candy desile poete (3)\" width=\"1024\" height=\"1024\" srcset=\"https:\/\/oui-oui.es\/blog\/wp-content\/uploads\/2015\/09\/Oui-Oui-candybar-mesa-de-dulces-candy-desile-poete-3-1024x1024.jpg 1024w, https:\/\/oui-oui.es\/blog\/wp-content\/uploads\/2015\/09\/Oui-Oui-candybar-mesa-de-dulces-candy-desile-poete-3-150x150.jpg 150w, https:\/\/oui-oui.es\/blog\/wp-content\/uploads\/2015\/09\/Oui-Oui-candybar-mesa-de-dulces-candy-desile-poete-3-300x300.jpg 300w, https:\/\/oui-oui.es\/blog\/wp-content\/uploads\/2015\/09\/Oui-Oui-candybar-mesa-de-dulces-candy-desile-poete-3-600x600.jpg 600w, https:\/\/oui-oui.es\/blog\/wp-content\/uploads\/2015\/09\/Oui-Oui-candybar-mesa-de-dulces-candy-desile-poete-3.jpg 1097w\" sizes=\"auto, (max-width: 1024px) 100vw, 1024px\" \/><\/a><\/p>\n<p>Al desfile de <strong><a href=\"http:\/\/www.tiendapoete.com\" target=\"_blank\">Po\u00e8te<\/a><\/strong> le tengo especial cari\u00f1o porque, adem\u00e1s de ser tambi\u00e9n su primer desfile,como os contaba antes, contactaron con <a href=\"http:\/\/www.oui-oui.es\" target=\"_blank\"><strong>Oui Oui<\/strong><\/a> para montar un candy adhoc con su colecci\u00f3n, con la ayuda de Eva de <a href=\"http:\/\/www.bodascolorin.com\/\" target=\"_blank\"><strong>Bodas Color\u00edn Colorado<\/strong><\/a>, creamos un rinconcito que tuvo mucho \u00e9xito, tanto mientras lo mont\u00e1bamos como una vez listo para el kissing room \u00a1nunca hab\u00eda visto volar las chuches tan r\u00e1pido!<\/p>\n<p><a href=\"http:\/\/www.oui-oui.es\/10-fiesta\"><img loading=\"lazy\" decoding=\"async\" class=\"aligncenter size-large wp-image-3315\" src=\"https:\/\/oui-oui.es\/blog\/wp-content\/uploads\/2015\/09\/Oui-Oui-candybar-mesa-de-dulces-candy-desile-poete-2-e1442232918639-1024x1024.jpg\" alt=\"Oui Oui-candybar-mesa de dulces-candy desile poete (2)\" width=\"1024\" height=\"1024\" srcset=\"https:\/\/oui-oui.es\/blog\/wp-content\/uploads\/2015\/09\/Oui-Oui-candybar-mesa-de-dulces-candy-desile-poete-2-e1442232918639-1024x1024.jpg 1024w, https:\/\/oui-oui.es\/blog\/wp-content\/uploads\/2015\/09\/Oui-Oui-candybar-mesa-de-dulces-candy-desile-poete-2-e1442232918639-150x150.jpg 150w, https:\/\/oui-oui.es\/blog\/wp-content\/uploads\/2015\/09\/Oui-Oui-candybar-mesa-de-dulces-candy-desile-poete-2-e1442232918639-300x300.jpg 300w, https:\/\/oui-oui.es\/blog\/wp-content\/uploads\/2015\/09\/Oui-Oui-candybar-mesa-de-dulces-candy-desile-poete-2-e1442232918639-600x600.jpg 600w, https:\/\/oui-oui.es\/blog\/wp-content\/uploads\/2015\/09\/Oui-Oui-candybar-mesa-de-dulces-candy-desile-poete-2-e1442232918639.jpg 1280w\" sizes=\"auto, (max-width: 1024px) 100vw, 1024px\" \/><\/a><\/p>\n<p><a href=\"http:\/\/www.oui-oui.es\/10-fiesta\"><img loading=\"lazy\" decoding=\"async\" class=\"aligncenter size-large wp-image-3313\" src=\"https:\/\/oui-oui.es\/blog\/wp-content\/uploads\/2015\/09\/57F14177-EFFF-4B05-943E-AD44D3D6CCF4-e1442233024325-1024x1024.jpg\" alt=\"57F14177-EFFF-4B05-943E-AD44D3D6CCF4\" width=\"1024\" height=\"1024\" srcset=\"https:\/\/oui-oui.es\/blog\/wp-content\/uploads\/2015\/09\/57F14177-EFFF-4B05-943E-AD44D3D6CCF4-e1442233024325-1024x1024.jpg 1024w, https:\/\/oui-oui.es\/blog\/wp-content\/uploads\/2015\/09\/57F14177-EFFF-4B05-943E-AD44D3D6CCF4-e1442233024325-150x150.jpg 150w, https:\/\/oui-oui.es\/blog\/wp-content\/uploads\/2015\/09\/57F14177-EFFF-4B05-943E-AD44D3D6CCF4-e1442233024325-300x300.jpg 300w, https:\/\/oui-oui.es\/blog\/wp-content\/uploads\/2015\/09\/57F14177-EFFF-4B05-943E-AD44D3D6CCF4-e1442233024325-600x600.jpg 600w, https:\/\/oui-oui.es\/blog\/wp-content\/uploads\/2015\/09\/57F14177-EFFF-4B05-943E-AD44D3D6CCF4-e1442233024325.jpg 1280w\" sizes=\"auto, (max-width: 1024px) 100vw, 1024px\" \/><\/a><\/p>\n<p><strong><a href=\"http:\/\/www.tiendapoete.com\" target=\"_blank\">Po\u00e8te<\/a><\/strong> es una marca dulce, rom\u00e1ntica y llena de color, de hecho lo que m\u00e1s me gust\u00f3 de su propuesta fu\u00e9 la variedad de colorido, muy importante en las invitadas de boda!<\/p>\n<p><img loading=\"lazy\" decoding=\"async\" class=\"aligncenter wp-image-3311 size-large\" src=\"https:\/\/oui-oui.es\/blog\/wp-content\/uploads\/2015\/09\/Oui-Oui-desile-poete-madrid-fashion-show-desfile-poete-septiembre-2015-2-683x1024.jpg\" alt=\"\" width=\"683\" height=\"1024\" srcset=\"https:\/\/oui-oui.es\/blog\/wp-content\/uploads\/2015\/09\/Oui-Oui-desile-poete-madrid-fashion-show-desfile-poete-septiembre-2015-2-683x1024.jpg 683w, https:\/\/oui-oui.es\/blog\/wp-content\/uploads\/2015\/09\/Oui-Oui-desile-poete-madrid-fashion-show-desfile-poete-septiembre-2015-2-200x300.jpg 200w, https:\/\/oui-oui.es\/blog\/wp-content\/uploads\/2015\/09\/Oui-Oui-desile-poete-madrid-fashion-show-desfile-poete-septiembre-2015-2-600x900.jpg 600w, https:\/\/oui-oui.es\/blog\/wp-content\/uploads\/2015\/09\/Oui-Oui-desile-poete-madrid-fashion-show-desfile-poete-septiembre-2015-2-300x450.jpg 300w\" sizes=\"auto, (max-width: 683px) 100vw, 683px\" \/><\/p>\n<p><img loading=\"lazy\" decoding=\"async\" class=\"aligncenter size-large wp-image-3312\" src=\"https:\/\/oui-oui.es\/blog\/wp-content\/uploads\/2015\/09\/Oui-Oui-desile-poete-madrid-fashion-show-desfile-poete-septiembre-2015-3-683x1024.jpg\" alt=\"\" width=\"683\" height=\"1024\" srcset=\"https:\/\/oui-oui.es\/blog\/wp-content\/uploads\/2015\/09\/Oui-Oui-desile-poete-madrid-fashion-show-desfile-poete-septiembre-2015-3-683x1024.jpg 683w, https:\/\/oui-oui.es\/blog\/wp-content\/uploads\/2015\/09\/Oui-Oui-desile-poete-madrid-fashion-show-desfile-poete-septiembre-2015-3-200x300.jpg 200w, https:\/\/oui-oui.es\/blog\/wp-content\/uploads\/2015\/09\/Oui-Oui-desile-poete-madrid-fashion-show-desfile-poete-septiembre-2015-3-600x900.jpg 600w, https:\/\/oui-oui.es\/blog\/wp-content\/uploads\/2015\/09\/Oui-Oui-desile-poete-madrid-fashion-show-desfile-poete-septiembre-2015-3-300x450.jpg 300w\" sizes=\"auto, (max-width: 683px) 100vw, 683px\" \/><\/p>\n<p><img loading=\"lazy\" decoding=\"async\" class=\"aligncenter size-large wp-image-3310\" src=\"https:\/\/oui-oui.es\/blog\/wp-content\/uploads\/2015\/09\/Oui-Oui-desile-poete-madrid-fashion-show-desfile-poete-septiembre-2015-1-1024x684.jpg\" alt=\"Foto Alfredo Arias\" width=\"1024\" height=\"684\" srcset=\"https:\/\/oui-oui.es\/blog\/wp-content\/uploads\/2015\/09\/Oui-Oui-desile-poete-madrid-fashion-show-desfile-poete-septiembre-2015-1-1024x684.jpg 1024w, https:\/\/oui-oui.es\/blog\/wp-content\/uploads\/2015\/09\/Oui-Oui-desile-poete-madrid-fashion-show-desfile-poete-septiembre-2015-1-300x200.jpg 300w, https:\/\/oui-oui.es\/blog\/wp-content\/uploads\/2015\/09\/Oui-Oui-desile-poete-madrid-fashion-show-desfile-poete-septiembre-2015-1-600x401.jpg 600w, https:\/\/oui-oui.es\/blog\/wp-content\/uploads\/2015\/09\/Oui-Oui-desile-poete-madrid-fashion-show-desfile-poete-septiembre-2015-1.jpg 1499w\" sizes=\"auto, (max-width: 1024px) 100vw, 1024px\" \/><\/p>\n<p>Y, como broche perfecto al d\u00eda; el desfile de <strong><a href=\"http:\/\/www.davidchristianmadrid.com\" target=\"_blank\">David Christian<\/a><\/strong>, me di\u00f3 una pena tremenda perd\u00e9rmelo, pues el cansancio y un problema t\u00e9cnico (me hab\u00edan robado el M\u00f3vil en Par\u00eds) finalmente me lo impidieron, me hab\u00edan adelantado que tendr\u00edan un montaje espectacular y por lo visto no defraudaron nada, os dejo con las fotos tanto de la colecci\u00f3n como del <strong>viaje a Marruecos<\/strong> al que trasladaron a todos los invitados<\/p>\n<p><img loading=\"lazy\" decoding=\"async\" class=\"aligncenter size-large wp-image-3317\" src=\"https:\/\/oui-oui.es\/blog\/wp-content\/uploads\/2015\/09\/Oui-Oui-desfile-david-christian-septiembre-2015-desfile-marruecos-david-christian-1-683x1024.jpg\" alt=\"\" width=\"683\" height=\"1024\" srcset=\"https:\/\/oui-oui.es\/blog\/wp-content\/uploads\/2015\/09\/Oui-Oui-desfile-david-christian-septiembre-2015-desfile-marruecos-david-christian-1-683x1024.jpg 683w, https:\/\/oui-oui.es\/blog\/wp-content\/uploads\/2015\/09\/Oui-Oui-desfile-david-christian-septiembre-2015-desfile-marruecos-david-christian-1-200x300.jpg 200w, https:\/\/oui-oui.es\/blog\/wp-content\/uploads\/2015\/09\/Oui-Oui-desfile-david-christian-septiembre-2015-desfile-marruecos-david-christian-1-600x900.jpg 600w, https:\/\/oui-oui.es\/blog\/wp-content\/uploads\/2015\/09\/Oui-Oui-desfile-david-christian-septiembre-2015-desfile-marruecos-david-christian-1-300x450.jpg 300w\" sizes=\"auto, (max-width: 683px) 100vw, 683px\" \/><\/p>\n<p><img loading=\"lazy\" decoding=\"async\" class=\"size-large wp-image-3318 aligncenter\" src=\"https:\/\/oui-oui.es\/blog\/wp-content\/uploads\/2015\/09\/Oui-Oui-desfile-david-christian-septiembre-2015-desfile-marruecos-david-christian-2-683x1024.jpg\" alt=\"Foto Ugo Camera www.viewfashionbook.com\" width=\"683\" height=\"1024\" srcset=\"https:\/\/oui-oui.es\/blog\/wp-content\/uploads\/2015\/09\/Oui-Oui-desfile-david-christian-septiembre-2015-desfile-marruecos-david-christian-2-683x1024.jpg 683w, https:\/\/oui-oui.es\/blog\/wp-content\/uploads\/2015\/09\/Oui-Oui-desfile-david-christian-septiembre-2015-desfile-marruecos-david-christian-2-200x300.jpg 200w, https:\/\/oui-oui.es\/blog\/wp-content\/uploads\/2015\/09\/Oui-Oui-desfile-david-christian-septiembre-2015-desfile-marruecos-david-christian-2-600x900.jpg 600w, https:\/\/oui-oui.es\/blog\/wp-content\/uploads\/2015\/09\/Oui-Oui-desfile-david-christian-septiembre-2015-desfile-marruecos-david-christian-2-300x450.jpg 300w\" sizes=\"auto, (max-width: 683px) 100vw, 683px\" \/><\/p>\n<p><img loading=\"lazy\" decoding=\"async\" class=\"aligncenter size-large wp-image-3321\" src=\"https:\/\/oui-oui.es\/blog\/wp-content\/uploads\/2015\/09\/Oui-Oui-desfile-david-christian-septiembre-2015-desfile-marruecos-david-christian-5-683x1024.jpg\" alt=\"\" width=\"683\" height=\"1024\" srcset=\"https:\/\/oui-oui.es\/blog\/wp-content\/uploads\/2015\/09\/Oui-Oui-desfile-david-christian-septiembre-2015-desfile-marruecos-david-christian-5-683x1024.jpg 683w, https:\/\/oui-oui.es\/blog\/wp-content\/uploads\/2015\/09\/Oui-Oui-desfile-david-christian-septiembre-2015-desfile-marruecos-david-christian-5-200x300.jpg 200w, https:\/\/oui-oui.es\/blog\/wp-content\/uploads\/2015\/09\/Oui-Oui-desfile-david-christian-septiembre-2015-desfile-marruecos-david-christian-5-600x900.jpg 600w, https:\/\/oui-oui.es\/blog\/wp-content\/uploads\/2015\/09\/Oui-Oui-desfile-david-christian-septiembre-2015-desfile-marruecos-david-christian-5-300x450.jpg 300w\" sizes=\"auto, (max-width: 683px) 100vw, 683px\" \/><\/p>\n<p><img loading=\"lazy\" decoding=\"async\" class=\"aligncenter size-large wp-image-3319\" src=\"https:\/\/oui-oui.es\/blog\/wp-content\/uploads\/2015\/09\/Oui-Oui-desfile-david-christian-septiembre-2015-desfile-marruecos-david-christian-3-683x1024.jpg\" alt=\"\" width=\"683\" height=\"1024\" srcset=\"https:\/\/oui-oui.es\/blog\/wp-content\/uploads\/2015\/09\/Oui-Oui-desfile-david-christian-septiembre-2015-desfile-marruecos-david-christian-3-683x1024.jpg 683w, https:\/\/oui-oui.es\/blog\/wp-content\/uploads\/2015\/09\/Oui-Oui-desfile-david-christian-septiembre-2015-desfile-marruecos-david-christian-3-200x300.jpg 200w, https:\/\/oui-oui.es\/blog\/wp-content\/uploads\/2015\/09\/Oui-Oui-desfile-david-christian-septiembre-2015-desfile-marruecos-david-christian-3-600x900.jpg 600w, https:\/\/oui-oui.es\/blog\/wp-content\/uploads\/2015\/09\/Oui-Oui-desfile-david-christian-septiembre-2015-desfile-marruecos-david-christian-3-300x450.jpg 300w\" sizes=\"auto, (max-width: 683px) 100vw, 683px\" \/><\/p>\n<p><img loading=\"lazy\" decoding=\"async\" class=\"aligncenter size-large wp-image-3322\" src=\"https:\/\/oui-oui.es\/blog\/wp-content\/uploads\/2015\/09\/Oui-Oui-desfile-david-christian-septiembre-2015-desfile-marruecos-david-christian-6-1024x683.jpg\" alt=\"\" width=\"1024\" height=\"683\" srcset=\"https:\/\/oui-oui.es\/blog\/wp-content\/uploads\/2015\/09\/Oui-Oui-desfile-david-christian-septiembre-2015-desfile-marruecos-david-christian-6-1024x683.jpg 1024w, https:\/\/oui-oui.es\/blog\/wp-content\/uploads\/2015\/09\/Oui-Oui-desfile-david-christian-septiembre-2015-desfile-marruecos-david-christian-6-300x200.jpg 300w, https:\/\/oui-oui.es\/blog\/wp-content\/uploads\/2015\/09\/Oui-Oui-desfile-david-christian-septiembre-2015-desfile-marruecos-david-christian-6-600x400.jpg 600w\" sizes=\"auto, (max-width: 1024px) 100vw, 1024px\" \/><\/p>\n<p><strong>Felicidades a las tres marcas<\/strong>, que casualidad o no, est\u00e1n capitaneadas por tres mujeres emprendedoras, j\u00f3venes y muy trabajadoras!<\/p>\n","protected":false},"excerpt":{"rendered":"<p>La semana pasada fue intensa, reci\u00e9n llegada de Par\u00eds el lunes por la noche, estaba en pie el martes a las 6.30 porque Eva y yo mont\u00e1bamos un candybar para el kissing del desfile de Po\u00e8te (que os contar\u00e9 en otro post!), pero es que ese d\u00eda tambi\u00e9n estaban los desfiles de Inu\u00f1ez y David [&hellip;]<\/p>\n","protected":false},"author":1,"featured_media":3321,"comment_status":"open","ping_status":"open","sticky":false,"template":"","format":"standard","meta":{"jetpack_post_was_ever_published":false,"_jetpack_newsletter_access":"","_jetpack_dont_email_post_to_subs":false,"_jetpack_newsletter_tier_id":0,"_jetpack_memberships_contains_paywalled_content":false,"_jetpack_memberships_contains_paid_content":false,"footnotes":"","jetpack_publicize_message":"","jetpack_publicize_feature_enabled":true,"jetpack_social_post_already_shared":true,"jetpack_social_options":{"image_generator_settings":{"template":"highway","default_image_id":0,"font":"","enabled":false},"version":2}},"categories":[704],"tags":[716],"class_list":["post-3305","post","type-post","status-publish","format-standard","has-post-thumbnail","hentry","category-boda","tag-looks-boda"],"aioseo_notices":[],"jetpack_publicize_connections":[],"jetpack_featured_media_url":"https:\/\/oui-oui.es\/blog\/wp-content\/uploads\/2015\/09\/Oui-Oui-desfile-david-christian-septiembre-2015-desfile-marruecos-david-christian-5.jpg","jetpack_sharing_enabled":true,"jetpack-related-posts":[{"id":1377,"url":"https:\/\/oui-oui.es\/blog\/un-desfile-de-vestidos-de-novia-diferente\/","url_meta":{"origin":3305,"position":0},"title":"Un desfile de vestidos de novia diferente&#8230;","author":"Mar\u00eda \u2665Oui Oui\u2665","date":"27 febrero, 2014","format":false,"excerpt":"Me gusta que vayan organizando pasarelas de novias fuera del circuito de esas ferias multitudinarias y feas que hab\u00eda hasta ahora. Bodabook se encarg\u00f3 de organizar el martes la I Pasarela Si Quiero, no quer\u00eda perd\u00e9rmelo pero al final me fu\u00e9 imposible asistir.Eso s\u00ed, me he recorrido las p\u00e1ginas de\u2026","rel":"","context":"En \u00abBoda\u00bb","block_context":{"text":"Boda","link":"https:\/\/oui-oui.es\/blog\/category\/fiestas-celebraciones\/boda\/"},"img":{"alt_text":"","src":"https:\/\/i0.wp.com\/oui-oui.es\/blog\/wp-content\/uploads\/2014\/02\/oui-oui-pasarela-novias-bodabook-sole-alonso-david-christian-inuc3b1ez.jpg?resize=350%2C200&ssl=1","width":350,"height":200,"srcset":"https:\/\/i0.wp.com\/oui-oui.es\/blog\/wp-content\/uploads\/2014\/02\/oui-oui-pasarela-novias-bodabook-sole-alonso-david-christian-inuc3b1ez.jpg?resize=350%2C200&ssl=1 1x, https:\/\/i0.wp.com\/oui-oui.es\/blog\/wp-content\/uploads\/2014\/02\/oui-oui-pasarela-novias-bodabook-sole-alonso-david-christian-inuc3b1ez.jpg?resize=525%2C300&ssl=1 1.5x, https:\/\/i0.wp.com\/oui-oui.es\/blog\/wp-content\/uploads\/2014\/02\/oui-oui-pasarela-novias-bodabook-sole-alonso-david-christian-inuc3b1ez.jpg?resize=700%2C400&ssl=1 2x"},"classes":[]},{"id":1901,"url":"https:\/\/oui-oui.es\/blog\/el-cuento-de-invierno-de-david-christian\/","url_meta":{"origin":3305,"position":1},"title":"El cuento de Invierno de David Christian","author":"Mar\u00eda \u2665Oui Oui\u2665","date":"12 febrero, 2015","format":false,"excerpt":"Hac\u00eda un fr\u00edo del que te lloran los ojos y te tiritan los dientes, pero no quer\u00eda perderme la puesta en escena de la colecci\u00f3n de invierno 2015 de David Christian, que, adem\u00e1s, se llevar\u00eda a cabo bajo la c\u00fapula de cristal del Palacio de Cibeles. Y no defraud\u00f3, nada\u2026","rel":"","context":"En \u00abBoda\u00bb","block_context":{"text":"Boda","link":"https:\/\/oui-oui.es\/blog\/category\/fiestas-celebraciones\/boda\/"},"img":{"alt_text":"","src":"https:\/\/i0.wp.com\/oui-oui.es\/blog\/wp-content\/uploads\/2015\/02\/oui-oui-desfile-david-chritian-palacio-de-cristal.jpg?resize=350%2C200&ssl=1","width":350,"height":200,"srcset":"https:\/\/i0.wp.com\/oui-oui.es\/blog\/wp-content\/uploads\/2015\/02\/oui-oui-desfile-david-chritian-palacio-de-cristal.jpg?resize=350%2C200&ssl=1 1x, https:\/\/i0.wp.com\/oui-oui.es\/blog\/wp-content\/uploads\/2015\/02\/oui-oui-desfile-david-chritian-palacio-de-cristal.jpg?resize=525%2C300&ssl=1 1.5x, https:\/\/i0.wp.com\/oui-oui.es\/blog\/wp-content\/uploads\/2015\/02\/oui-oui-desfile-david-chritian-palacio-de-cristal.jpg?resize=700%2C400&ssl=1 2x, https:\/\/i0.wp.com\/oui-oui.es\/blog\/wp-content\/uploads\/2015\/02\/oui-oui-desfile-david-chritian-palacio-de-cristal.jpg?resize=1050%2C600&ssl=1 3x, https:\/\/i0.wp.com\/oui-oui.es\/blog\/wp-content\/uploads\/2015\/02\/oui-oui-desfile-david-chritian-palacio-de-cristal.jpg?resize=1400%2C800&ssl=1 4x"},"classes":[]},{"id":4710,"url":"https:\/\/oui-oui.es\/blog\/y-de-repente-ha-pasado-septiembre\/","url_meta":{"origin":3305,"position":2},"title":"Y, de repente, ha pasado septiembre","author":"Mar\u00eda \u2665Oui Oui\u2665","date":"3 octubre, 2016","format":false,"excerpt":"Me ha costado pero ya he vuelto a mi medio rutina, despu\u00e9s de casi dos meses de teletrabajo, vacaciones, viajes, adaptaci\u00f3n al cole...Empezamos octubre con varios to do\u00b4s tachados; la adaptaci\u00f3n al cole de Mart\u00edn, el tercer cumplea\u00f1os de Mart\u00edn, una boda y el cambio (y la reorganizaci\u00f3n que ha\u2026","rel":"","context":"En \u00abFIESTAS y CELEBRACIONES\u00bb","block_context":{"text":"FIESTAS y CELEBRACIONES","link":"https:\/\/oui-oui.es\/blog\/category\/fiestas-celebraciones\/"},"img":{"alt_text":"","src":"https:\/\/i0.wp.com\/oui-oui.es\/blog\/wp-content\/uploads\/2016\/09\/Oui-Oui-medems-catering-invitarte-la-tayada.jpg?resize=350%2C200&ssl=1","width":350,"height":200,"srcset":"https:\/\/i0.wp.com\/oui-oui.es\/blog\/wp-content\/uploads\/2016\/09\/Oui-Oui-medems-catering-invitarte-la-tayada.jpg?resize=350%2C200&ssl=1 1x, https:\/\/i0.wp.com\/oui-oui.es\/blog\/wp-content\/uploads\/2016\/09\/Oui-Oui-medems-catering-invitarte-la-tayada.jpg?resize=525%2C300&ssl=1 1.5x, https:\/\/i0.wp.com\/oui-oui.es\/blog\/wp-content\/uploads\/2016\/09\/Oui-Oui-medems-catering-invitarte-la-tayada.jpg?resize=700%2C400&ssl=1 2x, https:\/\/i0.wp.com\/oui-oui.es\/blog\/wp-content\/uploads\/2016\/09\/Oui-Oui-medems-catering-invitarte-la-tayada.jpg?resize=1050%2C600&ssl=1 3x, https:\/\/i0.wp.com\/oui-oui.es\/blog\/wp-content\/uploads\/2016\/09\/Oui-Oui-medems-catering-invitarte-la-tayada.jpg?resize=1400%2C800&ssl=1 4x"},"classes":[]},{"id":449,"url":"https:\/\/oui-oui.es\/blog\/5-cosas-que-hacer-nada-mas-comprometerte\/","url_meta":{"origin":3305,"position":3},"title":"5 cosas que hacer nada m\u00e1s comprometerte","author":"Mar\u00eda \u2665Oui Oui\u2665","date":"16 enero, 2013","format":false,"excerpt":"Hoy hace dos a\u00f1os que anunciamos p\u00fablicamente que est\u00e1bamos comprometidos y que nos cas\u00e1bamos en ocho meses. Digo p\u00fablicamente porque \u00c1lvaro me lo pidi\u00f3 una semana antes, pero est\u00e1bamos esquiando, solos fuera de Espa\u00f1a, y fu\u00e9 nuestro secreto durante una semana. Una de las cosas que recuerdo con m\u00e1s ilusi\u00f3n\u2026","rel":"","context":"En \u00abBoda\u00bb","block_context":{"text":"Boda","link":"https:\/\/oui-oui.es\/blog\/category\/fiestas-celebraciones\/boda\/"},"img":{"alt_text":"","src":"https:\/\/i0.wp.com\/oui-oui.es\/blog\/wp-content\/uploads\/oui-oui-blog-taza-casate-conmigo.jpg?resize=350%2C200&ssl=1","width":350,"height":200,"srcset":"https:\/\/i0.wp.com\/oui-oui.es\/blog\/wp-content\/uploads\/oui-oui-blog-taza-casate-conmigo.jpg?resize=350%2C200&ssl=1 1x, https:\/\/i0.wp.com\/oui-oui.es\/blog\/wp-content\/uploads\/oui-oui-blog-taza-casate-conmigo.jpg?resize=525%2C300&ssl=1 1.5x"},"classes":[]},{"id":10115,"url":"https:\/\/oui-oui.es\/blog\/re-boda-si-o-no\/","url_meta":{"origin":3305,"position":4},"title":"Re boda, \u00bfs\u00ed o no?","author":"Mar\u00eda \u2665Oui Oui\u2665","date":"13 septiembre, 2019","format":false,"excerpt":"Septiembre es un mes muy especial, aunque cada vez m\u00e1s se est\u00e1 convirtiendo en un mes m\u00e1s estresante, sigo teni\u00e9ndole mucho cari\u00f1o. En septiembre es la vuelta al cole que tanto me ha gustado siempre, tambi\u00e9n es mi comienzo de a\u00f1o, pues mi mente piensa en cursos escolares y no\u2026","rel":"","context":"En \u00abBoda\u00bb","block_context":{"text":"Boda","link":"https:\/\/oui-oui.es\/blog\/category\/fiestas-celebraciones\/boda\/"},"img":{"alt_text":"","src":"https:\/\/i0.wp.com\/oui-oui.es\/blog\/wp-content\/uploads\/2019\/09\/Ramo-boda-oui-oui-bici-just-married-asturias.jpg?resize=350%2C200&ssl=1","width":350,"height":200,"srcset":"https:\/\/i0.wp.com\/oui-oui.es\/blog\/wp-content\/uploads\/2019\/09\/Ramo-boda-oui-oui-bici-just-married-asturias.jpg?resize=350%2C200&ssl=1 1x, https:\/\/i0.wp.com\/oui-oui.es\/blog\/wp-content\/uploads\/2019\/09\/Ramo-boda-oui-oui-bici-just-married-asturias.jpg?resize=525%2C300&ssl=1 1.5x, https:\/\/i0.wp.com\/oui-oui.es\/blog\/wp-content\/uploads\/2019\/09\/Ramo-boda-oui-oui-bici-just-married-asturias.jpg?resize=700%2C400&ssl=1 2x, https:\/\/i0.wp.com\/oui-oui.es\/blog\/wp-content\/uploads\/2019\/09\/Ramo-boda-oui-oui-bici-just-married-asturias.jpg?resize=1050%2C600&ssl=1 3x"},"classes":[]},{"id":1206,"url":"https:\/\/oui-oui.es\/blog\/its-gstaad-baby\/","url_meta":{"origin":3305,"position":5},"title":"It\u00b4s Gstaad Baby!","author":"Mar\u00eda \u2665Oui Oui\u2665","date":"3 febrero, 2014","format":false,"excerpt":"A la espera de ver \u00a1pronto, por favor! las fotos y reportaje oficial (si es que lo vemos, que espero que s\u00ed) del bod\u00f3n invernal de Tatiana Santodomingo y Andrea Casiraghi aqu\u00ed os dejo con lo que se ha filtrado hasta el momento (todas las fotos son tomadas de Instagram\u2026","rel":"","context":"En \u00abBoda\u00bb","block_context":{"text":"Boda","link":"https:\/\/oui-oui.es\/blog\/category\/fiestas-celebraciones\/boda\/"},"img":{"alt_text":"","src":"https:\/\/i0.wp.com\/oui-oui.es\/blog\/wp-content\/uploads\/2014\/02\/oui-oui-boda-tatiana-santodomingo-andrea-casiraghi-gstaad-boda-invernal-boda-invierno-9.jpg?resize=350%2C200&ssl=1","width":350,"height":200,"srcset":"https:\/\/i0.wp.com\/oui-oui.es\/blog\/wp-content\/uploads\/2014\/02\/oui-oui-boda-tatiana-santodomingo-andrea-casiraghi-gstaad-boda-invernal-boda-invierno-9.jpg?resize=350%2C200&ssl=1 1x, https:\/\/i0.wp.com\/oui-oui.es\/blog\/wp-content\/uploads\/2014\/02\/oui-oui-boda-tatiana-santodomingo-andrea-casiraghi-gstaad-boda-invernal-boda-invierno-9.jpg?resize=525%2C300&ssl=1 1.5x"},"classes":[]}],"_links":{"self":[{"href":"https:\/\/oui-oui.es\/blog\/wp-json\/wp\/v2\/posts\/3305","targetHints":{"allow":["GET"]}}],"collection":[{"href":"https:\/\/oui-oui.es\/blog\/wp-json\/wp\/v2\/posts"}],"about":[{"href":"https:\/\/oui-oui.es\/blog\/wp-json\/wp\/v2\/types\/post"}],"author":[{"embeddable":true,"href":"https:\/\/oui-oui.es\/blog\/wp-json\/wp\/v2\/users\/1"}],"replies":[{"embeddable":true,"href":"https:\/\/oui-oui.es\/blog\/wp-json\/wp\/v2\/comments?post=3305"}],"version-history":[{"count":2,"href":"https:\/\/oui-oui.es\/blog\/wp-json\/wp\/v2\/posts\/3305\/revisions"}],"predecessor-version":[{"id":3324,"href":"https:\/\/oui-oui.es\/blog\/wp-json\/wp\/v2\/posts\/3305\/revisions\/3324"}],"wp:featuredmedia":[{"embeddable":true,"href":"https:\/\/oui-oui.es\/blog\/wp-json\/wp\/v2\/media\/3321"}],"wp:attachment":[{"href":"https:\/\/oui-oui.es\/blog\/wp-json\/wp\/v2\/media?parent=3305"}],"wp:term":[{"taxonomy":"category","embeddable":true,"href":"https:\/\/oui-oui.es\/blog\/wp-json\/wp\/v2\/categories?post=3305"},{"taxonomy":"post_tag","embeddable":true,"href":"https:\/\/oui-oui.es\/blog\/wp-json\/wp\/v2\/tags?post=3305"}],"curies":[{"name":"wp","href":"https:\/\/api.w.org\/{rel}","templated":true}]}}