{"id":3410,"date":"2015-10-01T00:01:22","date_gmt":"2015-09-30T22:01:22","guid":{"rendered":"https:\/\/oui-oui.es\/blog\/?p=3410"},"modified":"2015-09-30T18:48:49","modified_gmt":"2015-09-30T16:48:49","slug":"3410-2","status":"publish","type":"post","link":"https:\/\/oui-oui.es\/blog\/3410-2\/","title":{"rendered":"\u00bfCama de madera o de barrotes de metal? dudando en Ikea"},"content":{"rendered":"<p><a href=\"http:\/\/www.oui-oui.es\/2-detalles-decoracion-ninos-habitacion-pinterest\"><img loading=\"lazy\" decoding=\"async\" class=\"aligncenter size-large wp-image-3413\" src=\"https:\/\/oui-oui.es\/blog\/wp-content\/uploads\/2015\/09\/Oui-Oui-cama-montessori-habitacion-babyoui-cama-ikea-ni\u00f1os-barrotes-1024x768.jpg\" alt=\"Oui Oui-cama montessori-habitacion babyoui-cama ikea ni\u00f1os barrotes\" width=\"1024\" height=\"768\" srcset=\"https:\/\/oui-oui.es\/blog\/wp-content\/uploads\/2015\/09\/Oui-Oui-cama-montessori-habitacion-babyoui-cama-ikea-ni\u00f1os-barrotes-1024x768.jpg 1024w, https:\/\/oui-oui.es\/blog\/wp-content\/uploads\/2015\/09\/Oui-Oui-cama-montessori-habitacion-babyoui-cama-ikea-ni\u00f1os-barrotes-300x225.jpg 300w, https:\/\/oui-oui.es\/blog\/wp-content\/uploads\/2015\/09\/Oui-Oui-cama-montessori-habitacion-babyoui-cama-ikea-ni\u00f1os-barrotes-600x450.jpg 600w\" sizes=\"auto, (max-width: 1024px) 100vw, 1024px\" \/><\/a><\/p>\n<p>Despu\u00e9s de darle tantas vueltas a la <a href=\"https:\/\/oui-oui.es\/blog\/en-busca-de-una-cama-montessori\/\" target=\"_blank\"><strong>cama Montessori<\/strong><\/a> para Mart\u00edn como os contaba en <a href=\"https:\/\/oui-oui.es\/blog\/en-busca-de-una-cama-montessori\/\" target=\"_blank\"><strong>este post<\/strong> <\/a>, <strong>acabamos comprando una <a href=\"http:\/\/www.ikea.com\/es\/es\/catalog\/categories\/departments\/childrens_ikea\/18723\/\" target=\"_blank\">cama en Ikea<\/a><\/strong>, porque cuando le cambiamos ten\u00eda ya casi dos a\u00f1os (ya es grande) y se sube y baja perfectamente de una cama bajita (para el siguiente me planteo la cama en el suelo mucho antes, a ver si es factible con los dos en la habitaci\u00f3n), as\u00ed que en Ikea ten\u00edan varias bajitas que estaban muy bien de precio, <strong>dudamos entre dos<\/strong>.<\/p>\n<p>La de <strong>barrotes de metal<\/strong> (<strong>Minnen<\/strong>) y <strong>la de madera<\/strong> (<strong><a href=\"http:\/\/www.ikea.com\/es\/es\/catalog\/products\/S49046068\/\" target=\"_blank\">Sundvik<\/a><\/strong>) ambas extensibles y crecederas, finalmente nos decidimos (vamos, tuve que convencer a Mr.Oui) por la de <strong>barrotes de metal<\/strong> porque <strong>est\u00e9ticamente me gustaba m\u00e1s<\/strong>, me parec\u00eda que quedaba m\u00e1s ligera en el espacio y adem\u00e1s daba m\u00e1s juego decorativo al poder colgar cosas; una banderola, bander\u00edn, una guirnalda&#8230;<\/p>\n<p><img loading=\"lazy\" decoding=\"async\" class=\"aligncenter size-full wp-image-3412\" src=\"https:\/\/oui-oui.es\/blog\/wp-content\/uploads\/2015\/09\/Oui-Oui-cama-ni\u00f1os-cama-montessori-cama-metal-ikea-minnen.jpg\" alt=\"Oui Oui-cama ni\u00f1os-cama montessori-cama metal ikea-minnen\" width=\"500\" height=\"500\" srcset=\"https:\/\/oui-oui.es\/blog\/wp-content\/uploads\/2015\/09\/Oui-Oui-cama-ni\u00f1os-cama-montessori-cama-metal-ikea-minnen.jpg 500w, https:\/\/oui-oui.es\/blog\/wp-content\/uploads\/2015\/09\/Oui-Oui-cama-ni\u00f1os-cama-montessori-cama-metal-ikea-minnen-150x150.jpg 150w, https:\/\/oui-oui.es\/blog\/wp-content\/uploads\/2015\/09\/Oui-Oui-cama-ni\u00f1os-cama-montessori-cama-metal-ikea-minnen-300x300.jpg 300w\" sizes=\"auto, (max-width: 500px) 100vw, 500px\" \/><\/p>\n<p>Pero ahora que la llevamos usando un par de meses <strong>tengo la duda de si hubiera sido mejor elecci\u00f3n la de madera<\/strong>, os cuento los contras de la de barrotes de metal:<\/p>\n<ul>\n<li>Al ser de metal cuando se da un golpe parece m\u00e1s duro que darse contra la madera<\/li>\n<li>A veces se le engancha un brazo o una pierna entre barrotes<\/li>\n<li>El metal es m\u00e1s fr\u00edo y al tocarlo da una sensaci\u00f3n menos c\u00e1lida que la madera<\/li>\n<\/ul>\n<p><img loading=\"lazy\" decoding=\"async\" class=\"aligncenter size-full wp-image-3411\" src=\"https:\/\/oui-oui.es\/blog\/wp-content\/uploads\/2015\/09\/Oui-Oui-cama-ni\u00f1os-ikea-sundvik.jpg\" alt=\"Oui Oui-cama ni\u00f1os ikea-sundvik\" width=\"500\" height=\"500\" srcset=\"https:\/\/oui-oui.es\/blog\/wp-content\/uploads\/2015\/09\/Oui-Oui-cama-ni\u00f1os-ikea-sundvik.jpg 500w, https:\/\/oui-oui.es\/blog\/wp-content\/uploads\/2015\/09\/Oui-Oui-cama-ni\u00f1os-ikea-sundvik-150x150.jpg 150w, https:\/\/oui-oui.es\/blog\/wp-content\/uploads\/2015\/09\/Oui-Oui-cama-ni\u00f1os-ikea-sundvik-300x300.jpg 300w\" sizes=\"auto, (max-width: 500px) 100vw, 500px\" \/><\/p>\n<p>A cambio, lo que os dec\u00eda, me parec\u00eda m\u00e1s especial&#8230;<\/p>\n<p>No s\u00e9 si ser\u00e1n <em>contras pasajeros<\/em> (en cuanto pongan la calefacci\u00f3n lo del frio no se notar\u00e1 e igual cuando crezca ya no cabe nada entre barrotes) o si hab\u00e9is experimentado algo parecido con la <a href=\"http:\/\/www.ikea.com\/es\/es\/catalog\/products\/S29123958\/\" target=\"_blank\"><strong>cama Minnen<\/strong><\/a>, si tienes la <strong><a href=\"http:\/\/www.ikea.com\/es\/es\/catalog\/products\/S49046068\/\" target=\"_blank\">cama de madera Sundvik<\/a><\/strong> tambi\u00e9nme gustar\u00eda saber tu opini\u00f3n!<\/p>\n","protected":false},"excerpt":{"rendered":"<p>Despu\u00e9s de darle tantas vueltas a la cama Montessori para Mart\u00edn como os contaba en este post , acabamos comprando una cama en Ikea, porque cuando le cambiamos ten\u00eda ya casi dos a\u00f1os (ya es grande) y se sube y baja perfectamente de una cama bajita (para el siguiente me planteo la cama en el [&hellip;]<\/p>\n","protected":false},"author":1,"featured_media":3413,"comment_status":"open","ping_status":"open","sticky":false,"template":"","format":"standard","meta":{"jetpack_post_was_ever_published":false,"_jetpack_newsletter_access":"","_jetpack_dont_email_post_to_subs":false,"_jetpack_newsletter_tier_id":0,"_jetpack_memberships_contains_paywalled_content":false,"_jetpack_memberships_contains_paid_content":false,"footnotes":"","jetpack_publicize_message":"","jetpack_publicize_feature_enabled":true,"jetpack_social_post_already_shared":true,"jetpack_social_options":{"image_generator_settings":{"template":"highway","default_image_id":0,"font":"","enabled":false},"version":2}},"categories":[535,174],"tags":[720,746,657],"class_list":["post-3410","post","type-post","status-publish","format-standard","has-post-thumbnail","hentry","category-maternidad","category-ninos","tag-deco-bebes","tag-deco-ninos","tag-montessori"],"aioseo_notices":[],"jetpack_publicize_connections":[],"jetpack_featured_media_url":"https:\/\/oui-oui.es\/blog\/wp-content\/uploads\/2015\/09\/Oui-Oui-cama-montessori-habitacion-babyoui-cama-ikea-ni\u00f1os-barrotes.jpg","jetpack_sharing_enabled":true,"jetpack-related-posts":[{"id":2447,"url":"https:\/\/oui-oui.es\/blog\/en-busca-de-una-cama-montessori\/","url_meta":{"origin":3410,"position":0},"title":"En busca de una cama Montessori","author":"Mar\u00eda \u2665Oui Oui\u2665","date":"29 mayo, 2015","format":false,"excerpt":"Fui a un colegio Montessori desde beb\u00e9 y una de las cosas que ten\u00eda claras cuando me qued\u00e9 embarazada de Mart\u00edn es que quer\u00eda educarle, en la medida de los posible, con esa filosof\u00eda. Para los que no sep\u00e1is de qu\u00e9 se trata, el m\u00e9todo Montessori es\u00a0una forma de educar\u2026","rel":"","context":"En \u00abMATERNIDAD\u00bb","block_context":{"text":"MATERNIDAD","link":"https:\/\/oui-oui.es\/blog\/category\/maternidad\/"},"img":{"alt_text":"","src":"https:\/\/i0.wp.com\/oui-oui.es\/blog\/wp-content\/uploads\/2015\/05\/oui-oui-blog-cama-montessori-cama-baja-para-bebes-8.jpg?resize=350%2C200&ssl=1","width":350,"height":200,"srcset":"https:\/\/i0.wp.com\/oui-oui.es\/blog\/wp-content\/uploads\/2015\/05\/oui-oui-blog-cama-montessori-cama-baja-para-bebes-8.jpg?resize=350%2C200&ssl=1 1x, https:\/\/i0.wp.com\/oui-oui.es\/blog\/wp-content\/uploads\/2015\/05\/oui-oui-blog-cama-montessori-cama-baja-para-bebes-8.jpg?resize=525%2C300&ssl=1 1.5x, https:\/\/i0.wp.com\/oui-oui.es\/blog\/wp-content\/uploads\/2015\/05\/oui-oui-blog-cama-montessori-cama-baja-para-bebes-8.jpg?resize=700%2C400&ssl=1 2x"},"classes":[]},{"id":10786,"url":"https:\/\/oui-oui.es\/blog\/las-literas-evolutivas-de-maison-du-monde\/","url_meta":{"origin":3410,"position":1},"title":"Las literas evolutivas de Maison du Monde","author":"Mar\u00eda \u2665Oui Oui\u2665","date":"21 febrero, 2023","format":false,"excerpt":"Poner literas \u00bfs\u00ed o no?, nosotros decidimos que s\u00ed y no nos equivocamos con las literas evolutivas!","rel":"","context":"En \u00abCASA\u00bb","block_context":{"text":"CASA","link":"https:\/\/oui-oui.es\/blog\/category\/hogar-dulce-hogar\/"},"img":{"alt_text":"","src":"https:\/\/i0.wp.com\/oui-oui.es\/blog\/wp-content\/uploads\/2023\/02\/Oui-Oui-literas-baratas-literas-infantiles-literas-Maison-du-Monde-literas-evolutivas-literas-madera-5-scaled.jpg?resize=350%2C200&ssl=1","width":350,"height":200,"srcset":"https:\/\/i0.wp.com\/oui-oui.es\/blog\/wp-content\/uploads\/2023\/02\/Oui-Oui-literas-baratas-literas-infantiles-literas-Maison-du-Monde-literas-evolutivas-literas-madera-5-scaled.jpg?resize=350%2C200&ssl=1 1x, https:\/\/i0.wp.com\/oui-oui.es\/blog\/wp-content\/uploads\/2023\/02\/Oui-Oui-literas-baratas-literas-infantiles-literas-Maison-du-Monde-literas-evolutivas-literas-madera-5-scaled.jpg?resize=525%2C300&ssl=1 1.5x, https:\/\/i0.wp.com\/oui-oui.es\/blog\/wp-content\/uploads\/2023\/02\/Oui-Oui-literas-baratas-literas-infantiles-literas-Maison-du-Monde-literas-evolutivas-literas-madera-5-scaled.jpg?resize=700%2C400&ssl=1 2x, https:\/\/i0.wp.com\/oui-oui.es\/blog\/wp-content\/uploads\/2023\/02\/Oui-Oui-literas-baratas-literas-infantiles-literas-Maison-du-Monde-literas-evolutivas-literas-madera-5-scaled.jpg?resize=1050%2C600&ssl=1 3x, https:\/\/i0.wp.com\/oui-oui.es\/blog\/wp-content\/uploads\/2023\/02\/Oui-Oui-literas-baratas-literas-infantiles-literas-Maison-du-Monde-literas-evolutivas-literas-madera-5-scaled.jpg?resize=1400%2C800&ssl=1 4x"},"classes":[]},{"id":2113,"url":"https:\/\/oui-oui.es\/blog\/el-cesto-cuna-que-es-cuna-portatil\/","url_meta":{"origin":3410,"position":2},"title":"El cesto-cuna que es cuna port\u00e1til","author":"Mar\u00eda \u2665Oui Oui\u2665","date":"11 mayo, 2015","format":false,"excerpt":"Nunca me han gustado mucho las cunas de viaje, me parece que ocupan much\u00edsimo en el coche, son un rollo de montar (es verdad que cuando le coges el truquillo son dos pasos, pero a\u00fan as\u00ed, no me gustan, llamadme rara), pero son \u00fatiles, sobretodo cuando tu beb\u00e9 va creciendo\u2026","rel":"","context":"En \u00abMATERNIDAD\u00bb","block_context":{"text":"MATERNIDAD","link":"https:\/\/oui-oui.es\/blog\/category\/maternidad\/"},"img":{"alt_text":"","src":"https:\/\/i0.wp.com\/oui-oui.es\/blog\/wp-content\/uploads\/2015\/05\/oui-oui-cuna-portatil-bebe-cuna-meter-dentro-de-la-cama-cuna-viaje-bebe-nestas-nest-3.jpg?resize=350%2C200&ssl=1","width":350,"height":200,"srcset":"https:\/\/i0.wp.com\/oui-oui.es\/blog\/wp-content\/uploads\/2015\/05\/oui-oui-cuna-portatil-bebe-cuna-meter-dentro-de-la-cama-cuna-viaje-bebe-nestas-nest-3.jpg?resize=350%2C200&ssl=1 1x, https:\/\/i0.wp.com\/oui-oui.es\/blog\/wp-content\/uploads\/2015\/05\/oui-oui-cuna-portatil-bebe-cuna-meter-dentro-de-la-cama-cuna-viaje-bebe-nestas-nest-3.jpg?resize=525%2C300&ssl=1 1.5x"},"classes":[]},{"id":5807,"url":"https:\/\/oui-oui.es\/blog\/que-es-una-torre-de-aprendizaje-y-por-que-es-util-para-un-nino\/","url_meta":{"origin":3410,"position":3},"title":"Qu\u00e9 es una torre de aprendizaje y por qu\u00e9 es \u00fatil para un ni\u00f1o","author":"Mar\u00eda \u2665Oui Oui\u2665","date":"6 julio, 2017","format":false,"excerpt":"Una torre de aprendizaje es un recurso educativo con el que ayudar a desarrollar la independencia de los m\u00e1s peque\u00f1os, un \"taburete seguro\" en el que subirse para poder realizar actividades que por su altura les ser\u00eda imposible hacer por s\u00ed mismos. Inspirada en la vida pr\u00e1ctica Montessori, es un\u2026","rel":"","context":"En \u00abMATERNIDAD\u00bb","block_context":{"text":"MATERNIDAD","link":"https:\/\/oui-oui.es\/blog\/category\/maternidad\/"},"img":{"alt_text":"","src":"https:\/\/i0.wp.com\/oui-oui.es\/blog\/wp-content\/uploads\/2017\/07\/Oui-Oui-torre-de-aprendizaje-montessori-torre-aprendizaje-kutuva-cocina-montessori-e1499352505936.jpg?resize=350%2C200&ssl=1","width":350,"height":200,"srcset":"https:\/\/i0.wp.com\/oui-oui.es\/blog\/wp-content\/uploads\/2017\/07\/Oui-Oui-torre-de-aprendizaje-montessori-torre-aprendizaje-kutuva-cocina-montessori-e1499352505936.jpg?resize=350%2C200&ssl=1 1x, https:\/\/i0.wp.com\/oui-oui.es\/blog\/wp-content\/uploads\/2017\/07\/Oui-Oui-torre-de-aprendizaje-montessori-torre-aprendizaje-kutuva-cocina-montessori-e1499352505936.jpg?resize=525%2C300&ssl=1 1.5x, https:\/\/i0.wp.com\/oui-oui.es\/blog\/wp-content\/uploads\/2017\/07\/Oui-Oui-torre-de-aprendizaje-montessori-torre-aprendizaje-kutuva-cocina-montessori-e1499352505936.jpg?resize=700%2C400&ssl=1 2x, https:\/\/i0.wp.com\/oui-oui.es\/blog\/wp-content\/uploads\/2017\/07\/Oui-Oui-torre-de-aprendizaje-montessori-torre-aprendizaje-kutuva-cocina-montessori-e1499352505936.jpg?resize=1050%2C600&ssl=1 3x, https:\/\/i0.wp.com\/oui-oui.es\/blog\/wp-content\/uploads\/2017\/07\/Oui-Oui-torre-de-aprendizaje-montessori-torre-aprendizaje-kutuva-cocina-montessori-e1499352505936.jpg?resize=1400%2C800&ssl=1 4x"},"classes":[]},{"id":6829,"url":"https:\/\/oui-oui.es\/blog\/los-ratoncitos-de-maileg\/","url_meta":{"origin":3410,"position":4},"title":"Los ratoncitos de Maileg","author":"Mar\u00eda \u2665Oui Oui\u2665","date":"18 julio, 2017","format":false,"excerpt":"Los ratoncitos de Maileg han acompa\u00f1ado nuestras puertas del ratoncito P\u00e9rez casi desde el principio, y lo cierto es que les he ido cogiendo cari\u00f1o con el tiempo. Al principio s\u00f3lo eran unos ratoncitos de tela mon\u00edsimos, que ven\u00edan en su cajita de cerillas con colchoncito y mantita (y que\u2026","rel":"","context":"En \u00abNI\u00d1OS Y NI\u00d1AS\u00bb","block_context":{"text":"NI\u00d1OS Y NI\u00d1AS","link":"https:\/\/oui-oui.es\/blog\/category\/ninos\/"},"img":{"alt_text":"","src":"https:\/\/i0.wp.com\/oui-oui.es\/blog\/wp-content\/uploads\/2017\/07\/Oui-Oui-puertas-ratoncito-P%C3%A9rez-ratoncitos-Maileg.jpg?resize=350%2C200&ssl=1","width":350,"height":200,"srcset":"https:\/\/i0.wp.com\/oui-oui.es\/blog\/wp-content\/uploads\/2017\/07\/Oui-Oui-puertas-ratoncito-P%C3%A9rez-ratoncitos-Maileg.jpg?resize=350%2C200&ssl=1 1x, https:\/\/i0.wp.com\/oui-oui.es\/blog\/wp-content\/uploads\/2017\/07\/Oui-Oui-puertas-ratoncito-P%C3%A9rez-ratoncitos-Maileg.jpg?resize=525%2C300&ssl=1 1.5x, https:\/\/i0.wp.com\/oui-oui.es\/blog\/wp-content\/uploads\/2017\/07\/Oui-Oui-puertas-ratoncito-P%C3%A9rez-ratoncitos-Maileg.jpg?resize=700%2C400&ssl=1 2x, https:\/\/i0.wp.com\/oui-oui.es\/blog\/wp-content\/uploads\/2017\/07\/Oui-Oui-puertas-ratoncito-P%C3%A9rez-ratoncitos-Maileg.jpg?resize=1050%2C600&ssl=1 3x"},"classes":[]},{"id":4192,"url":"https:\/\/oui-oui.es\/blog\/oda-a-la-madera-natural-flisat-ikea\/","url_meta":{"origin":3410,"position":5},"title":"Oda a la madera natural | Flisat Ikea","author":"Mar\u00eda \u2665Oui Oui\u2665","date":"14 abril, 2016","format":false,"excerpt":"Descubro en el blog de Teresa la \u00faltima colecci\u00f3n de muebles de Ikea para ni\u00f1os y no puedo resistirme a compartirla porque me chifla toda, de hecho me dan ganas de cambiar cosas de la habitaci\u00f3n de Mart\u00edn, aunque voy a intentar contenerme hasta que tenga que redistribuirla porque Frida\u2026","rel":"","context":"En \u00abDECORACI\u00d3N\u00bb","block_context":{"text":"DECORACI\u00d3N","link":"https:\/\/oui-oui.es\/blog\/category\/decoracion-de-casa\/"},"img":{"alt_text":"","src":"https:\/\/i0.wp.com\/oui-oui.es\/blog\/wp-content\/uploads\/2016\/04\/Oui-Oui-coleccion-FLISAT-IKEA-juguetes-de-madera.jpg?resize=350%2C200&ssl=1","width":350,"height":200,"srcset":"https:\/\/i0.wp.com\/oui-oui.es\/blog\/wp-content\/uploads\/2016\/04\/Oui-Oui-coleccion-FLISAT-IKEA-juguetes-de-madera.jpg?resize=350%2C200&ssl=1 1x, https:\/\/i0.wp.com\/oui-oui.es\/blog\/wp-content\/uploads\/2016\/04\/Oui-Oui-coleccion-FLISAT-IKEA-juguetes-de-madera.jpg?resize=525%2C300&ssl=1 1.5x"},"classes":[]}],"_links":{"self":[{"href":"https:\/\/oui-oui.es\/blog\/wp-json\/wp\/v2\/posts\/3410","targetHints":{"allow":["GET"]}}],"collection":[{"href":"https:\/\/oui-oui.es\/blog\/wp-json\/wp\/v2\/posts"}],"about":[{"href":"https:\/\/oui-oui.es\/blog\/wp-json\/wp\/v2\/types\/post"}],"author":[{"embeddable":true,"href":"https:\/\/oui-oui.es\/blog\/wp-json\/wp\/v2\/users\/1"}],"replies":[{"embeddable":true,"href":"https:\/\/oui-oui.es\/blog\/wp-json\/wp\/v2\/comments?post=3410"}],"version-history":[{"count":3,"href":"https:\/\/oui-oui.es\/blog\/wp-json\/wp\/v2\/posts\/3410\/revisions"}],"predecessor-version":[{"id":3416,"href":"https:\/\/oui-oui.es\/blog\/wp-json\/wp\/v2\/posts\/3410\/revisions\/3416"}],"wp:featuredmedia":[{"embeddable":true,"href":"https:\/\/oui-oui.es\/blog\/wp-json\/wp\/v2\/media\/3413"}],"wp:attachment":[{"href":"https:\/\/oui-oui.es\/blog\/wp-json\/wp\/v2\/media?parent=3410"}],"wp:term":[{"taxonomy":"category","embeddable":true,"href":"https:\/\/oui-oui.es\/blog\/wp-json\/wp\/v2\/categories?post=3410"},{"taxonomy":"post_tag","embeddable":true,"href":"https:\/\/oui-oui.es\/blog\/wp-json\/wp\/v2\/tags?post=3410"}],"curies":[{"name":"wp","href":"https:\/\/api.w.org\/{rel}","templated":true}]}}