{"id":3417,"date":"2015-10-02T00:01:39","date_gmt":"2015-10-01T22:01:39","guid":{"rendered":"https:\/\/oui-oui.es\/blog\/?p=3417"},"modified":"2015-10-01T17:13:04","modified_gmt":"2015-10-01T15:13:04","slug":"sera-nino-o-nina-te-invito-a-la-fiesta-de-revelacion-del-sexo-del-bebe","status":"publish","type":"post","link":"https:\/\/oui-oui.es\/blog\/sera-nino-o-nina-te-invito-a-la-fiesta-de-revelacion-del-sexo-del-bebe\/","title":{"rendered":"\u00bfSer\u00e1 ni\u00f1o o ni\u00f1a? \u00a1Te invito a la fiesta de revelaci\u00f3n del sexo del beb\u00e9!"},"content":{"rendered":"<p><a href=\"http:\/\/www.oui-oui.es\/31-fiestas-y-cumpleanos\"><img loading=\"lazy\" decoding=\"async\" class=\"aligncenter size-large wp-image-3425\" src=\"https:\/\/oui-oui.es\/blog\/wp-content\/uploads\/2015\/10\/Oui-Oui-fiesta-revelacion-sexo-bebe-anunciar-es-ni\u00f1o-o-ni\u00f1a-oui-oui-eco-ni\u00f1os-4-1024x1024.jpg\" alt=\"Oui Oui-fiesta revelacion sexo bebe-anunciar es ni\u00f1o o ni\u00f1a-oui oui eco ni\u00f1os (4)\" width=\"1024\" height=\"1024\" srcset=\"https:\/\/oui-oui.es\/blog\/wp-content\/uploads\/2015\/10\/Oui-Oui-fiesta-revelacion-sexo-bebe-anunciar-es-ni\u00f1o-o-ni\u00f1a-oui-oui-eco-ni\u00f1os-4-1024x1024.jpg 1024w, https:\/\/oui-oui.es\/blog\/wp-content\/uploads\/2015\/10\/Oui-Oui-fiesta-revelacion-sexo-bebe-anunciar-es-ni\u00f1o-o-ni\u00f1a-oui-oui-eco-ni\u00f1os-4-150x150.jpg 150w, https:\/\/oui-oui.es\/blog\/wp-content\/uploads\/2015\/10\/Oui-Oui-fiesta-revelacion-sexo-bebe-anunciar-es-ni\u00f1o-o-ni\u00f1a-oui-oui-eco-ni\u00f1os-4-300x300.jpg 300w, https:\/\/oui-oui.es\/blog\/wp-content\/uploads\/2015\/10\/Oui-Oui-fiesta-revelacion-sexo-bebe-anunciar-es-ni\u00f1o-o-ni\u00f1a-oui-oui-eco-ni\u00f1os-4-600x600.jpg 600w\" sizes=\"auto, (max-width: 1024px) 100vw, 1024px\" \/><\/a><\/p>\n<p>Este a\u00f1o no me ve\u00eda con fuerzas (ni con agenda disponible, la verdad) de organizar otra <a href=\"https:\/\/oui-oui.es\/blog\/como-anunciar-si-sera-nino-o-nina-gender-reveal-party\/\" target=\"_blank\"><strong>fiesta de revelaci\u00f3n del sexo del beb\u00e9<\/strong><\/a> (gender reveal party) como la que hice cuando estaba embarazada de Mart\u00edn, pero <strong>una cosa es no tener tiempo y estar cansada y otra que no te apetezca<\/strong>&#8230;As\u00ed que decid\u00ed hacer la fiesta virtual, en <a href=\"https:\/\/instagram.com\/ouiouidetalles\/\" target=\"_blank\"><strong>Instagram<\/strong><\/a>, durante los tres d\u00edas previos a la ecograf\u00eda de la semana 20 fu\u00ed dando pistas de lo que (seg\u00fan la cultura popular) pod\u00eda ser&#8230;<\/p>\n<p><a href=\"http:\/\/www.oui-oui.es\/29-puertas-ratoncito-perez\"><img loading=\"lazy\" decoding=\"async\" class=\"aligncenter size-large wp-image-3424\" src=\"https:\/\/oui-oui.es\/blog\/wp-content\/uploads\/2015\/10\/Oui-Oui-fiesta-revelacion-sexo-bebe-anunciar-es-ni\u00f1o-o-ni\u00f1a-oui-oui-eco-ni\u00f1os-3-1024x1024.jpg\" alt=\"Oui Oui-fiesta revelacion sexo bebe-anunciar es ni\u00f1o o ni\u00f1a-oui oui eco ni\u00f1os (3)\" width=\"1024\" height=\"1024\" srcset=\"https:\/\/oui-oui.es\/blog\/wp-content\/uploads\/2015\/10\/Oui-Oui-fiesta-revelacion-sexo-bebe-anunciar-es-ni\u00f1o-o-ni\u00f1a-oui-oui-eco-ni\u00f1os-3-1024x1024.jpg 1024w, https:\/\/oui-oui.es\/blog\/wp-content\/uploads\/2015\/10\/Oui-Oui-fiesta-revelacion-sexo-bebe-anunciar-es-ni\u00f1o-o-ni\u00f1a-oui-oui-eco-ni\u00f1os-3-150x150.jpg 150w, https:\/\/oui-oui.es\/blog\/wp-content\/uploads\/2015\/10\/Oui-Oui-fiesta-revelacion-sexo-bebe-anunciar-es-ni\u00f1o-o-ni\u00f1a-oui-oui-eco-ni\u00f1os-3-300x300.jpg 300w, https:\/\/oui-oui.es\/blog\/wp-content\/uploads\/2015\/10\/Oui-Oui-fiesta-revelacion-sexo-bebe-anunciar-es-ni\u00f1o-o-ni\u00f1a-oui-oui-eco-ni\u00f1os-3-600x600.jpg 600w\" sizes=\"auto, (max-width: 1024px) 100vw, 1024px\" \/><\/a><\/p>\n<p>Hay muchos m\u00e9todos y la verdad es que cada uno dice una cosa, as\u00ed que pod\u00eda intuir que ser\u00eda ni\u00f1o seg\u00fan unos y que ser\u00eda ni\u00f1a seg\u00fan otros&#8230;<\/p>\n<blockquote><p>Dicen que si te apetece salado es ni\u00f1o y que si te apetece dulce es ni\u00f1a<\/p><\/blockquote>\n<p>Tambi\u00e9n que <strong>si tienes la tripa m\u00e1s extendida y redonda es ni\u00f1a y si es m\u00e1s de pico es ni\u00f1o<\/strong> (aunque lo he le\u00eddo tambi\u00e9n al rev\u00e9s)<\/p>\n<p><a href=\"http:\/\/www.oui-oui.es\/2-detalles-decoracion-ninos-habitacion-pinterest\"><img loading=\"lazy\" decoding=\"async\" class=\"aligncenter size-large wp-image-3423\" src=\"https:\/\/oui-oui.es\/blog\/wp-content\/uploads\/2015\/10\/Oui-Oui-fiesta-revelacion-sexo-bebe-anunciar-es-ni\u00f1o-o-ni\u00f1a-oui-oui-eco-ni\u00f1os-2-1024x1024.jpg\" alt=\"Oui Oui-fiesta revelacion sexo bebe-anunciar es ni\u00f1o o ni\u00f1a-oui oui eco ni\u00f1os (2)\" width=\"1024\" height=\"1024\" srcset=\"https:\/\/oui-oui.es\/blog\/wp-content\/uploads\/2015\/10\/Oui-Oui-fiesta-revelacion-sexo-bebe-anunciar-es-ni\u00f1o-o-ni\u00f1a-oui-oui-eco-ni\u00f1os-2-1024x1024.jpg 1024w, https:\/\/oui-oui.es\/blog\/wp-content\/uploads\/2015\/10\/Oui-Oui-fiesta-revelacion-sexo-bebe-anunciar-es-ni\u00f1o-o-ni\u00f1a-oui-oui-eco-ni\u00f1os-2-150x150.jpg 150w, https:\/\/oui-oui.es\/blog\/wp-content\/uploads\/2015\/10\/Oui-Oui-fiesta-revelacion-sexo-bebe-anunciar-es-ni\u00f1o-o-ni\u00f1a-oui-oui-eco-ni\u00f1os-2-300x300.jpg 300w, https:\/\/oui-oui.es\/blog\/wp-content\/uploads\/2015\/10\/Oui-Oui-fiesta-revelacion-sexo-bebe-anunciar-es-ni\u00f1o-o-ni\u00f1a-oui-oui-eco-ni\u00f1os-2-600x600.jpg 600w\" sizes=\"auto, (max-width: 1024px) 100vw, 1024px\" \/><\/a><\/p>\n<p>Luego hay <strong>m\u00e9todos de c\u00e1lculo<\/strong>; <em>\u00abel chino\u00bb \u00abel gitano\u00bb, \u00abel matem\u00e1tico\u00bb<\/em>&#8230;Que sumando la edad a la que concebiste, m\u00e1s el mes de gestaci\u00f3n si sale par es una cosa y si sale impar sale otra&#8230;En mi caso el \u00fanico que acertaba era el chino.<\/p>\n<p>Cada vez que sub\u00eda una foto, la gente comentaba con su voto \u00a1ha sido muy divertido!<\/p>\n<p><a href=\"http:\/\/www.oui-oui.es\/2-detalles-decoracion-ninos-habitacion-pinterest\"><img loading=\"lazy\" decoding=\"async\" class=\"aligncenter size-large wp-image-3422\" src=\"https:\/\/oui-oui.es\/blog\/wp-content\/uploads\/2015\/10\/Oui-Oui-fiesta-revelacion-sexo-bebe-anunciar-es-ni\u00f1o-o-ni\u00f1a-oui-oui-eco-ni\u00f1os-1-1024x1024.jpg\" alt=\"Oui Oui-fiesta revelacion sexo bebe-anunciar es ni\u00f1o o ni\u00f1a-oui oui eco ni\u00f1os (1)\" width=\"1024\" height=\"1024\" srcset=\"https:\/\/oui-oui.es\/blog\/wp-content\/uploads\/2015\/10\/Oui-Oui-fiesta-revelacion-sexo-bebe-anunciar-es-ni\u00f1o-o-ni\u00f1a-oui-oui-eco-ni\u00f1os-1-1024x1024.jpg 1024w, https:\/\/oui-oui.es\/blog\/wp-content\/uploads\/2015\/10\/Oui-Oui-fiesta-revelacion-sexo-bebe-anunciar-es-ni\u00f1o-o-ni\u00f1a-oui-oui-eco-ni\u00f1os-1-150x150.jpg 150w, https:\/\/oui-oui.es\/blog\/wp-content\/uploads\/2015\/10\/Oui-Oui-fiesta-revelacion-sexo-bebe-anunciar-es-ni\u00f1o-o-ni\u00f1a-oui-oui-eco-ni\u00f1os-1-300x300.jpg 300w, https:\/\/oui-oui.es\/blog\/wp-content\/uploads\/2015\/10\/Oui-Oui-fiesta-revelacion-sexo-bebe-anunciar-es-ni\u00f1o-o-ni\u00f1a-oui-oui-eco-ni\u00f1os-1-600x600.jpg 600w\" sizes=\"auto, (max-width: 1024px) 100vw, 1024px\" \/><\/a><\/p>\n<p>Me apetec\u00eda <strong>revelar el sexo del beb\u00e9 con el relleno<\/strong> de una <strong>tarta en degrad\u00e9<\/strong>, as\u00ed que llam\u00e9 a Mar\u00eda de <a href=\"https:\/\/www.facebook.com\/casagolosa\" target=\"_blank\"><strong>Casa Golosa<\/strong><\/a> para encargarle una (cuando la llam\u00e9 a\u00fan no sab\u00eda si ser\u00eda ni\u00f1o o ni\u00f1a!) y de hecho la llam\u00e9 la primera, despu\u00e9s de los abuelos, para que se pusiera manos a la obra!<\/p>\n<p>Y&#8230; <strong>\u00a1Aqu\u00ed la ten\u00e9is!<\/strong><\/p>\n<p><a href=\"http:\/\/www.oui-oui.es\/31-fiestas-y-cumpleanos\"><img loading=\"lazy\" decoding=\"async\" class=\"aligncenter size-large wp-image-3418\" src=\"https:\/\/oui-oui.es\/blog\/wp-content\/uploads\/2015\/10\/Oui-Oui-tarta-relleno-degradado-rosa-tarta-revelar-sexo-bebe-ni\u00f1a-casa-golosa-3-1024x768.jpg\" alt=\"Oui Oui-tarta relleno degradado rosa-tarta revelar sexo bebe ni\u00f1a-casa golosa (3)\" width=\"1024\" height=\"768\" srcset=\"https:\/\/oui-oui.es\/blog\/wp-content\/uploads\/2015\/10\/Oui-Oui-tarta-relleno-degradado-rosa-tarta-revelar-sexo-bebe-ni\u00f1a-casa-golosa-3-1024x768.jpg 1024w, https:\/\/oui-oui.es\/blog\/wp-content\/uploads\/2015\/10\/Oui-Oui-tarta-relleno-degradado-rosa-tarta-revelar-sexo-bebe-ni\u00f1a-casa-golosa-3-300x225.jpg 300w, https:\/\/oui-oui.es\/blog\/wp-content\/uploads\/2015\/10\/Oui-Oui-tarta-relleno-degradado-rosa-tarta-revelar-sexo-bebe-ni\u00f1a-casa-golosa-3-600x450.jpg 600w\" sizes=\"auto, (max-width: 1024px) 100vw, 1024px\" \/><\/a><\/p>\n<p>No solo es una preciosidad de tarta, sino que adem\u00e1s est\u00e1 buen\u00edsima \ud83d\ude42<\/p>\n<style>.eic-frame-3426 { width: 500px; height:500px; background-color: #ffffff; border: 1px solid #ffffff; }.eic-frame-3426 .eic-image { border: 1px solid #ffffff; }<\/style><div class=\"eic-container\"><div class=\"eic-frame eic-frame-3426 eic-frame-2-row-bottom-2-col\" data-layout-name=\"2-row-bottom-2-col\" data-orig-width=\"500\" data-orig-border=\"1\" data-ratio=\"1\"><div class=\"eic-rows\"><div class=\"eic-row eic-child-1\" style=\"top: 0; left: 0; right: 0; bottom: 50%; height: 50%;\"><div class=\"eic-image eic-image-0\" data-size-x=\"500\" data-size-y=\"500\" data-pos-x=\"-3\" data-pos-y=\"-205\"><img decoding=\"async\" src=\"https:\/\/oui-oui.es\/blog\/wp-content\/uploads\/2015\/10\/Oui-Oui-tarta-relleno-degradado-rosa-tarta-revelar-sexo-bebe-ni\u00f1a-casa-golosa-7.jpg\" style=\"width: 500px !important;height: 500px !important;max-width: none !important;max-height: none !important;position: absolute !important;left: -3px !important;top: -205px !important;padding: 0 !important;margin: 0 !important;border: none !important;\" title=\"Oui Oui-tarta relleno degradado rosa-tarta revelar sexo bebe ni\u00f1a-casa golosa (7)\" alt=\"Oui Oui-tarta relleno degradado rosa-tarta revelar sexo bebe ni\u00f1a-casa golosa (7)\" \/><\/div><\/div><div class=\"eic-row eic-child-2\" style=\"bottom: 0; left: 0; right: 0; top: 50%; height: 50%;\"><div class=\"eic-cols\"><div class=\"eic-col eic-child-1\" style=\"top: 0; bottom: 0; left: 0; right: 50%; width: 50%;\"><div class=\"eic-image eic-image-1\" data-size-x=\"251\" data-size-y=\"251\" data-pos-x=\"0\" data-pos-y=\"0\"><img decoding=\"async\" src=\"https:\/\/oui-oui.es\/blog\/wp-content\/uploads\/2015\/10\/Oui-Oui-tarta-relleno-degradado-rosa-tarta-revelar-sexo-bebe-ni\u00f1a-casa-golosa-6.jpg\" style=\"width: 251px !important;height: 251px !important;max-width: none !important;max-height: none !important;position: absolute !important;left: 0px !important;top: 0px !important;padding: 0 !important;margin: 0 !important;border: none !important;\" title=\"Oui Oui-tarta relleno degradado rosa-tarta revelar sexo bebe ni\u00f1a-casa golosa (6)\" alt=\"Oui Oui-tarta relleno degradado rosa-tarta revelar sexo bebe ni\u00f1a-casa golosa (6)\" \/><\/div><\/div><div class=\"eic-col eic-child-2\" style=\"top: 0; bottom: 0; right: 0; left: 50%; width: 50%;\"><div class=\"eic-image eic-image-2\" data-size-x=\"251\" data-size-y=\"251\" data-pos-x=\"0\" data-pos-y=\"0\"><img decoding=\"async\" src=\"https:\/\/oui-oui.es\/blog\/wp-content\/uploads\/2015\/10\/Oui-Oui-tarta-relleno-degradado-rosa-tarta-revelar-sexo-bebe-ni\u00f1a-casa-golosa-4.jpg\" style=\"width: 251px !important;height: 251px !important;max-width: none !important;max-height: none !important;position: absolute !important;left: 0px !important;top: 0px !important;padding: 0 !important;margin: 0 !important;border: none !important;\" title=\"Oui Oui-tarta relleno degradado rosa-tarta revelar sexo bebe ni\u00f1a-casa golosa (4)\" alt=\"Oui Oui-tarta relleno degradado rosa-tarta revelar sexo bebe ni\u00f1a-casa golosa (4)\" \/><\/div><\/div><\/div><\/div><\/div><\/div><\/div>\n<p>La verdad es que, aunque parezca un t\u00f3pico, lo \u00fanico que deseas es que el beb\u00e9 est\u00e9 bien, nos daba igual si era ni\u00f1o o ni\u00f1a, pero ahora que sabemos que es ni\u00f1a ya he cambiado mi chip de b\u00fasqueda de cosas bonitas para beb\u00e9s ni\u00f1a&#8230;<strong>Es como si mi embarazo empezara ahora!<\/strong><\/p>\n","protected":false},"excerpt":{"rendered":"<p>Este a\u00f1o no me ve\u00eda con fuerzas (ni con agenda disponible, la verdad) de organizar otra fiesta de revelaci\u00f3n del sexo del beb\u00e9 (gender reveal party) como la que hice cuando estaba embarazada de Mart\u00edn, pero una cosa es no tener tiempo y estar cansada y otra que no te apetezca&#8230;As\u00ed que decid\u00ed hacer la [&hellip;]<\/p>\n","protected":false},"author":1,"featured_media":3424,"comment_status":"open","ping_status":"open","sticky":false,"template":"","format":"standard","meta":{"jetpack_post_was_ever_published":false,"_jetpack_newsletter_access":"","_jetpack_dont_email_post_to_subs":false,"_jetpack_newsletter_tier_id":0,"_jetpack_memberships_contains_paywalled_content":false,"_jetpack_memberships_contains_paid_content":false,"footnotes":"","jetpack_publicize_message":"","jetpack_publicize_feature_enabled":true,"jetpack_social_post_already_shared":true,"jetpack_social_options":{"image_generator_settings":{"template":"highway","default_image_id":0,"font":"","enabled":false},"version":2}},"categories":[7,535],"tags":[186,743],"class_list":["post-3417","post","type-post","status-publish","format-standard","has-post-thumbnail","hentry","category-fiestas-celebraciones","category-maternidad","tag-babyshower","tag-tartas"],"aioseo_notices":[],"jetpack_publicize_connections":[],"jetpack_featured_media_url":"https:\/\/oui-oui.es\/blog\/wp-content\/uploads\/2015\/10\/Oui-Oui-fiesta-revelacion-sexo-bebe-anunciar-es-ni\u00f1o-o-ni\u00f1a-oui-oui-eco-ni\u00f1os-3.jpg","jetpack_sharing_enabled":true,"jetpack-related-posts":[{"id":639,"url":"https:\/\/oui-oui.es\/blog\/como-anunciar-si-sera-nino-o-nina-gender-reveal-party\/","url_meta":{"origin":3417,"position":0},"title":"C\u00f3mo anunciar si ser\u00e1 ni\u00f1o o ni\u00f1a (gender reveal party)","author":"Mar\u00eda \u2665Oui Oui\u2665","date":"16 abril, 2013","format":false,"excerpt":"Seg\u00fan pasan las semanas del embarazo, me voy dando cuenta de que el periodo previo a tener un beb\u00e9 tiene una similitud muy grande con el periodo previo a organizar tu boda (salvando las distancias, por favor, que nadie lo interprete fr\u00edvolamente). Suelen ser 9 meses en ambos casos (en\u2026","rel":"","context":"En \u00abA una futura o reciente mam\u00e1\u00bb","block_context":{"text":"A una futura o reciente mam\u00e1","link":"https:\/\/oui-oui.es\/blog\/category\/no-se-que-regalar\/a-una-futura-o-reciente-mama\/"},"img":{"alt_text":"","src":"https:\/\/i0.wp.com\/oui-oui.es\/blog\/wp-content\/uploads\/oui-oui-agenda-para-embarazadas-diario-del-bebc3a9.jpg?resize=350%2C200&ssl=1","width":350,"height":200,"srcset":"https:\/\/i0.wp.com\/oui-oui.es\/blog\/wp-content\/uploads\/oui-oui-agenda-para-embarazadas-diario-del-bebc3a9.jpg?resize=350%2C200&ssl=1 1x, https:\/\/i0.wp.com\/oui-oui.es\/blog\/wp-content\/uploads\/oui-oui-agenda-para-embarazadas-diario-del-bebc3a9.jpg?resize=525%2C300&ssl=1 1.5x"},"classes":[]},{"id":638,"url":"https:\/\/oui-oui.es\/blog\/y-la-noticia-que-faltaba-era\/","url_meta":{"origin":3417,"position":1},"title":"Y la noticia que faltaba era&#8230;","author":"Mar\u00eda \u2665Oui Oui\u2665","date":"1 abril, 2013","format":false,"excerpt":"Como contaba hace unas semanas, marzo era un mes especial, fu\u00e9 mi cumple, lanc\u00e9 la tienda online (un mill\u00f3n de gracias por la buena acogida que est\u00e1 teniendo!!) y quedaba una sorpresa m\u00e1s por desvelar...Al final os la cuento en abril, pero en un d\u00eda tambi\u00e9n muy especial...Hoy en nuestro\u2026","rel":"","context":"En \u00abNI\u00d1OS Y NI\u00d1AS\u00bb","block_context":{"text":"NI\u00d1OS Y NI\u00d1AS","link":"https:\/\/oui-oui.es\/blog\/category\/ninos\/"},"img":{"alt_text":"","src":"https:\/\/i0.wp.com\/oui-oui.es\/blog\/wp-content\/uploads\/h1_track.jpg?resize=350%2C200&ssl=1","width":350,"height":200,"srcset":"https:\/\/i0.wp.com\/oui-oui.es\/blog\/wp-content\/uploads\/h1_track.jpg?resize=350%2C200&ssl=1 1x, https:\/\/i0.wp.com\/oui-oui.es\/blog\/wp-content\/uploads\/h1_track.jpg?resize=525%2C300&ssl=1 1.5x"},"classes":[]},{"id":3325,"url":"https:\/\/oui-oui.es\/blog\/ideas-para-anunciar-el-segundo-embarazo-una-gran-noticia\/","url_meta":{"origin":3417,"position":2},"title":"Ideas para anunciar el segundo embarazo + una gran noticia!","author":"Mar\u00eda \u2665Oui Oui\u2665","date":"16 septiembre, 2015","format":false,"excerpt":"He empezado la vuelta al curso con muchas ganas, de darlo todo en este \u00faltimo trimestre (o primero, seg\u00fan se mire), espero poder compartir con vosotros pronto varias novedades en Oui Oui, pero antes, una noticia personal que me apetec\u00eda mucho compartir!...En 2016 seremos padres de nuevo!!!, el embarazo va\u2026","rel":"","context":"En \u00abMATERNIDAD\u00bb","block_context":{"text":"MATERNIDAD","link":"https:\/\/oui-oui.es\/blog\/category\/maternidad\/"},"img":{"alt_text":"","src":"https:\/\/i0.wp.com\/oui-oui.es\/blog\/wp-content\/uploads\/2015\/09\/Oui-Oui-anuncio-segundo-embarazo-babyoui-martin-pizarra-con-cosas-que-hacer-5.jpg?resize=350%2C200&ssl=1","width":350,"height":200,"srcset":"https:\/\/i0.wp.com\/oui-oui.es\/blog\/wp-content\/uploads\/2015\/09\/Oui-Oui-anuncio-segundo-embarazo-babyoui-martin-pizarra-con-cosas-que-hacer-5.jpg?resize=350%2C200&ssl=1 1x, https:\/\/i0.wp.com\/oui-oui.es\/blog\/wp-content\/uploads\/2015\/09\/Oui-Oui-anuncio-segundo-embarazo-babyoui-martin-pizarra-con-cosas-que-hacer-5.jpg?resize=525%2C300&ssl=1 1.5x, https:\/\/i0.wp.com\/oui-oui.es\/blog\/wp-content\/uploads\/2015\/09\/Oui-Oui-anuncio-segundo-embarazo-babyoui-martin-pizarra-con-cosas-que-hacer-5.jpg?resize=700%2C400&ssl=1 2x, https:\/\/i0.wp.com\/oui-oui.es\/blog\/wp-content\/uploads\/2015\/09\/Oui-Oui-anuncio-segundo-embarazo-babyoui-martin-pizarra-con-cosas-que-hacer-5.jpg?resize=1050%2C600&ssl=1 3x, https:\/\/i0.wp.com\/oui-oui.es\/blog\/wp-content\/uploads\/2015\/09\/Oui-Oui-anuncio-segundo-embarazo-babyoui-martin-pizarra-con-cosas-que-hacer-5.jpg?resize=1400%2C800&ssl=1 4x"},"classes":[]},{"id":4086,"url":"https:\/\/oui-oui.es\/blog\/la-babyshower-de-frida\/","url_meta":{"origin":3417,"position":3},"title":"La babyshower de Frida","author":"Mar\u00eda \u2665Oui Oui\u2665","date":"10 marzo, 2016","format":false,"excerpt":"Ya sab\u00e9is que me encanta celebrarlo todo, con Mart\u00edn hice fiesta de revelaci\u00f3n del sexo del beb\u00e9 y mis amigas me organizaron una babyshower, con Frida no me di\u00f3 tiempo a hacer la gender reveal party, pero hice una virtual con la tarta rellena de rosa, pod\u00e9is verla aqu\u00ed. \u00a0\u2026","rel":"","context":"En \u00abBabyshowers\u00bb","block_context":{"text":"Babyshowers","link":"https:\/\/oui-oui.es\/blog\/category\/fiestas-celebraciones\/babyshowers\/"},"img":{"alt_text":"","src":"https:\/\/i0.wp.com\/oui-oui.es\/blog\/wp-content\/uploads\/2016\/03\/Oui-Oui-babyshoer-Frida-mexicana-elena-bau-eventos-colorin-9.jpg?resize=350%2C200&ssl=1","width":350,"height":200,"srcset":"https:\/\/i0.wp.com\/oui-oui.es\/blog\/wp-content\/uploads\/2016\/03\/Oui-Oui-babyshoer-Frida-mexicana-elena-bau-eventos-colorin-9.jpg?resize=350%2C200&ssl=1 1x, https:\/\/i0.wp.com\/oui-oui.es\/blog\/wp-content\/uploads\/2016\/03\/Oui-Oui-babyshoer-Frida-mexicana-elena-bau-eventos-colorin-9.jpg?resize=525%2C300&ssl=1 1.5x, https:\/\/i0.wp.com\/oui-oui.es\/blog\/wp-content\/uploads\/2016\/03\/Oui-Oui-babyshoer-Frida-mexicana-elena-bau-eventos-colorin-9.jpg?resize=700%2C400&ssl=1 2x, https:\/\/i0.wp.com\/oui-oui.es\/blog\/wp-content\/uploads\/2016\/03\/Oui-Oui-babyshoer-Frida-mexicana-elena-bau-eventos-colorin-9.jpg?resize=1050%2C600&ssl=1 3x, https:\/\/i0.wp.com\/oui-oui.es\/blog\/wp-content\/uploads\/2016\/03\/Oui-Oui-babyshoer-Frida-mexicana-elena-bau-eventos-colorin-9.jpg?resize=1400%2C800&ssl=1 4x"},"classes":[]},{"id":1946,"url":"https:\/\/oui-oui.es\/blog\/adivina-cuanto-te-quiero\/","url_meta":{"origin":3417,"position":4},"title":"Adivina Cu\u00e1nto te Quiero","author":"Mar\u00eda \u2665Oui Oui\u2665","date":"26 febrero, 2015","format":false,"excerpt":"Adivina cu\u00e1nto te quiero es un cuento precioso, famoso por la historia de una peque\u00f1a liebre color avellana y su madre que juegan a demostrarse cu\u00e1nto se quieren la una a la otra...Hasta acabar diciendo \"Te quiero de aqu\u00ed a la luna y vuelta\"...Es un cuento muy sencillo para empezar\u2026","rel":"","context":"En \u00abFIESTAS y CELEBRACIONES\u00bb","block_context":{"text":"FIESTAS y CELEBRACIONES","link":"https:\/\/oui-oui.es\/blog\/category\/fiestas-celebraciones\/"},"img":{"alt_text":"","src":"https:\/\/i0.wp.com\/oui-oui.es\/blog\/wp-content\/uploads\/2015\/02\/oui-oui-cuento-adivina-cuanto-te-quiero-aqui-y-en-todas-partes.jpg?resize=350%2C200&ssl=1","width":350,"height":200,"srcset":"https:\/\/i0.wp.com\/oui-oui.es\/blog\/wp-content\/uploads\/2015\/02\/oui-oui-cuento-adivina-cuanto-te-quiero-aqui-y-en-todas-partes.jpg?resize=350%2C200&ssl=1 1x, https:\/\/i0.wp.com\/oui-oui.es\/blog\/wp-content\/uploads\/2015\/02\/oui-oui-cuento-adivina-cuanto-te-quiero-aqui-y-en-todas-partes.jpg?resize=525%2C300&ssl=1 1.5x"},"classes":[]},{"id":1086,"url":"https:\/\/oui-oui.es\/blog\/una-babyshower-en-amarillo-mint\/","url_meta":{"origin":3417,"position":5},"title":"Una Babyshower en amarillo &#038; mint","author":"Mar\u00eda \u2665Oui Oui\u2665","date":"20 enero, 2014","format":false,"excerpt":"Retomo el blog con el firme prop\u00f3sito de volver a ser constante, aunque me da miedo decirlo muy alto porque no estoy segura de conseguirlo. Y con tantas cosas pendientes por comentar la verdad es que me abruma un poco, no s\u00e9 ni por d\u00f3nde empezar! As\u00ed que he decidido\u2026","rel":"","context":"En \u00abFIESTAS y CELEBRACIONES\u00bb","block_context":{"text":"FIESTAS y CELEBRACIONES","link":"https:\/\/oui-oui.es\/blog\/category\/fiestas-celebraciones\/"},"img":{"alt_text":"","src":"https:\/\/i0.wp.com\/oui-oui.es\/blog\/wp-content\/uploads\/2014\/01\/oui-oui-babyshower-en-amarillo-y-mint-guirnalda-borlas-flecos.jpg?resize=350%2C200&ssl=1","width":350,"height":200},"classes":[]}],"_links":{"self":[{"href":"https:\/\/oui-oui.es\/blog\/wp-json\/wp\/v2\/posts\/3417","targetHints":{"allow":["GET"]}}],"collection":[{"href":"https:\/\/oui-oui.es\/blog\/wp-json\/wp\/v2\/posts"}],"about":[{"href":"https:\/\/oui-oui.es\/blog\/wp-json\/wp\/v2\/types\/post"}],"author":[{"embeddable":true,"href":"https:\/\/oui-oui.es\/blog\/wp-json\/wp\/v2\/users\/1"}],"replies":[{"embeddable":true,"href":"https:\/\/oui-oui.es\/blog\/wp-json\/wp\/v2\/comments?post=3417"}],"version-history":[{"count":1,"href":"https:\/\/oui-oui.es\/blog\/wp-json\/wp\/v2\/posts\/3417\/revisions"}],"predecessor-version":[{"id":3427,"href":"https:\/\/oui-oui.es\/blog\/wp-json\/wp\/v2\/posts\/3417\/revisions\/3427"}],"wp:featuredmedia":[{"embeddable":true,"href":"https:\/\/oui-oui.es\/blog\/wp-json\/wp\/v2\/media\/3424"}],"wp:attachment":[{"href":"https:\/\/oui-oui.es\/blog\/wp-json\/wp\/v2\/media?parent=3417"}],"wp:term":[{"taxonomy":"category","embeddable":true,"href":"https:\/\/oui-oui.es\/blog\/wp-json\/wp\/v2\/categories?post=3417"},{"taxonomy":"post_tag","embeddable":true,"href":"https:\/\/oui-oui.es\/blog\/wp-json\/wp\/v2\/tags?post=3417"}],"curies":[{"name":"wp","href":"https:\/\/api.w.org\/{rel}","templated":true}]}}