{"id":3428,"date":"2015-10-05T18:30:09","date_gmt":"2015-10-05T16:30:09","guid":{"rendered":"https:\/\/oui-oui.es\/blog\/?p=3428"},"modified":"2015-10-05T18:30:09","modified_gmt":"2015-10-05T16:30:09","slug":"como-sobrevivir-al-momento-mananas-con-hijos-pequenos","status":"publish","type":"post","link":"https:\/\/oui-oui.es\/blog\/como-sobrevivir-al-momento-mananas-con-hijos-pequenos\/","title":{"rendered":"C\u00f3mo sobrevivir al momento \u00abma\u00f1anas\u00bb con hijos peque\u00f1os"},"content":{"rendered":"<p><img loading=\"lazy\" decoding=\"async\" class=\"aligncenter size-large wp-image-3430\" src=\"https:\/\/oui-oui.es\/blog\/wp-content\/uploads\/2015\/10\/Oui-Oui-a-la-guarde-sin-prisas-babyoui-caf\u00e9-1024x1024.jpg\" alt=\"Oui Oui-a la guarde sin prisas-babyoui-caf\u00e9\" width=\"1024\" height=\"1024\" srcset=\"https:\/\/oui-oui.es\/blog\/wp-content\/uploads\/2015\/10\/Oui-Oui-a-la-guarde-sin-prisas-babyoui-caf\u00e9-1024x1024.jpg 1024w, https:\/\/oui-oui.es\/blog\/wp-content\/uploads\/2015\/10\/Oui-Oui-a-la-guarde-sin-prisas-babyoui-caf\u00e9-150x150.jpg 150w, https:\/\/oui-oui.es\/blog\/wp-content\/uploads\/2015\/10\/Oui-Oui-a-la-guarde-sin-prisas-babyoui-caf\u00e9-300x300.jpg 300w, https:\/\/oui-oui.es\/blog\/wp-content\/uploads\/2015\/10\/Oui-Oui-a-la-guarde-sin-prisas-babyoui-caf\u00e9-600x600.jpg 600w, https:\/\/oui-oui.es\/blog\/wp-content\/uploads\/2015\/10\/Oui-Oui-a-la-guarde-sin-prisas-babyoui-caf\u00e9.jpg 1125w\" sizes=\"auto, (max-width: 1024px) 100vw, 1024px\" \/><\/p>\n<p>Recuerdo una madre de la anterior guarder\u00eda de Mart\u00edn a la que ve\u00eda llegar en un buen coche, con un ni\u00f1o tranquilo, a una hora que no parec\u00eda que tuviera agobio por llegar a trabajar (es lo que tiene ser aut\u00f3nomo, que puedes dejarles en la guarde a las 9.30 tranquilamente), pero que sin embargo ten\u00eda una <strong>cara de exhausta, siempre despeinada, como si no hubiera dormido, y la mirada ida&#8230;<\/strong><\/p>\n<p>Y <strong>yo siempre iba con prisa<\/strong>, por no llegar tarde a la guarde, porque me diera tiempo a publicar por la ma\u00f1ana, porque empezaban a entrar llamadas de trabajo, tambi\u00e9n con unos pelos bastante locos&#8230;me parec\u00eda <em>lo normal<\/em>, ir <em>atacada<\/em> todas las ma\u00f1anas, despu\u00e9s de estar en casa dos horas, primero jugando y luego visti\u00e9ndonos, duch\u00e1ndome con la puerta abierta, vigilando que no tirara nada mientras yo estaba en la ducha, etc&#8230;La ma\u00f1ana de cualquier madre, que <strong>empezaba ya agobiada por las prisas que me autoimpon\u00eda<\/strong>.<\/p>\n<p><img loading=\"lazy\" decoding=\"async\" class=\"aligncenter size-large wp-image-3431\" src=\"https:\/\/oui-oui.es\/blog\/wp-content\/uploads\/2015\/10\/Oui-Oui-a-la-guarde-sin-prisas-babyoui-le-sacen-papier-1024x1024.jpg\" alt=\"Oui Oui-a la guarde sin prisas-babyoui-le sacen papier\" width=\"1024\" height=\"1024\" srcset=\"https:\/\/oui-oui.es\/blog\/wp-content\/uploads\/2015\/10\/Oui-Oui-a-la-guarde-sin-prisas-babyoui-le-sacen-papier-1024x1024.jpg 1024w, https:\/\/oui-oui.es\/blog\/wp-content\/uploads\/2015\/10\/Oui-Oui-a-la-guarde-sin-prisas-babyoui-le-sacen-papier-150x150.jpg 150w, https:\/\/oui-oui.es\/blog\/wp-content\/uploads\/2015\/10\/Oui-Oui-a-la-guarde-sin-prisas-babyoui-le-sacen-papier-300x300.jpg 300w, https:\/\/oui-oui.es\/blog\/wp-content\/uploads\/2015\/10\/Oui-Oui-a-la-guarde-sin-prisas-babyoui-le-sacen-papier-600x600.jpg 600w, https:\/\/oui-oui.es\/blog\/wp-content\/uploads\/2015\/10\/Oui-Oui-a-la-guarde-sin-prisas-babyoui-le-sacen-papier.jpg 1125w\" sizes=\"auto, (max-width: 1024px) 100vw, 1024px\" \/><\/p>\n<p>&nbsp;<\/p>\n<p>Hasta que <strong>la cara de esa madre me marc\u00f3<\/strong>, era unos a\u00f1os mayor que yo y vi claramente que <strong>no quer\u00eda que los siguientes d\u00edas de mi vida empezasen con esa cara<\/strong>, as\u00ed que <strong>cambi\u00e9 el chip<\/strong>; me levanto tranquilamente (en realidad no hay prisa, desde que se despierta Mart\u00edn hasta que tenemos que salir contamos con entre una y dos horas dependiendo del d\u00eda) y dejo aparcadas las prisas; desayunamos juntos, ponemos m\u00fasica,mientras \u00e9l juega yo me ducho, doy cremas,saco la ropa, etc&#8230;No le visto hasta el final para evitar que se manche con algo y siempre me visto yo despu\u00e9s para que tampoco me manche \u00e9l a m\u00ed, bajamos al coche siempre con la moto, o pelota o juguete de turno, que como mucho le entretendr\u00e1 hasta el coche, no cojo el m\u00f3vil antes de las 9 y una vez en el coche, hago las gestiones que necesite del m\u00f3vil antes de arrancar&#8230;As\u00ed no hay prisas por el m\u00f3vil, por el correo, porque tire algo si no le hago caso&#8230;<\/p>\n<p><img loading=\"lazy\" decoding=\"async\" class=\"aligncenter size-large wp-image-3429\" src=\"https:\/\/oui-oui.es\/blog\/wp-content\/uploads\/2015\/10\/Oui-Oui-a-la-guarde-sin-prisas-967x1024.jpg\" alt=\"Oui Oui-a la guarde sin prisas\" width=\"967\" height=\"1024\" srcset=\"https:\/\/oui-oui.es\/blog\/wp-content\/uploads\/2015\/10\/Oui-Oui-a-la-guarde-sin-prisas-967x1024.jpg 967w, https:\/\/oui-oui.es\/blog\/wp-content\/uploads\/2015\/10\/Oui-Oui-a-la-guarde-sin-prisas-283x300.jpg 283w, https:\/\/oui-oui.es\/blog\/wp-content\/uploads\/2015\/10\/Oui-Oui-a-la-guarde-sin-prisas-600x636.jpg 600w\" sizes=\"auto, (max-width: 967px) 100vw, 967px\" \/><\/p>\n<p><strong>Decid\u00ed que saldr\u00eda de casa sin sudores y sonriendo con Mart\u00edn<\/strong> y he de decir que, excepto alg\u00fan d\u00eda en el que parece que todo se tuerce, consigo que vayamos los dos contentos al cole,sin cara de loca y <strong>sin que mis prisas nos agobien a los dos.<\/strong><\/p>\n<p>&nbsp;<\/p>\n<p>Es cierto que ayuda que va creciendo y que ya aguanta estar s\u00f3lo en otra habitaci\u00f3n m\u00e1s tiempo, pero cambi\u00e9 el chip unos meses antes de verano y lo he notado mucho en mi estado de estr\u00e9s diario.<\/p>\n<p>Se que mi horario es una excepci\u00f3n, si tienes que entrar a las 8 u 8.30 a trabajar y dejar antes a tu hijo est\u00e1 claro que vas con m\u00e1s prisa, pero <strong>os invito a reflexionar sobre la cara que llevamos, de aceleradas, de <em>idas<\/em>, de todo menos cara de estar felices<\/strong>&#8230;Seguro que hay algo en tu rutina que puedes modificar para empezar mejor el d\u00eda, <strong>te aseguro que se nota en tu salud!<\/strong><\/p>\n<p><strong>Feliz semana<\/strong><\/p>\n","protected":false},"excerpt":{"rendered":"<p>Recuerdo una madre de la anterior guarder\u00eda de Mart\u00edn a la que ve\u00eda llegar en un buen coche, con un ni\u00f1o tranquilo, a una hora que no parec\u00eda que tuviera agobio por llegar a trabajar (es lo que tiene ser aut\u00f3nomo, que puedes dejarles en la guarde a las 9.30 tranquilamente), pero que sin embargo [&hellip;]<\/p>\n","protected":false},"author":1,"featured_media":3430,"comment_status":"open","ping_status":"open","sticky":false,"template":"","format":"standard","meta":{"jetpack_post_was_ever_published":false,"_jetpack_newsletter_access":"","_jetpack_dont_email_post_to_subs":false,"_jetpack_newsletter_tier_id":0,"_jetpack_memberships_contains_paywalled_content":false,"_jetpack_memberships_contains_paid_content":false,"footnotes":"","jetpack_publicize_message":"","jetpack_publicize_feature_enabled":true,"jetpack_social_post_already_shared":true,"jetpack_social_options":{"image_generator_settings":{"template":"highway","default_image_id":0,"font":"","enabled":false},"version":2}},"categories":[535,709],"tags":[659],"class_list":["post-3428","post","type-post","status-publish","format-standard","has-post-thumbnail","hentry","category-maternidad","category-opinion","tag-planes-con-bebes"],"aioseo_notices":[],"jetpack_publicize_connections":[],"jetpack_featured_media_url":"https:\/\/oui-oui.es\/blog\/wp-content\/uploads\/2015\/10\/Oui-Oui-a-la-guarde-sin-prisas-babyoui-caf\u00e9.jpg","jetpack_sharing_enabled":true,"jetpack-related-posts":[{"id":5326,"url":"https:\/\/oui-oui.es\/blog\/las-puertas-del-ratoncito-perez-de-enero-a-abril\/","url_meta":{"origin":3428,"position":0},"title":"Las puertas del ratoncito P\u00e9rez de enero a abril!","author":"Mar\u00eda \u2665Oui Oui\u2665","date":"28 abril, 2017","format":false,"excerpt":"Me acabo de dar cuenta de que \u00a1\u00a1llevo seis meses sin ense\u00f1aros las diferentes puertas del ratoncito P\u00e9rez que hemos hecho!. Uno de mis sue\u00f1os es poner en Oui Oui un set de fotograf\u00eda mono y as\u00ed hacer las fotos seg\u00fan nos entrega mi padre las puertas antes de empaquetarlas\u2026","rel":"","context":"En \u00abPUERTAS RATONCITO P\u00c9REZ\u00bb","block_context":{"text":"PUERTAS RATONCITO P\u00c9REZ","link":"https:\/\/oui-oui.es\/blog\/category\/puertas-para-el-ratoncito-perez\/"},"img":{"alt_text":"","src":"https:\/\/i0.wp.com\/oui-oui.es\/blog\/wp-content\/uploads\/2017\/04\/Puerta-ratoncito-P%C3%A9rez-Oui-Oui-complementos-puerta-raton-perez.puerta-ratoncito-Spyderman-Puerta-ratoncito-Motteau-puerta-arcoiris-9.jpg?resize=350%2C200&ssl=1","width":350,"height":200,"srcset":"https:\/\/i0.wp.com\/oui-oui.es\/blog\/wp-content\/uploads\/2017\/04\/Puerta-ratoncito-P%C3%A9rez-Oui-Oui-complementos-puerta-raton-perez.puerta-ratoncito-Spyderman-Puerta-ratoncito-Motteau-puerta-arcoiris-9.jpg?resize=350%2C200&ssl=1 1x, https:\/\/i0.wp.com\/oui-oui.es\/blog\/wp-content\/uploads\/2017\/04\/Puerta-ratoncito-P%C3%A9rez-Oui-Oui-complementos-puerta-raton-perez.puerta-ratoncito-Spyderman-Puerta-ratoncito-Motteau-puerta-arcoiris-9.jpg?resize=525%2C300&ssl=1 1.5x, https:\/\/i0.wp.com\/oui-oui.es\/blog\/wp-content\/uploads\/2017\/04\/Puerta-ratoncito-P%C3%A9rez-Oui-Oui-complementos-puerta-raton-perez.puerta-ratoncito-Spyderman-Puerta-ratoncito-Motteau-puerta-arcoiris-9.jpg?resize=700%2C400&ssl=1 2x, https:\/\/i0.wp.com\/oui-oui.es\/blog\/wp-content\/uploads\/2017\/04\/Puerta-ratoncito-P%C3%A9rez-Oui-Oui-complementos-puerta-raton-perez.puerta-ratoncito-Spyderman-Puerta-ratoncito-Motteau-puerta-arcoiris-9.jpg?resize=1050%2C600&ssl=1 3x, https:\/\/i0.wp.com\/oui-oui.es\/blog\/wp-content\/uploads\/2017\/04\/Puerta-ratoncito-P%C3%A9rez-Oui-Oui-complementos-puerta-raton-perez.puerta-ratoncito-Spyderman-Puerta-ratoncito-Motteau-puerta-arcoiris-9.jpg?resize=1400%2C800&ssl=1 4x"},"classes":[]},{"id":2263,"url":"https:\/\/oui-oui.es\/blog\/de-lo-bonito-de-montar-en-bici-con-tu-hijo-weeride-spain\/","url_meta":{"origin":3428,"position":1},"title":"De lo bonito de montar en bici con tu hijo: Weeride Spain","author":"Mar\u00eda \u2665Oui Oui\u2665","date":"5 mayo, 2015","format":false,"excerpt":"El verano pasado me regalaron una silla de bici para beb\u00e9, por entonces Mart\u00edn cumpl\u00eda 9 meses y coincid\u00eda que hab\u00eda una carrera cicloturista en la que participamos todos los a\u00f1os, as\u00ed que no lo pens\u00e9 y aprovech\u00e9 para estrenarla ese fin de semana...Desde entonces ten\u00eda ganas de compartir la\u2026","rel":"","context":"En \u00abMATERNIDAD\u00bb","block_context":{"text":"MATERNIDAD","link":"https:\/\/oui-oui.es\/blog\/category\/maternidad\/"},"img":{"alt_text":"","src":"https:\/\/i0.wp.com\/oui-oui.es\/blog\/wp-content\/uploads\/2015\/05\/oui-oui-weeride-silla-llevar-bebe-en-bici-silla-delantera-bebe-bici-cesta.jpg?resize=350%2C200&ssl=1","width":350,"height":200},"classes":[]},{"id":5247,"url":"https:\/\/oui-oui.es\/blog\/5247-2\/","url_meta":{"origin":3428,"position":2},"title":"Somos Equipo y, por tanto, corresponsables","author":"Mar\u00eda \u2665Oui Oui\u2665","date":"29 marzo, 2017","format":false,"excerpt":"\u00a0 Llevo queriendo escribir este post desde el mismo d\u00eda que acud\u00ed a la presentaci\u00f3n del II Estudio de la Asociaci\u00f3n Yo No Renuncio, creada por el Club de las Malas Madres. El estudio \"Somos Equipo\" recog\u00eda los resultados de la macro encuesta que hab\u00edan realizado unos meses antes en\u2026","rel":"","context":"En \u00abMATERNIDAD\u00bb","block_context":{"text":"MATERNIDAD","link":"https:\/\/oui-oui.es\/blog\/category\/maternidad\/"},"img":{"alt_text":"","src":"https:\/\/i0.wp.com\/oui-oui.es\/blog\/wp-content\/uploads\/2017\/03\/Oui-Oui-Yo-no-renuncio-responsable-tareas-domesticas-aportacion-al-hogar.jpg?resize=350%2C200&ssl=1","width":350,"height":200,"srcset":"https:\/\/i0.wp.com\/oui-oui.es\/blog\/wp-content\/uploads\/2017\/03\/Oui-Oui-Yo-no-renuncio-responsable-tareas-domesticas-aportacion-al-hogar.jpg?resize=350%2C200&ssl=1 1x, https:\/\/i0.wp.com\/oui-oui.es\/blog\/wp-content\/uploads\/2017\/03\/Oui-Oui-Yo-no-renuncio-responsable-tareas-domesticas-aportacion-al-hogar.jpg?resize=525%2C300&ssl=1 1.5x, https:\/\/i0.wp.com\/oui-oui.es\/blog\/wp-content\/uploads\/2017\/03\/Oui-Oui-Yo-no-renuncio-responsable-tareas-domesticas-aportacion-al-hogar.jpg?resize=700%2C400&ssl=1 2x"},"classes":[]},{"id":6024,"url":"https:\/\/oui-oui.es\/blog\/secretos-del-agua-o-como-tener-buena-cara-siempre\/","url_meta":{"origin":3428,"position":3},"title":"Secretos del agua o c\u00f3mo tener buena cara siempre","author":"Mar\u00eda \u2665Oui Oui\u2665","date":"10 julio, 2017","format":false,"excerpt":"Este no es un blog de belleza, pero si encuentro algo que me est\u00e9 resultando, \u00a1tengo que compartirlo! y eso me pas\u00f3 con Secretos del Agua; me invitaron a la presentaci\u00f3n de sus productos (como otras tantas invitaciones; no lo digo por presumir, sino para que sep\u00e1is que s\u00f3lo lo\u2026","rel":"","context":"En \u00abESTILO DE VIDA\u00bb","block_context":{"text":"ESTILO DE VIDA","link":"https:\/\/oui-oui.es\/blog\/category\/lifestyle-2\/"},"img":{"alt_text":"","src":"https:\/\/i0.wp.com\/oui-oui.es\/blog\/wp-content\/uploads\/2017\/07\/Oui-Oui-secretos-del-agua-pureza.jpg?resize=350%2C200&ssl=1","width":350,"height":200,"srcset":"https:\/\/i0.wp.com\/oui-oui.es\/blog\/wp-content\/uploads\/2017\/07\/Oui-Oui-secretos-del-agua-pureza.jpg?resize=350%2C200&ssl=1 1x, https:\/\/i0.wp.com\/oui-oui.es\/blog\/wp-content\/uploads\/2017\/07\/Oui-Oui-secretos-del-agua-pureza.jpg?resize=525%2C300&ssl=1 1.5x, https:\/\/i0.wp.com\/oui-oui.es\/blog\/wp-content\/uploads\/2017\/07\/Oui-Oui-secretos-del-agua-pureza.jpg?resize=700%2C400&ssl=1 2x, https:\/\/i0.wp.com\/oui-oui.es\/blog\/wp-content\/uploads\/2017\/07\/Oui-Oui-secretos-del-agua-pureza.jpg?resize=1050%2C600&ssl=1 3x, https:\/\/i0.wp.com\/oui-oui.es\/blog\/wp-content\/uploads\/2017\/07\/Oui-Oui-secretos-del-agua-pureza.jpg?resize=1400%2C800&ssl=1 4x"},"classes":[]},{"id":5807,"url":"https:\/\/oui-oui.es\/blog\/que-es-una-torre-de-aprendizaje-y-por-que-es-util-para-un-nino\/","url_meta":{"origin":3428,"position":4},"title":"Qu\u00e9 es una torre de aprendizaje y por qu\u00e9 es \u00fatil para un ni\u00f1o","author":"Mar\u00eda \u2665Oui Oui\u2665","date":"6 julio, 2017","format":false,"excerpt":"Una torre de aprendizaje es un recurso educativo con el que ayudar a desarrollar la independencia de los m\u00e1s peque\u00f1os, un \"taburete seguro\" en el que subirse para poder realizar actividades que por su altura les ser\u00eda imposible hacer por s\u00ed mismos. Inspirada en la vida pr\u00e1ctica Montessori, es un\u2026","rel":"","context":"En \u00abMATERNIDAD\u00bb","block_context":{"text":"MATERNIDAD","link":"https:\/\/oui-oui.es\/blog\/category\/maternidad\/"},"img":{"alt_text":"","src":"https:\/\/i0.wp.com\/oui-oui.es\/blog\/wp-content\/uploads\/2017\/07\/Oui-Oui-torre-de-aprendizaje-montessori-torre-aprendizaje-kutuva-cocina-montessori-e1499352505936.jpg?resize=350%2C200&ssl=1","width":350,"height":200,"srcset":"https:\/\/i0.wp.com\/oui-oui.es\/blog\/wp-content\/uploads\/2017\/07\/Oui-Oui-torre-de-aprendizaje-montessori-torre-aprendizaje-kutuva-cocina-montessori-e1499352505936.jpg?resize=350%2C200&ssl=1 1x, https:\/\/i0.wp.com\/oui-oui.es\/blog\/wp-content\/uploads\/2017\/07\/Oui-Oui-torre-de-aprendizaje-montessori-torre-aprendizaje-kutuva-cocina-montessori-e1499352505936.jpg?resize=525%2C300&ssl=1 1.5x, https:\/\/i0.wp.com\/oui-oui.es\/blog\/wp-content\/uploads\/2017\/07\/Oui-Oui-torre-de-aprendizaje-montessori-torre-aprendizaje-kutuva-cocina-montessori-e1499352505936.jpg?resize=700%2C400&ssl=1 2x, https:\/\/i0.wp.com\/oui-oui.es\/blog\/wp-content\/uploads\/2017\/07\/Oui-Oui-torre-de-aprendizaje-montessori-torre-aprendizaje-kutuva-cocina-montessori-e1499352505936.jpg?resize=1050%2C600&ssl=1 3x, https:\/\/i0.wp.com\/oui-oui.es\/blog\/wp-content\/uploads\/2017\/07\/Oui-Oui-torre-de-aprendizaje-montessori-torre-aprendizaje-kutuva-cocina-montessori-e1499352505936.jpg?resize=1400%2C800&ssl=1 4x"},"classes":[]},{"id":4607,"url":"https:\/\/oui-oui.es\/blog\/una-escuela-en-la-naturaleza\/","url_meta":{"origin":3428,"position":5},"title":"Una Escuela en la Naturaleza","author":"Mar\u00eda \u2665Oui Oui\u2665","date":"7 julio, 2016","format":false,"excerpt":"Sab\u00eda de las escuelas en la naturaleza o Forest Kindergarten un poco de o\u00eddas, y ya s\u00f3lo con eso me parec\u00edan una idea estupenda para que los ni\u00f1os (hasta los 6 a\u00f1os) aprendieran jugando en contacto absoluto con la naturaleza, es incre\u00edble lo entretenido que puede ser un d\u00eda en\u2026","rel":"","context":"En \u00abMATERNIDAD\u00bb","block_context":{"text":"MATERNIDAD","link":"https:\/\/oui-oui.es\/blog\/category\/maternidad\/"},"img":{"alt_text":"","src":"https:\/\/i0.wp.com\/oui-oui.es\/blog\/wp-content\/uploads\/2016\/07\/Oui-Oui-escuela-naturaleza-alpedrete-ojala-hoja.jpg?resize=350%2C200&ssl=1","width":350,"height":200,"srcset":"https:\/\/i0.wp.com\/oui-oui.es\/blog\/wp-content\/uploads\/2016\/07\/Oui-Oui-escuela-naturaleza-alpedrete-ojala-hoja.jpg?resize=350%2C200&ssl=1 1x, https:\/\/i0.wp.com\/oui-oui.es\/blog\/wp-content\/uploads\/2016\/07\/Oui-Oui-escuela-naturaleza-alpedrete-ojala-hoja.jpg?resize=525%2C300&ssl=1 1.5x"},"classes":[]}],"_links":{"self":[{"href":"https:\/\/oui-oui.es\/blog\/wp-json\/wp\/v2\/posts\/3428","targetHints":{"allow":["GET"]}}],"collection":[{"href":"https:\/\/oui-oui.es\/blog\/wp-json\/wp\/v2\/posts"}],"about":[{"href":"https:\/\/oui-oui.es\/blog\/wp-json\/wp\/v2\/types\/post"}],"author":[{"embeddable":true,"href":"https:\/\/oui-oui.es\/blog\/wp-json\/wp\/v2\/users\/1"}],"replies":[{"embeddable":true,"href":"https:\/\/oui-oui.es\/blog\/wp-json\/wp\/v2\/comments?post=3428"}],"version-history":[{"count":1,"href":"https:\/\/oui-oui.es\/blog\/wp-json\/wp\/v2\/posts\/3428\/revisions"}],"predecessor-version":[{"id":3433,"href":"https:\/\/oui-oui.es\/blog\/wp-json\/wp\/v2\/posts\/3428\/revisions\/3433"}],"wp:featuredmedia":[{"embeddable":true,"href":"https:\/\/oui-oui.es\/blog\/wp-json\/wp\/v2\/media\/3430"}],"wp:attachment":[{"href":"https:\/\/oui-oui.es\/blog\/wp-json\/wp\/v2\/media?parent=3428"}],"wp:term":[{"taxonomy":"category","embeddable":true,"href":"https:\/\/oui-oui.es\/blog\/wp-json\/wp\/v2\/categories?post=3428"},{"taxonomy":"post_tag","embeddable":true,"href":"https:\/\/oui-oui.es\/blog\/wp-json\/wp\/v2\/tags?post=3428"}],"curies":[{"name":"wp","href":"https:\/\/api.w.org\/{rel}","templated":true}]}}