{"id":3472,"date":"2015-10-08T00:01:30","date_gmt":"2015-10-07T22:01:30","guid":{"rendered":"https:\/\/oui-oui.es\/blog\/?p=3472"},"modified":"2015-10-07T18:14:13","modified_gmt":"2015-10-07T16:14:13","slug":"el-estilo-que-te-hace-feliz-andrea-amoretti","status":"publish","type":"post","link":"https:\/\/oui-oui.es\/blog\/el-estilo-que-te-hace-feliz-andrea-amoretti\/","title":{"rendered":"El Estilo que te hace Feliz | Andrea Amoretti"},"content":{"rendered":"<p><img loading=\"lazy\" decoding=\"async\" class=\"aligncenter size-large wp-image-3476\" src=\"https:\/\/oui-oui.es\/blog\/wp-content\/uploads\/2015\/10\/Oui-Oui-el-estilo-que-te-hace-feliz-andrea-amoretti-3-1024x683.jpg\" alt=\"Oui Oui-el estilo que te hace feliz-andrea amoretti-3\" width=\"1024\" height=\"683\" srcset=\"https:\/\/oui-oui.es\/blog\/wp-content\/uploads\/2015\/10\/Oui-Oui-el-estilo-que-te-hace-feliz-andrea-amoretti-3-1024x683.jpg 1024w, https:\/\/oui-oui.es\/blog\/wp-content\/uploads\/2015\/10\/Oui-Oui-el-estilo-que-te-hace-feliz-andrea-amoretti-3-300x200.jpg 300w, https:\/\/oui-oui.es\/blog\/wp-content\/uploads\/2015\/10\/Oui-Oui-el-estilo-que-te-hace-feliz-andrea-amoretti-3-600x400.jpg 600w, https:\/\/oui-oui.es\/blog\/wp-content\/uploads\/2015\/10\/Oui-Oui-el-estilo-que-te-hace-feliz-andrea-amoretti-3.jpg 1600w\" sizes=\"auto, (max-width: 1024px) 100vw, 1024px\" \/><\/p>\n<p><strong>Para escribir de estilo hay que tenerlo<\/strong>, no s\u00f3lo en la forma de vestir, sino en la mirada, en la actitud y en las palabras.<\/p>\n<p><strong>Y Andrea lo tiene<\/strong>, tiene algo m\u00e1s que estilo, <strong>tiene magia en el brillo de sus ojos y una serenidad que se te cuela por cada poro de la piel cuando est\u00e1s con ella.<\/strong><\/p>\n<p>He de reconocer que cuando no la conoc\u00eda y le\u00eda algo as\u00ed sobre ella, pensaba \u00bfen serio?, \u00bfes as\u00ed o ser\u00e1 una de tantas exageraciones de las redes sociales?, de hecho el otro d\u00eda una amiga me preguntaba lo mismo \u00bfen serio <em>es para tanto<\/em>?&#8230;Pues s\u00ed, tienes que conocer a Andrea o ir a <strong><a href=\"http:\/\/www.andreaamoretti.com\/p\/calendario.html\" target=\"_blank\">uno de sus talleres<\/a><\/strong> para comprobarlo.<\/p>\n<p><img loading=\"lazy\" decoding=\"async\" class=\"aligncenter size-full wp-image-3478\" src=\"https:\/\/oui-oui.es\/blog\/wp-content\/uploads\/2015\/10\/Oui-Oui-tips-estilo-andrea-amoretti-perchas-iguales-el-estilo-que-te-hace-feliz.png\" alt=\"Oui Oui-tips estilo-andrea amoretti-perchas iguales-el estilo que te hace feliz\" width=\"600\" height=\"600\" srcset=\"https:\/\/oui-oui.es\/blog\/wp-content\/uploads\/2015\/10\/Oui-Oui-tips-estilo-andrea-amoretti-perchas-iguales-el-estilo-que-te-hace-feliz.png 600w, https:\/\/oui-oui.es\/blog\/wp-content\/uploads\/2015\/10\/Oui-Oui-tips-estilo-andrea-amoretti-perchas-iguales-el-estilo-que-te-hace-feliz-150x150.png 150w, https:\/\/oui-oui.es\/blog\/wp-content\/uploads\/2015\/10\/Oui-Oui-tips-estilo-andrea-amoretti-perchas-iguales-el-estilo-que-te-hace-feliz-300x300.png 300w\" sizes=\"auto, (max-width: 600px) 100vw, 600px\" \/><\/p>\n<p>Tambi\u00e9n reconozco (y se lo dije a ella cuando la conoc\u00ed) que los talleres no me llamaban mucho porque estoy harta de leer sobre estilo en revistas de moda, siempre con los mismos tips, los mismos aburridos consejos de \u00absi tu cara es as\u00ed o as\u00e1\u00bb, \u00absi tu cuerpo es pera o manzana\u00bb, etc&#8230;Y <strong>cre\u00eda que no se pod\u00eda aportar mucho m\u00e1s<\/strong>&#8230;Pero <strong>se puede y Andrea lo hace con maestr\u00eda, condensando en peque\u00f1os tips, consejos y pautas<\/strong> que si las sigues seguro que optimizas tu armario, tu tiempo y, sobretodo, consigues el <strong>Estilo que te hace Feliz<\/strong>.<\/p>\n<p><img loading=\"lazy\" decoding=\"async\" class=\"aligncenter size-full wp-image-3473\" src=\"https:\/\/oui-oui.es\/blog\/wp-content\/uploads\/2015\/10\/Oui-Oui-andrea-amoretti-el-estilo-que-te-hace-feliz-tips-estilo-para-llevar-sombrero-demayor-hay-que-llevar-corona-de-pequen\u0303a.png\" alt=\"Oui Oui-andrea amoretti-el estilo que te hace feliz-tips estilo-para-llevar-sombrero-demayor-hay-que-llevar-corona-de-pequen\u0303a\" width=\"600\" height=\"600\" srcset=\"https:\/\/oui-oui.es\/blog\/wp-content\/uploads\/2015\/10\/Oui-Oui-andrea-amoretti-el-estilo-que-te-hace-feliz-tips-estilo-para-llevar-sombrero-demayor-hay-que-llevar-corona-de-pequen\u0303a.png 600w, https:\/\/oui-oui.es\/blog\/wp-content\/uploads\/2015\/10\/Oui-Oui-andrea-amoretti-el-estilo-que-te-hace-feliz-tips-estilo-para-llevar-sombrero-demayor-hay-que-llevar-corona-de-pequen\u0303a-150x150.png 150w, https:\/\/oui-oui.es\/blog\/wp-content\/uploads\/2015\/10\/Oui-Oui-andrea-amoretti-el-estilo-que-te-hace-feliz-tips-estilo-para-llevar-sombrero-demayor-hay-que-llevar-corona-de-pequen\u0303a-300x300.png 300w\" sizes=\"auto, (max-width: 600px) 100vw, 600px\" \/><\/p>\n<p>Me quedo con ganas de asistir a su <strong><a href=\"http:\/\/www.andreaamoretti.com\/p\/calendario.html\" target=\"_blank\">pr\u00f3ximo taller en el pueblo bonito<\/a><\/strong> (y ya est\u00e1 lleno!), pero estoy segura de que <strong>nos espera una fecha mejor<\/strong>, qui\u00e9n sabe si en Madrid o en Inglaterra \ud83d\ude09 y de hecho ya tengo en mente la amiga a la que se lo voy a regalar porque seguro que le encanta!, si est\u00e1s interesada <strong><a href=\"http:\/\/www.andreaamoretti.com\/p\/calendario.html\" target=\"_blank\">aprovecha la ruta por Espa\u00f1a que est\u00e1 haciendo<\/a><\/strong> junto con la presentaci\u00f3n del libro tambi\u00e9n.<\/p>\n<p><img loading=\"lazy\" decoding=\"async\" class=\"aligncenter size-large wp-image-3481\" src=\"https:\/\/oui-oui.es\/blog\/wp-content\/uploads\/2015\/10\/Oui-Oui-el-estilo-que-te-hace-feliz-andrea-amoretti-31-1024x768.jpg\" alt=\"Oui Oui-el estilo que te hace feliz-andrea amoretti (3)\" width=\"1024\" height=\"768\" srcset=\"https:\/\/oui-oui.es\/blog\/wp-content\/uploads\/2015\/10\/Oui-Oui-el-estilo-que-te-hace-feliz-andrea-amoretti-31-1024x768.jpg 1024w, https:\/\/oui-oui.es\/blog\/wp-content\/uploads\/2015\/10\/Oui-Oui-el-estilo-que-te-hace-feliz-andrea-amoretti-31-300x225.jpg 300w, https:\/\/oui-oui.es\/blog\/wp-content\/uploads\/2015\/10\/Oui-Oui-el-estilo-que-te-hace-feliz-andrea-amoretti-31-600x450.jpg 600w\" sizes=\"auto, (max-width: 1024px) 100vw, 1024px\" \/><\/p>\n<p>Pues eso, que despu\u00e9s de vernos un par de veces, de un par de charlas de esas que siempre se hacen cortas,<strong> de repente recibo la invitaci\u00f3n<\/strong> para la presentaci\u00f3n del libro <a href=\"http:\/\/elestiloquetehacefeliz.com\/\" target=\"_blank\"><strong>El Estilo que te hace Feliz<\/strong> <\/a>en el pueblo bonito&#8230;\u00bfY qui\u00e9n puede decir que no?, ese d\u00eda ten\u00eda pop up y fue una odisea llegar al pueblo bonito, pero una vez llegamos a ese m\u00e1gico jard\u00edn, fu\u00e9 como si el tiempo se parase, con un violinista de fondo, unas luces de verbena y diferentes aromas en el aire&#8230;<strong>Todo, con un toque amarillo&#8230;Una fiesta inolvidable<\/strong>, de la que nos cost\u00f3 irnos (fuimos las \u00faltimas y eso que no ten\u00edamos coche de vuelta!), la noche acab\u00f3 en aventura total, llegando sola a casa a las 2 de la ma\u00f1ana y embarazada, qued\u00e1ndome atrapada en el ascensor hasta que vinieron los bomberos a sacarme (mientras me hac\u00eda un selfie y lo tuiteaba&#8230;jaja).<\/p>\n<p><img loading=\"lazy\" decoding=\"async\" class=\"aligncenter size-large wp-image-3480\" src=\"https:\/\/oui-oui.es\/blog\/wp-content\/uploads\/2015\/10\/Oui-Oui-el-estilo-que-te-hace-feliz-andrea-amoretti-21-1024x1024.jpg\" alt=\"Oui Oui-el estilo que te hace feliz-andrea amoretti (2)\" width=\"1024\" height=\"1024\" srcset=\"https:\/\/oui-oui.es\/blog\/wp-content\/uploads\/2015\/10\/Oui-Oui-el-estilo-que-te-hace-feliz-andrea-amoretti-21-1024x1024.jpg 1024w, https:\/\/oui-oui.es\/blog\/wp-content\/uploads\/2015\/10\/Oui-Oui-el-estilo-que-te-hace-feliz-andrea-amoretti-21-150x150.jpg 150w, https:\/\/oui-oui.es\/blog\/wp-content\/uploads\/2015\/10\/Oui-Oui-el-estilo-que-te-hace-feliz-andrea-amoretti-21-300x300.jpg 300w, https:\/\/oui-oui.es\/blog\/wp-content\/uploads\/2015\/10\/Oui-Oui-el-estilo-que-te-hace-feliz-andrea-amoretti-21-600x600.jpg 600w\" sizes=\"auto, (max-width: 1024px) 100vw, 1024px\" \/><\/p>\n<p>Este fin de semana <strong><a href=\"http:\/\/elestiloquetehacefeliz.com\/\" target=\"_blank\">El Estilo que te hace Feliz<\/a><\/strong> ser\u00e1 parte del equipaje, y pienso ventil\u00e1rmelo en un ratito!, no dud\u00e9is que es un regalo perfecto de Navidad, para esa amiga invisible, para complementar el regalo de tu madre o de tu suegra o para autoregal\u00e1rtelo!<\/p>\n<p><img loading=\"lazy\" decoding=\"async\" class=\"aligncenter size-large wp-image-3482\" src=\"https:\/\/oui-oui.es\/blog\/wp-content\/uploads\/2015\/10\/Oui-Oui-el-estilo-que-te-hace-feliz-andrea-amoretti-4-1024x1024.jpg\" alt=\"Oui Oui-el estilo que te hace feliz-andrea amoretti (4)\" width=\"1024\" height=\"1024\" srcset=\"https:\/\/oui-oui.es\/blog\/wp-content\/uploads\/2015\/10\/Oui-Oui-el-estilo-que-te-hace-feliz-andrea-amoretti-4-1024x1024.jpg 1024w, https:\/\/oui-oui.es\/blog\/wp-content\/uploads\/2015\/10\/Oui-Oui-el-estilo-que-te-hace-feliz-andrea-amoretti-4-150x150.jpg 150w, https:\/\/oui-oui.es\/blog\/wp-content\/uploads\/2015\/10\/Oui-Oui-el-estilo-que-te-hace-feliz-andrea-amoretti-4-300x300.jpg 300w, https:\/\/oui-oui.es\/blog\/wp-content\/uploads\/2015\/10\/Oui-Oui-el-estilo-que-te-hace-feliz-andrea-amoretti-4-600x600.jpg 600w\" sizes=\"auto, (max-width: 1024px) 100vw, 1024px\" \/><\/p>\n<p>Andrea, desde aqu\u00ed <strong>te deseo lo mejor con tu nuevo proyecto<\/strong>, tanto con el libro como con tu incre\u00edble familia<\/p>\n<p>Un besazo,<\/p>\n<p>Mar\u00eda<\/p>\n","protected":false},"excerpt":{"rendered":"<p>Para escribir de estilo hay que tenerlo, no s\u00f3lo en la forma de vestir, sino en la mirada, en la actitud y en las palabras. Y Andrea lo tiene, tiene algo m\u00e1s que estilo, tiene magia en el brillo de sus ojos y una serenidad que se te cuela por cada poro de la piel [&hellip;]<\/p>\n","protected":false},"author":1,"featured_media":3473,"comment_status":"open","ping_status":"open","sticky":false,"template":"","format":"standard","meta":{"jetpack_post_was_ever_published":false,"_jetpack_newsletter_access":"","_jetpack_dont_email_post_to_subs":false,"_jetpack_newsletter_tier_id":0,"_jetpack_memberships_contains_paywalled_content":false,"_jetpack_memberships_contains_paid_content":false,"footnotes":"","jetpack_publicize_message":"","jetpack_publicize_feature_enabled":true,"jetpack_social_post_already_shared":true,"jetpack_social_options":{"image_generator_settings":{"template":"highway","default_image_id":0,"font":"","enabled":false},"version":2}},"categories":[199,177],"tags":[748],"class_list":["post-3472","post","type-post","status-publish","format-standard","has-post-thumbnail","hentry","category-dia-de-la-madre","category-lifestyle-2","tag-libros"],"aioseo_notices":[],"jetpack_publicize_connections":[],"jetpack_featured_media_url":"https:\/\/oui-oui.es\/blog\/wp-content\/uploads\/2015\/10\/Oui-Oui-andrea-amoretti-el-estilo-que-te-hace-feliz-tips-estilo-para-llevar-sombrero-demayor-hay-que-llevar-corona-de-pequen\u0303a.png","jetpack_sharing_enabled":true,"jetpack-related-posts":[{"id":2254,"url":"https:\/\/oui-oui.es\/blog\/el-vestido-de-flores-de-primavera-les-tulipes-y-andrea-amoretti\/","url_meta":{"origin":3472,"position":0},"title":"El vestido de flores de primavera, Les Tulipes y Andrea Amoretti","author":"Mar\u00eda \u2665Oui Oui\u2665","date":"6 mayo, 2015","format":false,"excerpt":"Despu\u00e9s de un mes de abril un poco raro, ya estamos en mayo, mes de las flores, de empezar a quedar en terrazas y de bodas con estilo, bautizos y otras celebraciones... Si est\u00e1s buscando look para alguna de ellas, te propongo que le eches un vistazo a Les Tulipes,\u2026","rel":"","context":"En \u00abBoda\u00bb","block_context":{"text":"Boda","link":"https:\/\/oui-oui.es\/blog\/category\/fiestas-celebraciones\/boda\/"},"img":{"alt_text":"","src":"https:\/\/i0.wp.com\/oui-oui.es\/blog\/wp-content\/uploads\/2015\/05\/oui-oui-vestidos-boda-monos-les-tulipes-andrea-amoretti-14.jpg?resize=350%2C200&ssl=1","width":350,"height":200,"srcset":"https:\/\/i0.wp.com\/oui-oui.es\/blog\/wp-content\/uploads\/2015\/05\/oui-oui-vestidos-boda-monos-les-tulipes-andrea-amoretti-14.jpg?resize=350%2C200&ssl=1 1x, https:\/\/i0.wp.com\/oui-oui.es\/blog\/wp-content\/uploads\/2015\/05\/oui-oui-vestidos-boda-monos-les-tulipes-andrea-amoretti-14.jpg?resize=525%2C300&ssl=1 1.5x"},"classes":[]},{"id":10086,"url":"https:\/\/oui-oui.es\/blog\/mi-descubrimiento-del-ano-el-yoga-facial-de-maiko\/","url_meta":{"origin":3472,"position":1},"title":"Mi descubrimiento del a\u00f1o: el Yoga Facial de Maiko","author":"Mar\u00eda \u2665Oui Oui\u2665","date":"29 agosto, 2019","format":false,"excerpt":"Tengo molestias en la mand\u00edbula desde que estudiaba en la Universidad, un problema en ella hizo que llevara aparato, que haya ido a la oste\u00f3pata durante a\u00f1os, que duerma con f\u00e9rula, que me est\u00e9 dando automasajes cada dos por tres y que pruebe todo lo que cae en mis manos\u2026","rel":"","context":"En \u00abESTILO DE VIDA\u00bb","block_context":{"text":"ESTILO DE VIDA","link":"https:\/\/oui-oui.es\/blog\/category\/lifestyle-2\/"},"img":{"alt_text":"","src":"https:\/\/i0.wp.com\/oui-oui.es\/blog\/wp-content\/uploads\/2019\/08\/Oui-Oui-Maiko-yogafacial.jpg?resize=350%2C200&ssl=1","width":350,"height":200,"srcset":"https:\/\/i0.wp.com\/oui-oui.es\/blog\/wp-content\/uploads\/2019\/08\/Oui-Oui-Maiko-yogafacial.jpg?resize=350%2C200&ssl=1 1x, https:\/\/i0.wp.com\/oui-oui.es\/blog\/wp-content\/uploads\/2019\/08\/Oui-Oui-Maiko-yogafacial.jpg?resize=525%2C300&ssl=1 1.5x, https:\/\/i0.wp.com\/oui-oui.es\/blog\/wp-content\/uploads\/2019\/08\/Oui-Oui-Maiko-yogafacial.jpg?resize=700%2C400&ssl=1 2x"},"classes":[]},{"id":8568,"url":"https:\/\/oui-oui.es\/blog\/reto-48-y-mi-cambio-de-habitos\/","url_meta":{"origin":3472,"position":2},"title":"Reto 48 y mi cambio de h\u00e1bitos","author":"Mar\u00eda \u2665Oui Oui\u2665","date":"22 septiembre, 2017","format":false,"excerpt":"Mi vuelta al cole empieza casi en octubre, al final en septiembre entre las adaptaciones a los coles, mi viaje a Par\u00eds, el cumple de Mart\u00edn y los recados pendientes que todo ello genera no me da tiempo nunca a ponerme \"con mis cosas\". Pero este a\u00f1o sab\u00eda que quer\u00eda\u2026","rel":"","context":"En \u00abESTILO DE VIDA\u00bb","block_context":{"text":"ESTILO DE VIDA","link":"https:\/\/oui-oui.es\/blog\/category\/lifestyle-2\/"},"img":{"alt_text":"","src":"https:\/\/i0.wp.com\/oui-oui.es\/blog\/wp-content\/uploads\/2017\/09\/Oui-Oui-reto-48-las-excusas-no-queman-calor%C3%ADas.jpg?resize=350%2C200&ssl=1","width":350,"height":200,"srcset":"https:\/\/i0.wp.com\/oui-oui.es\/blog\/wp-content\/uploads\/2017\/09\/Oui-Oui-reto-48-las-excusas-no-queman-calor%C3%ADas.jpg?resize=350%2C200&ssl=1 1x, https:\/\/i0.wp.com\/oui-oui.es\/blog\/wp-content\/uploads\/2017\/09\/Oui-Oui-reto-48-las-excusas-no-queman-calor%C3%ADas.jpg?resize=525%2C300&ssl=1 1.5x, https:\/\/i0.wp.com\/oui-oui.es\/blog\/wp-content\/uploads\/2017\/09\/Oui-Oui-reto-48-las-excusas-no-queman-calor%C3%ADas.jpg?resize=700%2C400&ssl=1 2x"},"classes":[]},{"id":9385,"url":"https:\/\/oui-oui.es\/blog\/greenology-nutricion-personalizada-segun-tus-genes\/","url_meta":{"origin":3472,"position":3},"title":"Greenology | Nutrici\u00f3n personalizada seg\u00fan tus genes","author":"Mar\u00eda \u2665Oui Oui\u2665","date":"17 octubre, 2018","format":false,"excerpt":"\u00a0 Conoc\u00ed a Laura en un evento de cosm\u00e9tica natural en el que nos dio una pequ\u00f1a charla sobre nutrici\u00f3n y cosm\u00e9tica, incidiendo en los h\u00e1bitos de vida como motor de cambio de nuestra salud y estado de \u00e1nimo. Me llam\u00f3 mucho la atenci\u00f3n c\u00f3mo peque\u00f1os cambios en la alimentaci\u00f3n\u2026","rel":"","context":"En \u00abESTILO DE VIDA\u00bb","block_context":{"text":"ESTILO DE VIDA","link":"https:\/\/oui-oui.es\/blog\/category\/lifestyle-2\/"},"img":{"alt_text":"","src":"https:\/\/i0.wp.com\/oui-oui.es\/blog\/wp-content\/uploads\/2018\/10\/Oui-Oui-greenology-nutrici%C3%B3n-seg%C3%BAn-gen%C3%A9tica-vivir-en-base-a-tu-genetica-.jpg?resize=350%2C200&ssl=1","width":350,"height":200,"srcset":"https:\/\/i0.wp.com\/oui-oui.es\/blog\/wp-content\/uploads\/2018\/10\/Oui-Oui-greenology-nutrici%C3%B3n-seg%C3%BAn-gen%C3%A9tica-vivir-en-base-a-tu-genetica-.jpg?resize=350%2C200&ssl=1 1x, https:\/\/i0.wp.com\/oui-oui.es\/blog\/wp-content\/uploads\/2018\/10\/Oui-Oui-greenology-nutrici%C3%B3n-seg%C3%BAn-gen%C3%A9tica-vivir-en-base-a-tu-genetica-.jpg?resize=525%2C300&ssl=1 1.5x, https:\/\/i0.wp.com\/oui-oui.es\/blog\/wp-content\/uploads\/2018\/10\/Oui-Oui-greenology-nutrici%C3%B3n-seg%C3%BAn-gen%C3%A9tica-vivir-en-base-a-tu-genetica-.jpg?resize=700%2C400&ssl=1 2x"},"classes":[]},{"id":2767,"url":"https:\/\/oui-oui.es\/blog\/bloggers-y-marcas-lo-que-no-me-dio-tiempo-a-decir-en-malasmadres\/","url_meta":{"origin":3472,"position":4},"title":"Bloggers y Marcas | Lo que no me di\u00f3 tiempo a decir en Malasmadres","author":"Mar\u00eda \u2665Oui Oui\u2665","date":"21 julio, 2015","format":false,"excerpt":"Cuando Kata me nomin\u00f3 para participar en la mesa redonda que Malasmadres organizaba, junto a Yo Dona en el III Encuentro de Madres Blogueras sobre marcas y bloggers no pod\u00eda imaginar que tendr\u00eda tanto apoyo de vosotras (casi todas mujeres) en Instagram, as\u00ed que cuando me llam\u00f3 Laura para decirme\u2026","rel":"","context":"En \u00abESTILO DE VIDA\u00bb","block_context":{"text":"ESTILO DE VIDA","link":"https:\/\/oui-oui.es\/blog\/category\/lifestyle-2\/"},"img":{"alt_text":"","src":"https:\/\/i0.wp.com\/oui-oui.es\/blog\/wp-content\/uploads\/Oui-Oui-III-encuentro-de-madres-blogueras-mesa-redonda-marcas-y-bloguers-yo-dona-malasmadres.jpg?resize=350%2C200&ssl=1","width":350,"height":200},"classes":[]},{"id":1653,"url":"https:\/\/oui-oui.es\/blog\/mi-descubrimiento-de-septiembre-sture-and-folke\/","url_meta":{"origin":3472,"position":5},"title":"Mi descubrimiento de septiembre: Sture and Folke","author":"Mar\u00eda \u2665Oui Oui\u2665","date":"2 octubre, 2014","format":false,"excerpt":"Hace un tiempo me escribi\u00f3 Karin, la creadora de la marca Sture & Folke (los nombres de sus hijos) para presentarme su colecci\u00f3n de mantas-edred\u00f3n para beb\u00e9s...Nada m\u00e1s entrar en su Web me llamaron la atenci\u00f3n los estampados, muchos de estilo Liberty y la combinaci\u00f3n de tejidos, pero cuando recib\u00ed\u2026","rel":"","context":"En \u00abNI\u00d1OS Y NI\u00d1AS\u00bb","block_context":{"text":"NI\u00d1OS Y NI\u00d1AS","link":"https:\/\/oui-oui.es\/blog\/category\/ninos\/"},"img":{"alt_text":"","src":"https:\/\/i0.wp.com\/oui-oui.es\/blog\/wp-content\/uploads\/2014\/10\/oui-oui-mantas-para-bebc3a9s-monas-mantas-bebes-con-estilo-edredon-bebc3a9-estiloso-sture-and-folke-4.jpg?resize=350%2C200&ssl=1","width":350,"height":200,"srcset":"https:\/\/i0.wp.com\/oui-oui.es\/blog\/wp-content\/uploads\/2014\/10\/oui-oui-mantas-para-bebc3a9s-monas-mantas-bebes-con-estilo-edredon-bebc3a9-estiloso-sture-and-folke-4.jpg?resize=350%2C200&ssl=1 1x, https:\/\/i0.wp.com\/oui-oui.es\/blog\/wp-content\/uploads\/2014\/10\/oui-oui-mantas-para-bebc3a9s-monas-mantas-bebes-con-estilo-edredon-bebc3a9-estiloso-sture-and-folke-4.jpg?resize=525%2C300&ssl=1 1.5x, https:\/\/i0.wp.com\/oui-oui.es\/blog\/wp-content\/uploads\/2014\/10\/oui-oui-mantas-para-bebc3a9s-monas-mantas-bebes-con-estilo-edredon-bebc3a9-estiloso-sture-and-folke-4.jpg?resize=700%2C400&ssl=1 2x"},"classes":[]}],"_links":{"self":[{"href":"https:\/\/oui-oui.es\/blog\/wp-json\/wp\/v2\/posts\/3472","targetHints":{"allow":["GET"]}}],"collection":[{"href":"https:\/\/oui-oui.es\/blog\/wp-json\/wp\/v2\/posts"}],"about":[{"href":"https:\/\/oui-oui.es\/blog\/wp-json\/wp\/v2\/types\/post"}],"author":[{"embeddable":true,"href":"https:\/\/oui-oui.es\/blog\/wp-json\/wp\/v2\/users\/1"}],"replies":[{"embeddable":true,"href":"https:\/\/oui-oui.es\/blog\/wp-json\/wp\/v2\/comments?post=3472"}],"version-history":[{"count":1,"href":"https:\/\/oui-oui.es\/blog\/wp-json\/wp\/v2\/posts\/3472\/revisions"}],"predecessor-version":[{"id":3483,"href":"https:\/\/oui-oui.es\/blog\/wp-json\/wp\/v2\/posts\/3472\/revisions\/3483"}],"wp:featuredmedia":[{"embeddable":true,"href":"https:\/\/oui-oui.es\/blog\/wp-json\/wp\/v2\/media\/3473"}],"wp:attachment":[{"href":"https:\/\/oui-oui.es\/blog\/wp-json\/wp\/v2\/media?parent=3472"}],"wp:term":[{"taxonomy":"category","embeddable":true,"href":"https:\/\/oui-oui.es\/blog\/wp-json\/wp\/v2\/categories?post=3472"},{"taxonomy":"post_tag","embeddable":true,"href":"https:\/\/oui-oui.es\/blog\/wp-json\/wp\/v2\/tags?post=3472"}],"curies":[{"name":"wp","href":"https:\/\/api.w.org\/{rel}","templated":true}]}}