{"id":3487,"date":"2015-10-12T00:01:47","date_gmt":"2015-10-11T22:01:47","guid":{"rendered":"https:\/\/oui-oui.es\/blog\/?p=3487"},"modified":"2015-10-09T12:29:30","modified_gmt":"2015-10-09T10:29:30","slug":"la-wishlist-de-martin-por-su-segundo-cumpleanos","status":"publish","type":"post","link":"https:\/\/oui-oui.es\/blog\/la-wishlist-de-martin-por-su-segundo-cumpleanos\/","title":{"rendered":"La wishlist de Mart\u00edn por su segundo cumplea\u00f1os"},"content":{"rendered":"<div id=\"attachment_3496\" style=\"width: 510px\" class=\"wp-caption aligncenter\"><img loading=\"lazy\" decoding=\"async\" aria-describedby=\"caption-attachment-3496\" class=\"size-full wp-image-3496\" src=\"https:\/\/oui-oui.es\/blog\/wp-content\/uploads\/2015\/10\/Oui-Oui-wishlist-martin-babyoui-material-montessori-torre-rosa-tigriteando.jpg\" alt=\"Foto de Tigriteando\" width=\"500\" height=\"333\" srcset=\"https:\/\/oui-oui.es\/blog\/wp-content\/uploads\/2015\/10\/Oui-Oui-wishlist-martin-babyoui-material-montessori-torre-rosa-tigriteando.jpg 500w, https:\/\/oui-oui.es\/blog\/wp-content\/uploads\/2015\/10\/Oui-Oui-wishlist-martin-babyoui-material-montessori-torre-rosa-tigriteando-300x200.jpg 300w\" sizes=\"auto, (max-width: 500px) 100vw, 500px\" \/><p id=\"caption-attachment-3496\" class=\"wp-caption-text\">Foto de Tigriteando<\/p><\/div>\n<p>El cumplea\u00f1os de Mart\u00edn fue hace exactamente un mes y, como nos pill\u00f3 reci\u00e9n llegados de viaje y con l\u00edo de trabajo no me di\u00f3 tiempo a hacer su lista de regalos como me hubiera gustado, est\u00e1 claro que no pasa nada, tuvo regalos m\u00e1s que de sobra (hasta guard\u00e9 algunos para m\u00e1s adelante), pero a mi <strong>me apetece recordar lo que le regalamos cada a\u00f1o<\/strong>, siempre hay una cosa m\u00e1s especial, as\u00ed que aunque sea un mes despu\u00e9s aqu\u00ed va su lista de cumplea\u00f1os!<\/p>\n<p>1.<strong>Un libro<\/strong>; le chiflan as\u00ed que no pod\u00eda faltar y a falta de uno le compramos tres que han sido un absoluto \u00e9xito, pr\u00e1cticamente todas las noches leemos los tres m\u00e1s alguno m\u00e1s.<\/p>\n<p><a href=\"http:\/\/www.amazon.es\/gp\/product\/1933718013\/ref=as_li_ss_tl?ie=UTF8&amp;camp=3626&amp;creative=24822&amp;creativeASIN=1933718013&amp;linkCode=as2&amp;tag=ouou-21\">Un Beso En Mi Mano<\/a><img loading=\"lazy\" decoding=\"async\" style=\"border: none !important; margin: 0px !important;\" src=\"http:\/\/ir-es.amazon-adsystem.com\/e\/ir?t=ouou-21&amp;l=as2&amp;o=30&amp;a=1933718013\" alt=\"\" width=\"1\" height=\"1\" border=\"0\" \/> ; para ayudarle con la vuelta al cole; una histria preciosa que os recomiendo para cualquier biblioteca de peques en casa.<\/p>\n<p><img loading=\"lazy\" decoding=\"async\" class=\"aligncenter size-large wp-image-3493\" src=\"https:\/\/oui-oui.es\/blog\/wp-content\/uploads\/2015\/10\/Oui-Oui-wishlist-martin-babyoui-un-beso-en-mi-mano-835x1024.jpg\" alt=\"Oui Oui-wishlist martin-babyoui-un beso en mi mano\" width=\"835\" height=\"1024\" srcset=\"https:\/\/oui-oui.es\/blog\/wp-content\/uploads\/2015\/10\/Oui-Oui-wishlist-martin-babyoui-un-beso-en-mi-mano-835x1024.jpg 835w, https:\/\/oui-oui.es\/blog\/wp-content\/uploads\/2015\/10\/Oui-Oui-wishlist-martin-babyoui-un-beso-en-mi-mano-245x300.jpg 245w, https:\/\/oui-oui.es\/blog\/wp-content\/uploads\/2015\/10\/Oui-Oui-wishlist-martin-babyoui-un-beso-en-mi-mano-600x736.jpg 600w, https:\/\/oui-oui.es\/blog\/wp-content\/uploads\/2015\/10\/Oui-Oui-wishlist-martin-babyoui-un-beso-en-mi-mano.jpg 1304w\" sizes=\"auto, (max-width: 835px) 100vw, 835px\" \/><\/p>\n<p><a href=\"http:\/\/www.amazon.es\/gp\/product\/8496629015\/ref=as_li_ss_tl?ie=UTF8&amp;camp=3626&amp;creative=24822&amp;creativeASIN=8496629015&amp;linkCode=as2&amp;tag=ouou-21\">Mi Primer Libro De Los Colores<\/a><img loading=\"lazy\" decoding=\"async\" style=\"border: none !important; margin: 0px !important;\" src=\"http:\/\/ir-es.amazon-adsystem.com\/e\/ir?t=ouou-21&amp;l=as2&amp;o=30&amp;a=8496629015\" alt=\"\" width=\"1\" height=\"1\" border=\"0\" \/> ; me gustan mucho los libros de Eric Carle, con \u00e9ste vamos identificando cosas de un color con la cartulina del mismo color, aunque poco a poco&#8230;<\/p>\n<p><img loading=\"lazy\" decoding=\"async\" class=\"aligncenter size-full wp-image-3492\" src=\"https:\/\/oui-oui.es\/blog\/wp-content\/uploads\/2015\/10\/Oui-Oui-wishlist-martin-babyoui-mi-primer-libro-de-los-colores-eric-carle.jpg\" alt=\"Oui Oui-wishlist martin-babyoui-mi primer libro de los colores-eric carle\" width=\"800\" height=\"800\" srcset=\"https:\/\/oui-oui.es\/blog\/wp-content\/uploads\/2015\/10\/Oui-Oui-wishlist-martin-babyoui-mi-primer-libro-de-los-colores-eric-carle.jpg 800w, https:\/\/oui-oui.es\/blog\/wp-content\/uploads\/2015\/10\/Oui-Oui-wishlist-martin-babyoui-mi-primer-libro-de-los-colores-eric-carle-150x150.jpg 150w, https:\/\/oui-oui.es\/blog\/wp-content\/uploads\/2015\/10\/Oui-Oui-wishlist-martin-babyoui-mi-primer-libro-de-los-colores-eric-carle-300x300.jpg 300w, https:\/\/oui-oui.es\/blog\/wp-content\/uploads\/2015\/10\/Oui-Oui-wishlist-martin-babyoui-mi-primer-libro-de-los-colores-eric-carle-600x600.jpg 600w\" sizes=\"auto, (max-width: 800px) 100vw, 800px\" \/><\/p>\n<p>Por \u00faltimo, un cuento para ir introduciendo el tema de <strong>ir a tener un hermano<\/strong> y las cosas quepasan mientras esperas, <a href=\"http:\/\/www.amazon.es\/gp\/product\/8426355439\/ref=as_li_ss_tl?ie=UTF8&amp;camp=3626&amp;creative=24822&amp;creativeASIN=8426355439&amp;linkCode=as2&amp;tag=ouou-21\">Laura y la tripita de mama<\/a><img loading=\"lazy\" decoding=\"async\" style=\"border: none !important; margin: 0px !important;\" src=\"http:\/\/ir-es.amazon-adsystem.com\/e\/ir?t=ouou-21&amp;l=as2&amp;o=30&amp;a=8426355439\" alt=\"\" width=\"1\" height=\"1\" border=\"0\" \/> como que mam\u00e1 est\u00e9 cansada o no pueda cogerte en brazos porque tiene la tripa muy grande. Hay una colecci\u00f3n entera de cosas que hace o le pasan a Laura con muy buena pinta.<\/p>\n<p><img loading=\"lazy\" decoding=\"async\" class=\"aligncenter size-large wp-image-3494\" src=\"https:\/\/oui-oui.es\/blog\/wp-content\/uploads\/2015\/10\/Oui-Oui-wishlist-martin-babyoui-libro-esperar-hermano-laura-va-a-tener-un-hermanito-1024x837.jpg\" alt=\"Oui Oui-wishlist martin-babyoui-libro esperar hermano-laura va a tener un hermanito\" width=\"1024\" height=\"837\" srcset=\"https:\/\/oui-oui.es\/blog\/wp-content\/uploads\/2015\/10\/Oui-Oui-wishlist-martin-babyoui-libro-esperar-hermano-laura-va-a-tener-un-hermanito-1024x837.jpg 1024w, https:\/\/oui-oui.es\/blog\/wp-content\/uploads\/2015\/10\/Oui-Oui-wishlist-martin-babyoui-libro-esperar-hermano-laura-va-a-tener-un-hermanito-300x245.jpg 300w, https:\/\/oui-oui.es\/blog\/wp-content\/uploads\/2015\/10\/Oui-Oui-wishlist-martin-babyoui-libro-esperar-hermano-laura-va-a-tener-un-hermanito-600x490.jpg 600w, https:\/\/oui-oui.es\/blog\/wp-content\/uploads\/2015\/10\/Oui-Oui-wishlist-martin-babyoui-libro-esperar-hermano-laura-va-a-tener-un-hermanito.jpg 1144w\" sizes=\"auto, (max-width: 1024px) 100vw, 1024px\" \/><\/p>\n<p>2. <strong>Un patinete<\/strong>, le chifla cada vez que ve uno pero me parec\u00edan para m\u00e1s mayor, hasta que vi los de <strong>Micro<\/strong>, que <strong>tienen varias opciones para ni\u00f1os desde 1 a\u00f1o<\/strong>, el mini est\u00e1 agotad\u00edsimo hasta final de a\u00f1o, por lo que me estoy planteando comprar el\u00a0<a href=\"http:\/\/www.amazon.es\/gp\/product\/B00HF96VAM\/ref=as_li_ss_tl?ie=UTF8&amp;camp=3626&amp;creative=24822&amp;creativeASIN=B00HF96VAM&amp;linkCode=as2&amp;tag=ouou-21\">Micro Mini 3 en 1 <\/a><img loading=\"lazy\" decoding=\"async\" style=\"border: none !important; margin: 0px !important;\" src=\"http:\/\/ir-es.amazon-adsystem.com\/e\/ir?t=ouou-21&amp;l=as2&amp;o=30&amp;a=B00HF96VAM\" alt=\"\" width=\"1\" height=\"1\" border=\"0\" \/> que es evolutivo y puedes ir cambiando piezas a medida que los peques van creciendo.<\/p>\n<p><a href=\"&lt;a href=&quot;http:\/\/www.amazon.es\/gp\/product\/B00HF96VAM\/ref=as_li_ss_tl?ie=UTF8&amp;camp=3626&amp;creative=24822&amp;creativeASIN=B00HF96VAM&amp;linkCode=as2&amp;tag=ouou-21&quot;&gt;Micro Mini 3 en 1 &lt;\/a&gt;&lt;img src=&quot;http:\/\/ir-es.amazon-adsystem.com\/e\/ir?t=ouou-21&amp;l=as2&amp;o=30&amp;a=B00HF96VAM&quot; width=&quot;1&quot; height=&quot;1&quot; border=&quot;0&quot; alt=&quot;&quot; style=&quot;border:none !important; margin:0px !important;&quot; \/&gt;http:\/\/\"><img loading=\"lazy\" decoding=\"async\" class=\"aligncenter size-large wp-image-3491\" src=\"https:\/\/oui-oui.es\/blog\/wp-content\/uploads\/2015\/10\/Oui-Oui-wishlist-martin-babyoui-patinete-bebes-2-a\u00f1os-micro-mini-3-en-1-1024x1024.jpg\" alt=\"Oui Oui-wishlist martin-babyoui-patinete bebes-2 a\u00f1os-micro mini 3 en 1\" width=\"1024\" height=\"1024\" srcset=\"https:\/\/oui-oui.es\/blog\/wp-content\/uploads\/2015\/10\/Oui-Oui-wishlist-martin-babyoui-patinete-bebes-2-a\u00f1os-micro-mini-3-en-1-1024x1024.jpg 1024w, https:\/\/oui-oui.es\/blog\/wp-content\/uploads\/2015\/10\/Oui-Oui-wishlist-martin-babyoui-patinete-bebes-2-a\u00f1os-micro-mini-3-en-1-150x150.jpg 150w, https:\/\/oui-oui.es\/blog\/wp-content\/uploads\/2015\/10\/Oui-Oui-wishlist-martin-babyoui-patinete-bebes-2-a\u00f1os-micro-mini-3-en-1-300x300.jpg 300w, https:\/\/oui-oui.es\/blog\/wp-content\/uploads\/2015\/10\/Oui-Oui-wishlist-martin-babyoui-patinete-bebes-2-a\u00f1os-micro-mini-3-en-1-600x600.jpg 600w, https:\/\/oui-oui.es\/blog\/wp-content\/uploads\/2015\/10\/Oui-Oui-wishlist-martin-babyoui-patinete-bebes-2-a\u00f1os-micro-mini-3-en-1.jpg 1100w\" sizes=\"auto, (max-width: 1024px) 100vw, 1024px\" \/><\/a><\/p>\n<p>3. Un juguete de <strong>material Montessori<\/strong>, dudo si la <a href=\"http:\/\/www.amazon.es\/gp\/product\/B00S47O6TW\/ref=as_li_ss_tl?ie=UTF8&amp;camp=3626&amp;creative=24822&amp;creativeASIN=B00S47O6TW&amp;linkCode=as2&amp;tag=ouou-21\">Torre de cubos rosas<\/a><img loading=\"lazy\" decoding=\"async\" style=\"border: none !important; margin: 0px !important;\" src=\"http:\/\/ir-es.amazon-adsystem.com\/e\/ir?t=ouou-21&amp;l=as2&amp;o=30&amp;a=B00S47O6TW\" alt=\"\" width=\"1\" height=\"1\" border=\"0\" \/> , que me recuerda mucho a mi cole (pero que me da miedo que acabe estampando los cubos x ah\u00ed) o una <a href=\"http:\/\/www.montessoriparatodos.es\/sensorial-montessori\/717-material-montessori-caja-de-color-n-1.html\" target=\"_blank\">caja de color<\/a>.<\/p>\n<style>.eic-frame-3490 { width: 500px; height:500px; background-color: #ffffff; border: 1px solid #ffffff; }.eic-frame-3490 .eic-image { border: 1px solid #ffffff; }<\/style><div class=\"eic-container\"><div class=\"eic-frame eic-frame-3490 eic-frame-2-col\" data-layout-name=\"2-col\" data-orig-width=\"500\" data-orig-border=\"1\" data-ratio=\"1\"><div class=\"eic-cols\"><div class=\"eic-col eic-child-1\" style=\"top: 0; bottom: 0; left: 0; right: 50%; width: 50%;\"><div class=\"eic-image eic-image-0\" data-size-x=\"438.0952380952381\" data-size-y=\"500\" data-pos-x=\"-92.04761904761904\" data-pos-y=\"0\"><img decoding=\"async\" src=\"https:\/\/oui-oui.es\/blog\/wp-content\/uploads\/2015\/10\/Oui-Oui-wishlist-martin-babyoui-material-montessori-torre-rosa.jpg\" style=\"width: 438px !important;height: 500px !important;max-width: none !important;max-height: none !important;position: absolute !important;left: -92.04761904761904px !important;top: 0px !important;padding: 0 !important;margin: 0 !important;border: none !important;\" title=\"Oui Oui-wishlist martin-babyoui-material montessori-torre rosa\" alt=\"Oui Oui-wishlist martin-babyoui-material montessori-torre rosa\" \/><\/div><\/div><div class=\"eic-col eic-child-2\" style=\"top: 0; bottom: 0; right: 0; left: 50%; width: 50%;\"><div class=\"eic-image eic-image-1\" data-size-x=\"438.0952380952381\" data-size-y=\"500\" data-pos-x=\"-93.54761904761904\" data-pos-y=\"0\"><img decoding=\"async\" src=\"https:\/\/oui-oui.es\/blog\/wp-content\/uploads\/2015\/10\/Oui-Oui-wishlist-martin-babyoui-material-montessori-caja-de-color.jpg\" style=\"width: 438px !important;height: 500px !important;max-width: none !important;max-height: none !important;position: absolute !important;left: -93.54761904761904px !important;top: 0px !important;padding: 0 !important;margin: 0 !important;border: none !important;\" title=\"Oui Oui-wishlist martin-babyoui-material montessori-caja de color\" alt=\"Oui Oui-wishlist martin-babyoui-material montessori-caja de color\" \/><\/div><\/div><\/div><\/div><\/div>\n<p>4.<strong> El abrigo de los cuellos intercambiables<\/strong> de <a href=\"http:\/\/sohokids.es\" target=\"_blank\"><strong>Soho Kids<\/strong><\/a>, desde que lo vi ten\u00eda ganas de que Mart\u00edn llegase a la talla 2 para poder hacerme con uno, tiene varios cuellos para poder hacerlo diferente seg\u00fan la ocasi\u00f3n, es estiloso pero infantil y moderno a la vez y, adem\u00e1s \u00a1es unisex!<\/p>\n<style>.eic-frame-3529 { width: 500px; height:500px; background-color: #ffffff; border: 1px solid #ffffff; }.eic-frame-3529 .eic-image { border: 1px solid #ffffff; }<\/style><div class=\"eic-container\"><div class=\"eic-frame eic-frame-3529 eic-frame-2-row\" data-layout-name=\"2-row\" data-orig-width=\"500\" data-orig-border=\"1\" data-ratio=\"1\"><div class=\"eic-rows\"><div class=\"eic-row eic-child-1\" style=\"top: 0; left: 0; right: 0; bottom: 50%; height: 50%;\"><div class=\"eic-image eic-image-0\" data-size-x=\"500\" data-size-y=\"359.6491228070176\" data-pos-x=\"-2\" data-pos-y=\"-8\"><img decoding=\"async\" src=\"https:\/\/oui-oui.es\/blog\/wp-content\/uploads\/2015\/10\/Oui-Oui-wishlist-martin-abrigo-unisex-cuellos-intercambiables.jpg\" style=\"width: 500px !important;height: 359px !important;max-width: none !important;max-height: none !important;position: absolute !important;left: -2px !important;top: -8px !important;padding: 0 !important;margin: 0 !important;border: none !important;\" title=\"Oui Oui-wishlist martin-abrigo unisex-cuellos intercambiables\" alt=\"Oui Oui-wishlist martin-abrigo unisex-cuellos intercambiables\" \/><\/div><\/div><div class=\"eic-row eic-child-2\" style=\"bottom: 0; left: 0; right: 0; top: 50%; height: 50%;\"><div class=\"eic-image eic-image-1\" data-size-x=\"500\" data-size-y=\"332.66382124027115\" data-pos-x=\"0\" data-pos-y=\"-39.331910620135574\"><img decoding=\"async\" src=\"https:\/\/oui-oui.es\/blog\/wp-content\/uploads\/2015\/10\/Oui-Oui-wishlist-martin-abrigo-unisex-cuellos-intercambiables-sohokids-600x399.jpg\" style=\"width: 500px !important;height: 332px !important;max-width: none !important;max-height: none !important;position: absolute !important;left: 0px !important;top: -39.331910620135574px !important;padding: 0 !important;margin: 0 !important;border: none !important;\" title=\"Oui Oui-wishlist martin-abrigo unisex-cuellos intercambiables-sohokids\" alt=\"Oui Oui-wishlist martin-abrigo unisex-cuellos intercambiables-sohokids\" \/><\/div><\/div><\/div><\/div><\/div>\n<p>&nbsp;<\/p>\n<p>&nbsp;<\/p>\n<p>&nbsp;<\/p>\n<p>&nbsp;<\/p>\n<p>&nbsp;<\/p>\n","protected":false},"excerpt":{"rendered":"<p>El cumplea\u00f1os de Mart\u00edn fue hace exactamente un mes y, como nos pill\u00f3 reci\u00e9n llegados de viaje y con l\u00edo de trabajo no me di\u00f3 tiempo a hacer su lista de regalos como me hubiera gustado, est\u00e1 claro que no pasa nada, tuvo regalos m\u00e1s que de sobra (hasta guard\u00e9 algunos para m\u00e1s adelante), pero [&hellip;]<\/p>\n","protected":false},"author":1,"featured_media":3496,"comment_status":"open","ping_status":"open","sticky":false,"template":"","format":"standard","meta":{"jetpack_post_was_ever_published":false,"_jetpack_newsletter_access":"","_jetpack_dont_email_post_to_subs":false,"_jetpack_newsletter_tier_id":0,"_jetpack_memberships_contains_paywalled_content":false,"_jetpack_memberships_contains_paid_content":false,"footnotes":"","jetpack_publicize_message":"","jetpack_publicize_feature_enabled":true,"jetpack_social_post_already_shared":true,"jetpack_social_options":{"image_generator_settings":{"template":"highway","default_image_id":0,"font":"","enabled":false},"version":2}},"categories":[174,18],"tags":[700,748,747,657,719,711],"class_list":["post-3487","post","type-post","status-publish","format-standard","has-post-thumbnail","hentry","category-ninos","category-regalos-originales-para-ninos","tag-compras-bebe","tag-libros","tag-listas","tag-montessori","tag-ropa-bebes-y-ninos","tag-wishlist"],"aioseo_notices":[],"jetpack_publicize_connections":[],"jetpack_featured_media_url":"https:\/\/oui-oui.es\/blog\/wp-content\/uploads\/2015\/10\/Oui-Oui-wishlist-martin-babyoui-material-montessori-torre-rosa-tigriteando.jpg","jetpack_sharing_enabled":true,"jetpack-related-posts":[{"id":5055,"url":"https:\/\/oui-oui.es\/blog\/la-wishlist-del-primer-cumpleanos-de-frida\/","url_meta":{"origin":3487,"position":0},"title":"La Wishlist del primer cumplea\u00f1os de Frida","author":"Mar\u00eda \u2665Oui Oui\u2665","date":"25 enero, 2017","format":false,"excerpt":"Quedan dos semanas para que Frida cumpla un a\u00f1o, es un t\u00f3pico pero ha pasado volando y aqu\u00ed estoy rompi\u00e9ndome la cabeza para ver qu\u00e9 le regalamos, porque quiero que tenga algo especial de recuerdo, y a la vez me parece que ya tiene de todo con los juguetes de\u2026","rel":"","context":"En \u00abFIESTAS y CELEBRACIONES\u00bb","block_context":{"text":"FIESTAS y CELEBRACIONES","link":"https:\/\/oui-oui.es\/blog\/category\/fiestas-celebraciones\/"},"img":{"alt_text":"","src":"https:\/\/i0.wp.com\/oui-oui.es\/blog\/wp-content\/uploads\/2017\/01\/Oui-Oui-wishlist-Frida-gorro-fiesta-crochet-la-f%C3%AAte-laf%C3%A8te-party-hat.jpg?resize=350%2C200&ssl=1","width":350,"height":200,"srcset":"https:\/\/i0.wp.com\/oui-oui.es\/blog\/wp-content\/uploads\/2017\/01\/Oui-Oui-wishlist-Frida-gorro-fiesta-crochet-la-f%C3%AAte-laf%C3%A8te-party-hat.jpg?resize=350%2C200&ssl=1 1x, https:\/\/i0.wp.com\/oui-oui.es\/blog\/wp-content\/uploads\/2017\/01\/Oui-Oui-wishlist-Frida-gorro-fiesta-crochet-la-f%C3%AAte-laf%C3%A8te-party-hat.jpg?resize=525%2C300&ssl=1 1.5x, https:\/\/i0.wp.com\/oui-oui.es\/blog\/wp-content\/uploads\/2017\/01\/Oui-Oui-wishlist-Frida-gorro-fiesta-crochet-la-f%C3%AAte-laf%C3%A8te-party-hat.jpg?resize=700%2C400&ssl=1 2x, https:\/\/i0.wp.com\/oui-oui.es\/blog\/wp-content\/uploads\/2017\/01\/Oui-Oui-wishlist-Frida-gorro-fiesta-crochet-la-f%C3%AAte-laf%C3%A8te-party-hat.jpg?resize=1050%2C600&ssl=1 3x"},"classes":[]},{"id":4009,"url":"https:\/\/oui-oui.es\/blog\/mi-wishlist-de-cumpleanos\/","url_meta":{"origin":3487,"position":1},"title":"Lo que me gusta una wishlist, aqu\u00ed la de mi cumple!","author":"Mar\u00eda \u2665Oui Oui\u2665","date":"5 febrero, 2016","format":false,"excerpt":"Esta semana los post van de regalos, se nota que estamos en meses de muchas celebraciones, \u00bfverdad?. Hoy empieza la cuenta atr\u00e1s para mi 34 cumplea\u00f1os, as\u00ed que, previsora una, dejo aqu\u00ed mi peque\u00f1a wishlist para que luego algunos no me digan que no les ha dado tiempo o que\u2026","rel":"","context":"En \u00abESTILO DE VIDA\u00bb","block_context":{"text":"ESTILO DE VIDA","link":"https:\/\/oui-oui.es\/blog\/category\/lifestyle-2\/"},"img":{"alt_text":"","src":"https:\/\/i0.wp.com\/oui-oui.es\/blog\/wp-content\/uploads\/2016\/01\/Oui-Oui-tarta-hersheys-sugar-factory-madrid.jpg?resize=350%2C200&ssl=1","width":350,"height":200,"srcset":"https:\/\/i0.wp.com\/oui-oui.es\/blog\/wp-content\/uploads\/2016\/01\/Oui-Oui-tarta-hersheys-sugar-factory-madrid.jpg?resize=350%2C200&ssl=1 1x, https:\/\/i0.wp.com\/oui-oui.es\/blog\/wp-content\/uploads\/2016\/01\/Oui-Oui-tarta-hersheys-sugar-factory-madrid.jpg?resize=525%2C300&ssl=1 1.5x, https:\/\/i0.wp.com\/oui-oui.es\/blog\/wp-content\/uploads\/2016\/01\/Oui-Oui-tarta-hersheys-sugar-factory-madrid.jpg?resize=700%2C400&ssl=1 2x, https:\/\/i0.wp.com\/oui-oui.es\/blog\/wp-content\/uploads\/2016\/01\/Oui-Oui-tarta-hersheys-sugar-factory-madrid.jpg?resize=1050%2C600&ssl=1 3x"},"classes":[]},{"id":5754,"url":"https:\/\/oui-oui.es\/blog\/debemos-hacer-todo-en-grupo\/","url_meta":{"origin":3487,"position":2},"title":"\u00bf Debemos hacer todo en grupo?","author":"Mar\u00eda \u2665Oui Oui\u2665","date":"19 junio, 2017","format":false,"excerpt":"\u00a0 Este a\u00f1o ha sido el primer curso de Mart\u00edn en el cole, ya estaba antes en la guarde del mismo cole, pero, no s\u00e9 por qu\u00e9, en las guarder\u00edas los padres vamos m\u00e1s a nuestra bola y empezamos a relacionarnos m\u00e1s en primero de Infantil. Supongo que tiene que\u2026","rel":"","context":"En \u00abNI\u00d1OS Y NI\u00d1AS\u00bb","block_context":{"text":"NI\u00d1OS Y NI\u00d1AS","link":"https:\/\/oui-oui.es\/blog\/category\/ninos\/"},"img":{"alt_text":"","src":"https:\/\/i0.wp.com\/oui-oui.es\/blog\/wp-content\/uploads\/2017\/06\/Oui-Oui-individualismo-versus-grupo-regalos-cumple-en-grupo-regalos-profe-en-grupo.jpg?resize=350%2C200&ssl=1","width":350,"height":200,"srcset":"https:\/\/i0.wp.com\/oui-oui.es\/blog\/wp-content\/uploads\/2017\/06\/Oui-Oui-individualismo-versus-grupo-regalos-cumple-en-grupo-regalos-profe-en-grupo.jpg?resize=350%2C200&ssl=1 1x, https:\/\/i0.wp.com\/oui-oui.es\/blog\/wp-content\/uploads\/2017\/06\/Oui-Oui-individualismo-versus-grupo-regalos-cumple-en-grupo-regalos-profe-en-grupo.jpg?resize=525%2C300&ssl=1 1.5x"},"classes":[]},{"id":4895,"url":"https:\/\/oui-oui.es\/blog\/el-cumpleanos-musical-de-martin\/","url_meta":{"origin":3487,"position":3},"title":"El cumplea\u00f1os musical de Mart\u00edn","author":"Mar\u00eda \u2665Oui Oui\u2665","date":"16 noviembre, 2016","format":false,"excerpt":"Ya han pasado dos meses, pero no quer\u00eda dejar de publicar el Tercer cumplea\u00f1os de Mart\u00edn. A diferencia de los otros dos en los que la tem\u00e1tica fue simplemente la gama de colores que me apeteci\u00f3 en ese momento, este a\u00f1o \u00e9l era mucho m\u00e1s consciente, de forma que unos\u2026","rel":"","context":"En \u00abFIESTAS y CELEBRACIONES\u00bb","block_context":{"text":"FIESTAS y CELEBRACIONES","link":"https:\/\/oui-oui.es\/blog\/category\/fiestas-celebraciones\/"},"img":{"alt_text":"","src":"https:\/\/i0.wp.com\/oui-oui.es\/blog\/wp-content\/uploads\/2016\/11\/Oui-Oui-cumplea%C3%B1os-musical-ni%C3%B1os-cumplea%C3%B1os-instrumentos-candy-bar-instrumentos-cupcake-microfono-piano-chocolate-diy-1.jpg?resize=350%2C200&ssl=1","width":350,"height":200,"srcset":"https:\/\/i0.wp.com\/oui-oui.es\/blog\/wp-content\/uploads\/2016\/11\/Oui-Oui-cumplea%C3%B1os-musical-ni%C3%B1os-cumplea%C3%B1os-instrumentos-candy-bar-instrumentos-cupcake-microfono-piano-chocolate-diy-1.jpg?resize=350%2C200&ssl=1 1x, https:\/\/i0.wp.com\/oui-oui.es\/blog\/wp-content\/uploads\/2016\/11\/Oui-Oui-cumplea%C3%B1os-musical-ni%C3%B1os-cumplea%C3%B1os-instrumentos-candy-bar-instrumentos-cupcake-microfono-piano-chocolate-diy-1.jpg?resize=525%2C300&ssl=1 1.5x, https:\/\/i0.wp.com\/oui-oui.es\/blog\/wp-content\/uploads\/2016\/11\/Oui-Oui-cumplea%C3%B1os-musical-ni%C3%B1os-cumplea%C3%B1os-instrumentos-candy-bar-instrumentos-cupcake-microfono-piano-chocolate-diy-1.jpg?resize=700%2C400&ssl=1 2x, https:\/\/i0.wp.com\/oui-oui.es\/blog\/wp-content\/uploads\/2016\/11\/Oui-Oui-cumplea%C3%B1os-musical-ni%C3%B1os-cumplea%C3%B1os-instrumentos-candy-bar-instrumentos-cupcake-microfono-piano-chocolate-diy-1.jpg?resize=1050%2C600&ssl=1 3x, https:\/\/i0.wp.com\/oui-oui.es\/blog\/wp-content\/uploads\/2016\/11\/Oui-Oui-cumplea%C3%B1os-musical-ni%C3%B1os-cumplea%C3%B1os-instrumentos-candy-bar-instrumentos-cupcake-microfono-piano-chocolate-diy-1.jpg?resize=1400%2C800&ssl=1 4x"},"classes":[]},{"id":3340,"url":"https:\/\/oui-oui.es\/blog\/como-improvisar-un-cumpleanos-de-nino-el-dia-antes\/","url_meta":{"origin":3487,"position":4},"title":"C\u00f3mo improvisar un cumplea\u00f1os de ni\u00f1o el d\u00eda antes","author":"Mar\u00eda \u2665Oui Oui\u2665","date":"18 septiembre, 2015","format":false,"excerpt":"Este a\u00f1o se me ech\u00f3 el tiempo encima, entre que acabamos las vacaciones casi en septiembre, que me fu\u00ed directa a Par\u00eds y que a la vuelta no ten\u00eda m\u00f3vil, la verdad es que me pillaba el toro con el cumplea\u00f1os de Mart\u00edn, quer\u00eda hacer algo personalizado pero estaba muy\u2026","rel":"","context":"En \u00abFIESTAS y CELEBRACIONES\u00bb","block_context":{"text":"FIESTAS y CELEBRACIONES","link":"https:\/\/oui-oui.es\/blog\/category\/fiestas-celebraciones\/"},"img":{"alt_text":"","src":"https:\/\/i0.wp.com\/oui-oui.es\/blog\/wp-content\/uploads\/2015\/09\/Oui-Oui-decoracion-cumple-2-a%C3%B1os-cumple-en-mint-y-plata-cumplea%C3%B1os-ni%C3%B1o-en-mint-2.jpg?resize=350%2C200&ssl=1","width":350,"height":200,"srcset":"https:\/\/i0.wp.com\/oui-oui.es\/blog\/wp-content\/uploads\/2015\/09\/Oui-Oui-decoracion-cumple-2-a%C3%B1os-cumple-en-mint-y-plata-cumplea%C3%B1os-ni%C3%B1o-en-mint-2.jpg?resize=350%2C200&ssl=1 1x, https:\/\/i0.wp.com\/oui-oui.es\/blog\/wp-content\/uploads\/2015\/09\/Oui-Oui-decoracion-cumple-2-a%C3%B1os-cumple-en-mint-y-plata-cumplea%C3%B1os-ni%C3%B1o-en-mint-2.jpg?resize=525%2C300&ssl=1 1.5x, https:\/\/i0.wp.com\/oui-oui.es\/blog\/wp-content\/uploads\/2015\/09\/Oui-Oui-decoracion-cumple-2-a%C3%B1os-cumple-en-mint-y-plata-cumplea%C3%B1os-ni%C3%B1o-en-mint-2.jpg?resize=700%2C400&ssl=1 2x, https:\/\/i0.wp.com\/oui-oui.es\/blog\/wp-content\/uploads\/2015\/09\/Oui-Oui-decoracion-cumple-2-a%C3%B1os-cumple-en-mint-y-plata-cumplea%C3%B1os-ni%C3%B1o-en-mint-2.jpg?resize=1050%2C600&ssl=1 3x, https:\/\/i0.wp.com\/oui-oui.es\/blog\/wp-content\/uploads\/2015\/09\/Oui-Oui-decoracion-cumple-2-a%C3%B1os-cumple-en-mint-y-plata-cumplea%C3%B1os-ni%C3%B1o-en-mint-2.jpg?resize=1400%2C800&ssl=1 4x"},"classes":[]},{"id":9046,"url":"https:\/\/oui-oui.es\/blog\/5-ideas-para-celebrar-los-cumpleanos-de-forma-diferente\/","url_meta":{"origin":3487,"position":5},"title":"5 Ideas para celebrar los cumplea\u00f1os de forma diferente","author":"Mar\u00eda \u2665Oui Oui\u2665","date":"8 mayo, 2018","format":false,"excerpt":"Me encanta la idea de celebrar los cumplea\u00f1os en casa como toda la vida, con medias noches, sandwiches de crema de chocolate y gusanitos naranjas...Pero es cierto que no siempre es f\u00e1cil por la falta de espacio y porque ahora, desde muy peque\u00f1os, se invita a toda la clase, con\u2026","rel":"","context":"En \u00abFIESTAS y CELEBRACIONES\u00bb","block_context":{"text":"FIESTAS y CELEBRACIONES","link":"https:\/\/oui-oui.es\/blog\/category\/fiestas-celebraciones\/"},"img":{"alt_text":"","src":"https:\/\/i0.wp.com\/oui-oui.es\/blog\/wp-content\/uploads\/2018\/05\/Oui-Oui-cumplea%C3%B1os-de-arte-cumplea%C3%B1os-infantiles-reativos-taller-arte-luz-negra-lemosn-art-lab.jpg?resize=350%2C200&ssl=1","width":350,"height":200,"srcset":"https:\/\/i0.wp.com\/oui-oui.es\/blog\/wp-content\/uploads\/2018\/05\/Oui-Oui-cumplea%C3%B1os-de-arte-cumplea%C3%B1os-infantiles-reativos-taller-arte-luz-negra-lemosn-art-lab.jpg?resize=350%2C200&ssl=1 1x, https:\/\/i0.wp.com\/oui-oui.es\/blog\/wp-content\/uploads\/2018\/05\/Oui-Oui-cumplea%C3%B1os-de-arte-cumplea%C3%B1os-infantiles-reativos-taller-arte-luz-negra-lemosn-art-lab.jpg?resize=525%2C300&ssl=1 1.5x, https:\/\/i0.wp.com\/oui-oui.es\/blog\/wp-content\/uploads\/2018\/05\/Oui-Oui-cumplea%C3%B1os-de-arte-cumplea%C3%B1os-infantiles-reativos-taller-arte-luz-negra-lemosn-art-lab.jpg?resize=700%2C400&ssl=1 2x, https:\/\/i0.wp.com\/oui-oui.es\/blog\/wp-content\/uploads\/2018\/05\/Oui-Oui-cumplea%C3%B1os-de-arte-cumplea%C3%B1os-infantiles-reativos-taller-arte-luz-negra-lemosn-art-lab.jpg?resize=1050%2C600&ssl=1 3x, https:\/\/i0.wp.com\/oui-oui.es\/blog\/wp-content\/uploads\/2018\/05\/Oui-Oui-cumplea%C3%B1os-de-arte-cumplea%C3%B1os-infantiles-reativos-taller-arte-luz-negra-lemosn-art-lab.jpg?resize=1400%2C800&ssl=1 4x"},"classes":[]}],"_links":{"self":[{"href":"https:\/\/oui-oui.es\/blog\/wp-json\/wp\/v2\/posts\/3487","targetHints":{"allow":["GET"]}}],"collection":[{"href":"https:\/\/oui-oui.es\/blog\/wp-json\/wp\/v2\/posts"}],"about":[{"href":"https:\/\/oui-oui.es\/blog\/wp-json\/wp\/v2\/types\/post"}],"author":[{"embeddable":true,"href":"https:\/\/oui-oui.es\/blog\/wp-json\/wp\/v2\/users\/1"}],"replies":[{"embeddable":true,"href":"https:\/\/oui-oui.es\/blog\/wp-json\/wp\/v2\/comments?post=3487"}],"version-history":[{"count":3,"href":"https:\/\/oui-oui.es\/blog\/wp-json\/wp\/v2\/posts\/3487\/revisions"}],"predecessor-version":[{"id":3530,"href":"https:\/\/oui-oui.es\/blog\/wp-json\/wp\/v2\/posts\/3487\/revisions\/3530"}],"wp:featuredmedia":[{"embeddable":true,"href":"https:\/\/oui-oui.es\/blog\/wp-json\/wp\/v2\/media\/3496"}],"wp:attachment":[{"href":"https:\/\/oui-oui.es\/blog\/wp-json\/wp\/v2\/media?parent=3487"}],"wp:term":[{"taxonomy":"category","embeddable":true,"href":"https:\/\/oui-oui.es\/blog\/wp-json\/wp\/v2\/categories?post=3487"},{"taxonomy":"post_tag","embeddable":true,"href":"https:\/\/oui-oui.es\/blog\/wp-json\/wp\/v2\/tags?post=3487"}],"curies":[{"name":"wp","href":"https:\/\/api.w.org\/{rel}","templated":true}]}}