{"id":3498,"date":"2015-10-13T00:01:20","date_gmt":"2015-10-12T22:01:20","guid":{"rendered":"https:\/\/oui-oui.es\/blog\/?p=3498"},"modified":"2015-10-08T18:39:31","modified_gmt":"2015-10-08T16:39:31","slug":"la-costa-del-algodon-camisones","status":"publish","type":"post","link":"https:\/\/oui-oui.es\/blog\/la-costa-del-algodon-camisones\/","title":{"rendered":"La Costa del Algod\u00f3n | Camisones"},"content":{"rendered":"<p><img loading=\"lazy\" decoding=\"async\" class=\"aligncenter size-full wp-image-3503\" src=\"https:\/\/oui-oui.es\/blog\/wp-content\/uploads\/2015\/10\/Oui-Oui-camisones-de-lujo-regalo-especial-boda-la-costa-del-algod\u00f3n-5.jpg\" alt=\"Oui Oui-camisones de lujo-regalo especial boda-la costa del algod\u00f3n (5)\" width=\"596\" height=\"559\" srcset=\"https:\/\/oui-oui.es\/blog\/wp-content\/uploads\/2015\/10\/Oui-Oui-camisones-de-lujo-regalo-especial-boda-la-costa-del-algod\u00f3n-5.jpg 596w, https:\/\/oui-oui.es\/blog\/wp-content\/uploads\/2015\/10\/Oui-Oui-camisones-de-lujo-regalo-especial-boda-la-costa-del-algod\u00f3n-5-300x281.jpg 300w\" sizes=\"auto, (max-width: 596px) 100vw, 596px\" \/><\/p>\n<p>Tengo una espinita clavada con los camisones de <strong><a href=\"http:\/\/www.lacostadelalgodon.com\/\" target=\"_blank\">La Costa del Algod\u00f3n<\/a><\/strong>, los conoc\u00ed preparando mi boda y siempre tuve en mente hacrme con uno para el momento maquillaje, al final, por unas a o por b no lo hice y creo que es de esas cosas que si no haces cuando est\u00e1n en un momento especial al final luego se va quedando en el tintero.<\/p>\n<p>Ya <strong>el nombre de la marca es evocador<\/strong>, y s\u00f3lo hace falta ver las im\u00e1genes de sus colecciones para que te apetezca <strong>estar desayunando en el porche con vistas al lago enfundada en uno de sus preciosos camisones<\/strong>.<\/p>\n<p><img loading=\"lazy\" decoding=\"async\" class=\"aligncenter size-full wp-image-3506\" src=\"https:\/\/oui-oui.es\/blog\/wp-content\/uploads\/2015\/10\/Oui-Oui-camisones-de-lujo-regalo-especial-boda-la-costa-del-algod\u00f3n.jpg\" alt=\"Oui Oui-camisones de lujo-regalo especial boda-la costa del algod\u00f3n\" width=\"639\" height=\"960\" srcset=\"https:\/\/oui-oui.es\/blog\/wp-content\/uploads\/2015\/10\/Oui-Oui-camisones-de-lujo-regalo-especial-boda-la-costa-del-algod\u00f3n.jpg 639w, https:\/\/oui-oui.es\/blog\/wp-content\/uploads\/2015\/10\/Oui-Oui-camisones-de-lujo-regalo-especial-boda-la-costa-del-algod\u00f3n-200x300.jpg 200w, https:\/\/oui-oui.es\/blog\/wp-content\/uploads\/2015\/10\/Oui-Oui-camisones-de-lujo-regalo-especial-boda-la-costa-del-algod\u00f3n-600x901.jpg 600w\" sizes=\"auto, (max-width: 639px) 100vw, 639px\" \/><\/p>\n<p>Son ese <strong>regalo<\/strong> (o autorregalo) <strong>capricho perfecto para cuando te vas a casar<\/strong>; para la sesi\u00f3n de fotos mientras te vistes y para llevarte en el viaje de novios, pero tambi\u00e9n un regalo para cuando dejas la lactancia y recuperas un poco las ganas de estar mona en casa o bien para ese viaje de aniversario de diez a\u00f1os de casados&#8230;Hay mil excusas, muchos estamados; m\u00e1s rom\u00e1nticos, buc\u00f3licos o sencillos, seg\u00fan sea tu estilo.<\/p>\n<p><img loading=\"lazy\" decoding=\"async\" class=\"aligncenter size-full wp-image-3505\" src=\"https:\/\/oui-oui.es\/blog\/wp-content\/uploads\/2015\/10\/Oui-Oui-camisones-de-lujo-regalo-especial-boda-la-costa-del-algod\u00f3n-7.jpg\" alt=\"Oui Oui-camisones de lujo-regalo especial boda-la costa del algod\u00f3n (7)\" width=\"596\" height=\"597\" srcset=\"https:\/\/oui-oui.es\/blog\/wp-content\/uploads\/2015\/10\/Oui-Oui-camisones-de-lujo-regalo-especial-boda-la-costa-del-algod\u00f3n-7.jpg 596w, https:\/\/oui-oui.es\/blog\/wp-content\/uploads\/2015\/10\/Oui-Oui-camisones-de-lujo-regalo-especial-boda-la-costa-del-algod\u00f3n-7-150x150.jpg 150w, https:\/\/oui-oui.es\/blog\/wp-content\/uploads\/2015\/10\/Oui-Oui-camisones-de-lujo-regalo-especial-boda-la-costa-del-algod\u00f3n-7-300x300.jpg 300w\" sizes=\"auto, (max-width: 596px) 100vw, 596px\" \/><\/p>\n<p><img loading=\"lazy\" decoding=\"async\" class=\"aligncenter size-full wp-image-3502\" src=\"https:\/\/oui-oui.es\/blog\/wp-content\/uploads\/2015\/10\/Oui-Oui-camisones-de-lujo-regalo-especial-boda-la-costa-del-algod\u00f3n-4.jpg\" alt=\"Oui Oui-camisones de lujo-regalo especial boda-la costa del algod\u00f3n (4)\" width=\"600\" height=\"598\" srcset=\"https:\/\/oui-oui.es\/blog\/wp-content\/uploads\/2015\/10\/Oui-Oui-camisones-de-lujo-regalo-especial-boda-la-costa-del-algod\u00f3n-4.jpg 600w, https:\/\/oui-oui.es\/blog\/wp-content\/uploads\/2015\/10\/Oui-Oui-camisones-de-lujo-regalo-especial-boda-la-costa-del-algod\u00f3n-4-150x150.jpg 150w, https:\/\/oui-oui.es\/blog\/wp-content\/uploads\/2015\/10\/Oui-Oui-camisones-de-lujo-regalo-especial-boda-la-costa-del-algod\u00f3n-4-300x300.jpg 300w\" sizes=\"auto, (max-width: 600px) 100vw, 600px\" \/><\/p>\n<p>Yo me lo guardo para despu\u00e9s de dar a luz \ud83d\ude09<\/p>\n<p><img loading=\"lazy\" decoding=\"async\" class=\"aligncenter size-full wp-image-3499\" src=\"https:\/\/oui-oui.es\/blog\/wp-content\/uploads\/2015\/10\/Oui-Oui-camisones-de-lujo-regalo-especial-boda-la-costa-del-algod\u00f3n-1.jpg\" alt=\"Oui Oui-camisones de lujo-regalo especial boda-la costa del algod\u00f3n (1)\" width=\"597\" height=\"398\" srcset=\"https:\/\/oui-oui.es\/blog\/wp-content\/uploads\/2015\/10\/Oui-Oui-camisones-de-lujo-regalo-especial-boda-la-costa-del-algod\u00f3n-1.jpg 597w, https:\/\/oui-oui.es\/blog\/wp-content\/uploads\/2015\/10\/Oui-Oui-camisones-de-lujo-regalo-especial-boda-la-costa-del-algod\u00f3n-1-300x200.jpg 300w\" sizes=\"auto, (max-width: 597px) 100vw, 597px\" \/><\/p>\n<p>Todas las fotos han sido sacadas de la <a href=\"https:\/\/instagram.com\/lacostadelalgodon\/\" target=\"_blank\">cuenta de IG de La Costa del Algod\u00f3n<\/a><\/p>\n","protected":false},"excerpt":{"rendered":"<p>Tengo una espinita clavada con los camisones de La Costa del Algod\u00f3n, los conoc\u00ed preparando mi boda y siempre tuve en mente hacrme con uno para el momento maquillaje, al final, por unas a o por b no lo hice y creo que es de esas cosas que si no haces cuando est\u00e1n en un [&hellip;]<\/p>\n","protected":false},"author":1,"featured_media":3503,"comment_status":"open","ping_status":"open","sticky":false,"template":"","format":"standard","meta":{"jetpack_post_was_ever_published":false,"_jetpack_newsletter_access":"","_jetpack_dont_email_post_to_subs":false,"_jetpack_newsletter_tier_id":0,"_jetpack_memberships_contains_paywalled_content":false,"_jetpack_memberships_contains_paid_content":false,"footnotes":"","jetpack_publicize_message":"","jetpack_publicize_feature_enabled":true,"jetpack_social_post_already_shared":true,"jetpack_social_options":{"image_generator_settings":{"template":"highway","default_image_id":0,"font":"","enabled":false},"version":2}},"categories":[322,199,15],"tags":[44,47,718],"class_list":["post-3498","post","type-post","status-publish","format-standard","has-post-thumbnail","hentry","category-a-una-futura-novia","category-dia-de-la-madre","category-por-el-aniversario","tag-boda-campestre","tag-boda-invierno","tag-bodas"],"aioseo_notices":[],"jetpack_publicize_connections":[],"jetpack_featured_media_url":"https:\/\/oui-oui.es\/blog\/wp-content\/uploads\/2015\/10\/Oui-Oui-camisones-de-lujo-regalo-especial-boda-la-costa-del-algod\u00f3n-5.jpg","jetpack_sharing_enabled":true,"jetpack-related-posts":[{"id":272,"url":"https:\/\/oui-oui.es\/blog\/el-ramo-de-una-boda-de-invierno\/","url_meta":{"origin":3498,"position":0},"title":"El ramo de una boda de invierno","author":"Mar\u00eda \u2665Oui Oui\u2665","date":"12 diciembre, 2012","format":false,"excerpt":"Uno de los detalles que m\u00e1s me gust\u00f3 de la boda de invierno en la que estuvimos hace dos semanas fu\u00e9 el ramo de la novia; nos sorprendi\u00f3 a todos con un ramo de barillas de algod\u00f3n; un ramo sencillo, pero muy c\u00e1lido, r\u00fastico pero que complementaba a la perfecci\u00f3n\u2026","rel":"","context":"En \u00abBoda\u00bb","block_context":{"text":"Boda","link":"https:\/\/oui-oui.es\/blog\/category\/fiestas-celebraciones\/boda\/"},"img":{"alt_text":"","src":"https:\/\/i0.wp.com\/oui-oui.es\/blog\/wp-content\/uploads\/boda-invierno-ramo-algodon-pedraza-vestido-novia-tul-chaqueta-militar-2.jpg?resize=350%2C200&ssl=1","width":350,"height":200,"srcset":"https:\/\/i0.wp.com\/oui-oui.es\/blog\/wp-content\/uploads\/boda-invierno-ramo-algodon-pedraza-vestido-novia-tul-chaqueta-militar-2.jpg?resize=350%2C200&ssl=1 1x, https:\/\/i0.wp.com\/oui-oui.es\/blog\/wp-content\/uploads\/boda-invierno-ramo-algodon-pedraza-vestido-novia-tul-chaqueta-militar-2.jpg?resize=525%2C300&ssl=1 1.5x, https:\/\/i0.wp.com\/oui-oui.es\/blog\/wp-content\/uploads\/boda-invierno-ramo-algodon-pedraza-vestido-novia-tul-chaqueta-militar-2.jpg?resize=700%2C400&ssl=1 2x, https:\/\/i0.wp.com\/oui-oui.es\/blog\/wp-content\/uploads\/boda-invierno-ramo-algodon-pedraza-vestido-novia-tul-chaqueta-militar-2.jpg?resize=1050%2C600&ssl=1 3x, https:\/\/i0.wp.com\/oui-oui.es\/blog\/wp-content\/uploads\/boda-invierno-ramo-algodon-pedraza-vestido-novia-tul-chaqueta-militar-2.jpg?resize=1400%2C800&ssl=1 4x"},"classes":[]},{"id":1052,"url":"https:\/\/oui-oui.es\/blog\/ahora-si-que-si-navidad\/","url_meta":{"origin":3498,"position":1},"title":"Ahora s\u00ed que s\u00ed&#8230;Navidad!","author":"Mar\u00eda \u2665Oui Oui\u2665","date":"29 noviembre, 2013","format":false,"excerpt":"Desde hace varios a\u00f1os (mejor dicho, desde que dej\u00e9 de irme a esquiar en el Puente de diciembre), la Navidad empieza en ese Puente, pues aprovechamos para sacar los adornos y colocar todo.Este a\u00f1o no ser\u00e1 menos y a\u00fan tengo que pensar bien qu\u00e9 y c\u00f3mo lo quiero colocar, aunque\u2026","rel":"","context":"En \u00abNavidad\u00bb","block_context":{"text":"Navidad","link":"https:\/\/oui-oui.es\/blog\/category\/fiestas-celebraciones\/navidad\/"},"img":{"alt_text":"","src":"https:\/\/i0.wp.com\/oui-oui.es\/blog\/wp-content\/uploads\/2013\/11\/oui-oui-bodegc3b3n-navidad.jpg?resize=350%2C200&ssl=1","width":350,"height":200,"srcset":"https:\/\/i0.wp.com\/oui-oui.es\/blog\/wp-content\/uploads\/2013\/11\/oui-oui-bodegc3b3n-navidad.jpg?resize=350%2C200&ssl=1 1x, https:\/\/i0.wp.com\/oui-oui.es\/blog\/wp-content\/uploads\/2013\/11\/oui-oui-bodegc3b3n-navidad.jpg?resize=525%2C300&ssl=1 1.5x, https:\/\/i0.wp.com\/oui-oui.es\/blog\/wp-content\/uploads\/2013\/11\/oui-oui-bodegc3b3n-navidad.jpg?resize=700%2C400&ssl=1 2x, https:\/\/i0.wp.com\/oui-oui.es\/blog\/wp-content\/uploads\/2013\/11\/oui-oui-bodegc3b3n-navidad.jpg?resize=1050%2C600&ssl=1 3x"},"classes":[]},{"id":2254,"url":"https:\/\/oui-oui.es\/blog\/el-vestido-de-flores-de-primavera-les-tulipes-y-andrea-amoretti\/","url_meta":{"origin":3498,"position":2},"title":"El vestido de flores de primavera, Les Tulipes y Andrea Amoretti","author":"Mar\u00eda \u2665Oui Oui\u2665","date":"6 mayo, 2015","format":false,"excerpt":"Despu\u00e9s de un mes de abril un poco raro, ya estamos en mayo, mes de las flores, de empezar a quedar en terrazas y de bodas con estilo, bautizos y otras celebraciones... Si est\u00e1s buscando look para alguna de ellas, te propongo que le eches un vistazo a Les Tulipes,\u2026","rel":"","context":"En \u00abBoda\u00bb","block_context":{"text":"Boda","link":"https:\/\/oui-oui.es\/blog\/category\/fiestas-celebraciones\/boda\/"},"img":{"alt_text":"","src":"https:\/\/i0.wp.com\/oui-oui.es\/blog\/wp-content\/uploads\/2015\/05\/oui-oui-vestidos-boda-monos-les-tulipes-andrea-amoretti-14.jpg?resize=350%2C200&ssl=1","width":350,"height":200,"srcset":"https:\/\/i0.wp.com\/oui-oui.es\/blog\/wp-content\/uploads\/2015\/05\/oui-oui-vestidos-boda-monos-les-tulipes-andrea-amoretti-14.jpg?resize=350%2C200&ssl=1 1x, https:\/\/i0.wp.com\/oui-oui.es\/blog\/wp-content\/uploads\/2015\/05\/oui-oui-vestidos-boda-monos-les-tulipes-andrea-amoretti-14.jpg?resize=525%2C300&ssl=1 1.5x"},"classes":[]},{"id":1206,"url":"https:\/\/oui-oui.es\/blog\/its-gstaad-baby\/","url_meta":{"origin":3498,"position":3},"title":"It\u00b4s Gstaad Baby!","author":"Mar\u00eda \u2665Oui Oui\u2665","date":"3 febrero, 2014","format":false,"excerpt":"A la espera de ver \u00a1pronto, por favor! las fotos y reportaje oficial (si es que lo vemos, que espero que s\u00ed) del bod\u00f3n invernal de Tatiana Santodomingo y Andrea Casiraghi aqu\u00ed os dejo con lo que se ha filtrado hasta el momento (todas las fotos son tomadas de Instagram\u2026","rel":"","context":"En \u00abBoda\u00bb","block_context":{"text":"Boda","link":"https:\/\/oui-oui.es\/blog\/category\/fiestas-celebraciones\/boda\/"},"img":{"alt_text":"","src":"https:\/\/i0.wp.com\/oui-oui.es\/blog\/wp-content\/uploads\/2014\/02\/oui-oui-boda-tatiana-santodomingo-andrea-casiraghi-gstaad-boda-invernal-boda-invierno-9.jpg?resize=350%2C200&ssl=1","width":350,"height":200,"srcset":"https:\/\/i0.wp.com\/oui-oui.es\/blog\/wp-content\/uploads\/2014\/02\/oui-oui-boda-tatiana-santodomingo-andrea-casiraghi-gstaad-boda-invernal-boda-invierno-9.jpg?resize=350%2C200&ssl=1 1x, https:\/\/i0.wp.com\/oui-oui.es\/blog\/wp-content\/uploads\/2014\/02\/oui-oui-boda-tatiana-santodomingo-andrea-casiraghi-gstaad-boda-invernal-boda-invierno-9.jpg?resize=525%2C300&ssl=1 1.5x"},"classes":[]},{"id":132,"url":"https:\/\/oui-oui.es\/blog\/una-boda-sencilla-llena-de-detalles-y-con-un-estilo-muy-campestre-parte-ii\/","url_meta":{"origin":3498,"position":4},"title":"Una boda sencilla, llena de detalles y con un estilo muy campestre (Parte II)","author":"Mar\u00eda \u2665Oui Oui\u2665","date":"21 noviembre, 2012","format":false,"excerpt":"No quiero ser pesada, as\u00ed que espero terminar con este post de contar lo bonita y divertida que fu\u00e9 nuestra boda. Otra cosa no s\u00e9, pero de lo que si podemos estar orgullosos fu\u00e9 del amor y el cari\u00f1o que se respiraba en el ambiente, por nuestra parte, pero tambi\u00e9n\u2026","rel":"","context":"En \u00abBoda\u00bb","block_context":{"text":"Boda","link":"https:\/\/oui-oui.es\/blog\/category\/fiestas-celebraciones\/boda\/"},"img":{"alt_text":"","src":"https:\/\/i0.wp.com\/oui-oui.es\/blog\/wp-content\/uploads\/oui-oui-boda-ma-hc3b3rreo-palacio-rubianes.jpg?resize=350%2C200&ssl=1","width":350,"height":200,"srcset":"https:\/\/i0.wp.com\/oui-oui.es\/blog\/wp-content\/uploads\/oui-oui-boda-ma-hc3b3rreo-palacio-rubianes.jpg?resize=350%2C200&ssl=1 1x, https:\/\/i0.wp.com\/oui-oui.es\/blog\/wp-content\/uploads\/oui-oui-boda-ma-hc3b3rreo-palacio-rubianes.jpg?resize=525%2C300&ssl=1 1.5x, https:\/\/i0.wp.com\/oui-oui.es\/blog\/wp-content\/uploads\/oui-oui-boda-ma-hc3b3rreo-palacio-rubianes.jpg?resize=700%2C400&ssl=1 2x, https:\/\/i0.wp.com\/oui-oui.es\/blog\/wp-content\/uploads\/oui-oui-boda-ma-hc3b3rreo-palacio-rubianes.jpg?resize=1050%2C600&ssl=1 3x, https:\/\/i0.wp.com\/oui-oui.es\/blog\/wp-content\/uploads\/oui-oui-boda-ma-hc3b3rreo-palacio-rubianes.jpg?resize=1400%2C800&ssl=1 4x"},"classes":[]},{"id":1037,"url":"https:\/\/oui-oui.es\/blog\/vestidos-de-invierno\/","url_meta":{"origin":3498,"position":5},"title":"Vestidos de Invierno","author":"Mar\u00eda \u2665Oui Oui\u2665","date":"22 noviembre, 2013","format":false,"excerpt":"Cada vez me gustan m\u00e1s las bodas de oto\u00f1o e invierno, tanto como invitada como de novia (si me volviera a casar varias veces, que para la primera reboda ya tenemos el sitio y es mejor en verano ;) ). Este a\u00f1o, cuando parec\u00eda que ya no habr\u00eda casi bodas\u2026","rel":"","context":"En \u00abBoda\u00bb","block_context":{"text":"Boda","link":"https:\/\/oui-oui.es\/blog\/category\/fiestas-celebraciones\/boda\/"},"img":{"alt_text":"","src":"https:\/\/i0.wp.com\/oui-oui.es\/blog\/wp-content\/uploads\/oui-oui-invitadas-de-invierno-vestidos-boda-invierno-kolonaki-vestido-largo-rosa.jpg?resize=350%2C200&ssl=1","width":350,"height":200,"srcset":"https:\/\/i0.wp.com\/oui-oui.es\/blog\/wp-content\/uploads\/oui-oui-invitadas-de-invierno-vestidos-boda-invierno-kolonaki-vestido-largo-rosa.jpg?resize=350%2C200&ssl=1 1x, https:\/\/i0.wp.com\/oui-oui.es\/blog\/wp-content\/uploads\/oui-oui-invitadas-de-invierno-vestidos-boda-invierno-kolonaki-vestido-largo-rosa.jpg?resize=525%2C300&ssl=1 1.5x, https:\/\/i0.wp.com\/oui-oui.es\/blog\/wp-content\/uploads\/oui-oui-invitadas-de-invierno-vestidos-boda-invierno-kolonaki-vestido-largo-rosa.jpg?resize=700%2C400&ssl=1 2x"},"classes":[]}],"_links":{"self":[{"href":"https:\/\/oui-oui.es\/blog\/wp-json\/wp\/v2\/posts\/3498","targetHints":{"allow":["GET"]}}],"collection":[{"href":"https:\/\/oui-oui.es\/blog\/wp-json\/wp\/v2\/posts"}],"about":[{"href":"https:\/\/oui-oui.es\/blog\/wp-json\/wp\/v2\/types\/post"}],"author":[{"embeddable":true,"href":"https:\/\/oui-oui.es\/blog\/wp-json\/wp\/v2\/users\/1"}],"replies":[{"embeddable":true,"href":"https:\/\/oui-oui.es\/blog\/wp-json\/wp\/v2\/comments?post=3498"}],"version-history":[{"count":1,"href":"https:\/\/oui-oui.es\/blog\/wp-json\/wp\/v2\/posts\/3498\/revisions"}],"predecessor-version":[{"id":3507,"href":"https:\/\/oui-oui.es\/blog\/wp-json\/wp\/v2\/posts\/3498\/revisions\/3507"}],"wp:featuredmedia":[{"embeddable":true,"href":"https:\/\/oui-oui.es\/blog\/wp-json\/wp\/v2\/media\/3503"}],"wp:attachment":[{"href":"https:\/\/oui-oui.es\/blog\/wp-json\/wp\/v2\/media?parent=3498"}],"wp:term":[{"taxonomy":"category","embeddable":true,"href":"https:\/\/oui-oui.es\/blog\/wp-json\/wp\/v2\/categories?post=3498"},{"taxonomy":"post_tag","embeddable":true,"href":"https:\/\/oui-oui.es\/blog\/wp-json\/wp\/v2\/tags?post=3498"}],"curies":[{"name":"wp","href":"https:\/\/api.w.org\/{rel}","templated":true}]}}