{"id":3517,"date":"2015-10-27T00:01:55","date_gmt":"2015-10-26T22:01:55","guid":{"rendered":"https:\/\/oui-oui.es\/blog\/?p=3517"},"modified":"2015-10-26T19:38:53","modified_gmt":"2015-10-26T17:38:53","slug":"el-palacio-de-fresneda","status":"publish","type":"post","link":"https:\/\/oui-oui.es\/blog\/el-palacio-de-fresneda\/","title":{"rendered":"El Palacio de Fresneda"},"content":{"rendered":"<div id=\"attachment_3627\" style=\"width: 1034px\" class=\"wp-caption aligncenter\"><img loading=\"lazy\" decoding=\"async\" aria-describedby=\"caption-attachment-3627\" class=\"size-large wp-image-3627\" src=\"https:\/\/oui-oui.es\/blog\/wp-content\/uploads\/2015\/10\/Oui-Oui-finca-boda-el-escorial-palacio-de-la-fresneda-bodas-cerca-madrid-4-1024x729.jpg\" alt=\"\u00a9 Instant\u00e1nea y Toma Primera\" width=\"1024\" height=\"729\" srcset=\"https:\/\/oui-oui.es\/blog\/wp-content\/uploads\/2015\/10\/Oui-Oui-finca-boda-el-escorial-palacio-de-la-fresneda-bodas-cerca-madrid-4-1024x729.jpg 1024w, https:\/\/oui-oui.es\/blog\/wp-content\/uploads\/2015\/10\/Oui-Oui-finca-boda-el-escorial-palacio-de-la-fresneda-bodas-cerca-madrid-4-300x214.jpg 300w, https:\/\/oui-oui.es\/blog\/wp-content\/uploads\/2015\/10\/Oui-Oui-finca-boda-el-escorial-palacio-de-la-fresneda-bodas-cerca-madrid-4-600x427.jpg 600w\" sizes=\"auto, (max-width: 1024px) 100vw, 1024px\" \/><p id=\"caption-attachment-3627\" class=\"wp-caption-text\">\u00a9 Instant\u00e1nea y Toma Primera<\/p><\/div>\n<p>Hace un par de semanasestuve conociendo el <a href=\"http:\/\/palaciodelafresneda.com\/\" target=\"_blank\">Palacio de la Fresneda<\/a>, ubicado junto con sus incre\u00edbles jardines dentro de la <strong>finca La Granjilla<\/strong> que fu\u00e9 ordenada construir por el <strong>rey Felipe II en el siglo XVI<\/strong> como su quinta de recreo y jard\u00edn familiar <strong>junto al Monasterio de El Escorial.<\/strong><\/p>\n<p>Desconoc\u00eda que Felipe II fuera un gran amante de la naturaleza y aficionado a los parques, y ese d\u00eda pude descubrir que la finca cuenta, entre otra maravillas, con <strong>un lago m\u00e1s grande que el de la casa de Campo<\/strong>&#8230;<\/p>\n<p><img loading=\"lazy\" decoding=\"async\" class=\"aligncenter size-full wp-image-3625\" src=\"https:\/\/oui-oui.es\/blog\/wp-content\/uploads\/2015\/10\/Oui-Oui-lago-palacio-de-la-fresneda.jpg\" alt=\"Oui Oui-lago palacio de la fresneda\" width=\"691\" height=\"462\" srcset=\"https:\/\/oui-oui.es\/blog\/wp-content\/uploads\/2015\/10\/Oui-Oui-lago-palacio-de-la-fresneda.jpg 691w, https:\/\/oui-oui.es\/blog\/wp-content\/uploads\/2015\/10\/Oui-Oui-lago-palacio-de-la-fresneda-300x201.jpg 300w, https:\/\/oui-oui.es\/blog\/wp-content\/uploads\/2015\/10\/Oui-Oui-lago-palacio-de-la-fresneda-600x401.jpg 600w\" sizes=\"auto, (max-width: 691px) 100vw, 691px\" \/><\/p>\n<p><img loading=\"lazy\" decoding=\"async\" class=\"aligncenter size-full wp-image-3626\" src=\"https:\/\/oui-oui.es\/blog\/wp-content\/uploads\/2015\/10\/Oui-Oui-lago-palacio-de-la-fresneda-musica-en-barca.jpg\" alt=\"Oui Oui-lago palacio de la fresneda-musica en barca\" width=\"691\" height=\"462\" srcset=\"https:\/\/oui-oui.es\/blog\/wp-content\/uploads\/2015\/10\/Oui-Oui-lago-palacio-de-la-fresneda-musica-en-barca.jpg 691w, https:\/\/oui-oui.es\/blog\/wp-content\/uploads\/2015\/10\/Oui-Oui-lago-palacio-de-la-fresneda-musica-en-barca-300x201.jpg 300w, https:\/\/oui-oui.es\/blog\/wp-content\/uploads\/2015\/10\/Oui-Oui-lago-palacio-de-la-fresneda-musica-en-barca-600x401.jpg 600w\" sizes=\"auto, (max-width: 691px) 100vw, 691px\" \/><\/p>\n<p>La finca ha realizado en los \u00faltimos tiempos un esfuerzo rehabilitador de los principales edificaciones y jardines para comenzar a celebrar eventos, bodas y celebraciones corporativas, sin duda uno de los mayores alicientes para ir a conocerla.<\/p>\n<div id=\"attachment_3629\" style=\"width: 1034px\" class=\"wp-caption aligncenter\"><img loading=\"lazy\" decoding=\"async\" aria-describedby=\"caption-attachment-3629\" class=\"wp-image-3629 size-large\" src=\"https:\/\/oui-oui.es\/blog\/wp-content\/uploads\/2015\/10\/Oui-Oui-finca-boda-el-escorial-palacio-de-la-fresneda-bodas-cerca-madrid-26-1024x683.jpg\" alt=\"Oui Oui-finca boda el escorial-palacio de la fresneda-bodas cerca madrid (26)\" width=\"1024\" height=\"683\" srcset=\"https:\/\/oui-oui.es\/blog\/wp-content\/uploads\/2015\/10\/Oui-Oui-finca-boda-el-escorial-palacio-de-la-fresneda-bodas-cerca-madrid-26-1024x683.jpg 1024w, https:\/\/oui-oui.es\/blog\/wp-content\/uploads\/2015\/10\/Oui-Oui-finca-boda-el-escorial-palacio-de-la-fresneda-bodas-cerca-madrid-26-300x200.jpg 300w, https:\/\/oui-oui.es\/blog\/wp-content\/uploads\/2015\/10\/Oui-Oui-finca-boda-el-escorial-palacio-de-la-fresneda-bodas-cerca-madrid-26-600x400.jpg 600w\" sizes=\"auto, (max-width: 1024px) 100vw, 1024px\" \/><p id=\"caption-attachment-3629\" class=\"wp-caption-text\">\u00a9 Instant\u00e1nea y Toma Primera<\/p><\/div>\n<p><img loading=\"lazy\" decoding=\"async\" class=\"aligncenter size-full wp-image-3634\" src=\"https:\/\/oui-oui.es\/blog\/wp-content\/uploads\/2015\/10\/Oui-Oui-finca-boda-el-escorial-palacio-de-la-fresneda-bodas-cerca-madrid-chimenea.jpg\" alt=\"La Granjilla\" width=\"691\" height=\"462\" srcset=\"https:\/\/oui-oui.es\/blog\/wp-content\/uploads\/2015\/10\/Oui-Oui-finca-boda-el-escorial-palacio-de-la-fresneda-bodas-cerca-madrid-chimenea.jpg 691w, https:\/\/oui-oui.es\/blog\/wp-content\/uploads\/2015\/10\/Oui-Oui-finca-boda-el-escorial-palacio-de-la-fresneda-bodas-cerca-madrid-chimenea-300x201.jpg 300w, https:\/\/oui-oui.es\/blog\/wp-content\/uploads\/2015\/10\/Oui-Oui-finca-boda-el-escorial-palacio-de-la-fresneda-bodas-cerca-madrid-chimenea-600x401.jpg 600w\" sizes=\"auto, (max-width: 691px) 100vw, 691px\" \/><\/p>\n<p>Adem\u00e1s, cuentan con un mont\u00f3n de proveedores de actividades adhoc con el espacio para animar el d\u00eda (cetrer\u00eda, lucha de espadas, etc&#8230;)<\/p>\n<div id=\"attachment_3631\" style=\"width: 1034px\" class=\"wp-caption aligncenter\"><img loading=\"lazy\" decoding=\"async\" aria-describedby=\"caption-attachment-3631\" class=\"size-large wp-image-3631\" src=\"https:\/\/oui-oui.es\/blog\/wp-content\/uploads\/2015\/10\/Oui-Oui-finca-boda-el-escorial-palacio-de-la-fresneda-bodas-cerca-madrid-38-1024x683.jpg\" alt=\"\u00a9 Instant\u00e1nea y Toma Primera\" width=\"1024\" height=\"683\" srcset=\"https:\/\/oui-oui.es\/blog\/wp-content\/uploads\/2015\/10\/Oui-Oui-finca-boda-el-escorial-palacio-de-la-fresneda-bodas-cerca-madrid-38-1024x683.jpg 1024w, https:\/\/oui-oui.es\/blog\/wp-content\/uploads\/2015\/10\/Oui-Oui-finca-boda-el-escorial-palacio-de-la-fresneda-bodas-cerca-madrid-38-300x200.jpg 300w, https:\/\/oui-oui.es\/blog\/wp-content\/uploads\/2015\/10\/Oui-Oui-finca-boda-el-escorial-palacio-de-la-fresneda-bodas-cerca-madrid-38-600x400.jpg 600w\" sizes=\"auto, (max-width: 1024px) 100vw, 1024px\" \/><p id=\"caption-attachment-3631\" class=\"wp-caption-text\">\u00a9 Instant\u00e1nea y Toma Primera<\/p><\/div>\n<p>El <a href=\"http:\/\/palaciodelafresneda.com\/\" target=\"_blank\"><strong>Palacio de la Fresneda<\/strong><\/a> est\u00e1 muy cerquita de El Escorial, a 40min de Madrid<\/p>\n<div id=\"attachment_3630\" style=\"width: 1034px\" class=\"wp-caption aligncenter\"><img loading=\"lazy\" decoding=\"async\" aria-describedby=\"caption-attachment-3630\" class=\"size-large wp-image-3630\" src=\"https:\/\/oui-oui.es\/blog\/wp-content\/uploads\/2015\/10\/Oui-Oui-finca-boda-el-escorial-palacio-de-la-fresneda-bodas-cerca-madrid-43-1024x683.jpg\" alt=\"Invitaciones Save the Date Projects Foto Instant\u00e1nea y Toma Primera\" width=\"1024\" height=\"683\" srcset=\"https:\/\/oui-oui.es\/blog\/wp-content\/uploads\/2015\/10\/Oui-Oui-finca-boda-el-escorial-palacio-de-la-fresneda-bodas-cerca-madrid-43-1024x683.jpg 1024w, https:\/\/oui-oui.es\/blog\/wp-content\/uploads\/2015\/10\/Oui-Oui-finca-boda-el-escorial-palacio-de-la-fresneda-bodas-cerca-madrid-43-300x200.jpg 300w, https:\/\/oui-oui.es\/blog\/wp-content\/uploads\/2015\/10\/Oui-Oui-finca-boda-el-escorial-palacio-de-la-fresneda-bodas-cerca-madrid-43-600x400.jpg 600w\" sizes=\"auto, (max-width: 1024px) 100vw, 1024px\" \/><p id=\"caption-attachment-3630\" class=\"wp-caption-text\">Invitaciones Save the Date Projects<br \/>Foto Instant\u00e1nea y Toma Primera<\/p><\/div>\n<p>&nbsp;<\/p>\n","protected":false},"excerpt":{"rendered":"<p>Hace un par de semanasestuve conociendo el Palacio de la Fresneda, ubicado junto con sus incre\u00edbles jardines dentro de la finca La Granjilla que fu\u00e9 ordenada construir por el rey Felipe II en el siglo XVI como su quinta de recreo y jard\u00edn familiar junto al Monasterio de El Escorial. Desconoc\u00eda que Felipe II fuera [&hellip;]<\/p>\n","protected":false},"author":1,"featured_media":3625,"comment_status":"open","ping_status":"open","sticky":false,"template":"","format":"standard","meta":{"jetpack_post_was_ever_published":false,"_jetpack_newsletter_access":"","_jetpack_dont_email_post_to_subs":false,"_jetpack_newsletter_tier_id":0,"_jetpack_memberships_contains_paywalled_content":false,"_jetpack_memberships_contains_paid_content":false,"footnotes":"","jetpack_publicize_message":"","jetpack_publicize_feature_enabled":true,"jetpack_social_post_already_shared":true,"jetpack_social_options":{"image_generator_settings":{"template":"highway","default_image_id":0,"font":"","enabled":false},"version":2}},"categories":[704],"tags":[724],"class_list":["post-3517","post","type-post","status-publish","format-standard","has-post-thumbnail","hentry","category-boda","tag-fincas"],"aioseo_notices":[],"jetpack_publicize_connections":[],"jetpack_featured_media_url":"https:\/\/oui-oui.es\/blog\/wp-content\/uploads\/2015\/10\/Oui-Oui-lago-palacio-de-la-fresneda.jpg","jetpack_sharing_enabled":true,"jetpack-related-posts":[{"id":2435,"url":"https:\/\/oui-oui.es\/blog\/te-esperamos-en-el-ii-encuentro-de-telva-novias\/","url_meta":{"origin":3517,"position":0},"title":"Te esperamos en el II Encuentro de Telva Novias","author":"Mar\u00eda \u2665Oui Oui\u2665","date":"26 mayo, 2015","format":false,"excerpt":"\u00bfEst\u00e1s organizando tu boda pero a\u00fan no tienes claro un mont\u00f3n de cosas?; la finca o el hotel, el catering, si necesitas wedding planner o no (ya te digo que s\u00ed la necesitas), qu\u00e9 regalar\u00e1s a los invitados, o, m\u00e1s f\u00e1cil, c\u00f3mo hacer una candybar original y diferente, no como\u2026","rel":"","context":"En \u00abBoda\u00bb","block_context":{"text":"Boda","link":"https:\/\/oui-oui.es\/blog\/category\/fiestas-celebraciones\/boda\/"},"img":{"alt_text":"","src":"https:\/\/i0.wp.com\/oui-oui.es\/blog\/wp-content\/uploads\/2015\/05\/oui-oui-tienda-online-detalles-decoracion-boda-foto-elena-bau-10.jpg?resize=350%2C200&ssl=1","width":350,"height":200,"srcset":"https:\/\/i0.wp.com\/oui-oui.es\/blog\/wp-content\/uploads\/2015\/05\/oui-oui-tienda-online-detalles-decoracion-boda-foto-elena-bau-10.jpg?resize=350%2C200&ssl=1 1x, https:\/\/i0.wp.com\/oui-oui.es\/blog\/wp-content\/uploads\/2015\/05\/oui-oui-tienda-online-detalles-decoracion-boda-foto-elena-bau-10.jpg?resize=525%2C300&ssl=1 1.5x"},"classes":[]},{"id":2084,"url":"https:\/\/oui-oui.es\/blog\/en-abril-pop-ups-mil\/","url_meta":{"origin":3517,"position":1},"title":"En abril&#8230;Pop Ups Mil!","author":"Mar\u00eda \u2665Oui Oui\u2665","date":"15 abril, 2015","format":false,"excerpt":"Casualidades de la vida, se nos han juntado este mes un mont\u00f3n de propuestas interesantes y no hemos podido decir que no! As\u00ed que os esperamos en todas! (o al menos en alguna...je,je) THE GOOD MARKET Este fin de semana; s\u00e1bado 18 y domingo 19 estaremos en \"The Good Market\"\u2026","rel":"","context":"En \u00abOUI OUI\u00bb","block_context":{"text":"OUI OUI","link":"https:\/\/oui-oui.es\/blog\/category\/oui-oui\/"},"img":{"alt_text":"","src":"https:\/\/i0.wp.com\/oui-oui.es\/blog\/wp-content\/uploads\/2015\/04\/oui-oui-detalles-decoracic3b3n-puertas-ratoncito-pc3a9rez-marc3ada-gijc3b3n-32.jpg?resize=350%2C200&ssl=1","width":350,"height":200,"srcset":"https:\/\/i0.wp.com\/oui-oui.es\/blog\/wp-content\/uploads\/2015\/04\/oui-oui-detalles-decoracic3b3n-puertas-ratoncito-pc3a9rez-marc3ada-gijc3b3n-32.jpg?resize=350%2C200&ssl=1 1x, https:\/\/i0.wp.com\/oui-oui.es\/blog\/wp-content\/uploads\/2015\/04\/oui-oui-detalles-decoracic3b3n-puertas-ratoncito-pc3a9rez-marc3ada-gijc3b3n-32.jpg?resize=525%2C300&ssl=1 1.5x"},"classes":[]},{"id":2508,"url":"https:\/\/oui-oui.es\/blog\/una-boda-en-el-jardin-de-aldeallana\/","url_meta":{"origin":3517,"position":2},"title":"Una boda en el jard\u00edn de Aldeallana","author":"Mar\u00eda \u2665Oui Oui\u2665","date":"3 junio, 2015","format":false,"excerpt":"\u00a0 \u00a0 A veces sorprender es tan f\u00e1cil como proponer a unos adultos pasar una ma\u00f1ana de ni\u00f1os; as\u00ed nos sorprendieron en Finca Aldeallana hace unas semanas, con una garden party en la que disfrutamos de una gymkana jugando a la petanca, a los bolos, a tirar aros o el\u2026","rel":"","context":"En \u00abBoda\u00bb","block_context":{"text":"Boda","link":"https:\/\/oui-oui.es\/blog\/category\/fiestas-celebraciones\/boda\/"},"img":{"alt_text":"","src":"https:\/\/i0.wp.com\/oui-oui.es\/blog\/wp-content\/uploads\/2015\/06\/oui-oui-taza-friends-candybar-maria-antonieta-finca-aldeallana.jpg?resize=350%2C200&ssl=1","width":350,"height":200},"classes":[]},{"id":2544,"url":"https:\/\/oui-oui.es\/blog\/3-hoteles-con-encanto-para-ir-con-ninos-cerca-de-madrid\/","url_meta":{"origin":3517,"position":3},"title":"3 hoteles con encanto para ir con ni\u00f1os cerca de Madrid","author":"Mar\u00eda \u2665Oui Oui\u2665","date":"4 junio, 2015","format":false,"excerpt":"Parece que las palabras ni\u00f1os y \"con encanto\" son incompatibles, pero yo me niego a ello, as\u00ed que voy a intentar recopilar en el blog todas las direcciones \"con encanto\" (al final es el t\u00e9rmino de b\u00fasqueda, porque cuando pongo \"hoteles monos\" salen hoteles CON monos...jajaja) que vaya descubriendo, porque\u2026","rel":"","context":"En \u00abESTILO DE VIDA\u00bb","block_context":{"text":"ESTILO DE VIDA","link":"https:\/\/oui-oui.es\/blog\/category\/lifestyle-2\/"},"img":{"alt_text":"","src":"https:\/\/i0.wp.com\/oui-oui.es\/blog\/wp-content\/uploads\/2015\/06\/oui-oui-hoteles-con-encanto-con-nic3b1os-madrid-candeleda-la-casa-de-los-tomillares-4.jpg?resize=350%2C200&ssl=1","width":350,"height":200,"srcset":"https:\/\/i0.wp.com\/oui-oui.es\/blog\/wp-content\/uploads\/2015\/06\/oui-oui-hoteles-con-encanto-con-nic3b1os-madrid-candeleda-la-casa-de-los-tomillares-4.jpg?resize=350%2C200&ssl=1 1x, https:\/\/i0.wp.com\/oui-oui.es\/blog\/wp-content\/uploads\/2015\/06\/oui-oui-hoteles-con-encanto-con-nic3b1os-madrid-candeleda-la-casa-de-los-tomillares-4.jpg?resize=525%2C300&ssl=1 1.5x"},"classes":[]},{"id":3349,"url":"https:\/\/oui-oui.es\/blog\/ganas-de-emprender-te-esperamos\/","url_meta":{"origin":3517,"position":4},"title":"\u00bfGanas de emprender? \u00a1te esperamos!","author":"Mar\u00eda \u2665Oui Oui\u2665","date":"17 septiembre, 2015","format":false,"excerpt":"Sabes que quieres cambiar tu forma de ganarte la vida pero no sabes c\u00f3mo, o tienes una idea que crees que puede gustar a la gente pero no te decides a arrancar y te cuesta darle forma...Muchas de las personas que quieren dejar su trabajo por cuenta ajena para montar\u2026","rel":"","context":"En \u00abESTILO DE VIDA\u00bb","block_context":{"text":"ESTILO DE VIDA","link":"https:\/\/oui-oui.es\/blog\/category\/lifestyle-2\/"},"img":{"alt_text":"","src":"https:\/\/i0.wp.com\/oui-oui.es\/blog\/wp-content\/uploads\/2015\/09\/Oui-Oui-finca-monte-cutamilla-taller-emprendedores-experienciar-8.jpg?resize=350%2C200&ssl=1","width":350,"height":200,"srcset":"https:\/\/i0.wp.com\/oui-oui.es\/blog\/wp-content\/uploads\/2015\/09\/Oui-Oui-finca-monte-cutamilla-taller-emprendedores-experienciar-8.jpg?resize=350%2C200&ssl=1 1x, https:\/\/i0.wp.com\/oui-oui.es\/blog\/wp-content\/uploads\/2015\/09\/Oui-Oui-finca-monte-cutamilla-taller-emprendedores-experienciar-8.jpg?resize=525%2C300&ssl=1 1.5x"},"classes":[]},{"id":2582,"url":"https:\/\/oui-oui.es\/blog\/nuestro-candybar-en-el-encuentro-de-telva-novias\/","url_meta":{"origin":3517,"position":5},"title":"Nuestro candybar en el encuentro de Telva Novias","author":"Mar\u00eda \u2665Oui Oui\u2665","date":"10 junio, 2015","format":false,"excerpt":"Como os cont\u00e9, este a\u00f1o Oui Oui volvi\u00f3 a participar en el evento que organiza Telva Novias para profesionales y novios interesados en el sector wedding, se trataba del II Encuentro Telva Novias, y en esta ocasi\u00f3n nos unimos Elena Bau, Bodas Color\u00edn Colorado y yo para crear algo juntas.\u2026","rel":"","context":"En \u00abBoda\u00bb","block_context":{"text":"Boda","link":"https:\/\/oui-oui.es\/blog\/category\/fiestas-celebraciones\/boda\/"},"img":{"alt_text":"","src":"https:\/\/i0.wp.com\/oui-oui.es\/blog\/wp-content\/uploads\/2015\/06\/oui-oui-ii-encuentro-telva-novias-evento-telva-novias-2015-elena-bau-15.jpg?resize=350%2C200&ssl=1","width":350,"height":200,"srcset":"https:\/\/i0.wp.com\/oui-oui.es\/blog\/wp-content\/uploads\/2015\/06\/oui-oui-ii-encuentro-telva-novias-evento-telva-novias-2015-elena-bau-15.jpg?resize=350%2C200&ssl=1 1x, https:\/\/i0.wp.com\/oui-oui.es\/blog\/wp-content\/uploads\/2015\/06\/oui-oui-ii-encuentro-telva-novias-evento-telva-novias-2015-elena-bau-15.jpg?resize=525%2C300&ssl=1 1.5x, https:\/\/i0.wp.com\/oui-oui.es\/blog\/wp-content\/uploads\/2015\/06\/oui-oui-ii-encuentro-telva-novias-evento-telva-novias-2015-elena-bau-15.jpg?resize=700%2C400&ssl=1 2x"},"classes":[]}],"_links":{"self":[{"href":"https:\/\/oui-oui.es\/blog\/wp-json\/wp\/v2\/posts\/3517","targetHints":{"allow":["GET"]}}],"collection":[{"href":"https:\/\/oui-oui.es\/blog\/wp-json\/wp\/v2\/posts"}],"about":[{"href":"https:\/\/oui-oui.es\/blog\/wp-json\/wp\/v2\/types\/post"}],"author":[{"embeddable":true,"href":"https:\/\/oui-oui.es\/blog\/wp-json\/wp\/v2\/users\/1"}],"replies":[{"embeddable":true,"href":"https:\/\/oui-oui.es\/blog\/wp-json\/wp\/v2\/comments?post=3517"}],"version-history":[{"count":4,"href":"https:\/\/oui-oui.es\/blog\/wp-json\/wp\/v2\/posts\/3517\/revisions"}],"predecessor-version":[{"id":3637,"href":"https:\/\/oui-oui.es\/blog\/wp-json\/wp\/v2\/posts\/3517\/revisions\/3637"}],"wp:featuredmedia":[{"embeddable":true,"href":"https:\/\/oui-oui.es\/blog\/wp-json\/wp\/v2\/media\/3625"}],"wp:attachment":[{"href":"https:\/\/oui-oui.es\/blog\/wp-json\/wp\/v2\/media?parent=3517"}],"wp:term":[{"taxonomy":"category","embeddable":true,"href":"https:\/\/oui-oui.es\/blog\/wp-json\/wp\/v2\/categories?post=3517"},{"taxonomy":"post_tag","embeddable":true,"href":"https:\/\/oui-oui.es\/blog\/wp-json\/wp\/v2\/tags?post=3517"}],"curies":[{"name":"wp","href":"https:\/\/api.w.org\/{rel}","templated":true}]}}