{"id":3532,"date":"2015-10-15T11:12:43","date_gmt":"2015-10-15T09:12:43","guid":{"rendered":"https:\/\/oui-oui.es\/blog\/?p=3532"},"modified":"2015-10-15T16:08:11","modified_gmt":"2015-10-15T14:08:11","slug":"los-calcetines-de-zorritos-de-moda-raccoon-socks","status":"publish","type":"post","link":"https:\/\/oui-oui.es\/blog\/los-calcetines-de-zorritos-de-moda-raccoon-socks\/","title":{"rendered":"Los calcetines de zorritos de moda | Raccoon socks"},"content":{"rendered":"<p><img loading=\"lazy\" decoding=\"async\" class=\"aligncenter size-full wp-image-3539\" src=\"https:\/\/oui-oui.es\/blog\/wp-content\/uploads\/2015\/10\/Oui-Oui-calcetines-zorritos-marrones-raccoon-socks-mini-dressing-bebe-y-ni\u00f1a.jpg\" alt=\"Oui Oui-calcetines zorritos marrones-raccoon socks-mini dressing-bebe y ni\u00f1a\" width=\"1000\" height=\"1000\" srcset=\"https:\/\/oui-oui.es\/blog\/wp-content\/uploads\/2015\/10\/Oui-Oui-calcetines-zorritos-marrones-raccoon-socks-mini-dressing-bebe-y-ni\u00f1a.jpg 1000w, https:\/\/oui-oui.es\/blog\/wp-content\/uploads\/2015\/10\/Oui-Oui-calcetines-zorritos-marrones-raccoon-socks-mini-dressing-bebe-y-ni\u00f1a-150x150.jpg 150w, https:\/\/oui-oui.es\/blog\/wp-content\/uploads\/2015\/10\/Oui-Oui-calcetines-zorritos-marrones-raccoon-socks-mini-dressing-bebe-y-ni\u00f1a-300x300.jpg 300w, https:\/\/oui-oui.es\/blog\/wp-content\/uploads\/2015\/10\/Oui-Oui-calcetines-zorritos-marrones-raccoon-socks-mini-dressing-bebe-y-ni\u00f1a-600x600.jpg 600w\" sizes=\"auto, (max-width: 1000px) 100vw, 1000px\" \/><\/p>\n<p>Seguro que \u00faltimamente <strong>has visto estos calcetines por varios sitios, son una monada y los quieres<\/strong> (yo tambi\u00e9n!), por eso he buscado bastante y me he encontrado con que <strong>hay que tener cuidado al elegir la tienda donde los compres<\/strong>&#8230;<strong>Hay muchas copias<\/strong> que, adem\u00e1s de lo <strong>profundamente injusto<\/strong> (<span style=\"text-decoration: underline;\">e ilegal<\/span>) que es para la marca que los cre\u00f3 (despu\u00e9s de crear un mont\u00f3n de calcetines con animales diferentes, de repente ha dado el bombazo con los zorritos) est\u00e1 el tema de que <strong>no sabes los controles que han pasado<\/strong>, vienen directamente de China y los estamos comprando para nuestros hijos, en muchos casos, beb\u00e9s, as\u00ed que, <strong>si siempre buscamos ropa confortable, buenos algodones y marcas de confianza \u00bfpor qu\u00e9 no en este caso?<\/strong><\/p>\n<p><img loading=\"lazy\" decoding=\"async\" class=\"aligncenter size-large wp-image-3536\" src=\"https:\/\/oui-oui.es\/blog\/wp-content\/uploads\/2015\/10\/Oui-Oui-calcetines-zorritos-marrones-raccoon-socks-mini-dressing-culotte-795x1024.jpg\" alt=\"Oui Oui-calcetines zorritos marrones-raccoon socks-mini dressing-culotte\" width=\"795\" height=\"1024\" srcset=\"https:\/\/oui-oui.es\/blog\/wp-content\/uploads\/2015\/10\/Oui-Oui-calcetines-zorritos-marrones-raccoon-socks-mini-dressing-culotte.jpg 795w, https:\/\/oui-oui.es\/blog\/wp-content\/uploads\/2015\/10\/Oui-Oui-calcetines-zorritos-marrones-raccoon-socks-mini-dressing-culotte-233x300.jpg 233w, https:\/\/oui-oui.es\/blog\/wp-content\/uploads\/2015\/10\/Oui-Oui-calcetines-zorritos-marrones-raccoon-socks-mini-dressing-culotte-600x773.jpg 600w\" sizes=\"auto, (max-width: 795px) 100vw, 795px\" \/><\/p>\n<p><strong>La marca original que cre\u00f3 los calcetines zorrito<\/strong> se llama <strong><a href=\"http:\/\/mini-dressing.com\/product\/detail.html?product_no=21&amp;cate_no=1&amp;display_group=5\" target=\"_blank\">Mini Dressing<\/a><\/strong>, es coreana y puedes ver su Web <strong><a href=\"http:\/\/mini-dressing.com\/product\/detail.html?product_no=21&amp;cate_no=1&amp;display_group=5\" target=\"_blank\">aqu\u00ed<\/a><\/strong> aunque no se entiende mucho&#8230;Tambi\u00e9n tienen <a href=\"https:\/\/instagram.com\/minidressing\/?hl=es\" target=\"_blank\">cuenta de Instagram<\/a><\/p>\n<p><strong>Su precio oscila entre los 12 y los 16\u20ac<\/strong>, as\u00ed que si los ves m\u00e1s baratos ya sabes que no son de Mini Dressing, aunque tambi\u00e9n he encontrado una tienda que los vende por 15.90\u20ac y <span style=\"text-decoration: underline;\">no son los originales<\/span> (los venden como si fueran colecci\u00f3n propia)<\/p>\n<p>Seg\u00fan su web, distribuyen productos en la tienda <strong>Querubines<\/strong> de Madrid (C\/Ferraz,29 Tlf: <span class=\"_Xbe kno-fv\"><a class=\"fl r-i3OE7olcGobM\" title=\"Llamar a trav\u00e9s de Hangouts\" data-number=\"+34915474976\" data-rtid=\"i3OE7olcGobM\" data-ved=\"0CH0QkAgwEGoVChMI6qOSxYjEyAIVxcUUCh3waA5v\">91 547 49 76), he llamado y a\u00fan les quedan color teja, pero los grises est\u00e1n agotados (los tiene agotados Mini Dressing)<\/a><\/span><\/p>\n<p>Y <strong>si prefieres comprar online<\/strong> tambi\u00e9n he encontrado los originales en <span class=\"_Xbe kno-fv\"><a class=\"fl r-i3OE7olcGobM\" title=\"Llamar a trav\u00e9s de Hangouts\" href=\"http:\/\/www.tricocot.com\/productos\/calcetines-mini-dressing-zorro-gris\" target=\"_blank\" data-number=\"+34915474976\" data-rtid=\"i3OE7olcGobM\" data-ved=\"0CH0QkAgwEGoVChMI6qOSxYjEyAIVxcUUCh3waA5v\">Tricocot<\/a><\/span><\/p>\n<p><img loading=\"lazy\" decoding=\"async\" class=\"aligncenter size-large wp-image-3533\" src=\"https:\/\/oui-oui.es\/blog\/wp-content\/uploads\/2015\/10\/Oui-Oui-calcetines-zorritos-grises-raccoon-socks-mini-dressing-1024x683.jpg\" alt=\"Oui Oui-calcetines zorritos grises-raccoon socks-mini dressing\" width=\"1024\" height=\"683\" srcset=\"https:\/\/oui-oui.es\/blog\/wp-content\/uploads\/2015\/10\/Oui-Oui-calcetines-zorritos-grises-raccoon-socks-mini-dressing-1024x683.jpg 1024w, https:\/\/oui-oui.es\/blog\/wp-content\/uploads\/2015\/10\/Oui-Oui-calcetines-zorritos-grises-raccoon-socks-mini-dressing-300x200.jpg 300w, https:\/\/oui-oui.es\/blog\/wp-content\/uploads\/2015\/10\/Oui-Oui-calcetines-zorritos-grises-raccoon-socks-mini-dressing-600x400.jpg 600w\" sizes=\"auto, (max-width: 1024px) 100vw, 1024px\" \/><\/p>\n<p>Por cieto, tienen la suela antideslizante perfecta para estar en casa<\/p>\n<p><img loading=\"lazy\" decoding=\"async\" class=\"aligncenter size-large wp-image-3538\" src=\"https:\/\/oui-oui.es\/blog\/wp-content\/uploads\/2015\/10\/Oui-Oui-calcetines-zorritos-marrones-raccoon-socks-mini-dressing-antideslizante-1024x683.jpg\" alt=\"Oui Oui-calcetines zorritos marrones-raccoon socks-mini dressing-antideslizante\" width=\"1024\" height=\"683\" srcset=\"https:\/\/oui-oui.es\/blog\/wp-content\/uploads\/2015\/10\/Oui-Oui-calcetines-zorritos-marrones-raccoon-socks-mini-dressing-antideslizante-1024x683.jpg 1024w, https:\/\/oui-oui.es\/blog\/wp-content\/uploads\/2015\/10\/Oui-Oui-calcetines-zorritos-marrones-raccoon-socks-mini-dressing-antideslizante-300x200.jpg 300w, https:\/\/oui-oui.es\/blog\/wp-content\/uploads\/2015\/10\/Oui-Oui-calcetines-zorritos-marrones-raccoon-socks-mini-dressing-antideslizante-600x400.jpg 600w, https:\/\/oui-oui.es\/blog\/wp-content\/uploads\/2015\/10\/Oui-Oui-calcetines-zorritos-marrones-raccoon-socks-mini-dressing-antideslizante.jpg 2048w\" sizes=\"auto, (max-width: 1024px) 100vw, 1024px\" \/><\/p>\n<p>Y <strong>\u00e9ste es su packaging original<\/strong>, si ves otros sin la marca, sospecha&#8230;<\/p>\n<p><img loading=\"lazy\" decoding=\"async\" class=\"aligncenter size-large wp-image-3537\" src=\"https:\/\/oui-oui.es\/blog\/wp-content\/uploads\/2015\/10\/Oui-Oui-calcetines-zorritos-grises-raccoon-socks-mini-dressing-packaging-1024x1024.jpg\" alt=\"Oui Oui-calcetines zorritos grises-raccoon socks-mini dressing-packaging\" width=\"1024\" height=\"1024\" srcset=\"https:\/\/oui-oui.es\/blog\/wp-content\/uploads\/2015\/10\/Oui-Oui-calcetines-zorritos-grises-raccoon-socks-mini-dressing-packaging-1024x1024.jpg 1024w, https:\/\/oui-oui.es\/blog\/wp-content\/uploads\/2015\/10\/Oui-Oui-calcetines-zorritos-grises-raccoon-socks-mini-dressing-packaging-150x150.jpg 150w, https:\/\/oui-oui.es\/blog\/wp-content\/uploads\/2015\/10\/Oui-Oui-calcetines-zorritos-grises-raccoon-socks-mini-dressing-packaging-300x300.jpg 300w, https:\/\/oui-oui.es\/blog\/wp-content\/uploads\/2015\/10\/Oui-Oui-calcetines-zorritos-grises-raccoon-socks-mini-dressing-packaging-600x600.jpg 600w, https:\/\/oui-oui.es\/blog\/wp-content\/uploads\/2015\/10\/Oui-Oui-calcetines-zorritos-grises-raccoon-socks-mini-dressing-packaging.jpg 1200w\" sizes=\"auto, (max-width: 1024px) 100vw, 1024px\" \/><\/p>\n<p>Si conoces m\u00e1s tiendas que vendan <strong>Mini Dressing<\/strong> en Espa\u00f1a no olvides dejarlo en comentarios!<\/p>\n","protected":false},"excerpt":{"rendered":"<p>Seguro que \u00faltimamente has visto estos calcetines por varios sitios, son una monada y los quieres (yo tambi\u00e9n!), por eso he buscado bastante y me he encontrado con que hay que tener cuidado al elegir la tienda donde los compres&#8230;Hay muchas copias que, adem\u00e1s de lo profundamente injusto (e ilegal) que es para la marca [&hellip;]<\/p>\n","protected":false},"author":1,"featured_media":3535,"comment_status":"open","ping_status":"open","sticky":false,"template":"","format":"standard","meta":{"jetpack_post_was_ever_published":false,"_jetpack_newsletter_access":"","_jetpack_dont_email_post_to_subs":false,"_jetpack_newsletter_tier_id":0,"_jetpack_memberships_contains_paywalled_content":false,"_jetpack_memberships_contains_paid_content":false,"footnotes":"","jetpack_publicize_message":"","jetpack_publicize_feature_enabled":true,"jetpack_social_post_already_shared":true,"jetpack_social_options":{"image_generator_settings":{"template":"highway","default_image_id":0,"font":"","enabled":false},"version":2}},"categories":[535,174,18],"tags":[700],"class_list":["post-3532","post","type-post","status-publish","format-standard","has-post-thumbnail","hentry","category-maternidad","category-ninos","category-regalos-originales-para-ninos","tag-compras-bebe"],"aioseo_notices":[],"jetpack_publicize_connections":[],"jetpack_featured_media_url":"https:\/\/oui-oui.es\/blog\/wp-content\/uploads\/2015\/10\/Oui-Oui-calcetines-zorritos-marrones-raccoon-socks-mini-dressing-bebe-y-ni\u00f1o.jpg","jetpack_sharing_enabled":true,"jetpack-related-posts":[{"id":3638,"url":"https:\/\/oui-oui.es\/blog\/en-ocasiones-veo-zorritos\/","url_meta":{"origin":3532,"position":0},"title":"En ocasiones veo zorritos","author":"Mar\u00eda \u2665Oui Oui\u2665","date":"28 octubre, 2015","format":false,"excerpt":"Es curioso c\u00f3mo se producen las tendencias y despu\u00e9s las modas...Cuando estaba realizando mis primeras compras para Oui Oui hace ya casi tres a\u00f1os, recuerdo que un proveedor me insisti\u00f3 para que comprara productos de la colecci\u00f3n Fox \"en Inglaterra tienen much\u00edsimo \u00e9xito\" me dec\u00eda...Y hab\u00eda cosas muy monas, pero\u2026","rel":"","context":"En \u00abNI\u00d1OS Y NI\u00d1AS\u00bb","block_context":{"text":"NI\u00d1OS Y NI\u00d1AS","link":"https:\/\/oui-oui.es\/blog\/category\/ninos\/"},"img":{"alt_text":"","src":"https:\/\/i0.wp.com\/oui-oui.es\/blog\/wp-content\/uploads\/2015\/10\/oui-Oui-maletas-zorros-decorar-con-zorros-set-maletas-fox-naranja.jpg?resize=350%2C200&ssl=1","width":350,"height":200,"srcset":"https:\/\/i0.wp.com\/oui-oui.es\/blog\/wp-content\/uploads\/2015\/10\/oui-Oui-maletas-zorros-decorar-con-zorros-set-maletas-fox-naranja.jpg?resize=350%2C200&ssl=1 1x, https:\/\/i0.wp.com\/oui-oui.es\/blog\/wp-content\/uploads\/2015\/10\/oui-Oui-maletas-zorros-decorar-con-zorros-set-maletas-fox-naranja.jpg?resize=525%2C300&ssl=1 1.5x"},"classes":[]},{"id":4264,"url":"https:\/\/oui-oui.es\/blog\/5-marcas-espanolas-de-ropa-de-bebe\/","url_meta":{"origin":3532,"position":1},"title":"5 marcas espa\u00f1olas de ropa de beb\u00e9","author":"Mar\u00eda \u2665Oui Oui\u2665","date":"6 mayo, 2016","format":false,"excerpt":"Este post es la continuaci\u00f3n del de 10 marcas de ropa espa\u00f1olas para beb\u00e9, cada semana descubro marcas nuevas que me encantan, muchas espa\u00f1olas y otras no, pero me pareci\u00f3 interesante dividirlas as\u00ed, como no me cab\u00edan todas en un post, aqu\u00ed va la segunda tanda ;) Las agujas de\u2026","rel":"","context":"En \u00abMATERNIDAD\u00bb","block_context":{"text":"MATERNIDAD","link":"https:\/\/oui-oui.es\/blog\/category\/maternidad\/"},"img":{"alt_text":"","src":"https:\/\/i0.wp.com\/oui-oui.es\/blog\/wp-content\/uploads\/2016\/05\/Oui-Oui-marcas-espa%C3%B1olas-ropa-bebe-jersey-inicial-las-agujas-de-mama.jpg?resize=350%2C200&ssl=1","width":350,"height":200,"srcset":"https:\/\/i0.wp.com\/oui-oui.es\/blog\/wp-content\/uploads\/2016\/05\/Oui-Oui-marcas-espa%C3%B1olas-ropa-bebe-jersey-inicial-las-agujas-de-mama.jpg?resize=350%2C200&ssl=1 1x, https:\/\/i0.wp.com\/oui-oui.es\/blog\/wp-content\/uploads\/2016\/05\/Oui-Oui-marcas-espa%C3%B1olas-ropa-bebe-jersey-inicial-las-agujas-de-mama.jpg?resize=525%2C300&ssl=1 1.5x"},"classes":[]},{"id":8629,"url":"https:\/\/oui-oui.es\/blog\/la-llama-que-llama\/","url_meta":{"origin":3532,"position":2},"title":"La llama que llama","author":"Mar\u00eda \u2665Oui Oui\u2665","date":"16 octubre, 2017","format":false,"excerpt":"Recuerdo cuando en Canal + emit\u00edan diversos festivales de publicidad que me encantaba ver, hace mil a\u00f1os \u00bfquiz\u00e1s 20?, los grababa en v\u00eddeo y los volv\u00eda a ver un tiempo despu\u00e9s...A\u00fan recuerdo el anuncio argentino de telefon\u00eda \"La Llama que llama\" (pronunciado \"la shama que shama\"). Pues bien, a\u00f1os despu\u00e9s,\u2026","rel":"","context":"En \u00abDECORACI\u00d3N\u00bb","block_context":{"text":"DECORACI\u00d3N","link":"https:\/\/oui-oui.es\/blog\/category\/decoracion-de-casa\/"},"img":{"alt_text":"","src":"https:\/\/i0.wp.com\/oui-oui.es\/blog\/wp-content\/uploads\/2017\/10\/Oui-Oui-tendencia-llama-la-llama-que-llama-coleccion-llama-tinycottons.jpg?resize=350%2C200&ssl=1","width":350,"height":200,"srcset":"https:\/\/i0.wp.com\/oui-oui.es\/blog\/wp-content\/uploads\/2017\/10\/Oui-Oui-tendencia-llama-la-llama-que-llama-coleccion-llama-tinycottons.jpg?resize=350%2C200&ssl=1 1x, https:\/\/i0.wp.com\/oui-oui.es\/blog\/wp-content\/uploads\/2017\/10\/Oui-Oui-tendencia-llama-la-llama-que-llama-coleccion-llama-tinycottons.jpg?resize=525%2C300&ssl=1 1.5x"},"classes":[]},{"id":8988,"url":"https:\/\/oui-oui.es\/blog\/10-tips-para-iniciarte-en-el-senderismo-con-ninos\/","url_meta":{"origin":3532,"position":3},"title":"10 Tips para iniciarte en el senderismo con ni\u00f1os","author":"Mar\u00eda \u2665Oui Oui\u2665","date":"20 abril, 2018","format":false,"excerpt":"El post de hoy es un poco diferente porque es la primera vez que hago una colaboraci\u00f3n para que alguien que no sea yo escriba un post, pero la verdad es que desde que conoc\u00ed (virtualmente) a Laura de Mini Explorers ten\u00eda ganas de hacer algo con ella. Las casualidades\u2026","rel":"","context":"En \u00abNI\u00d1OS Y NI\u00d1AS\u00bb","block_context":{"text":"NI\u00d1OS Y NI\u00d1AS","link":"https:\/\/oui-oui.es\/blog\/category\/ninos\/"},"img":{"alt_text":"","src":"https:\/\/i0.wp.com\/oui-oui.es\/blog\/wp-content\/uploads\/2018\/04\/Como-iniciarte-en-el-senderismo-con-ni%C3%B1os-monta%C3%B1a-ni%C3%B1os-mini-explorers-cantimplora-oui-oui.jpg?resize=350%2C200&ssl=1","width":350,"height":200,"srcset":"https:\/\/i0.wp.com\/oui-oui.es\/blog\/wp-content\/uploads\/2018\/04\/Como-iniciarte-en-el-senderismo-con-ni%C3%B1os-monta%C3%B1a-ni%C3%B1os-mini-explorers-cantimplora-oui-oui.jpg?resize=350%2C200&ssl=1 1x, https:\/\/i0.wp.com\/oui-oui.es\/blog\/wp-content\/uploads\/2018\/04\/Como-iniciarte-en-el-senderismo-con-ni%C3%B1os-monta%C3%B1a-ni%C3%B1os-mini-explorers-cantimplora-oui-oui.jpg?resize=525%2C300&ssl=1 1.5x, https:\/\/i0.wp.com\/oui-oui.es\/blog\/wp-content\/uploads\/2018\/04\/Como-iniciarte-en-el-senderismo-con-ni%C3%B1os-monta%C3%B1a-ni%C3%B1os-mini-explorers-cantimplora-oui-oui.jpg?resize=700%2C400&ssl=1 2x, https:\/\/i0.wp.com\/oui-oui.es\/blog\/wp-content\/uploads\/2018\/04\/Como-iniciarte-en-el-senderismo-con-ni%C3%B1os-monta%C3%B1a-ni%C3%B1os-mini-explorers-cantimplora-oui-oui.jpg?resize=1050%2C600&ssl=1 3x, https:\/\/i0.wp.com\/oui-oui.es\/blog\/wp-content\/uploads\/2018\/04\/Como-iniciarte-en-el-senderismo-con-ni%C3%B1os-monta%C3%B1a-ni%C3%B1os-mini-explorers-cantimplora-oui-oui.jpg?resize=1400%2C800&ssl=1 4x"},"classes":[]},{"id":3907,"url":"https:\/\/oui-oui.es\/blog\/3907-2\/","url_meta":{"origin":3532,"position":4},"title":"Diferencias entre un embarazo de invierno y uno de verano","author":"Mar\u00eda \u2665Oui Oui\u2665","date":"15 enero, 2016","format":false,"excerpt":"Entre el volumen de trabajo de Navidades, las fiestas y el embarazo no he podido volver al blog hasta hoy, me he propuesto recuperar la rutina aunque lo voy a hacer s\u00f3lo tres a veces a la semana (igual despu\u00e9s de dar a luz tengo que bajarlo a dos...). T\u00e9cnicamente\u2026","rel":"","context":"En \u00abMATERNIDAD\u00bb","block_context":{"text":"MATERNIDAD","link":"https:\/\/oui-oui.es\/blog\/category\/maternidad\/"},"img":{"alt_text":"","src":"https:\/\/i0.wp.com\/oui-oui.es\/blog\/wp-content\/uploads\/2016\/01\/Oui-OUi-embarazo-de-verano-vs-embarazo-de-invierno-frida.jpg?resize=350%2C200&ssl=1","width":350,"height":200},"classes":[]},{"id":10229,"url":"https:\/\/oui-oui.es\/blog\/en-que-te-pueden-ayudar-una-buena-lavadora-y-secadora-en-el-cambio-de-armario\/","url_meta":{"origin":3532,"position":5},"title":"En qu\u00e9 te pueden ayudar una buena lavadora y secadora en el cambio de armario","author":"Mar\u00eda \u2665Oui Oui\u2665","date":"29 octubre, 2019","format":false,"excerpt":"Ayer, por fin, hice el cambio de ropa, el temido cambio de ropa...Aunque para m\u00ed, ya es menos temido por dos puntos muy importantes; me ayuda F\u00e1tima de Ordeno tu Armario (ella se dedica a ayudarte con el orden de lo que necesites; cambio de armario, mudanza, reorganizaci\u00f3n de una\u2026","rel":"","context":"En \u00abCASA\u00bb","block_context":{"text":"CASA","link":"https:\/\/oui-oui.es\/blog\/category\/hogar-dulce-hogar\/"},"img":{"alt_text":"","src":"https:\/\/i0.wp.com\/oui-oui.es\/blog\/wp-content\/uploads\/2019\/10\/Oui-Ouilacvadora-electrolux-la-mejor-secadora-secadora-electrolux-lapiz-quita-manchas-zona-lavado-deco-3.jpg?resize=350%2C200&ssl=1","width":350,"height":200,"srcset":"https:\/\/i0.wp.com\/oui-oui.es\/blog\/wp-content\/uploads\/2019\/10\/Oui-Ouilacvadora-electrolux-la-mejor-secadora-secadora-electrolux-lapiz-quita-manchas-zona-lavado-deco-3.jpg?resize=350%2C200&ssl=1 1x, https:\/\/i0.wp.com\/oui-oui.es\/blog\/wp-content\/uploads\/2019\/10\/Oui-Ouilacvadora-electrolux-la-mejor-secadora-secadora-electrolux-lapiz-quita-manchas-zona-lavado-deco-3.jpg?resize=525%2C300&ssl=1 1.5x, https:\/\/i0.wp.com\/oui-oui.es\/blog\/wp-content\/uploads\/2019\/10\/Oui-Ouilacvadora-electrolux-la-mejor-secadora-secadora-electrolux-lapiz-quita-manchas-zona-lavado-deco-3.jpg?resize=700%2C400&ssl=1 2x, https:\/\/i0.wp.com\/oui-oui.es\/blog\/wp-content\/uploads\/2019\/10\/Oui-Ouilacvadora-electrolux-la-mejor-secadora-secadora-electrolux-lapiz-quita-manchas-zona-lavado-deco-3.jpg?resize=1050%2C600&ssl=1 3x, https:\/\/i0.wp.com\/oui-oui.es\/blog\/wp-content\/uploads\/2019\/10\/Oui-Ouilacvadora-electrolux-la-mejor-secadora-secadora-electrolux-lapiz-quita-manchas-zona-lavado-deco-3.jpg?resize=1400%2C800&ssl=1 4x"},"classes":[]}],"_links":{"self":[{"href":"https:\/\/oui-oui.es\/blog\/wp-json\/wp\/v2\/posts\/3532","targetHints":{"allow":["GET"]}}],"collection":[{"href":"https:\/\/oui-oui.es\/blog\/wp-json\/wp\/v2\/posts"}],"about":[{"href":"https:\/\/oui-oui.es\/blog\/wp-json\/wp\/v2\/types\/post"}],"author":[{"embeddable":true,"href":"https:\/\/oui-oui.es\/blog\/wp-json\/wp\/v2\/users\/1"}],"replies":[{"embeddable":true,"href":"https:\/\/oui-oui.es\/blog\/wp-json\/wp\/v2\/comments?post=3532"}],"version-history":[{"count":3,"href":"https:\/\/oui-oui.es\/blog\/wp-json\/wp\/v2\/posts\/3532\/revisions"}],"predecessor-version":[{"id":3542,"href":"https:\/\/oui-oui.es\/blog\/wp-json\/wp\/v2\/posts\/3532\/revisions\/3542"}],"wp:featuredmedia":[{"embeddable":true,"href":"https:\/\/oui-oui.es\/blog\/wp-json\/wp\/v2\/media\/3535"}],"wp:attachment":[{"href":"https:\/\/oui-oui.es\/blog\/wp-json\/wp\/v2\/media?parent=3532"}],"wp:term":[{"taxonomy":"category","embeddable":true,"href":"https:\/\/oui-oui.es\/blog\/wp-json\/wp\/v2\/categories?post=3532"},{"taxonomy":"post_tag","embeddable":true,"href":"https:\/\/oui-oui.es\/blog\/wp-json\/wp\/v2\/tags?post=3532"}],"curies":[{"name":"wp","href":"https:\/\/api.w.org\/{rel}","templated":true}]}}