{"id":3543,"date":"2015-10-16T00:01:00","date_gmt":"2015-10-15T22:01:00","guid":{"rendered":"https:\/\/oui-oui.es\/blog\/?p=3543"},"modified":"2015-10-15T17:55:40","modified_gmt":"2015-10-15T15:55:40","slug":"breakfast-wedding-club-zankyou-intercontinental","status":"publish","type":"post","link":"https:\/\/oui-oui.es\/blog\/breakfast-wedding-club-zankyou-intercontinental\/","title":{"rendered":"Breakfast Wedding Club | Zankyou &#038; Intercontinental"},"content":{"rendered":"<div id=\"attachment_3544\" style=\"width: 1034px\" class=\"wp-caption aligncenter\"><a href=\"http:\/\/www.oui-oui.es\/detalles-decoracion-casa-pinterest-con-estilo\/603-senal-love-madera.html\"><img loading=\"lazy\" decoding=\"async\" aria-describedby=\"caption-attachment-3544\" class=\"size-large wp-image-3544\" src=\"https:\/\/oui-oui.es\/blog\/wp-content\/uploads\/2015\/10\/Oui-Oui-desayuno-zankyou-wedding-breakfast-elena-bau-1-1024x683.jpg\" alt=\"Fotograf\u00eda de Elena Bau\" width=\"1024\" height=\"683\" srcset=\"https:\/\/oui-oui.es\/blog\/wp-content\/uploads\/2015\/10\/Oui-Oui-desayuno-zankyou-wedding-breakfast-elena-bau-1-1024x683.jpg 1024w, https:\/\/oui-oui.es\/blog\/wp-content\/uploads\/2015\/10\/Oui-Oui-desayuno-zankyou-wedding-breakfast-elena-bau-1-300x200.jpg 300w, https:\/\/oui-oui.es\/blog\/wp-content\/uploads\/2015\/10\/Oui-Oui-desayuno-zankyou-wedding-breakfast-elena-bau-1-600x400.jpg 600w\" sizes=\"auto, (max-width: 1024px) 100vw, 1024px\" \/><\/a><p id=\"caption-attachment-3544\" class=\"wp-caption-text\">Fotograf\u00eda de Elena Bau<\/p><\/div>\n<p>Suena bien, \u00bfverdad? pues as\u00ed por que s\u00ed, la semana pasada la lista de bodas <strong><a href=\"http:\/\/www.zankyou.com\/es\" target=\"_blank\">Zankyou<\/a><\/strong> quiso juntarnos a unas cuantas <em>wedding bloggers\u00a0<\/em>para disfrutar del famoso<strong> brunch del Intercontinental<\/strong>, una ma\u00f1ana en la que charlar, conocer alguna cara nueva y, sobretodo, pasarlo bien.<\/p>\n<p><a href=\"http:\/\/www.oui-oui.es\/10-fiesta\"><img loading=\"lazy\" decoding=\"async\" class=\"aligncenter size-large wp-image-3551\" src=\"https:\/\/oui-oui.es\/blog\/wp-content\/uploads\/2015\/10\/Oui-Oui-wedding-breakfast-club-zankyou-4-1024x1024.jpg\" alt=\"Oui Oui-wedding breakfast club zankyou (4)\" width=\"1024\" height=\"1024\" srcset=\"https:\/\/oui-oui.es\/blog\/wp-content\/uploads\/2015\/10\/Oui-Oui-wedding-breakfast-club-zankyou-4-1024x1024.jpg 1024w, https:\/\/oui-oui.es\/blog\/wp-content\/uploads\/2015\/10\/Oui-Oui-wedding-breakfast-club-zankyou-4-150x150.jpg 150w, https:\/\/oui-oui.es\/blog\/wp-content\/uploads\/2015\/10\/Oui-Oui-wedding-breakfast-club-zankyou-4-300x300.jpg 300w, https:\/\/oui-oui.es\/blog\/wp-content\/uploads\/2015\/10\/Oui-Oui-wedding-breakfast-club-zankyou-4-600x600.jpg 600w\" sizes=\"auto, (max-width: 1024px) 100vw, 1024px\" \/><\/a><\/p>\n<p><a href=\"http:\/\/www.oui-oui.es\/a-la-mesa\/591-taza-ceramica-esmaltada-verde.html\"><img loading=\"lazy\" decoding=\"async\" class=\"aligncenter size-large wp-image-3548\" src=\"https:\/\/oui-oui.es\/blog\/wp-content\/uploads\/2015\/10\/Oui-Oui-wedding-breakfast-club-zankyou-1-e1444924258422-1024x1024.jpg\" alt=\"Oui Oui-wedding breakfast club zankyou (1)\" width=\"1024\" height=\"1024\" srcset=\"https:\/\/oui-oui.es\/blog\/wp-content\/uploads\/2015\/10\/Oui-Oui-wedding-breakfast-club-zankyou-1-e1444924258422-1024x1024.jpg 1024w, https:\/\/oui-oui.es\/blog\/wp-content\/uploads\/2015\/10\/Oui-Oui-wedding-breakfast-club-zankyou-1-e1444924258422-150x150.jpg 150w, https:\/\/oui-oui.es\/blog\/wp-content\/uploads\/2015\/10\/Oui-Oui-wedding-breakfast-club-zankyou-1-e1444924258422-300x300.jpg 300w, https:\/\/oui-oui.es\/blog\/wp-content\/uploads\/2015\/10\/Oui-Oui-wedding-breakfast-club-zankyou-1-e1444924258422-600x600.jpg 600w\" sizes=\"auto, (max-width: 1024px) 100vw, 1024px\" \/><\/a><\/p>\n<p>Eva, de <strong><a href=\"http:\/\/www.bodascolorin.com\/\" target=\"_blank\">Bodas Color\u00edn Colorado<\/a><\/strong> prepar\u00f3 este rinc\u00f3n tan ideal con algunas de nuestras cositas, como las letras LOVE, las pajitas y la taza mint&#8230;Un gran ejemplo de que no siempre tiene que haber chuches en los <em><strong>candys<\/strong> <\/em>sino que con <strong>menaje, flores, una bonita tarta y alg\u00fan detalle m\u00e1s<\/strong> (escogidos con gusto, eso es lo importante)<strong> ya tienes un c\u00f3rner mon\u00edsimo.<\/strong><\/p>\n<p><a href=\"http:\/\/www.oui-oui.es\/cubiertos-con-mensaje\/907-tenedor-i-love-cake.html\"><img loading=\"lazy\" decoding=\"async\" class=\"aligncenter size-large wp-image-3550\" src=\"https:\/\/oui-oui.es\/blog\/wp-content\/uploads\/2015\/10\/Oui-Oui-wedding-breakfast-club-zankyou-3-e1444924363181-1024x1024.jpg\" alt=\"Oui Oui-wedding breakfast club zankyou (3)\" width=\"1024\" height=\"1024\" srcset=\"https:\/\/oui-oui.es\/blog\/wp-content\/uploads\/2015\/10\/Oui-Oui-wedding-breakfast-club-zankyou-3-e1444924363181-1024x1024.jpg 1024w, https:\/\/oui-oui.es\/blog\/wp-content\/uploads\/2015\/10\/Oui-Oui-wedding-breakfast-club-zankyou-3-e1444924363181-150x150.jpg 150w, https:\/\/oui-oui.es\/blog\/wp-content\/uploads\/2015\/10\/Oui-Oui-wedding-breakfast-club-zankyou-3-e1444924363181-300x300.jpg 300w, https:\/\/oui-oui.es\/blog\/wp-content\/uploads\/2015\/10\/Oui-Oui-wedding-breakfast-club-zankyou-3-e1444924363181-600x600.jpg 600w\" sizes=\"auto, (max-width: 1024px) 100vw, 1024px\" \/><\/a><\/p>\n<div id=\"attachment_3546\" style=\"width: 1034px\" class=\"wp-caption aligncenter\"><img loading=\"lazy\" decoding=\"async\" aria-describedby=\"caption-attachment-3546\" class=\"wp-image-3546 size-large\" src=\"https:\/\/oui-oui.es\/blog\/wp-content\/uploads\/2015\/10\/Oui-Oui-desayuno-zankyou-wedding-breakfast-elena-bau-3-1024x683.jpg\" alt=\"\" width=\"1024\" height=\"683\" srcset=\"https:\/\/oui-oui.es\/blog\/wp-content\/uploads\/2015\/10\/Oui-Oui-desayuno-zankyou-wedding-breakfast-elena-bau-3-1024x683.jpg 1024w, https:\/\/oui-oui.es\/blog\/wp-content\/uploads\/2015\/10\/Oui-Oui-desayuno-zankyou-wedding-breakfast-elena-bau-3-300x200.jpg 300w, https:\/\/oui-oui.es\/blog\/wp-content\/uploads\/2015\/10\/Oui-Oui-desayuno-zankyou-wedding-breakfast-elena-bau-3-600x400.jpg 600w\" sizes=\"auto, (max-width: 1024px) 100vw, 1024px\" \/><p id=\"caption-attachment-3546\" class=\"wp-caption-text\">Elena Bau Fotograf\u00eda<\/p><\/div>\n<div id=\"attachment_3547\" style=\"width: 1034px\" class=\"wp-caption aligncenter\"><a href=\"http:\/\/www.oui-oui.es\/novios-bodas\/503-letras-madera-decapada-mr-mrs.html\"><img loading=\"lazy\" decoding=\"async\" aria-describedby=\"caption-attachment-3547\" class=\"wp-image-3547 size-large\" src=\"https:\/\/oui-oui.es\/blog\/wp-content\/uploads\/2015\/10\/Oui-Oui-desayuno-zankyou-wedding-breakfast-elena-bau-4-1024x683.jpg\" alt=\"\" width=\"1024\" height=\"683\" srcset=\"https:\/\/oui-oui.es\/blog\/wp-content\/uploads\/2015\/10\/Oui-Oui-desayuno-zankyou-wedding-breakfast-elena-bau-4-1024x683.jpg 1024w, https:\/\/oui-oui.es\/blog\/wp-content\/uploads\/2015\/10\/Oui-Oui-desayuno-zankyou-wedding-breakfast-elena-bau-4-300x200.jpg 300w, https:\/\/oui-oui.es\/blog\/wp-content\/uploads\/2015\/10\/Oui-Oui-desayuno-zankyou-wedding-breakfast-elena-bau-4-600x400.jpg 600w\" sizes=\"auto, (max-width: 1024px) 100vw, 1024px\" \/><\/a><p id=\"caption-attachment-3547\" class=\"wp-caption-text\">Elena Bau Fotograf\u00eda<\/p><\/div>\n","protected":false},"excerpt":{"rendered":"<p>Suena bien, \u00bfverdad? pues as\u00ed por que s\u00ed, la semana pasada la lista de bodas Zankyou quiso juntarnos a unas cuantas wedding bloggers\u00a0para disfrutar del famoso brunch del Intercontinental, una ma\u00f1ana en la que charlar, conocer alguna cara nueva y, sobretodo, pasarlo bien. Eva, de Bodas Color\u00edn Colorado prepar\u00f3 este rinc\u00f3n tan ideal con algunas [&hellip;]<\/p>\n","protected":false},"author":1,"featured_media":3544,"comment_status":"open","ping_status":"open","sticky":false,"template":"","format":"standard","meta":{"jetpack_post_was_ever_published":false,"_jetpack_newsletter_access":"","_jetpack_dont_email_post_to_subs":false,"_jetpack_newsletter_tier_id":0,"_jetpack_memberships_contains_paywalled_content":false,"_jetpack_memberships_contains_paid_content":false,"footnotes":"","jetpack_publicize_message":"","jetpack_publicize_feature_enabled":true,"jetpack_social_post_already_shared":true,"jetpack_social_options":{"image_generator_settings":{"template":"highway","default_image_id":0,"font":"","enabled":false},"version":2}},"categories":[704,7],"tags":[44,53,723],"class_list":["post-3543","post","type-post","status-publish","format-standard","has-post-thumbnail","hentry","category-boda","category-fiestas-celebraciones","tag-boda-campestre","tag-candy-bar","tag-detalle-boda"],"aioseo_notices":[],"jetpack_publicize_connections":[],"jetpack_featured_media_url":"https:\/\/oui-oui.es\/blog\/wp-content\/uploads\/2015\/10\/Oui-Oui-desayuno-zankyou-wedding-breakfast-elena-bau-1.jpg","jetpack_sharing_enabled":true,"jetpack-related-posts":[{"id":666,"url":"https:\/\/oui-oui.es\/blog\/oui-oui-en-los-zankyou-international-wedding-awards-2013\/","url_meta":{"origin":3543,"position":0},"title":"Oui Oui en los Zankyou International Wedding Awards 2013!!","author":"Mar\u00eda \u2665Oui Oui\u2665","date":"25 abril, 2013","format":false,"excerpt":"Ayer me escribieron desde Zankyou Bodas para darme la s\u00faper buena noticia de que Oui Oui hab\u00eda sido seleccionado como uno de los 99 blogs de bodas m\u00e1s originales del mundo!!!...Elegidos por las 18 editoras en los pa\u00edses que Zankyou tiene presencia, en Espa\u00f1a hemos sido \"galardonados\" 12 blogs, as\u00ed\u2026","rel":"","context":"En \u00abOUI OUI\u00bb","block_context":{"text":"OUI OUI","link":"https:\/\/oui-oui.es\/blog\/category\/oui-oui\/"},"img":{"alt_text":"Oui Oui-ganador 99 mejores blog del mundo-zank you","src":"https:\/\/ouiouiblog.files.wordpress.com\/2013\/04\/oui-oui-ganador-99-mejores-blog-del-mundo-zank-you.png?w=350&h=200&crop=1","width":350,"height":200},"classes":[]},{"id":967,"url":"https:\/\/oui-oui.es\/blog\/oui-oui-en-mi-boda-rocks-experience\/","url_meta":{"origin":3543,"position":1},"title":"Oui Oui en Mi Boda Rocks Experience","author":"Mar\u00eda \u2665Oui Oui\u2665","date":"8 octubre, 2013","format":false,"excerpt":"Poco a poco voy volviendo a la rutina (a\u00fan no he conseguido volver a escribir en el blog tanto como antes, pero al menos hay nuevo post en menos de una semana!) y una de las cosas que m\u00e1s me apetece es participar en pop up\u00b4s, reuniones para novi@s, etc...As\u00ed\u2026","rel":"","context":"En \u00abBoda\u00bb","block_context":{"text":"Boda","link":"https:\/\/oui-oui.es\/blog\/category\/fiestas-celebraciones\/boda\/"},"img":{"alt_text":"","src":"https:\/\/i0.wp.com\/oui-oui.es\/blog\/wp-content\/uploads\/oui-oui-detalles-decoracic3b3n-puertas-ratoncito-pc3a9rez-marc3ada-gijc3b3n-36.jpg?resize=350%2C200&ssl=1","width":350,"height":200,"srcset":"https:\/\/i0.wp.com\/oui-oui.es\/blog\/wp-content\/uploads\/oui-oui-detalles-decoracic3b3n-puertas-ratoncito-pc3a9rez-marc3ada-gijc3b3n-36.jpg?resize=350%2C200&ssl=1 1x, https:\/\/i0.wp.com\/oui-oui.es\/blog\/wp-content\/uploads\/oui-oui-detalles-decoracic3b3n-puertas-ratoncito-pc3a9rez-marc3ada-gijc3b3n-36.jpg?resize=525%2C300&ssl=1 1.5x, https:\/\/i0.wp.com\/oui-oui.es\/blog\/wp-content\/uploads\/oui-oui-detalles-decoracic3b3n-puertas-ratoncito-pc3a9rez-marc3ada-gijc3b3n-36.jpg?resize=700%2C400&ssl=1 2x, https:\/\/i0.wp.com\/oui-oui.es\/blog\/wp-content\/uploads\/oui-oui-detalles-decoracic3b3n-puertas-ratoncito-pc3a9rez-marc3ada-gijc3b3n-36.jpg?resize=1050%2C600&ssl=1 3x, https:\/\/i0.wp.com\/oui-oui.es\/blog\/wp-content\/uploads\/oui-oui-detalles-decoracic3b3n-puertas-ratoncito-pc3a9rez-marc3ada-gijc3b3n-36.jpg?resize=1400%2C800&ssl=1 4x"},"classes":[]},{"id":545,"url":"https:\/\/oui-oui.es\/blog\/the-wedding-lab\/","url_meta":{"origin":3543,"position":2},"title":"The Wedding Lab","author":"Mar\u00eda \u2665Oui Oui\u2665","date":"1 marzo, 2013","format":false,"excerpt":"Como os coment\u00e9, ayer inauguraban The Wedding Lab , un espacio ef\u00edmero (pero que esperamos se repita cada a\u00f1o!) en el que encontrar diferentes propuestas para incorporar a tu boda. La presentaci\u00f3n fu\u00e9 en el Taller de Verde Pimienta al que me encantar\u00eda volver en un d\u00eda normal, pues el\u2026","rel":"","context":"En \u00abBoda\u00bb","block_context":{"text":"Boda","link":"https:\/\/oui-oui.es\/blog\/category\/fiestas-celebraciones\/boda\/"},"img":{"alt_text":"","src":"https:\/\/i0.wp.com\/oui-oui.es\/blog\/wp-content\/uploads\/the-wedding-lab-oui-oui.jpg?resize=350%2C200&ssl=1","width":350,"height":200},"classes":[]},{"id":5134,"url":"https:\/\/oui-oui.es\/blog\/the-wedding-studio\/","url_meta":{"origin":3543,"position":3},"title":"The Wedding Studio","author":"Mar\u00eda \u2665Oui Oui\u2665","date":"15 febrero, 2017","format":false,"excerpt":"Desde hac\u00eda tiempo quer\u00edamos ofrecer a los novios y profesionales del mundo bodas algo diferente, desde nuestro punto de vista, con nuestro estilo y formas de hacer. La boda perfecta es fruto del buen trabajo en equipo de todos los que participan en ella, y, como si comparti\u00e9ramos Studio cada\u2026","rel":"","context":"En \u00abBoda\u00bb","block_context":{"text":"Boda","link":"https:\/\/oui-oui.es\/blog\/category\/fiestas-celebraciones\/boda\/"},"img":{"alt_text":"","src":"https:\/\/i0.wp.com\/oui-oui.es\/blog\/wp-content\/uploads\/2017\/02\/Oui-Oui-The-Wedding-Studio-Elena-Bau-Fotograf%C3%ADa-Bodas-Color%C3%ADn.jpg?resize=350%2C200&ssl=1","width":350,"height":200,"srcset":"https:\/\/i0.wp.com\/oui-oui.es\/blog\/wp-content\/uploads\/2017\/02\/Oui-Oui-The-Wedding-Studio-Elena-Bau-Fotograf%C3%ADa-Bodas-Color%C3%ADn.jpg?resize=350%2C200&ssl=1 1x, https:\/\/i0.wp.com\/oui-oui.es\/blog\/wp-content\/uploads\/2017\/02\/Oui-Oui-The-Wedding-Studio-Elena-Bau-Fotograf%C3%ADa-Bodas-Color%C3%ADn.jpg?resize=525%2C300&ssl=1 1.5x, https:\/\/i0.wp.com\/oui-oui.es\/blog\/wp-content\/uploads\/2017\/02\/Oui-Oui-The-Wedding-Studio-Elena-Bau-Fotograf%C3%ADa-Bodas-Color%C3%ADn.jpg?resize=700%2C400&ssl=1 2x, https:\/\/i0.wp.com\/oui-oui.es\/blog\/wp-content\/uploads\/2017\/02\/Oui-Oui-The-Wedding-Studio-Elena-Bau-Fotograf%C3%ADa-Bodas-Color%C3%ADn.jpg?resize=1050%2C600&ssl=1 3x, https:\/\/i0.wp.com\/oui-oui.es\/blog\/wp-content\/uploads\/2017\/02\/Oui-Oui-The-Wedding-Studio-Elena-Bau-Fotograf%C3%ADa-Bodas-Color%C3%ADn.jpg?resize=1400%2C800&ssl=1 4x"},"classes":[]},{"id":449,"url":"https:\/\/oui-oui.es\/blog\/5-cosas-que-hacer-nada-mas-comprometerte\/","url_meta":{"origin":3543,"position":4},"title":"5 cosas que hacer nada m\u00e1s comprometerte","author":"Mar\u00eda \u2665Oui Oui\u2665","date":"16 enero, 2013","format":false,"excerpt":"Hoy hace dos a\u00f1os que anunciamos p\u00fablicamente que est\u00e1bamos comprometidos y que nos cas\u00e1bamos en ocho meses. Digo p\u00fablicamente porque \u00c1lvaro me lo pidi\u00f3 una semana antes, pero est\u00e1bamos esquiando, solos fuera de Espa\u00f1a, y fu\u00e9 nuestro secreto durante una semana. Una de las cosas que recuerdo con m\u00e1s ilusi\u00f3n\u2026","rel":"","context":"En \u00abBoda\u00bb","block_context":{"text":"Boda","link":"https:\/\/oui-oui.es\/blog\/category\/fiestas-celebraciones\/boda\/"},"img":{"alt_text":"","src":"https:\/\/i0.wp.com\/oui-oui.es\/blog\/wp-content\/uploads\/oui-oui-blog-taza-casate-conmigo.jpg?resize=350%2C200&ssl=1","width":350,"height":200,"srcset":"https:\/\/i0.wp.com\/oui-oui.es\/blog\/wp-content\/uploads\/oui-oui-blog-taza-casate-conmigo.jpg?resize=350%2C200&ssl=1 1x, https:\/\/i0.wp.com\/oui-oui.es\/blog\/wp-content\/uploads\/oui-oui-blog-taza-casate-conmigo.jpg?resize=525%2C300&ssl=1 1.5x"},"classes":[]},{"id":257,"url":"https:\/\/oui-oui.es\/blog\/un-sitting-campestre-con-tarros-de-cristal\/","url_meta":{"origin":3543,"position":5},"title":"Un sitting campestre con tarros de cristal","author":"Mar\u00eda \u2665Oui Oui\u2665","date":"5 diciembre, 2012","format":false,"excerpt":"Un aspecto de las bodas con el que me parece muy divertido jugar y convertirlo en detalle es el sitting (donde indicamos a los invitados d\u00f3nde deben sentarse). Y la idea de ponerle el nombre y el n\u00famero de mesa a cada uno en su vaso-tarro de cristal (Qu\u00e9 me\u2026","rel":"","context":"En \u00abBoda\u00bb","block_context":{"text":"Boda","link":"https:\/\/oui-oui.es\/blog\/category\/fiestas-celebraciones\/boda\/"},"img":{"alt_text":"","src":"https:\/\/i0.wp.com\/oui-oui.es\/blog\/wp-content\/uploads\/oui-oui-botes-cristal-como-vasos-boda-rustica-campestre.jpg?resize=350%2C200&ssl=1","width":350,"height":200,"srcset":"https:\/\/i0.wp.com\/oui-oui.es\/blog\/wp-content\/uploads\/oui-oui-botes-cristal-como-vasos-boda-rustica-campestre.jpg?resize=350%2C200&ssl=1 1x, https:\/\/i0.wp.com\/oui-oui.es\/blog\/wp-content\/uploads\/oui-oui-botes-cristal-como-vasos-boda-rustica-campestre.jpg?resize=525%2C300&ssl=1 1.5x"},"classes":[]}],"_links":{"self":[{"href":"https:\/\/oui-oui.es\/blog\/wp-json\/wp\/v2\/posts\/3543","targetHints":{"allow":["GET"]}}],"collection":[{"href":"https:\/\/oui-oui.es\/blog\/wp-json\/wp\/v2\/posts"}],"about":[{"href":"https:\/\/oui-oui.es\/blog\/wp-json\/wp\/v2\/types\/post"}],"author":[{"embeddable":true,"href":"https:\/\/oui-oui.es\/blog\/wp-json\/wp\/v2\/users\/1"}],"replies":[{"embeddable":true,"href":"https:\/\/oui-oui.es\/blog\/wp-json\/wp\/v2\/comments?post=3543"}],"version-history":[{"count":1,"href":"https:\/\/oui-oui.es\/blog\/wp-json\/wp\/v2\/posts\/3543\/revisions"}],"predecessor-version":[{"id":3552,"href":"https:\/\/oui-oui.es\/blog\/wp-json\/wp\/v2\/posts\/3543\/revisions\/3552"}],"wp:featuredmedia":[{"embeddable":true,"href":"https:\/\/oui-oui.es\/blog\/wp-json\/wp\/v2\/media\/3544"}],"wp:attachment":[{"href":"https:\/\/oui-oui.es\/blog\/wp-json\/wp\/v2\/media?parent=3543"}],"wp:term":[{"taxonomy":"category","embeddable":true,"href":"https:\/\/oui-oui.es\/blog\/wp-json\/wp\/v2\/categories?post=3543"},{"taxonomy":"post_tag","embeddable":true,"href":"https:\/\/oui-oui.es\/blog\/wp-json\/wp\/v2\/tags?post=3543"}],"curies":[{"name":"wp","href":"https:\/\/api.w.org\/{rel}","templated":true}]}}