{"id":3585,"date":"2015-10-21T12:26:05","date_gmt":"2015-10-21T10:26:05","guid":{"rendered":"https:\/\/oui-oui.es\/blog\/?p=3585"},"modified":"2015-10-21T12:26:05","modified_gmt":"2015-10-21T10:26:05","slug":"hoy-es-el-futuro-de-regreso-al-futuro-ii","status":"publish","type":"post","link":"https:\/\/oui-oui.es\/blog\/hoy-es-el-futuro-de-regreso-al-futuro-ii\/","title":{"rendered":"Hoy es el futuro de Regreso al Futuro II"},"content":{"rendered":"<p><a href=\"http:\/\/www.oui-oui.es\/29-puertas-ratoncito-perez\"><img loading=\"lazy\" decoding=\"async\" class=\"aligncenter size-large wp-image-3586\" src=\"https:\/\/oui-oui.es\/blog\/wp-content\/uploads\/2015\/10\/Oui-Oui-uerta-ratoncito-p\u00e9rez-victoriana-edici\u00f3n-especial-regreso-al-futuro-II-1-e1445421346715-768x1024.jpg\" alt=\"Oui Oui-uerta ratoncito p\u00e9rez-victoriana-edici\u00f3n especial-regreso al futuro II (1)\" width=\"768\" height=\"1024\" srcset=\"https:\/\/oui-oui.es\/blog\/wp-content\/uploads\/2015\/10\/Oui-Oui-uerta-ratoncito-p\u00e9rez-victoriana-edici\u00f3n-especial-regreso-al-futuro-II-1-e1445421346715-768x1024.jpg 768w, https:\/\/oui-oui.es\/blog\/wp-content\/uploads\/2015\/10\/Oui-Oui-uerta-ratoncito-p\u00e9rez-victoriana-edici\u00f3n-especial-regreso-al-futuro-II-1-e1445421346715-225x300.jpg 225w, https:\/\/oui-oui.es\/blog\/wp-content\/uploads\/2015\/10\/Oui-Oui-uerta-ratoncito-p\u00e9rez-victoriana-edici\u00f3n-especial-regreso-al-futuro-II-1-e1445421346715-600x800.jpg 600w\" sizes=\"auto, (max-width: 768px) 100vw, 768px\" \/><\/a><\/p>\n<p>Hoy es el d\u00eda, el d\u00eda en el que <strong>Marty McFly llega al futuro<\/strong>; <strong>21\/10\/2015<\/strong>, en ese regreso al futuro varias marcas son protagonistas de la pel\u00edcula y, 25 a\u00f1os despu\u00e9s, han creado los productos de la pel\u00edcula <strong>Regreso al Futuro II<\/strong> para homenajear el momento. Nosotros no hemos podido resistirnos y hemos hecho nuestro <strong>humilde homenaje<\/strong> con la <strong>puerta del ratoncito P\u00e9rez del futuro de 2015<\/strong>, inspirada en el <strong>reloj de la pel\u00edcula y con el Delorean como protagonista<\/strong>&#8230;\u00a1Espero que os guste!<\/p>\n<p><img loading=\"lazy\" decoding=\"async\" class=\"aligncenter size-large wp-image-3587\" src=\"https:\/\/oui-oui.es\/blog\/wp-content\/uploads\/2015\/10\/Oui-Oui-uerta-ratoncito-p\u00e9rez-victoriana-edici\u00f3n-especial-regreso-al-futuro-II-3-e1445421636324-1024x1024.jpg\" alt=\"Oui Oui-uerta ratoncito p\u00e9rez-victoriana-edici\u00f3n especial-regreso al futuro II (3)\" width=\"1024\" height=\"1024\" srcset=\"https:\/\/oui-oui.es\/blog\/wp-content\/uploads\/2015\/10\/Oui-Oui-uerta-ratoncito-p\u00e9rez-victoriana-edici\u00f3n-especial-regreso-al-futuro-II-3-e1445421636324-1024x1024.jpg 1024w, https:\/\/oui-oui.es\/blog\/wp-content\/uploads\/2015\/10\/Oui-Oui-uerta-ratoncito-p\u00e9rez-victoriana-edici\u00f3n-especial-regreso-al-futuro-II-3-e1445421636324-150x150.jpg 150w, https:\/\/oui-oui.es\/blog\/wp-content\/uploads\/2015\/10\/Oui-Oui-uerta-ratoncito-p\u00e9rez-victoriana-edici\u00f3n-especial-regreso-al-futuro-II-3-e1445421636324-300x300.jpg 300w, https:\/\/oui-oui.es\/blog\/wp-content\/uploads\/2015\/10\/Oui-Oui-uerta-ratoncito-p\u00e9rez-victoriana-edici\u00f3n-especial-regreso-al-futuro-II-3-e1445421636324-600x600.jpg 600w\" sizes=\"auto, (max-width: 1024px) 100vw, 1024px\" \/><\/p>\n<p><img loading=\"lazy\" decoding=\"async\" class=\"aligncenter size-large wp-image-3588\" src=\"https:\/\/oui-oui.es\/blog\/wp-content\/uploads\/2015\/10\/Oui-Oui-uerta-ratoncito-p\u00e9rez-victoriana-edici\u00f3n-especial-regreso-al-futuro-II-5-e1445421596130-1024x1024.jpg\" alt=\"Oui Oui-puerta ratoncito p\u00e9rez-victoriana-edici\u00f3n especial-regreso al futuro II (5)\" width=\"1024\" height=\"1024\" srcset=\"https:\/\/oui-oui.es\/blog\/wp-content\/uploads\/2015\/10\/Oui-Oui-uerta-ratoncito-p\u00e9rez-victoriana-edici\u00f3n-especial-regreso-al-futuro-II-5-e1445421596130-1024x1024.jpg 1024w, https:\/\/oui-oui.es\/blog\/wp-content\/uploads\/2015\/10\/Oui-Oui-uerta-ratoncito-p\u00e9rez-victoriana-edici\u00f3n-especial-regreso-al-futuro-II-5-e1445421596130-150x150.jpg 150w, https:\/\/oui-oui.es\/blog\/wp-content\/uploads\/2015\/10\/Oui-Oui-uerta-ratoncito-p\u00e9rez-victoriana-edici\u00f3n-especial-regreso-al-futuro-II-5-e1445421596130-300x300.jpg 300w, https:\/\/oui-oui.es\/blog\/wp-content\/uploads\/2015\/10\/Oui-Oui-uerta-ratoncito-p\u00e9rez-victoriana-edici\u00f3n-especial-regreso-al-futuro-II-5-e1445421596130-600x600.jpg 600w\" sizes=\"auto, (max-width: 1024px) 100vw, 1024px\" \/><\/p>\n<p>Por supuesto <strong>Pepsi<\/strong> ha creado la <strong>\u00abperfect Pepsi\u00bb<\/strong> con el dise\u00f1o que aparece en la pel\u00edcula y con spot inclu\u00eddo.<\/p>\n<p><a href=\"https:\/\/www.youtube.com\/watch?v=XrwRdzFP-fY\">https:\/\/www.youtube.com\/watch?v=XrwRdzFP-fY<\/a><\/p>\n<p>Aunque s\u00f3lo habr\u00e1 6.500 botellas a la venta.<\/p>\n<p><img loading=\"lazy\" decoding=\"async\" class=\"aligncenter size-large wp-image-3590\" src=\"https:\/\/oui-oui.es\/blog\/wp-content\/uploads\/2015\/10\/Oui-Oui-homenaje-regreso-al-futuro-pepsi-perfect-2015-pepsi-regreso-al-futuro.jpg\" alt=\"Oui Oui-homenaje regreso al futuro-pepsi perfect 2015-pepsi regreso al futuro\" width=\"698\" height=\"392\" srcset=\"https:\/\/oui-oui.es\/blog\/wp-content\/uploads\/2015\/10\/Oui-Oui-homenaje-regreso-al-futuro-pepsi-perfect-2015-pepsi-regreso-al-futuro.jpg 698w, https:\/\/oui-oui.es\/blog\/wp-content\/uploads\/2015\/10\/Oui-Oui-homenaje-regreso-al-futuro-pepsi-perfect-2015-pepsi-regreso-al-futuro-300x168.jpg 300w, https:\/\/oui-oui.es\/blog\/wp-content\/uploads\/2015\/10\/Oui-Oui-homenaje-regreso-al-futuro-pepsi-perfect-2015-pepsi-regreso-al-futuro-600x337.jpg 600w, https:\/\/oui-oui.es\/blog\/wp-content\/uploads\/2015\/10\/Oui-Oui-homenaje-regreso-al-futuro-pepsi-perfect-2015-pepsi-regreso-al-futuro-500x280.jpg 500w\" sizes=\"auto, (max-width: 698px) 100vw, 698px\" \/><\/p>\n<p><img loading=\"lazy\" decoding=\"async\" class=\"aligncenter size-large wp-image-3591\" src=\"https:\/\/oui-oui.es\/blog\/wp-content\/uploads\/2015\/10\/Oui-Oui-homenaje-regreso-al-futuro-pepsi-perfect.jpg\" alt=\"Oui Oui-homenaje regreso al futuro-pepsi perfect\" width=\"426\" height=\"448\" srcset=\"https:\/\/oui-oui.es\/blog\/wp-content\/uploads\/2015\/10\/Oui-Oui-homenaje-regreso-al-futuro-pepsi-perfect.jpg 426w, https:\/\/oui-oui.es\/blog\/wp-content\/uploads\/2015\/10\/Oui-Oui-homenaje-regreso-al-futuro-pepsi-perfect-285x300.jpg 285w\" sizes=\"auto, (max-width: 426px) 100vw, 426px\" \/><\/p>\n<p><strong>Lexus<\/strong> el <strong>monopat\u00edn volador<\/strong><\/p>\n<p><img loading=\"lazy\" decoding=\"async\" class=\"aligncenter size-full wp-image-3589\" src=\"https:\/\/oui-oui.es\/blog\/wp-content\/uploads\/2015\/10\/Oui-Oui-monopatin-volador-lexus-regreso-al-futuro.jpg\" alt=\"Oui Oui-monopatin volador lexus-regreso al futuro\" width=\"674\" height=\"420\" srcset=\"https:\/\/oui-oui.es\/blog\/wp-content\/uploads\/2015\/10\/Oui-Oui-monopatin-volador-lexus-regreso-al-futuro.jpg 674w, https:\/\/oui-oui.es\/blog\/wp-content\/uploads\/2015\/10\/Oui-Oui-monopatin-volador-lexus-regreso-al-futuro-300x187.jpg 300w, https:\/\/oui-oui.es\/blog\/wp-content\/uploads\/2015\/10\/Oui-Oui-monopatin-volador-lexus-regreso-al-futuro-600x374.jpg 600w\" sizes=\"auto, (max-width: 674px) 100vw, 674px\" \/><\/p>\n<p><strong>Nike<\/strong> <a href=\"http:\/\/www.expansion.com\/2015\/01\/15\/empresas\/tecnologia\/1421324578.html\" target=\"_blank\">anunciaba en enero<\/a> que saldr\u00edan a la venta las <strong>zapatillas autoabrochables<\/strong> aunque por el momento parece que no est\u00e1n a\u00fan.<\/p>\n<p><img loading=\"lazy\" decoding=\"async\" class=\"aligncenter size-full wp-image-3593\" src=\"https:\/\/oui-oui.es\/blog\/wp-content\/uploads\/2015\/10\/Oui-Oui-nike-regreso-al-futuro.jpg\" alt=\"Oui Oui-nike regreso al futuro\" width=\"640\" height=\"360\" srcset=\"https:\/\/oui-oui.es\/blog\/wp-content\/uploads\/2015\/10\/Oui-Oui-nike-regreso-al-futuro.jpg 640w, https:\/\/oui-oui.es\/blog\/wp-content\/uploads\/2015\/10\/Oui-Oui-nike-regreso-al-futuro-300x169.jpg 300w, https:\/\/oui-oui.es\/blog\/wp-content\/uploads\/2015\/10\/Oui-Oui-nike-regreso-al-futuro-600x338.jpg 600w, https:\/\/oui-oui.es\/blog\/wp-content\/uploads\/2015\/10\/Oui-Oui-nike-regreso-al-futuro-500x280.jpg 500w\" sizes=\"auto, (max-width: 640px) 100vw, 640px\" \/><\/p>\n<p><img loading=\"lazy\" decoding=\"async\" class=\"aligncenter size-full wp-image-3592\" src=\"https:\/\/oui-oui.es\/blog\/wp-content\/uploads\/2015\/10\/Oui-Oui-homenaje-regreso-al-futuro-nike.jpg\" alt=\"Oui Oui-homenaje regreso al futuro-nike\" width=\"600\" height=\"450\" srcset=\"https:\/\/oui-oui.es\/blog\/wp-content\/uploads\/2015\/10\/Oui-Oui-homenaje-regreso-al-futuro-nike.jpg 600w, https:\/\/oui-oui.es\/blog\/wp-content\/uploads\/2015\/10\/Oui-Oui-homenaje-regreso-al-futuro-nike-300x225.jpg 300w\" sizes=\"auto, (max-width: 600px) 100vw, 600px\" \/><\/p>\n<p>Y en <strong>Pizza Hut Francia<\/strong> hoy ofrecen una <strong>pizza con los dos sabores que sal\u00edan en la peli<\/strong> ( aunque realmente se trata de una \u201cpizza deshidratada\u201d que se cocina en un \u201chidratador de comida\u201d, haciendo que una mini pizza se convierta en una pizza totalmente normal, como cuentan en La Criatura Creativa)<\/p>\n<p><a href=\"https:\/\/oui-oui.es\/blog\/wp-content\/uploads\/2015\/10\/Oui-Oui-homenaje-regreso-al-futuro-pizza-hut.jpe\"><img loading=\"lazy\" decoding=\"async\" class=\"aligncenter size-full wp-image-3594\" src=\"https:\/\/oui-oui.es\/blog\/wp-content\/uploads\/2015\/10\/Oui-Oui-homenaje-regreso-al-futuro-pizza-hut.jpe\" alt=\"Oui Oui-homenaje regreso al futuro-pizza hut\" width=\"318\" height=\"159\" srcset=\"https:\/\/oui-oui.es\/blog\/wp-content\/uploads\/2015\/10\/Oui-Oui-homenaje-regreso-al-futuro-pizza-hut.jpe 318w, https:\/\/oui-oui.es\/blog\/wp-content\/uploads\/2015\/10\/Oui-Oui-homenaje-regreso-al-futuro-pizza-hut-300x150.jpe 300w\" sizes=\"auto, (max-width: 318px) 100vw, 318px\" \/><\/a><\/p>\n<p>Si has nacido entre los 70 y los 90 seguro que te hace ilusi\u00f3n m\u00e1s de uno de estos productos!<\/p>\n<p><strong>Fuentes:<\/strong><\/p>\n<p><a href=\"http:\/\/lacriaturacreativa.com\/2015\/10\/las-marcas-que-rinden-homenaje-hoy-a-regreso-al-futuro-2\/\" target=\"_blank\">La criatura creativa<\/a><\/p>\n<p><a href=\"http:\/\/www.expansion.com\/tecnologia\/2015\/10\/19\/5624bca8e2704ee51b8b4666.html\" target=\"_blank\">Expansi\u00f3n<\/a><\/p>\n<p>&nbsp;<\/p>\n<p>&nbsp;<\/p>\n<p>&nbsp;<\/p>\n<p>&nbsp;<\/p>\n<p>&nbsp;<\/p>\n","protected":false},"excerpt":{"rendered":"<p>Hoy es el d\u00eda, el d\u00eda en el que Marty McFly llega al futuro; 21\/10\/2015, en ese regreso al futuro varias marcas son protagonistas de la pel\u00edcula y, 25 a\u00f1os despu\u00e9s, han creado los productos de la pel\u00edcula Regreso al Futuro II para homenajear el momento. Nosotros no hemos podido resistirnos y hemos hecho nuestro [&hellip;]<\/p>\n","protected":false},"author":1,"featured_media":3586,"comment_status":"open","ping_status":"open","sticky":false,"template":"","format":"standard","meta":{"jetpack_post_was_ever_published":false,"_jetpack_newsletter_access":"","_jetpack_dont_email_post_to_subs":false,"_jetpack_newsletter_tier_id":0,"_jetpack_memberships_contains_paywalled_content":false,"_jetpack_memberships_contains_paid_content":false,"footnotes":"","jetpack_publicize_message":"","jetpack_publicize_feature_enabled":true,"jetpack_social_post_already_shared":true,"jetpack_social_options":{"image_generator_settings":{"template":"highway","default_image_id":0,"font":"","enabled":false},"version":2}},"categories":[13,175],"tags":[340,529],"class_list":["post-3585","post","type-post","status-publish","format-standard","has-post-thumbnail","hentry","category-oui-oui","category-puertas-para-el-ratoncito-perez","tag-puertas-ratoncito-perez","tag-tendencias"],"aioseo_notices":[],"jetpack_publicize_connections":[],"jetpack_featured_media_url":"https:\/\/oui-oui.es\/blog\/wp-content\/uploads\/2015\/10\/Oui-Oui-uerta-ratoncito-p\u00e9rez-victoriana-edici\u00f3n-especial-regreso-al-futuro-II-1-e1445421346715.jpg","jetpack_sharing_enabled":true,"jetpack-related-posts":[{"id":3643,"url":"https:\/\/oui-oui.es\/blog\/las-puertas-del-ratoncito-perez-de-octubre\/","url_meta":{"origin":3585,"position":0},"title":"Las puertas del ratoncito P\u00e9rez de octubre","author":"Mar\u00eda \u2665Oui Oui\u2665","date":"29 octubre, 2015","format":false,"excerpt":"No s\u00e9 que ha pasado en verano que se me hab\u00eda olvidado compartir por aqu\u00ed alguno de los modelos m\u00e1s originales o diferentes que hemos hecho de las puertas del ratoncito P\u00e9rez, as\u00ed que hoy vuelvo con m\u00e1s ganas que nunca con esta secci\u00f3n ;) Una de las m\u00e1s trabajosas\u2026","rel":"","context":"En \u00abPUERTAS RATONCITO P\u00c9REZ\u00bb","block_context":{"text":"PUERTAS RATONCITO P\u00c9REZ","link":"https:\/\/oui-oui.es\/blog\/category\/puertas-para-el-ratoncito-perez\/"},"img":{"alt_text":"","src":"https:\/\/i0.wp.com\/oui-oui.es\/blog\/wp-content\/uploads\/2015\/10\/Oui-Oui-puerta-ratoncito-perez-els-patufets.jpg?resize=350%2C200&ssl=1","width":350,"height":200,"srcset":"https:\/\/i0.wp.com\/oui-oui.es\/blog\/wp-content\/uploads\/2015\/10\/Oui-Oui-puerta-ratoncito-perez-els-patufets.jpg?resize=350%2C200&ssl=1 1x, https:\/\/i0.wp.com\/oui-oui.es\/blog\/wp-content\/uploads\/2015\/10\/Oui-Oui-puerta-ratoncito-perez-els-patufets.jpg?resize=525%2C300&ssl=1 1.5x, https:\/\/i0.wp.com\/oui-oui.es\/blog\/wp-content\/uploads\/2015\/10\/Oui-Oui-puerta-ratoncito-perez-els-patufets.jpg?resize=700%2C400&ssl=1 2x, https:\/\/i0.wp.com\/oui-oui.es\/blog\/wp-content\/uploads\/2015\/10\/Oui-Oui-puerta-ratoncito-perez-els-patufets.jpg?resize=1050%2C600&ssl=1 3x, https:\/\/i0.wp.com\/oui-oui.es\/blog\/wp-content\/uploads\/2015\/10\/Oui-Oui-puerta-ratoncito-perez-els-patufets.jpg?resize=1400%2C800&ssl=1 4x"},"classes":[]},{"id":1971,"url":"https:\/\/oui-oui.es\/blog\/las-puertas-del-ratoncito-perez-en-febrero\/","url_meta":{"origin":3585,"position":1},"title":"Las puertas del ratoncito P\u00e9rez en febrero","author":"Mar\u00eda \u2665Oui Oui\u2665","date":"3 marzo, 2015","format":false,"excerpt":"Cada d\u00eda tenemos pedidos diferentes de las puertas del ratoncito P\u00e9rez y la verdad es que nos encantan aquellos especialmente diferentes, por el color que ped\u00eds, por la historia que hay detr\u00e1s o por la composici\u00f3n que hago para la foto. As\u00ed que me he propuesto compartir con vosotros aquellas\u2026","rel":"","context":"En \u00abPUERTAS RATONCITO P\u00c9REZ\u00bb","block_context":{"text":"PUERTAS RATONCITO P\u00c9REZ","link":"https:\/\/oui-oui.es\/blog\/category\/puertas-para-el-ratoncito-perez\/"},"img":{"alt_text":"","src":"https:\/\/i0.wp.com\/oui-oui.es\/blog\/wp-content\/uploads\/2015\/03\/oui-oui-puerta-ratoncito-perez-mint-nutella.jpg?resize=350%2C200&ssl=1","width":350,"height":200,"srcset":"https:\/\/i0.wp.com\/oui-oui.es\/blog\/wp-content\/uploads\/2015\/03\/oui-oui-puerta-ratoncito-perez-mint-nutella.jpg?resize=350%2C200&ssl=1 1x, https:\/\/i0.wp.com\/oui-oui.es\/blog\/wp-content\/uploads\/2015\/03\/oui-oui-puerta-ratoncito-perez-mint-nutella.jpg?resize=525%2C300&ssl=1 1.5x"},"classes":[]},{"id":10866,"url":"https:\/\/oui-oui.es\/blog\/algunas-puertas-del-ratoncito-perez-de-mayo\/","url_meta":{"origin":3585,"position":2},"title":"Algunas puertas del ratoncito P\u00e9rez de mayo","author":"Mar\u00eda \u2665Oui Oui\u2665","date":"21 mayo, 2024","format":false,"excerpt":"Algunas de las Puertas para el Ratoncito P\u00e9rez que hemos hecho en el \u00faltimo mes.","rel":"","context":"En \u00abPUERTAS RATONCITO P\u00c9REZ\u00bb","block_context":{"text":"PUERTAS RATONCITO P\u00c9REZ","link":"https:\/\/oui-oui.es\/blog\/category\/puertas-para-el-ratoncito-perez\/"},"img":{"alt_text":"","src":"https:\/\/i0.wp.com\/oui-oui.es\/blog\/wp-content\/uploads\/2024\/05\/Oui-Oui-Puerta-Ratoncito-Perez-Ratoncitos-Maileg-Autenticas-Puertas-Ratoncito-Perez-6-scaled.jpg?resize=350%2C200&ssl=1","width":350,"height":200,"srcset":"https:\/\/i0.wp.com\/oui-oui.es\/blog\/wp-content\/uploads\/2024\/05\/Oui-Oui-Puerta-Ratoncito-Perez-Ratoncitos-Maileg-Autenticas-Puertas-Ratoncito-Perez-6-scaled.jpg?resize=350%2C200&ssl=1 1x, https:\/\/i0.wp.com\/oui-oui.es\/blog\/wp-content\/uploads\/2024\/05\/Oui-Oui-Puerta-Ratoncito-Perez-Ratoncitos-Maileg-Autenticas-Puertas-Ratoncito-Perez-6-scaled.jpg?resize=525%2C300&ssl=1 1.5x, https:\/\/i0.wp.com\/oui-oui.es\/blog\/wp-content\/uploads\/2024\/05\/Oui-Oui-Puerta-Ratoncito-Perez-Ratoncitos-Maileg-Autenticas-Puertas-Ratoncito-Perez-6-scaled.jpg?resize=700%2C400&ssl=1 2x, https:\/\/i0.wp.com\/oui-oui.es\/blog\/wp-content\/uploads\/2024\/05\/Oui-Oui-Puerta-Ratoncito-Perez-Ratoncitos-Maileg-Autenticas-Puertas-Ratoncito-Perez-6-scaled.jpg?resize=1050%2C600&ssl=1 3x, https:\/\/i0.wp.com\/oui-oui.es\/blog\/wp-content\/uploads\/2024\/05\/Oui-Oui-Puerta-Ratoncito-Perez-Ratoncitos-Maileg-Autenticas-Puertas-Ratoncito-Perez-6-scaled.jpg?resize=1400%2C800&ssl=1 4x"},"classes":[]},{"id":4546,"url":"https:\/\/oui-oui.es\/blog\/las-puertas-del-ratoncito-de-junio\/","url_meta":{"origin":3585,"position":3},"title":"Las puertas del ratoncito de junio","author":"Mar\u00eda \u2665Oui Oui\u2665","date":"28 junio, 2016","format":false,"excerpt":"\u00a0 Con junio lleg\u00f3 el calor, las terracitas y la vida al aire libre, el ratoncito P\u00e9rez no pod\u00eda ser menos y hemos tra\u00eddo un mont\u00f3n de complementos nuevos para hacerle m\u00e1s fresca y alegre la visita a casa; una planta, una bici (por si quiere moverse en ella entre\u2026","rel":"","context":"En \u00abPUERTAS RATONCITO P\u00c9REZ\u00bb","block_context":{"text":"PUERTAS RATONCITO P\u00c9REZ","link":"https:\/\/oui-oui.es\/blog\/category\/puertas-para-el-ratoncito-perez\/"},"img":{"alt_text":"","src":"https:\/\/i0.wp.com\/oui-oui.es\/blog\/wp-content\/uploads\/2016\/06\/Oui-Oui-puertas-ratoncito-p%C3%A9rez-ratoncitos-maileg-mint.jpg?resize=350%2C200&ssl=1","width":350,"height":200,"srcset":"https:\/\/i0.wp.com\/oui-oui.es\/blog\/wp-content\/uploads\/2016\/06\/Oui-Oui-puertas-ratoncito-p%C3%A9rez-ratoncitos-maileg-mint.jpg?resize=350%2C200&ssl=1 1x, https:\/\/i0.wp.com\/oui-oui.es\/blog\/wp-content\/uploads\/2016\/06\/Oui-Oui-puertas-ratoncito-p%C3%A9rez-ratoncitos-maileg-mint.jpg?resize=525%2C300&ssl=1 1.5x, https:\/\/i0.wp.com\/oui-oui.es\/blog\/wp-content\/uploads\/2016\/06\/Oui-Oui-puertas-ratoncito-p%C3%A9rez-ratoncitos-maileg-mint.jpg?resize=700%2C400&ssl=1 2x, https:\/\/i0.wp.com\/oui-oui.es\/blog\/wp-content\/uploads\/2016\/06\/Oui-Oui-puertas-ratoncito-p%C3%A9rez-ratoncitos-maileg-mint.jpg?resize=1050%2C600&ssl=1 3x, https:\/\/i0.wp.com\/oui-oui.es\/blog\/wp-content\/uploads\/2016\/06\/Oui-Oui-puertas-ratoncito-p%C3%A9rez-ratoncitos-maileg-mint.jpg?resize=1400%2C800&ssl=1 4x"},"classes":[]},{"id":2495,"url":"https:\/\/oui-oui.es\/blog\/las-puertas-del-ratoncito-perez-de-mayo\/","url_meta":{"origin":3585,"position":4},"title":"Las puertas del ratoncito P\u00e9rez de mayo","author":"Mar\u00eda \u2665Oui Oui\u2665","date":"1 junio, 2015","format":false,"excerpt":"\u00a0 Creo que me he saltado un par de meses porque hemos tenido mucho l\u00edo, pero no quer\u00eda dejar de ense\u00f1aros por aqu\u00ed alguna de las puertas para el ratoncito P\u00e9rez que hemos hecho este mes, como sab\u00e9is, las hacemos personalizadas\u00a0con el n\u00famero o nombre que quer\u00e1is, as\u00ed como con\u2026","rel":"","context":"En \u00abNI\u00d1OS Y NI\u00d1AS\u00bb","block_context":{"text":"NI\u00d1OS Y NI\u00d1AS","link":"https:\/\/oui-oui.es\/blog\/category\/ninos\/"},"img":{"alt_text":"","src":"https:\/\/i0.wp.com\/oui-oui.es\/blog\/wp-content\/uploads\/2015\/06\/oui-oui-edicion-especial-puerta-ratocnito-pc3a9rez-san-isidro-puerta-chulapa.jpg?resize=350%2C200&ssl=1","width":350,"height":200},"classes":[]},{"id":4397,"url":"https:\/\/oui-oui.es\/blog\/las-puertas-del-ratoncito-perez-de-mayo-2\/","url_meta":{"origin":3585,"position":5},"title":"Las puertas del ratoncito P\u00e9rez de mayo","author":"Mar\u00eda \u2665Oui Oui\u2665","date":"3 junio, 2016","format":false,"excerpt":"Durante las \u00faltimas semanas hemos hecho algunas puertas para el ratoncito P\u00e9rez m\u00e1s especiales, llev\u00e1bamos un tiempo trabajando en una de las m\u00e1s personalizadas que hemos ehcho hasta el momento y por fin vio la luz...Se trata de la puerta del rat\u00f3n P\u00e9rez de la pasteler\u00eda Motteau en el Barrio\u2026","rel":"","context":"En \u00abNI\u00d1OS Y NI\u00d1AS\u00bb","block_context":{"text":"NI\u00d1OS Y NI\u00d1AS","link":"https:\/\/oui-oui.es\/blog\/category\/ninos\/"},"img":{"alt_text":"","src":"https:\/\/i0.wp.com\/oui-oui.es\/blog\/wp-content\/uploads\/2016\/06\/Oui-Oui-puerta-ratoncito-P%C3%A9rez-Motteau-bakery-madrid.jpg?resize=350%2C200&ssl=1","width":350,"height":200,"srcset":"https:\/\/i0.wp.com\/oui-oui.es\/blog\/wp-content\/uploads\/2016\/06\/Oui-Oui-puerta-ratoncito-P%C3%A9rez-Motteau-bakery-madrid.jpg?resize=350%2C200&ssl=1 1x, https:\/\/i0.wp.com\/oui-oui.es\/blog\/wp-content\/uploads\/2016\/06\/Oui-Oui-puerta-ratoncito-P%C3%A9rez-Motteau-bakery-madrid.jpg?resize=525%2C300&ssl=1 1.5x, https:\/\/i0.wp.com\/oui-oui.es\/blog\/wp-content\/uploads\/2016\/06\/Oui-Oui-puerta-ratoncito-P%C3%A9rez-Motteau-bakery-madrid.jpg?resize=700%2C400&ssl=1 2x, https:\/\/i0.wp.com\/oui-oui.es\/blog\/wp-content\/uploads\/2016\/06\/Oui-Oui-puerta-ratoncito-P%C3%A9rez-Motteau-bakery-madrid.jpg?resize=1050%2C600&ssl=1 3x, https:\/\/i0.wp.com\/oui-oui.es\/blog\/wp-content\/uploads\/2016\/06\/Oui-Oui-puerta-ratoncito-P%C3%A9rez-Motteau-bakery-madrid.jpg?resize=1400%2C800&ssl=1 4x"},"classes":[]}],"_links":{"self":[{"href":"https:\/\/oui-oui.es\/blog\/wp-json\/wp\/v2\/posts\/3585","targetHints":{"allow":["GET"]}}],"collection":[{"href":"https:\/\/oui-oui.es\/blog\/wp-json\/wp\/v2\/posts"}],"about":[{"href":"https:\/\/oui-oui.es\/blog\/wp-json\/wp\/v2\/types\/post"}],"author":[{"embeddable":true,"href":"https:\/\/oui-oui.es\/blog\/wp-json\/wp\/v2\/users\/1"}],"replies":[{"embeddable":true,"href":"https:\/\/oui-oui.es\/blog\/wp-json\/wp\/v2\/comments?post=3585"}],"version-history":[{"count":1,"href":"https:\/\/oui-oui.es\/blog\/wp-json\/wp\/v2\/posts\/3585\/revisions"}],"predecessor-version":[{"id":3595,"href":"https:\/\/oui-oui.es\/blog\/wp-json\/wp\/v2\/posts\/3585\/revisions\/3595"}],"wp:featuredmedia":[{"embeddable":true,"href":"https:\/\/oui-oui.es\/blog\/wp-json\/wp\/v2\/media\/3586"}],"wp:attachment":[{"href":"https:\/\/oui-oui.es\/blog\/wp-json\/wp\/v2\/media?parent=3585"}],"wp:term":[{"taxonomy":"category","embeddable":true,"href":"https:\/\/oui-oui.es\/blog\/wp-json\/wp\/v2\/categories?post=3585"},{"taxonomy":"post_tag","embeddable":true,"href":"https:\/\/oui-oui.es\/blog\/wp-json\/wp\/v2\/tags?post=3585"}],"curies":[{"name":"wp","href":"https:\/\/api.w.org\/{rel}","templated":true}]}}