{"id":3596,"date":"2015-10-22T17:50:53","date_gmt":"2015-10-22T15:50:53","guid":{"rendered":"https:\/\/oui-oui.es\/blog\/?p=3596"},"modified":"2015-10-22T17:52:59","modified_gmt":"2015-10-22T15:52:59","slug":"el-otono-de-kolonaki","status":"publish","type":"post","link":"https:\/\/oui-oui.es\/blog\/el-otono-de-kolonaki\/","title":{"rendered":"El oto\u00f1o de Kolonaki"},"content":{"rendered":"<p><img loading=\"lazy\" decoding=\"async\" class=\"aligncenter size-full wp-image-3601\" src=\"https:\/\/oui-oui.es\/blog\/wp-content\/uploads\/2015\/10\/Oui-Oui-kolonaki-madrid-kolonaki-oto\u00f1o-2016-5.jpg\" alt=\"Oui Oui-kolonaki madrid-kolonaki oto\u00f1o 2016 (5)\" width=\"720\" height=\"720\" srcset=\"https:\/\/oui-oui.es\/blog\/wp-content\/uploads\/2015\/10\/Oui-Oui-kolonaki-madrid-kolonaki-oto\u00f1o-2016-5.jpg 720w, https:\/\/oui-oui.es\/blog\/wp-content\/uploads\/2015\/10\/Oui-Oui-kolonaki-madrid-kolonaki-oto\u00f1o-2016-5-150x150.jpg 150w, https:\/\/oui-oui.es\/blog\/wp-content\/uploads\/2015\/10\/Oui-Oui-kolonaki-madrid-kolonaki-oto\u00f1o-2016-5-300x300.jpg 300w, https:\/\/oui-oui.es\/blog\/wp-content\/uploads\/2015\/10\/Oui-Oui-kolonaki-madrid-kolonaki-oto\u00f1o-2016-5-600x600.jpg 600w\" sizes=\"auto, (max-width: 720px) 100vw, 720px\" \/><\/p>\n<p>Cada temporada se superan, llevo enamorada de las colecciones de <strong>Kolonaki<\/strong> desde que conoc\u00ed a su creadora en la primera pop up que hice con <strong>Oui Oui<\/strong>, siempre quiero escribir sobre sus <strong>tejidos, cortes sencillos pero con tres o cuatro detalles que los hacen especiales<\/strong>, con ese <strong>toque entre campestre y chic<\/strong>, sabiendo escoger cada estampado y tejido con maestr\u00eda.<\/p>\n<style>.eic-frame-3604 { width: 500px; height:500px; background-color: #ffffff; border: 1px solid #ffffff; }.eic-frame-3604 .eic-image { border: 1px solid #ffffff; }<\/style><div class=\"eic-container\"><div class=\"eic-frame eic-frame-3604 eic-frame-2-col\" data-layout-name=\"2-col\" data-orig-width=\"500\" data-orig-border=\"1\" data-ratio=\"1\"><div class=\"eic-cols\"><div class=\"eic-col eic-child-1\" style=\"top: 0; bottom: 0; left: 0; right: 50%; width: 50%;\"><div class=\"eic-image eic-image-0\" data-size-x=\"333.3333333333333\" data-size-y=\"500\" data-pos-x=\"-41.16666666666666\" data-pos-y=\"0\"><img decoding=\"async\" src=\"https:\/\/oui-oui.es\/blog\/wp-content\/uploads\/2015\/10\/Oui-Oui-kolonaki-madrid-kolonaki-oto\u00f1o-2016-3.jpg\" style=\"width: 333px !important;height: 500px !important;max-width: none !important;max-height: none !important;position: absolute !important;left: -41.16666666666666px !important;top: 0px !important;padding: 0 !important;margin: 0 !important;border: none !important;\" title=\"Oui Oui-kolonaki madrid-kolonaki oto\u00f1o 2016 (3)\" alt=\"Oui Oui-kolonaki madrid-kolonaki oto\u00f1o 2016 (3)\" \/><\/div><\/div><div class=\"eic-col eic-child-2\" style=\"top: 0; bottom: 0; right: 0; left: 50%; width: 50%;\"><div class=\"eic-image eic-image-1\" data-size-x=\"333.3333333333333\" data-size-y=\"500\" data-pos-x=\"-41.16666666666666\" data-pos-y=\"0\"><img decoding=\"async\" src=\"https:\/\/oui-oui.es\/blog\/wp-content\/uploads\/2015\/10\/Oui-Oui-kolonaki-madrid-kolonaki-oto\u00f1o-2016-4.jpg\" style=\"width: 333px !important;height: 500px !important;max-width: none !important;max-height: none !important;position: absolute !important;left: -41.16666666666666px !important;top: 0px !important;padding: 0 !important;margin: 0 !important;border: none !important;\" title=\"Oui Oui-kolonaki madrid-kolonaki oto\u00f1o 2016 (4)\" alt=\"Oui Oui-kolonaki madrid-kolonaki oto\u00f1o 2016 (4)\" \/><\/div><\/div><\/div><\/div><\/div>\n<p>Este vestido es, simplemente, precioso.<\/p>\n<p><img loading=\"lazy\" decoding=\"async\" class=\"aligncenter size-full wp-image-3603\" src=\"https:\/\/oui-oui.es\/blog\/wp-content\/uploads\/2015\/10\/Oui-Oui-kolonaki-madrid-kolonaki-oto\u00f1o-2016-7.jpg\" alt=\"Oui Oui-kolonaki madrid-kolonaki oto\u00f1o 2016 (7)\" width=\"720\" height=\"720\" srcset=\"https:\/\/oui-oui.es\/blog\/wp-content\/uploads\/2015\/10\/Oui-Oui-kolonaki-madrid-kolonaki-oto\u00f1o-2016-7.jpg 720w, https:\/\/oui-oui.es\/blog\/wp-content\/uploads\/2015\/10\/Oui-Oui-kolonaki-madrid-kolonaki-oto\u00f1o-2016-7-150x150.jpg 150w, https:\/\/oui-oui.es\/blog\/wp-content\/uploads\/2015\/10\/Oui-Oui-kolonaki-madrid-kolonaki-oto\u00f1o-2016-7-300x300.jpg 300w, https:\/\/oui-oui.es\/blog\/wp-content\/uploads\/2015\/10\/Oui-Oui-kolonaki-madrid-kolonaki-oto\u00f1o-2016-7-600x600.jpg 600w\" sizes=\"auto, (max-width: 720px) 100vw, 720px\" \/><\/p>\n<p>Ahora embarazada ni me lo planteo, pero me voy a poner como meta un Kolonaki para recuperarme r\u00e1pido del postparto \ud83d\ude09<\/p>\n<p><img loading=\"lazy\" decoding=\"async\" class=\"aligncenter size-full wp-image-3602\" src=\"https:\/\/oui-oui.es\/blog\/wp-content\/uploads\/2015\/10\/Oui-Oui-kolonaki-madrid-kolonaki-oto\u00f1o-2016-6.jpg\" alt=\"Oui Oui-kolonaki madrid-kolonaki oto\u00f1o 2016 (6)\" width=\"480\" height=\"720\" srcset=\"https:\/\/oui-oui.es\/blog\/wp-content\/uploads\/2015\/10\/Oui-Oui-kolonaki-madrid-kolonaki-oto\u00f1o-2016-6.jpg 480w, https:\/\/oui-oui.es\/blog\/wp-content\/uploads\/2015\/10\/Oui-Oui-kolonaki-madrid-kolonaki-oto\u00f1o-2016-6-200x300.jpg 200w\" sizes=\"auto, (max-width: 480px) 100vw, 480px\" \/><\/p>\n<p><img loading=\"lazy\" decoding=\"async\" class=\"aligncenter size-full wp-image-3597\" src=\"https:\/\/oui-oui.es\/blog\/wp-content\/uploads\/2015\/10\/Oui-Oui-kolonaki-madrid-kolonaki-oto\u00f1o-2016-1.jpg\" alt=\"Oui Oui-kolonaki madrid-kolonaki oto\u00f1o 2016 (1)\" width=\"480\" height=\"720\" srcset=\"https:\/\/oui-oui.es\/blog\/wp-content\/uploads\/2015\/10\/Oui-Oui-kolonaki-madrid-kolonaki-oto\u00f1o-2016-1.jpg 480w, https:\/\/oui-oui.es\/blog\/wp-content\/uploads\/2015\/10\/Oui-Oui-kolonaki-madrid-kolonaki-oto\u00f1o-2016-1-200x300.jpg 200w\" sizes=\"auto, (max-width: 480px) 100vw, 480px\" \/><\/p>\n<p><img loading=\"lazy\" decoding=\"async\" class=\"aligncenter size-full wp-image-3598\" src=\"https:\/\/oui-oui.es\/blog\/wp-content\/uploads\/2015\/10\/Oui-Oui-kolonaki-madrid-kolonaki-oto\u00f1o-2016-2.jpg\" alt=\"Oui Oui-kolonaki madrid-kolonaki oto\u00f1o 2016 (2)\" width=\"523\" height=\"523\" srcset=\"https:\/\/oui-oui.es\/blog\/wp-content\/uploads\/2015\/10\/Oui-Oui-kolonaki-madrid-kolonaki-oto\u00f1o-2016-2.jpg 523w, https:\/\/oui-oui.es\/blog\/wp-content\/uploads\/2015\/10\/Oui-Oui-kolonaki-madrid-kolonaki-oto\u00f1o-2016-2-150x150.jpg 150w, https:\/\/oui-oui.es\/blog\/wp-content\/uploads\/2015\/10\/Oui-Oui-kolonaki-madrid-kolonaki-oto\u00f1o-2016-2-300x300.jpg 300w\" sizes=\"auto, (max-width: 523px) 100vw, 523px\" \/><\/p>\n<p>\u00bfNo os encanta tambi\u00e9n?<\/p>\n","protected":false},"excerpt":{"rendered":"<p>Cada temporada se superan, llevo enamorada de las colecciones de Kolonaki desde que conoc\u00ed a su creadora en la primera pop up que hice con Oui Oui, siempre quiero escribir sobre sus tejidos, cortes sencillos pero con tres o cuatro detalles que los hacen especiales, con ese toque entre campestre y chic, sabiendo escoger cada [&hellip;]<\/p>\n","protected":false},"author":1,"featured_media":3601,"comment_status":"open","ping_status":"open","sticky":false,"template":"","format":"standard","meta":{"jetpack_post_was_ever_published":false,"_jetpack_newsletter_access":"","_jetpack_dont_email_post_to_subs":false,"_jetpack_newsletter_tier_id":0,"_jetpack_memberships_contains_paywalled_content":false,"_jetpack_memberships_contains_paid_content":false,"footnotes":"","jetpack_publicize_message":"","jetpack_publicize_feature_enabled":true,"jetpack_social_post_already_shared":true,"jetpack_social_options":{"image_generator_settings":{"template":"highway","default_image_id":0,"font":"","enabled":false},"version":2}},"categories":[704,177],"tags":[44,716,529],"class_list":["post-3596","post","type-post","status-publish","format-standard","has-post-thumbnail","hentry","category-boda","category-lifestyle-2","tag-boda-campestre","tag-looks-boda","tag-tendencias"],"aioseo_notices":[],"jetpack_publicize_connections":[],"jetpack_featured_media_url":"https:\/\/oui-oui.es\/blog\/wp-content\/uploads\/2015\/10\/Oui-Oui-kolonaki-madrid-kolonaki-oto\u00f1o-2016-5.jpg","jetpack_sharing_enabled":true,"jetpack-related-posts":[{"id":1037,"url":"https:\/\/oui-oui.es\/blog\/vestidos-de-invierno\/","url_meta":{"origin":3596,"position":0},"title":"Vestidos de Invierno","author":"Mar\u00eda \u2665Oui Oui\u2665","date":"22 noviembre, 2013","format":false,"excerpt":"Cada vez me gustan m\u00e1s las bodas de oto\u00f1o e invierno, tanto como invitada como de novia (si me volviera a casar varias veces, que para la primera reboda ya tenemos el sitio y es mejor en verano ;) ). Este a\u00f1o, cuando parec\u00eda que ya no habr\u00eda casi bodas\u2026","rel":"","context":"En \u00abBoda\u00bb","block_context":{"text":"Boda","link":"https:\/\/oui-oui.es\/blog\/category\/fiestas-celebraciones\/boda\/"},"img":{"alt_text":"","src":"https:\/\/i0.wp.com\/oui-oui.es\/blog\/wp-content\/uploads\/oui-oui-invitadas-de-invierno-vestidos-boda-invierno-kolonaki-vestido-largo-rosa.jpg?resize=350%2C200&ssl=1","width":350,"height":200,"srcset":"https:\/\/i0.wp.com\/oui-oui.es\/blog\/wp-content\/uploads\/oui-oui-invitadas-de-invierno-vestidos-boda-invierno-kolonaki-vestido-largo-rosa.jpg?resize=350%2C200&ssl=1 1x, https:\/\/i0.wp.com\/oui-oui.es\/blog\/wp-content\/uploads\/oui-oui-invitadas-de-invierno-vestidos-boda-invierno-kolonaki-vestido-largo-rosa.jpg?resize=525%2C300&ssl=1 1.5x, https:\/\/i0.wp.com\/oui-oui.es\/blog\/wp-content\/uploads\/oui-oui-invitadas-de-invierno-vestidos-boda-invierno-kolonaki-vestido-largo-rosa.jpg?resize=700%2C400&ssl=1 2x"},"classes":[]},{"id":783,"url":"https:\/\/oui-oui.es\/blog\/la-resaca-de-say-i-do\/","url_meta":{"origin":3596,"position":1},"title":"La resaca de Say I Do!","author":"Mar\u00eda \u2665Oui Oui\u2665","date":"6 junio, 2013","format":false,"excerpt":"He tardado unos d\u00edas en recuperarme pero aqu\u00ed estoy de vuelta!, despu\u00e9s de cuatro d\u00edas intens\u00edsimos (m\u00e1s dos de preparaci\u00f3n) en Say I Do! en el espacio 1001 Atmosphera no puedo estar m\u00e1s contenta con la experiencia :) Por el fant\u00e1stico espacio con el que contamos, porque el stand gust\u00f3\u2026","rel":"","context":"En \u00abBoda\u00bb","block_context":{"text":"Boda","link":"https:\/\/oui-oui.es\/blog\/category\/fiestas-celebraciones\/boda\/"},"img":{"alt_text":"","src":"https:\/\/i0.wp.com\/oui-oui.es\/blog\/wp-content\/uploads\/oui-oui-pop-up-say-i-do-1001-atmosphera-stand-oui-oui-completo.jpg?resize=350%2C200&ssl=1","width":350,"height":200,"srcset":"https:\/\/i0.wp.com\/oui-oui.es\/blog\/wp-content\/uploads\/oui-oui-pop-up-say-i-do-1001-atmosphera-stand-oui-oui-completo.jpg?resize=350%2C200&ssl=1 1x, https:\/\/i0.wp.com\/oui-oui.es\/blog\/wp-content\/uploads\/oui-oui-pop-up-say-i-do-1001-atmosphera-stand-oui-oui-completo.jpg?resize=525%2C300&ssl=1 1.5x, https:\/\/i0.wp.com\/oui-oui.es\/blog\/wp-content\/uploads\/oui-oui-pop-up-say-i-do-1001-atmosphera-stand-oui-oui-completo.jpg?resize=700%2C400&ssl=1 2x, https:\/\/i0.wp.com\/oui-oui.es\/blog\/wp-content\/uploads\/oui-oui-pop-up-say-i-do-1001-atmosphera-stand-oui-oui-completo.jpg?resize=1050%2C600&ssl=1 3x, https:\/\/i0.wp.com\/oui-oui.es\/blog\/wp-content\/uploads\/oui-oui-pop-up-say-i-do-1001-atmosphera-stand-oui-oui-completo.jpg?resize=1400%2C800&ssl=1 4x"},"classes":[]},{"id":804,"url":"https:\/\/oui-oui.es\/blog\/tarros-de-cristal-pegatinas-de-pizarra\/","url_meta":{"origin":3596,"position":2},"title":"Tarros de cristal &#038; Pegatinas de Pizarra","author":"Mar\u00eda \u2665Oui Oui\u2665","date":"14 junio, 2013","format":false,"excerpt":"Ha sido ver la foto de los vasos de limonada rosa con etiquetas de pizarra para poner el nombre de cada invitado y querer buscar m\u00e1s. Una idea f\u00e1cil para que cada uno tenga controlado su vaso en las fiestas campestres, barbacoas o bodas r\u00fasticas y que adem\u00e1s puedes reutilizar\u2026","rel":"","context":"En \u00abBoda\u00bb","block_context":{"text":"Boda","link":"https:\/\/oui-oui.es\/blog\/category\/fiestas-celebraciones\/boda\/"},"img":{"alt_text":"","src":"https:\/\/i0.wp.com\/oui-oui.es\/blog\/wp-content\/uploads\/oui-oui-ideas-fiesta-campo-etiquetas-pizarra-botes-cristal-boda-campestre-limonada-rosa.jpg?resize=350%2C200&ssl=1","width":350,"height":200},"classes":[]},{"id":257,"url":"https:\/\/oui-oui.es\/blog\/un-sitting-campestre-con-tarros-de-cristal\/","url_meta":{"origin":3596,"position":3},"title":"Un sitting campestre con tarros de cristal","author":"Mar\u00eda \u2665Oui Oui\u2665","date":"5 diciembre, 2012","format":false,"excerpt":"Un aspecto de las bodas con el que me parece muy divertido jugar y convertirlo en detalle es el sitting (donde indicamos a los invitados d\u00f3nde deben sentarse). Y la idea de ponerle el nombre y el n\u00famero de mesa a cada uno en su vaso-tarro de cristal (Qu\u00e9 me\u2026","rel":"","context":"En \u00abBoda\u00bb","block_context":{"text":"Boda","link":"https:\/\/oui-oui.es\/blog\/category\/fiestas-celebraciones\/boda\/"},"img":{"alt_text":"","src":"https:\/\/i0.wp.com\/oui-oui.es\/blog\/wp-content\/uploads\/oui-oui-botes-cristal-como-vasos-boda-rustica-campestre.jpg?resize=350%2C200&ssl=1","width":350,"height":200,"srcset":"https:\/\/i0.wp.com\/oui-oui.es\/blog\/wp-content\/uploads\/oui-oui-botes-cristal-como-vasos-boda-rustica-campestre.jpg?resize=350%2C200&ssl=1 1x, https:\/\/i0.wp.com\/oui-oui.es\/blog\/wp-content\/uploads\/oui-oui-botes-cristal-como-vasos-boda-rustica-campestre.jpg?resize=525%2C300&ssl=1 1.5x"},"classes":[]},{"id":132,"url":"https:\/\/oui-oui.es\/blog\/una-boda-sencilla-llena-de-detalles-y-con-un-estilo-muy-campestre-parte-ii\/","url_meta":{"origin":3596,"position":4},"title":"Una boda sencilla, llena de detalles y con un estilo muy campestre (Parte II)","author":"Mar\u00eda \u2665Oui Oui\u2665","date":"21 noviembre, 2012","format":false,"excerpt":"No quiero ser pesada, as\u00ed que espero terminar con este post de contar lo bonita y divertida que fu\u00e9 nuestra boda. Otra cosa no s\u00e9, pero de lo que si podemos estar orgullosos fu\u00e9 del amor y el cari\u00f1o que se respiraba en el ambiente, por nuestra parte, pero tambi\u00e9n\u2026","rel":"","context":"En \u00abBoda\u00bb","block_context":{"text":"Boda","link":"https:\/\/oui-oui.es\/blog\/category\/fiestas-celebraciones\/boda\/"},"img":{"alt_text":"","src":"https:\/\/i0.wp.com\/oui-oui.es\/blog\/wp-content\/uploads\/oui-oui-boda-ma-hc3b3rreo-palacio-rubianes.jpg?resize=350%2C200&ssl=1","width":350,"height":200,"srcset":"https:\/\/i0.wp.com\/oui-oui.es\/blog\/wp-content\/uploads\/oui-oui-boda-ma-hc3b3rreo-palacio-rubianes.jpg?resize=350%2C200&ssl=1 1x, https:\/\/i0.wp.com\/oui-oui.es\/blog\/wp-content\/uploads\/oui-oui-boda-ma-hc3b3rreo-palacio-rubianes.jpg?resize=525%2C300&ssl=1 1.5x, https:\/\/i0.wp.com\/oui-oui.es\/blog\/wp-content\/uploads\/oui-oui-boda-ma-hc3b3rreo-palacio-rubianes.jpg?resize=700%2C400&ssl=1 2x, https:\/\/i0.wp.com\/oui-oui.es\/blog\/wp-content\/uploads\/oui-oui-boda-ma-hc3b3rreo-palacio-rubianes.jpg?resize=1050%2C600&ssl=1 3x, https:\/\/i0.wp.com\/oui-oui.es\/blog\/wp-content\/uploads\/oui-oui-boda-ma-hc3b3rreo-palacio-rubianes.jpg?resize=1400%2C800&ssl=1 4x"},"classes":[]},{"id":272,"url":"https:\/\/oui-oui.es\/blog\/el-ramo-de-una-boda-de-invierno\/","url_meta":{"origin":3596,"position":5},"title":"El ramo de una boda de invierno","author":"Mar\u00eda \u2665Oui Oui\u2665","date":"12 diciembre, 2012","format":false,"excerpt":"Uno de los detalles que m\u00e1s me gust\u00f3 de la boda de invierno en la que estuvimos hace dos semanas fu\u00e9 el ramo de la novia; nos sorprendi\u00f3 a todos con un ramo de barillas de algod\u00f3n; un ramo sencillo, pero muy c\u00e1lido, r\u00fastico pero que complementaba a la perfecci\u00f3n\u2026","rel":"","context":"En \u00abBoda\u00bb","block_context":{"text":"Boda","link":"https:\/\/oui-oui.es\/blog\/category\/fiestas-celebraciones\/boda\/"},"img":{"alt_text":"","src":"https:\/\/i0.wp.com\/oui-oui.es\/blog\/wp-content\/uploads\/boda-invierno-ramo-algodon-pedraza-vestido-novia-tul-chaqueta-militar-2.jpg?resize=350%2C200&ssl=1","width":350,"height":200,"srcset":"https:\/\/i0.wp.com\/oui-oui.es\/blog\/wp-content\/uploads\/boda-invierno-ramo-algodon-pedraza-vestido-novia-tul-chaqueta-militar-2.jpg?resize=350%2C200&ssl=1 1x, https:\/\/i0.wp.com\/oui-oui.es\/blog\/wp-content\/uploads\/boda-invierno-ramo-algodon-pedraza-vestido-novia-tul-chaqueta-militar-2.jpg?resize=525%2C300&ssl=1 1.5x, https:\/\/i0.wp.com\/oui-oui.es\/blog\/wp-content\/uploads\/boda-invierno-ramo-algodon-pedraza-vestido-novia-tul-chaqueta-militar-2.jpg?resize=700%2C400&ssl=1 2x, https:\/\/i0.wp.com\/oui-oui.es\/blog\/wp-content\/uploads\/boda-invierno-ramo-algodon-pedraza-vestido-novia-tul-chaqueta-militar-2.jpg?resize=1050%2C600&ssl=1 3x, https:\/\/i0.wp.com\/oui-oui.es\/blog\/wp-content\/uploads\/boda-invierno-ramo-algodon-pedraza-vestido-novia-tul-chaqueta-militar-2.jpg?resize=1400%2C800&ssl=1 4x"},"classes":[]}],"_links":{"self":[{"href":"https:\/\/oui-oui.es\/blog\/wp-json\/wp\/v2\/posts\/3596","targetHints":{"allow":["GET"]}}],"collection":[{"href":"https:\/\/oui-oui.es\/blog\/wp-json\/wp\/v2\/posts"}],"about":[{"href":"https:\/\/oui-oui.es\/blog\/wp-json\/wp\/v2\/types\/post"}],"author":[{"embeddable":true,"href":"https:\/\/oui-oui.es\/blog\/wp-json\/wp\/v2\/users\/1"}],"replies":[{"embeddable":true,"href":"https:\/\/oui-oui.es\/blog\/wp-json\/wp\/v2\/comments?post=3596"}],"version-history":[{"count":1,"href":"https:\/\/oui-oui.es\/blog\/wp-json\/wp\/v2\/posts\/3596\/revisions"}],"predecessor-version":[{"id":3605,"href":"https:\/\/oui-oui.es\/blog\/wp-json\/wp\/v2\/posts\/3596\/revisions\/3605"}],"wp:featuredmedia":[{"embeddable":true,"href":"https:\/\/oui-oui.es\/blog\/wp-json\/wp\/v2\/media\/3601"}],"wp:attachment":[{"href":"https:\/\/oui-oui.es\/blog\/wp-json\/wp\/v2\/media?parent=3596"}],"wp:term":[{"taxonomy":"category","embeddable":true,"href":"https:\/\/oui-oui.es\/blog\/wp-json\/wp\/v2\/categories?post=3596"},{"taxonomy":"post_tag","embeddable":true,"href":"https:\/\/oui-oui.es\/blog\/wp-json\/wp\/v2\/tags?post=3596"}],"curies":[{"name":"wp","href":"https:\/\/api.w.org\/{rel}","templated":true}]}}