{"id":3612,"date":"2015-10-26T18:29:14","date_gmt":"2015-10-26T16:29:14","guid":{"rendered":"https:\/\/oui-oui.es\/blog\/?p=3612"},"modified":"2015-10-29T14:43:18","modified_gmt":"2015-10-29T12:43:18","slug":"wishlist-para-embarazadas","status":"publish","type":"post","link":"https:\/\/oui-oui.es\/blog\/wishlist-para-embarazadas\/","title":{"rendered":"Wishlist para embarazadas"},"content":{"rendered":"<p>El segundo embarazo no es ni comparable al primero, empezando por una misma que no tiene ni la mitad de tiempo que antes y siguiendo por los dem\u00e1s, que tampoco lo ven con la misma ilusi\u00f3n que la primera vez.<\/p>\n<p>Y a las pruebas me remito&#8230;Estoy de seis meses y a\u00fan no me he comprado nada de embarazo (excepto la obligada ropa), cuando a estas alturas del embarazo de Mart\u00edn <strong>ten\u00eda medio armario lleno de cremas<\/strong> (de momento sobrevivo con una crema anti estr\u00edas que me regalaron en el <a href=\"https:\/\/oui-oui.es\/blog\/bloggers-y-marcas-lo-que-no-me-dio-tiempo-a-decir-en-malasmadres\/\" target=\"_blank\">III Encuentro de Madres Blogueras<\/a>), una <strong>almohada de lactancia para dormir<\/strong> (que sigo usando, si est\u00e1s pensando en un regalo para una embarazada, es de los mejores que me hicieron, eso s\u00ed, lo he usado en ambos embarazos para dormir, no para dar el pecho) y un mont\u00f3n de pijaditas de detalles&#8230;<\/p>\n<p>As\u00ed que me he propuesto cambiar \u00e9sto y voy a hacer una wishlist de embarazada \ud83d\ude09 algunas cosas son las que me apetecen a m\u00ed y otras ya las tengo pero creo que son un b\u00e1sico para cualquier embarazada.<\/p>\n<p><span style=\"text-decoration: underline;\"><strong>Los productos de Mamma Mio<\/strong><\/span><\/p>\n<p><img loading=\"lazy\" decoding=\"async\" class=\"aligncenter size-large wp-image-3613\" src=\"https:\/\/oui-oui.es\/blog\/wp-content\/uploads\/2015\/10\/Oui-Oui-crema-antiestr\u00edas-embarazo-mama-mio-olivia-soaps-1024x686.jpg\" alt=\"Oui Oui-crema antiestr\u00edas embarazo-mama mio-olivia soaps\" width=\"1024\" height=\"686\" srcset=\"https:\/\/oui-oui.es\/blog\/wp-content\/uploads\/2015\/10\/Oui-Oui-crema-antiestr\u00edas-embarazo-mama-mio-olivia-soaps.jpg 1024w, https:\/\/oui-oui.es\/blog\/wp-content\/uploads\/2015\/10\/Oui-Oui-crema-antiestr\u00edas-embarazo-mama-mio-olivia-soaps-300x201.jpg 300w, https:\/\/oui-oui.es\/blog\/wp-content\/uploads\/2015\/10\/Oui-Oui-crema-antiestr\u00edas-embarazo-mama-mio-olivia-soaps-600x402.jpg 600w\" sizes=\"auto, (max-width: 1024px) 100vw, 1024px\" \/><\/p>\n<p>La <strong>crema antiestr\u00edas<\/strong> o el <strong>tonificante de pecho<\/strong> fueron mis favoritos en el anterior embarazo, los tienes en <a href=\"http:\/\/www.oliviatheshop.com\/search?q=mama+mio&amp;submit=\" target=\"_blank\"><strong>Olivia the Shop<\/strong><\/a> \ud83d\ude09<\/p>\n<p><span style=\"text-decoration: underline;\"><strong>Un paquete de jam\u00f3n ib\u00e9rico congelado<\/strong><\/span><\/p>\n<p><img loading=\"lazy\" decoding=\"async\" class=\"aligncenter size-full wp-image-3615\" src=\"https:\/\/oui-oui.es\/blog\/wp-content\/uploads\/2015\/10\/Oui-Oui-jamon-iberico-para-embarazadas.jpg\" alt=\"Oui Oui-jamon iberico para embarazadas\" width=\"849\" height=\"565\" srcset=\"https:\/\/oui-oui.es\/blog\/wp-content\/uploads\/2015\/10\/Oui-Oui-jamon-iberico-para-embarazadas.jpg 849w, https:\/\/oui-oui.es\/blog\/wp-content\/uploads\/2015\/10\/Oui-Oui-jamon-iberico-para-embarazadas-300x200.jpg 300w, https:\/\/oui-oui.es\/blog\/wp-content\/uploads\/2015\/10\/Oui-Oui-jamon-iberico-para-embarazadas-600x399.jpg 600w\" sizes=\"auto, (max-width: 849px) 100vw, 849px\" \/><\/p>\n<p><strong>\u00bfAlguna marca de jam\u00f3n o tienda de comestibles se anima?<\/strong>, ser\u00eda tan f\u00e1cil como congelar algunos jamones ( o directamente los paquetes envasados al vac\u00edo) a menos de -20 grados durante m\u00e1s de dos d\u00edas y luego vender el paquete con el mensaje de que han pasado ese proceso&#8230;Mucha spersonas llevan un paquetito de jam\u00f3n o unas pulgas al hospital \u00bfpor que esperar hasta ese momento?, desde aqu\u00ed lanzo el guante a <strong>Pasteler\u00edas Mallorca<\/strong>, igual quieren innovar en \u00e9sto \ud83d\ude09<\/p>\n<p><span style=\"text-decoration: underline;\"><strong>Un coj\u00edn de lactancia<\/strong><\/span><\/p>\n<p><img loading=\"lazy\" decoding=\"async\" class=\"aligncenter size-large wp-image-3614\" src=\"https:\/\/oui-oui.es\/blog\/wp-content\/uploads\/2015\/10\/Oui-Oui-cojin-lactancia-almohada-embarazo-cojin-dormir-embarazo-1024x687.jpg\" alt=\"Oui Oui-cojin lactancia-almohada embarazo-cojin dormir embarazo\" width=\"1024\" height=\"687\" srcset=\"https:\/\/oui-oui.es\/blog\/wp-content\/uploads\/2015\/10\/Oui-Oui-cojin-lactancia-almohada-embarazo-cojin-dormir-embarazo-1024x687.jpg 1024w, https:\/\/oui-oui.es\/blog\/wp-content\/uploads\/2015\/10\/Oui-Oui-cojin-lactancia-almohada-embarazo-cojin-dormir-embarazo-300x201.jpg 300w, https:\/\/oui-oui.es\/blog\/wp-content\/uploads\/2015\/10\/Oui-Oui-cojin-lactancia-almohada-embarazo-cojin-dormir-embarazo-600x403.jpg 600w\" sizes=\"auto, (max-width: 1024px) 100vw, 1024px\" \/><\/p>\n<p>En teor\u00eda est\u00e1n pensados para apoyar a tu beb\u00e9 de forma m\u00e1s c\u00f3moda cuando das el pecho, a mi me resultaba mucho m\u00e1s c\u00f3modo hacerlo sin conj\u00edn, m\u00e1s recostado sobre m\u00ed. Sin embargo fue un <strong>descubrimiento para dormir comod\u00edsima<\/strong>, pues te adaptas la dureza (est\u00e1n rellenos de esas bolitas como de arena) al tama\u00f1o de la tripa y lo colocas entre las piernas y puedes dormir a pierna suelta, <span style=\"text-decoration: underline;\">es un imprescindible;<\/span> <a href=\"http:\/\/www.amazon.es\/gp\/product\/B008KKQIRG\/ref=as_li_ss_tl?ie=UTF8&amp;camp=3626&amp;creative=24822&amp;creativeASIN=B008KKQIRG&amp;linkCode=as2&amp;tag=ouou-21\" rel=\"nofollow\">Puedes comprarlo aqu\u00ed<\/a><img loading=\"lazy\" decoding=\"async\" style=\"border: none !important; margin: 0px !important;\" src=\"http:\/\/ir-es.amazon-adsystem.com\/e\/ir?t=ouou-21&amp;l=as2&amp;o=30&amp;a=B008KKQIRG\" alt=\"\" width=\"1\" height=\"1\" border=\"0\" \/><\/p>\n<p><span style=\"text-decoration: underline;\"><strong>Flores<\/strong><\/span><\/p>\n<div id=\"attachment_3616\" style=\"width: 650px\" class=\"wp-caption aligncenter\"><img loading=\"lazy\" decoding=\"async\" aria-describedby=\"caption-attachment-3616\" class=\"wp-image-3616 size-full\" src=\"https:\/\/oui-oui.es\/blog\/wp-content\/uploads\/2015\/10\/Oui-Oui-flores-para-emviar-a-embarazadas-sally-hambleton.jpg\" alt=\"Oui Oui-flores para emviar a embarazadas-sally hambleton\" width=\"640\" height=\"440\" srcset=\"https:\/\/oui-oui.es\/blog\/wp-content\/uploads\/2015\/10\/Oui-Oui-flores-para-emviar-a-embarazadas-sally-hambleton.jpg 640w, https:\/\/oui-oui.es\/blog\/wp-content\/uploads\/2015\/10\/Oui-Oui-flores-para-emviar-a-embarazadas-sally-hambleton-300x206.jpg 300w, https:\/\/oui-oui.es\/blog\/wp-content\/uploads\/2015\/10\/Oui-Oui-flores-para-emviar-a-embarazadas-sally-hambleton-600x413.jpg 600w\" sizes=\"auto, (max-width: 640px) 100vw, 640px\" \/><p id=\"caption-attachment-3616\" class=\"wp-caption-text\">Fotograf\u00eda de Luc\u00eda M<\/p><\/div>\n<p>Siempre son bien recibidas, durante el embarazo y cuando das a luz, por supuesto. Con <strong><a href=\"http:\/\/sallyhambleton.com\" target=\"_blank\">Sally Hambleton<\/a><\/strong> siempre es un acierto (adem\u00e1s puedes comprarlas en domingo en El Corte Ingl\u00e9s de Castellana as\u00ed que no hay excusas)<\/p>\n<p>Tambi\u00e9n me gustan mucho los arreglos de <strong><a href=\"http:\/\/www.floresenelcolumpio.com\" target=\"_blank\">Flores en el Columpio<\/a><\/strong><\/p>\n<p><img loading=\"lazy\" decoding=\"async\" class=\"aligncenter size-full wp-image-3617\" src=\"https:\/\/oui-oui.es\/blog\/wp-content\/uploads\/2015\/10\/Oui-Oui-flores-para-enviar-a-embarazadas-flores-en-el-columpio.jpg\" alt=\"Oui Oui-flores para enviar a embarazadas-flores en el columpio\" width=\"800\" height=\"532\" srcset=\"https:\/\/oui-oui.es\/blog\/wp-content\/uploads\/2015\/10\/Oui-Oui-flores-para-enviar-a-embarazadas-flores-en-el-columpio.jpg 800w, https:\/\/oui-oui.es\/blog\/wp-content\/uploads\/2015\/10\/Oui-Oui-flores-para-enviar-a-embarazadas-flores-en-el-columpio-300x200.jpg 300w, https:\/\/oui-oui.es\/blog\/wp-content\/uploads\/2015\/10\/Oui-Oui-flores-para-enviar-a-embarazadas-flores-en-el-columpio-600x399.jpg 600w\" sizes=\"auto, (max-width: 800px) 100vw, 800px\" \/><\/p>\n<p>Y para los m\u00e1s <em>offline<\/em>&#8230;La <a href=\"http:\/\/alfabiaflores.es\" target=\"_blank\"><strong>florister\u00eda Alfabia<\/strong><\/a> hace unas cosas preciosas, me gustan especialmente los recipientes donde te ponen el ramo, como una especie de bolsa de pl\u00e1stico llena de agua pero que aguanta un mont\u00f3n, eso s\u00ed, en este caso debes especificar m\u00e1s lo que quieres, si solo pides \u00abhortensias\u00bb igual te llegan en planta en lugar de en ramo \ud83d\ude09<\/p>\n<p><img loading=\"lazy\" decoding=\"async\" class=\"aligncenter size-full wp-image-3618\" src=\"https:\/\/oui-oui.es\/blog\/wp-content\/uploads\/2015\/10\/Oui-Oui-flores-para-enviar-a-embarazadas-alfabia-jarr\u00f3n-bolsa-plastico-agua.jpg\" alt=\"Oui Oui-flores para enviar a embarazadas-alfabia-jarr\u00f3n bolsa plastico agua\" width=\"512\" height=\"512\" srcset=\"https:\/\/oui-oui.es\/blog\/wp-content\/uploads\/2015\/10\/Oui-Oui-flores-para-enviar-a-embarazadas-alfabia-jarr\u00f3n-bolsa-plastico-agua.jpg 512w, https:\/\/oui-oui.es\/blog\/wp-content\/uploads\/2015\/10\/Oui-Oui-flores-para-enviar-a-embarazadas-alfabia-jarr\u00f3n-bolsa-plastico-agua-150x150.jpg 150w, https:\/\/oui-oui.es\/blog\/wp-content\/uploads\/2015\/10\/Oui-Oui-flores-para-enviar-a-embarazadas-alfabia-jarr\u00f3n-bolsa-plastico-agua-300x300.jpg 300w\" sizes=\"auto, (max-width: 512px) 100vw, 512px\" \/><\/p>\n<p><span style=\"text-decoration: underline;\"><strong>Una sesi\u00f3n de de masaje para embarazadas<\/strong><\/span><\/p>\n<p><img loading=\"lazy\" decoding=\"async\" class=\"aligncenter size-full wp-image-3619\" src=\"https:\/\/oui-oui.es\/blog\/wp-content\/uploads\/2015\/10\/Oui-Oui-regalos-embarazada-baby-be-fisioterapia-masaje-embarazada.jpg\" alt=\"Oui Oui-regalos embarazada-baby be fisioterapia-masaje embarazada\" width=\"992\" height=\"395\" srcset=\"https:\/\/oui-oui.es\/blog\/wp-content\/uploads\/2015\/10\/Oui-Oui-regalos-embarazada-baby-be-fisioterapia-masaje-embarazada.jpg 992w, https:\/\/oui-oui.es\/blog\/wp-content\/uploads\/2015\/10\/Oui-Oui-regalos-embarazada-baby-be-fisioterapia-masaje-embarazada-300x119.jpg 300w, https:\/\/oui-oui.es\/blog\/wp-content\/uploads\/2015\/10\/Oui-Oui-regalos-embarazada-baby-be-fisioterapia-masaje-embarazada-600x239.jpg 600w\" sizes=\"auto, (max-width: 992px) 100vw, 992px\" \/><\/p>\n<p>Hay que tener mucho cuidado eligiendo a un buen profesional que, adem\u00e1s de saber tratar el cuerpo de una embarazada, sepa que productos se pueden utilizar (prohibid\u00edsimos los aceites esenciales), por eso me gusta el centro <a href=\"http:\/\/www.babybefisioterapia.com\/\" target=\"_blank\"><strong>BabyBe<\/strong><\/a> porque tienen muchas modalidades y conozco a varias personas que han ido a sus sesiones, tambi\u00e9n tienen opciones para la mam\u00e1 y el beb\u00e9 cuando haya nacido!<\/p>\n<p><span style=\"text-decoration: underline;\"><strong>Algo de ejercicio para embarazadas<\/strong><\/span><\/p>\n<p><img loading=\"lazy\" decoding=\"async\" class=\"aligncenter size-full wp-image-3620\" src=\"https:\/\/oui-oui.es\/blog\/wp-content\/uploads\/2015\/10\/Oui-Oui-pilates-en-el-embarazo.jpg\" alt=\"Oui Oui-pilates en el embarazo\" width=\"500\" height=\"360\" srcset=\"https:\/\/oui-oui.es\/blog\/wp-content\/uploads\/2015\/10\/Oui-Oui-pilates-en-el-embarazo.jpg 500w, https:\/\/oui-oui.es\/blog\/wp-content\/uploads\/2015\/10\/Oui-Oui-pilates-en-el-embarazo-300x216.jpg 300w\" sizes=\"auto, (max-width: 500px) 100vw, 500px\" \/><\/p>\n<p>Y, enlazado con lo anterior, \u00bfpor qu\u00e9 no regalar unas <strong>clases de pilates<\/strong> o matronataci\u00f3n para embarazadas?, yo estoy plante\u00e1ndomelo como auto regalo, aunque pensaba haber empezado en septiembre y aqu\u00ed sigo&#8230;\u00bfAlguna en la sala ha probado <strong><a href=\"http:\/\/www.mamifit.es\/\" target=\"_blank\">Mami Fit<\/a><\/strong>? , tengo que ponerme a buscar algo aunque sea para estos \u00faltimos meses&#8230;<\/p>\n<p><span style=\"text-decoration: underline;\"><strong>El Chocolate \u00a1siempre es bienvenido!<\/strong><\/span><\/p>\n<p><img loading=\"lazy\" decoding=\"async\" class=\"aligncenter size-full wp-image-3621\" src=\"https:\/\/oui-oui.es\/blog\/wp-content\/uploads\/2015\/10\/Oui-Oui-mis-trufas-favoritas-charbonnel-et-walkers.jpg\" alt=\"Oui Oui-mis trufas favoritas-charbonnel et walkers\" width=\"600\" height=\"400\" srcset=\"https:\/\/oui-oui.es\/blog\/wp-content\/uploads\/2015\/10\/Oui-Oui-mis-trufas-favoritas-charbonnel-et-walkers.jpg 600w, https:\/\/oui-oui.es\/blog\/wp-content\/uploads\/2015\/10\/Oui-Oui-mis-trufas-favoritas-charbonnel-et-walkers-300x200.jpg 300w\" sizes=\"auto, (max-width: 600px) 100vw, 600px\" \/><\/p>\n<p>Una cajita de <a href=\"http:\/\/www.charbonnel.co.uk\/\" target=\"_blank\">mis trufas preferidas<\/a>, algo original de <a href=\"http:\/\/www.chocolatfactory.com\/\" target=\"_blank\">Chocolat Factory<\/a> , una merienda con <a href=\"http:\/\/www.lamejortartadechocolatedelmundo.com\/\" target=\"_blank\">la mejor tarta de chocolate del mundo<\/a>&#8230;Hay mil posibilidades!<\/p>\n<p><span style=\"text-decoration: underline;\"><strong>Y, por \u00faltimo, un cuaderno donde anotarlo todo<\/strong><\/span><\/p>\n<p><a href=\"http:\/\/www.oui-oui.es\/buscar?orderby=position&amp;orderway=desc&amp;search_query=moleskine&amp;submit_search.x=0&amp;submit_search.y=0\"><img loading=\"lazy\" decoding=\"async\" class=\"aligncenter size-full wp-image-3622\" src=\"https:\/\/oui-oui.es\/blog\/wp-content\/uploads\/2015\/10\/Oui-Oui-regalos-embarazada-moleskine-blanca-cuaderno-embarazada.jpg\" alt=\"Oui Oui-regalos embarazada-moleskine blanca-cuaderno embarazada\" width=\"570\" height=\"400\" srcset=\"https:\/\/oui-oui.es\/blog\/wp-content\/uploads\/2015\/10\/Oui-Oui-regalos-embarazada-moleskine-blanca-cuaderno-embarazada.jpg 570w, https:\/\/oui-oui.es\/blog\/wp-content\/uploads\/2015\/10\/Oui-Oui-regalos-embarazada-moleskine-blanca-cuaderno-embarazada-300x211.jpg 300w\" sizes=\"auto, (max-width: 570px) 100vw, 570px\" \/><\/a><\/p>\n<p>Si es el segundo embarazo anotar\u00e1 much\u00edsimas menos cosas, seguro, en el embarazo de Mart\u00edn utilic\u00e9 la Moleskine especial para ello, pero en esta ocasi\u00f3n estoy apuntando todo en una <strong><a href=\"http:\/\/www.oui-oui.es\/buscar?orderby=position&amp;orderway=desc&amp;search_query=moleskine&amp;submit_search.x=0&amp;submit_search.y=0\" target=\"_blank\">Moleskine blanca<\/a><\/strong>, me parece m\u00e1s pura, limpia y adem\u00e1s no tiene secciones dentro, as\u00ed que tu te lo organizas como quieres! <strong><a href=\"http:\/\/www.oui-oui.es\/buscar?orderby=position&amp;orderway=desc&amp;search_query=moleskine&amp;submit_search.x=0&amp;submit_search.y=0\" target=\"_blank\">puedes comprarla aqu\u00ed<\/a><\/strong><\/p>\n<p>&nbsp;<br \/>\n<a href=\"http:\/\/www.amazon.es\/gp\/product\/B00ZS04WTW\/ref=as_li_ss_tl?ie=UTF8&amp;camp=3626&amp;creative=24822&amp;creativeASIN=B00ZS04WTW&amp;linkCode=as2&amp;tag=ouou-21\" rel=\"nofollow\">\u00c1lvaro pincha aqui<\/a><img loading=\"lazy\" decoding=\"async\" style=\"border: none !important; margin: 0px !important;\" src=\"http:\/\/ir-es.amazon-adsystem.com\/e\/ir?t=ouou-21&amp;l=as2&amp;o=30&amp;a=B00ZS04WTW\" alt=\"\" width=\"1\" height=\"1\" border=\"0\" \/><\/p>\n","protected":false},"excerpt":{"rendered":"<p>El segundo embarazo no es ni comparable al primero, empezando por una misma que no tiene ni la mitad de tiempo que antes y siguiendo por los dem\u00e1s, que tampoco lo ven con la misma ilusi\u00f3n que la primera vez. Y a las pruebas me remito&#8230;Estoy de seis meses y a\u00fan no me he comprado [&hellip;]<\/p>\n","protected":false},"author":1,"featured_media":3613,"comment_status":"open","ping_status":"open","sticky":false,"template":"","format":"standard","meta":{"jetpack_post_was_ever_published":false,"_jetpack_newsletter_access":"","_jetpack_dont_email_post_to_subs":false,"_jetpack_newsletter_tier_id":0,"_jetpack_memberships_contains_paywalled_content":false,"_jetpack_memberships_contains_paid_content":false,"footnotes":"","jetpack_publicize_message":"","jetpack_publicize_feature_enabled":true,"jetpack_social_post_already_shared":true,"jetpack_social_options":{"image_generator_settings":{"template":"highway","default_image_id":0,"font":"","enabled":false},"version":2}},"categories":[25,535],"tags":[734,711],"class_list":["post-3612","post","type-post","status-publish","format-standard","has-post-thumbnail","hentry","category-a-una-futura-o-reciente-mama","category-maternidad","tag-regalos","tag-wishlist"],"aioseo_notices":[],"jetpack_publicize_connections":[],"jetpack_featured_media_url":"https:\/\/oui-oui.es\/blog\/wp-content\/uploads\/2015\/10\/Oui-Oui-crema-antiestr\u00edas-embarazo-mama-mio-olivia-soaps.jpg","jetpack_sharing_enabled":true,"jetpack-related-posts":[{"id":3907,"url":"https:\/\/oui-oui.es\/blog\/3907-2\/","url_meta":{"origin":3612,"position":0},"title":"Diferencias entre un embarazo de invierno y uno de verano","author":"Mar\u00eda \u2665Oui Oui\u2665","date":"15 enero, 2016","format":false,"excerpt":"Entre el volumen de trabajo de Navidades, las fiestas y el embarazo no he podido volver al blog hasta hoy, me he propuesto recuperar la rutina aunque lo voy a hacer s\u00f3lo tres a veces a la semana (igual despu\u00e9s de dar a luz tengo que bajarlo a dos...). T\u00e9cnicamente\u2026","rel":"","context":"En \u00abMATERNIDAD\u00bb","block_context":{"text":"MATERNIDAD","link":"https:\/\/oui-oui.es\/blog\/category\/maternidad\/"},"img":{"alt_text":"","src":"https:\/\/i0.wp.com\/oui-oui.es\/blog\/wp-content\/uploads\/2016\/01\/Oui-OUi-embarazo-de-verano-vs-embarazo-de-invierno-frida.jpg?resize=350%2C200&ssl=1","width":350,"height":200},"classes":[]},{"id":3325,"url":"https:\/\/oui-oui.es\/blog\/ideas-para-anunciar-el-segundo-embarazo-una-gran-noticia\/","url_meta":{"origin":3612,"position":1},"title":"Ideas para anunciar el segundo embarazo + una gran noticia!","author":"Mar\u00eda \u2665Oui Oui\u2665","date":"16 septiembre, 2015","format":false,"excerpt":"He empezado la vuelta al curso con muchas ganas, de darlo todo en este \u00faltimo trimestre (o primero, seg\u00fan se mire), espero poder compartir con vosotros pronto varias novedades en Oui Oui, pero antes, una noticia personal que me apetec\u00eda mucho compartir!...En 2016 seremos padres de nuevo!!!, el embarazo va\u2026","rel":"","context":"En \u00abMATERNIDAD\u00bb","block_context":{"text":"MATERNIDAD","link":"https:\/\/oui-oui.es\/blog\/category\/maternidad\/"},"img":{"alt_text":"","src":"https:\/\/i0.wp.com\/oui-oui.es\/blog\/wp-content\/uploads\/2015\/09\/Oui-Oui-anuncio-segundo-embarazo-babyoui-martin-pizarra-con-cosas-que-hacer-5.jpg?resize=350%2C200&ssl=1","width":350,"height":200,"srcset":"https:\/\/i0.wp.com\/oui-oui.es\/blog\/wp-content\/uploads\/2015\/09\/Oui-Oui-anuncio-segundo-embarazo-babyoui-martin-pizarra-con-cosas-que-hacer-5.jpg?resize=350%2C200&ssl=1 1x, https:\/\/i0.wp.com\/oui-oui.es\/blog\/wp-content\/uploads\/2015\/09\/Oui-Oui-anuncio-segundo-embarazo-babyoui-martin-pizarra-con-cosas-que-hacer-5.jpg?resize=525%2C300&ssl=1 1.5x, https:\/\/i0.wp.com\/oui-oui.es\/blog\/wp-content\/uploads\/2015\/09\/Oui-Oui-anuncio-segundo-embarazo-babyoui-martin-pizarra-con-cosas-que-hacer-5.jpg?resize=700%2C400&ssl=1 2x, https:\/\/i0.wp.com\/oui-oui.es\/blog\/wp-content\/uploads\/2015\/09\/Oui-Oui-anuncio-segundo-embarazo-babyoui-martin-pizarra-con-cosas-que-hacer-5.jpg?resize=1050%2C600&ssl=1 3x, https:\/\/i0.wp.com\/oui-oui.es\/blog\/wp-content\/uploads\/2015\/09\/Oui-Oui-anuncio-segundo-embarazo-babyoui-martin-pizarra-con-cosas-que-hacer-5.jpg?resize=1400%2C800&ssl=1 4x"},"classes":[]},{"id":3966,"url":"https:\/\/oui-oui.es\/blog\/5-ideas-para-regalar-a-una-reciente-mama\/","url_meta":{"origin":3612,"position":2},"title":"5 ideas para regalar a una madre por el nacimiento de un hijo","author":"Mar\u00eda \u2665Oui Oui\u2665","date":"3 febrero, 2016","format":false,"excerpt":"El embarazo es una etapa maravillosa, pero tambi\u00e9n puede ser una tortura si tienes muchas molestias o problemas, y dar a luz as\u00ed como el post parto, es igual, lleno de momentos incre\u00edbles y preciosos y otros en los que parece que tu cuerpo (y despu\u00e9s tu mente) ya no\u2026","rel":"","context":"En \u00abA una futura o reciente mam\u00e1\u00bb","block_context":{"text":"A una futura o reciente mam\u00e1","link":"https:\/\/oui-oui.es\/blog\/category\/no-se-que-regalar\/a-una-futura-o-reciente-mama\/"},"img":{"alt_text":"","src":"https:\/\/i0.wp.com\/oui-oui.es\/blog\/wp-content\/uploads\/2016\/01\/Oui-OUi-regalos-dar-a-luz-reciente-madre-jaime-hayon-retrato-familiar-lladro.jpg?resize=350%2C200&ssl=1","width":350,"height":200,"srcset":"https:\/\/i0.wp.com\/oui-oui.es\/blog\/wp-content\/uploads\/2016\/01\/Oui-OUi-regalos-dar-a-luz-reciente-madre-jaime-hayon-retrato-familiar-lladro.jpg?resize=350%2C200&ssl=1 1x, https:\/\/i0.wp.com\/oui-oui.es\/blog\/wp-content\/uploads\/2016\/01\/Oui-OUi-regalos-dar-a-luz-reciente-madre-jaime-hayon-retrato-familiar-lladro.jpg?resize=525%2C300&ssl=1 1.5x, https:\/\/i0.wp.com\/oui-oui.es\/blog\/wp-content\/uploads\/2016\/01\/Oui-OUi-regalos-dar-a-luz-reciente-madre-jaime-hayon-retrato-familiar-lladro.jpg?resize=700%2C400&ssl=1 2x, https:\/\/i0.wp.com\/oui-oui.es\/blog\/wp-content\/uploads\/2016\/01\/Oui-OUi-regalos-dar-a-luz-reciente-madre-jaime-hayon-retrato-familiar-lladro.jpg?resize=1050%2C600&ssl=1 3x, https:\/\/i0.wp.com\/oui-oui.es\/blog\/wp-content\/uploads\/2016\/01\/Oui-OUi-regalos-dar-a-luz-reciente-madre-jaime-hayon-retrato-familiar-lladro.jpg?resize=1400%2C800&ssl=1 4x"},"classes":[]},{"id":638,"url":"https:\/\/oui-oui.es\/blog\/y-la-noticia-que-faltaba-era\/","url_meta":{"origin":3612,"position":3},"title":"Y la noticia que faltaba era&#8230;","author":"Mar\u00eda \u2665Oui Oui\u2665","date":"1 abril, 2013","format":false,"excerpt":"Como contaba hace unas semanas, marzo era un mes especial, fu\u00e9 mi cumple, lanc\u00e9 la tienda online (un mill\u00f3n de gracias por la buena acogida que est\u00e1 teniendo!!) y quedaba una sorpresa m\u00e1s por desvelar...Al final os la cuento en abril, pero en un d\u00eda tambi\u00e9n muy especial...Hoy en nuestro\u2026","rel":"","context":"En \u00abNI\u00d1OS Y NI\u00d1AS\u00bb","block_context":{"text":"NI\u00d1OS Y NI\u00d1AS","link":"https:\/\/oui-oui.es\/blog\/category\/ninos\/"},"img":{"alt_text":"","src":"https:\/\/i0.wp.com\/oui-oui.es\/blog\/wp-content\/uploads\/h1_track.jpg?resize=350%2C200&ssl=1","width":350,"height":200,"srcset":"https:\/\/i0.wp.com\/oui-oui.es\/blog\/wp-content\/uploads\/h1_track.jpg?resize=350%2C200&ssl=1 1x, https:\/\/i0.wp.com\/oui-oui.es\/blog\/wp-content\/uploads\/h1_track.jpg?resize=525%2C300&ssl=1 1.5x"},"classes":[]},{"id":2113,"url":"https:\/\/oui-oui.es\/blog\/el-cesto-cuna-que-es-cuna-portatil\/","url_meta":{"origin":3612,"position":4},"title":"El cesto-cuna que es cuna port\u00e1til","author":"Mar\u00eda \u2665Oui Oui\u2665","date":"11 mayo, 2015","format":false,"excerpt":"Nunca me han gustado mucho las cunas de viaje, me parece que ocupan much\u00edsimo en el coche, son un rollo de montar (es verdad que cuando le coges el truquillo son dos pasos, pero a\u00fan as\u00ed, no me gustan, llamadme rara), pero son \u00fatiles, sobretodo cuando tu beb\u00e9 va creciendo\u2026","rel":"","context":"En \u00abMATERNIDAD\u00bb","block_context":{"text":"MATERNIDAD","link":"https:\/\/oui-oui.es\/blog\/category\/maternidad\/"},"img":{"alt_text":"","src":"https:\/\/i0.wp.com\/oui-oui.es\/blog\/wp-content\/uploads\/2015\/05\/oui-oui-cuna-portatil-bebe-cuna-meter-dentro-de-la-cama-cuna-viaje-bebe-nestas-nest-3.jpg?resize=350%2C200&ssl=1","width":350,"height":200,"srcset":"https:\/\/i0.wp.com\/oui-oui.es\/blog\/wp-content\/uploads\/2015\/05\/oui-oui-cuna-portatil-bebe-cuna-meter-dentro-de-la-cama-cuna-viaje-bebe-nestas-nest-3.jpg?resize=350%2C200&ssl=1 1x, https:\/\/i0.wp.com\/oui-oui.es\/blog\/wp-content\/uploads\/2015\/05\/oui-oui-cuna-portatil-bebe-cuna-meter-dentro-de-la-cama-cuna-viaje-bebe-nestas-nest-3.jpg?resize=525%2C300&ssl=1 1.5x"},"classes":[]},{"id":5082,"url":"https:\/\/oui-oui.es\/blog\/la-wishlist-de-mis-35\/","url_meta":{"origin":3612,"position":5},"title":"La wishlist de mis 35","author":"Mar\u00eda \u2665Oui Oui\u2665","date":"1 febrero, 2017","format":false,"excerpt":"Queda un mes para mi cumple y como soy do\u00f1a wishlist, no pod\u00eda faltar la m\u00eda ;) , adem\u00e1s, este a\u00f1o \u00a1cumplo 35! , en mi caso, creo que s\u00f3lo voy a celebrar mi cumple (con m\u00e1s gente que mi familia cercana) cada 5 a\u00f1os...As\u00ed que \u00e9ste deber\u00eda ser El\u2026","rel":"","context":"En \u00abESTILO DE VIDA\u00bb","block_context":{"text":"ESTILO DE VIDA","link":"https:\/\/oui-oui.es\/blog\/category\/lifestyle-2\/"},"img":{"alt_text":"","src":"https:\/\/i0.wp.com\/oui-oui.es\/blog\/wp-content\/uploads\/2017\/01\/Oui-Oui-wishlist-Mar%C3%ADa-35-gray-Malin-iceberg-swan-float.jpg?resize=350%2C200&ssl=1","width":350,"height":200,"srcset":"https:\/\/i0.wp.com\/oui-oui.es\/blog\/wp-content\/uploads\/2017\/01\/Oui-Oui-wishlist-Mar%C3%ADa-35-gray-Malin-iceberg-swan-float.jpg?resize=350%2C200&ssl=1 1x, https:\/\/i0.wp.com\/oui-oui.es\/blog\/wp-content\/uploads\/2017\/01\/Oui-Oui-wishlist-Mar%C3%ADa-35-gray-Malin-iceberg-swan-float.jpg?resize=525%2C300&ssl=1 1.5x, https:\/\/i0.wp.com\/oui-oui.es\/blog\/wp-content\/uploads\/2017\/01\/Oui-Oui-wishlist-Mar%C3%ADa-35-gray-Malin-iceberg-swan-float.jpg?resize=700%2C400&ssl=1 2x"},"classes":[]}],"_links":{"self":[{"href":"https:\/\/oui-oui.es\/blog\/wp-json\/wp\/v2\/posts\/3612","targetHints":{"allow":["GET"]}}],"collection":[{"href":"https:\/\/oui-oui.es\/blog\/wp-json\/wp\/v2\/posts"}],"about":[{"href":"https:\/\/oui-oui.es\/blog\/wp-json\/wp\/v2\/types\/post"}],"author":[{"embeddable":true,"href":"https:\/\/oui-oui.es\/blog\/wp-json\/wp\/v2\/users\/1"}],"replies":[{"embeddable":true,"href":"https:\/\/oui-oui.es\/blog\/wp-json\/wp\/v2\/comments?post=3612"}],"version-history":[{"count":2,"href":"https:\/\/oui-oui.es\/blog\/wp-json\/wp\/v2\/posts\/3612\/revisions"}],"predecessor-version":[{"id":3661,"href":"https:\/\/oui-oui.es\/blog\/wp-json\/wp\/v2\/posts\/3612\/revisions\/3661"}],"wp:featuredmedia":[{"embeddable":true,"href":"https:\/\/oui-oui.es\/blog\/wp-json\/wp\/v2\/media\/3613"}],"wp:attachment":[{"href":"https:\/\/oui-oui.es\/blog\/wp-json\/wp\/v2\/media?parent=3612"}],"wp:term":[{"taxonomy":"category","embeddable":true,"href":"https:\/\/oui-oui.es\/blog\/wp-json\/wp\/v2\/categories?post=3612"},{"taxonomy":"post_tag","embeddable":true,"href":"https:\/\/oui-oui.es\/blog\/wp-json\/wp\/v2\/tags?post=3612"}],"curies":[{"name":"wp","href":"https:\/\/api.w.org\/{rel}","templated":true}]}}