{"id":3638,"date":"2015-10-28T00:01:03","date_gmt":"2015-10-27T22:01:03","guid":{"rendered":"https:\/\/oui-oui.es\/blog\/?p=3638"},"modified":"2015-10-27T15:26:01","modified_gmt":"2015-10-27T13:26:01","slug":"en-ocasiones-veo-zorritos","status":"publish","type":"post","link":"https:\/\/oui-oui.es\/blog\/en-ocasiones-veo-zorritos\/","title":{"rendered":"En ocasiones veo zorritos"},"content":{"rendered":"<p>Es curioso c\u00f3mo se producen las tendencias y despu\u00e9s las modas&#8230;Cuando estaba realizando mis primeras compras para Oui Oui hace ya casi tres a\u00f1os, recuerdo que un proveedor me insisti\u00f3 para que comprara productos de la <strong>colecci\u00f3n Fox<\/strong> <em>\u00aben Inglaterra tienen much\u00edsimo \u00e9xito\u00bb<\/em> me dec\u00eda&#8230;Y hab\u00eda cosas muy monas, pero no acababa de ver, a\u00fan as\u00ed <strong>traje las maletas de zorritos<\/strong>, que se vendieron bien pero que no estaban en la cresta de la ola de los estampados como ahora.<\/p>\n<p>Y <strong>este oto\u00f1o se llevan los zorritos!<\/strong>, ya el a\u00f1o pasado empezamos a ver algunas cosas (me compr\u00e9 unas manoplas chul\u00edsimas que ahora no encuentro!), pero sin duda, su temporada es \u00e9sta.No s\u00e9 si es una cuesti\u00f3n cultural en Espa\u00f1a (cuando viajo fuera no me parece que la gente exprima tant\u00edsimo las tendencias como nosotros), pero <strong>parece que nos gusta machacar algo hasta cansarnos<\/strong>&#8230;Primero fueron los bigotes, despu\u00e9s las pi\u00f1as, ahora los zorritos&#8230;Aunque al ser un animal con est\u00e9tica m\u00e1s oto\u00f1al (o igual es percepci\u00f3n m\u00eda) espero que sepamos jugar con ella sin cansarnos (lo digo yo que Mart\u00edn ya tiene la mitad de las cosas del collage que os propongo..jajaja).<\/p>\n<p>Aqu\u00ed os dejo con una peque\u00f1a <strong>selecci\u00f3n de productos con zorritos<\/strong>, espero que os guste!, debajo ten\u00e9is los links.<\/p>\n<p><a href=\"http:\/\/www.oui-oui.es\/detalles-decoracion-ninos-habitacion-pinterest\/994-set-3-maletas-zorritos.html\"><img loading=\"lazy\" decoding=\"async\" class=\"aligncenter size-full wp-image-3639\" src=\"https:\/\/oui-oui.es\/blog\/wp-content\/uploads\/2015\/10\/Oui-Oui-Collage-Zorritos-tendencia-zoritos-compras-ni\u00f1os-zorros-fox.jpg\" alt=\"Oui Oui- Collage Zorritos-tendencia zoritos-compras ni\u00f1os zorros fox\" width=\"600\" height=\"900\" srcset=\"https:\/\/oui-oui.es\/blog\/wp-content\/uploads\/2015\/10\/Oui-Oui-Collage-Zorritos-tendencia-zoritos-compras-ni\u00f1os-zorros-fox.jpg 600w, https:\/\/oui-oui.es\/blog\/wp-content\/uploads\/2015\/10\/Oui-Oui-Collage-Zorritos-tendencia-zoritos-compras-ni\u00f1os-zorros-fox-200x300.jpg 200w\" sizes=\"auto, (max-width: 600px) 100vw, 600px\" \/><\/a><strong>1, 2 y 6:<\/strong> <a href=\"http:\/\/www.zara.com\/webapp\/wcs\/stores\/servlet\/ItxSolrSearchingDataCmd?catalogId=25551&amp;langId=-5&amp;storeId=10701&amp;warehouseId=18563&amp;filter=NI%C3%91OS\" target=\"_blank\">jersey, gorro y zapatillas de zorritos<\/a>; lo pod\u00e9is encontrar en <strong><a href=\"http:\/\/www.zara.com\/es\/\" target=\"_blank\">Zara<\/a><\/strong><\/p>\n<p><strong>3 y 8:<\/strong> <a href=\"http:\/\/www.bebeseraseunavez.com\/producto\/petos\/peto-fox\/\" target=\"_blank\">peto<\/a> y <a href=\"http:\/\/www.bebeseraseunavez.com\/producto\/abrigos\/abrigo-pixie-fox\/\" target=\"_blank\">abrigo con estampado fox<\/a>, en <strong><a href=\"http:\/\/www.bebeseraseunavez.com\" target=\"_blank\">\u00c9rase una Vez<\/a><\/strong><\/p>\n<p><strong>4:<\/strong> <a href=\"http:\/\/www.oui-oui.es\/detalles-decoracion-ninos-habitacion-pinterest\/994-set-3-maletas-zorritos.html\" target=\"_blank\">maletas con estampado de zorritos<\/a>, en <strong><a href=\"http:\/\/www.oui-oui.es\" target=\"_blank\">Oui Oui<\/a><\/strong><\/p>\n<p><strong>5:<\/strong> los <a href=\"http:\/\/www.tricocot.com\/productos\/calcetines-mini-dressing-zorro-gris\" target=\"_blank\">calcetines de moda de zorritos<\/a> de <strong>Mini Dressing<\/strong> (los originales) en <strong><a href=\"http:\/\/www.tricocot.com\/categorias\/calcetines\" target=\"_blank\">Tricocot<\/a><\/strong><\/p>\n<p><strong>7:<\/strong> <a href=\"https:\/\/www.elcorteingles.es\/hogar\/A15342612-delantal-con-manoplas-mini-home-el-corte-ingles-fox\/\" target=\"_blank\">delantal de zorrito con manoplas a juego<\/a>, en <strong>El Corte Ingl\u00e9s<\/strong><\/p>\n<p>&nbsp;<\/p>\n","protected":false},"excerpt":{"rendered":"<p>Es curioso c\u00f3mo se producen las tendencias y despu\u00e9s las modas&#8230;Cuando estaba realizando mis primeras compras para Oui Oui hace ya casi tres a\u00f1os, recuerdo que un proveedor me insisti\u00f3 para que comprara productos de la colecci\u00f3n Fox \u00aben Inglaterra tienen much\u00edsimo \u00e9xito\u00bb me dec\u00eda&#8230;Y hab\u00eda cosas muy monas, pero no acababa de ver, a\u00fan [&hellip;]<\/p>\n","protected":false},"author":1,"featured_media":3640,"comment_status":"open","ping_status":"open","sticky":false,"template":"","format":"standard","meta":{"jetpack_post_was_ever_published":false,"_jetpack_newsletter_access":"","_jetpack_dont_email_post_to_subs":false,"_jetpack_newsletter_tier_id":0,"_jetpack_memberships_contains_paywalled_content":false,"_jetpack_memberships_contains_paid_content":false,"footnotes":"","jetpack_publicize_message":"","jetpack_publicize_feature_enabled":true,"jetpack_social_post_already_shared":true,"jetpack_social_options":{"image_generator_settings":{"template":"highway","default_image_id":0,"font":"","enabled":false},"version":2}},"categories":[174,13,18],"tags":[700,719,529],"class_list":["post-3638","post","type-post","status-publish","format-standard","has-post-thumbnail","hentry","category-ninos","category-oui-oui","category-regalos-originales-para-ninos","tag-compras-bebe","tag-ropa-bebes-y-ninos","tag-tendencias"],"aioseo_notices":[],"jetpack_publicize_connections":[],"jetpack_featured_media_url":"https:\/\/oui-oui.es\/blog\/wp-content\/uploads\/2015\/10\/oui-Oui-maletas-zorros-decorar-con-zorros-set-maletas-fox-naranja.jpg","jetpack_sharing_enabled":true,"jetpack-related-posts":[{"id":3532,"url":"https:\/\/oui-oui.es\/blog\/los-calcetines-de-zorritos-de-moda-raccoon-socks\/","url_meta":{"origin":3638,"position":0},"title":"Los calcetines de zorritos de moda | Raccoon socks","author":"Mar\u00eda \u2665Oui Oui\u2665","date":"15 octubre, 2015","format":false,"excerpt":"Seguro que \u00faltimamente has visto estos calcetines por varios sitios, son una monada y los quieres (yo tambi\u00e9n!), por eso he buscado bastante y me he encontrado con que hay que tener cuidado al elegir la tienda donde los compres...Hay muchas copias que, adem\u00e1s de lo profundamente injusto (e ilegal)\u2026","rel":"","context":"En \u00abMATERNIDAD\u00bb","block_context":{"text":"MATERNIDAD","link":"https:\/\/oui-oui.es\/blog\/category\/maternidad\/"},"img":{"alt_text":"","src":"https:\/\/i0.wp.com\/oui-oui.es\/blog\/wp-content\/uploads\/2015\/10\/Oui-Oui-calcetines-zorritos-marrones-raccoon-socks-mini-dressing-bebe-y-ni%C3%B1o.jpg?resize=350%2C200&ssl=1","width":350,"height":200},"classes":[]},{"id":4264,"url":"https:\/\/oui-oui.es\/blog\/5-marcas-espanolas-de-ropa-de-bebe\/","url_meta":{"origin":3638,"position":1},"title":"5 marcas espa\u00f1olas de ropa de beb\u00e9","author":"Mar\u00eda \u2665Oui Oui\u2665","date":"6 mayo, 2016","format":false,"excerpt":"Este post es la continuaci\u00f3n del de 10 marcas de ropa espa\u00f1olas para beb\u00e9, cada semana descubro marcas nuevas que me encantan, muchas espa\u00f1olas y otras no, pero me pareci\u00f3 interesante dividirlas as\u00ed, como no me cab\u00edan todas en un post, aqu\u00ed va la segunda tanda ;) Las agujas de\u2026","rel":"","context":"En \u00abMATERNIDAD\u00bb","block_context":{"text":"MATERNIDAD","link":"https:\/\/oui-oui.es\/blog\/category\/maternidad\/"},"img":{"alt_text":"","src":"https:\/\/i0.wp.com\/oui-oui.es\/blog\/wp-content\/uploads\/2016\/05\/Oui-Oui-marcas-espa%C3%B1olas-ropa-bebe-jersey-inicial-las-agujas-de-mama.jpg?resize=350%2C200&ssl=1","width":350,"height":200,"srcset":"https:\/\/i0.wp.com\/oui-oui.es\/blog\/wp-content\/uploads\/2016\/05\/Oui-Oui-marcas-espa%C3%B1olas-ropa-bebe-jersey-inicial-las-agujas-de-mama.jpg?resize=350%2C200&ssl=1 1x, https:\/\/i0.wp.com\/oui-oui.es\/blog\/wp-content\/uploads\/2016\/05\/Oui-Oui-marcas-espa%C3%B1olas-ropa-bebe-jersey-inicial-las-agujas-de-mama.jpg?resize=525%2C300&ssl=1 1.5x"},"classes":[]},{"id":5462,"url":"https:\/\/oui-oui.es\/blog\/el-carrito-de-mimbre-que-estabas-buscando\/","url_meta":{"origin":3638,"position":2},"title":"El carrito de mimbre que estabas buscando!","author":"Mar\u00eda \u2665Oui Oui\u2665","date":"30 mayo, 2017","format":false,"excerpt":"Me encanta descubrir objetos para ni\u00f1os que sean especiales, que transmitan algo m\u00e1s, y cuando conoc\u00ed los carritos y las cestas de Olli Ella tuve un flechazo \u00a1los quer\u00eda para Frida y Mart\u00edn y los quer\u00eda para m\u00ed! , ya os cont\u00e9 que le regalamos a Frida por su primer\u2026","rel":"","context":"En \u00abNI\u00d1OS Y NI\u00d1AS\u00bb","block_context":{"text":"NI\u00d1OS Y NI\u00d1AS","link":"https:\/\/oui-oui.es\/blog\/category\/ninos\/"},"img":{"alt_text":"","src":"https:\/\/i0.wp.com\/oui-oui.es\/blog\/wp-content\/uploads\/2017\/05\/Oui-Oui-carrito-mimbre-cochecito-mimbre-carrito-ni%C3%B1os-mimbre-luggy-basket-NATURAL-olli-ella-carrito-compra-mimbre-natural-ni%C3%B1o-cesta-picnic.jpg?resize=350%2C200&ssl=1","width":350,"height":200,"srcset":"https:\/\/i0.wp.com\/oui-oui.es\/blog\/wp-content\/uploads\/2017\/05\/Oui-Oui-carrito-mimbre-cochecito-mimbre-carrito-ni%C3%B1os-mimbre-luggy-basket-NATURAL-olli-ella-carrito-compra-mimbre-natural-ni%C3%B1o-cesta-picnic.jpg?resize=350%2C200&ssl=1 1x, https:\/\/i0.wp.com\/oui-oui.es\/blog\/wp-content\/uploads\/2017\/05\/Oui-Oui-carrito-mimbre-cochecito-mimbre-carrito-ni%C3%B1os-mimbre-luggy-basket-NATURAL-olli-ella-carrito-compra-mimbre-natural-ni%C3%B1o-cesta-picnic.jpg?resize=525%2C300&ssl=1 1.5x, https:\/\/i0.wp.com\/oui-oui.es\/blog\/wp-content\/uploads\/2017\/05\/Oui-Oui-carrito-mimbre-cochecito-mimbre-carrito-ni%C3%B1os-mimbre-luggy-basket-NATURAL-olli-ella-carrito-compra-mimbre-natural-ni%C3%B1o-cesta-picnic.jpg?resize=700%2C400&ssl=1 2x, https:\/\/i0.wp.com\/oui-oui.es\/blog\/wp-content\/uploads\/2017\/05\/Oui-Oui-carrito-mimbre-cochecito-mimbre-carrito-ni%C3%B1os-mimbre-luggy-basket-NATURAL-olli-ella-carrito-compra-mimbre-natural-ni%C3%B1o-cesta-picnic.jpg?resize=1050%2C600&ssl=1 3x"},"classes":[]},{"id":3988,"url":"https:\/\/oui-oui.es\/blog\/todo-es-mejor-con-un-unicornio\/","url_meta":{"origin":3638,"position":3},"title":"Todo es mejor con un unicornio","author":"Mar\u00eda \u2665Oui Oui\u2665","date":"29 enero, 2016","format":false,"excerpt":"Recuerdo cuando el a\u00f1o pasado me fui a Singapur y le dije a mi amiga Ester \"tenemos que encontrar cosas de unicornios, son mi nueva obsesi\u00f3n\", en esos momentos en Oui Oui ya ten\u00edamos el platito unicornio y una cabeza de unicornio de cart\u00f3n, pero yo quer\u00eda m\u00e1s! Poco a\u2026","rel":"","context":"En \u00abFIESTAS y CELEBRACIONES\u00bb","block_context":{"text":"FIESTAS y CELEBRACIONES","link":"https:\/\/oui-oui.es\/blog\/category\/fiestas-celebraciones\/"},"img":{"alt_text":"","src":"https:\/\/i0.wp.com\/oui-oui.es\/blog\/wp-content\/uploads\/2016\/01\/Oui-Oui-filetes-de-unicornio-unicorn-filets-tendencia-unicornios-logo.jpg?resize=350%2C200&ssl=1","width":350,"height":200,"srcset":"https:\/\/i0.wp.com\/oui-oui.es\/blog\/wp-content\/uploads\/2016\/01\/Oui-Oui-filetes-de-unicornio-unicorn-filets-tendencia-unicornios-logo.jpg?resize=350%2C200&ssl=1 1x, https:\/\/i0.wp.com\/oui-oui.es\/blog\/wp-content\/uploads\/2016\/01\/Oui-Oui-filetes-de-unicornio-unicorn-filets-tendencia-unicornios-logo.jpg?resize=525%2C300&ssl=1 1.5x, https:\/\/i0.wp.com\/oui-oui.es\/blog\/wp-content\/uploads\/2016\/01\/Oui-Oui-filetes-de-unicornio-unicorn-filets-tendencia-unicornios-logo.jpg?resize=700%2C400&ssl=1 2x, https:\/\/i0.wp.com\/oui-oui.es\/blog\/wp-content\/uploads\/2016\/01\/Oui-Oui-filetes-de-unicornio-unicorn-filets-tendencia-unicornios-logo.jpg?resize=1050%2C600&ssl=1 3x, https:\/\/i0.wp.com\/oui-oui.es\/blog\/wp-content\/uploads\/2016\/01\/Oui-Oui-filetes-de-unicornio-unicorn-filets-tendencia-unicornios-logo.jpg?resize=1400%2C800&ssl=1 4x"},"classes":[]},{"id":3655,"url":"https:\/\/oui-oui.es\/blog\/familias-urbanas-el-carrito-con-patinete\/","url_meta":{"origin":3638,"position":4},"title":"Familias urbanas | el carrito con patinete","author":"Mar\u00eda \u2665Oui Oui\u2665","date":"30 octubre, 2015","format":false,"excerpt":"Parece que los monopatines han llegado para quedarse, mirad esta opci\u00f3n de longboard con carrito para que todos nos lo pasemos como ni\u00f1os... La marca Quinny, despu\u00e9s de dos a\u00f1os de desarrollo lanza el longboardstroller, un nuevo enfoque de la movilidad de padres e hijos, m\u00e1s divertido pero con todos\u2026","rel":"","context":"En \u00abA un hombre\/ novio\/ marido\/ padre\u00bb","block_context":{"text":"A un hombre\/ novio\/ marido\/ padre","link":"https:\/\/oui-oui.es\/blog\/category\/no-se-que-regalar\/a-un-hombrenoviomaridopadre\/"},"img":{"alt_text":"","src":"https:\/\/i0.wp.com\/oui-oui.es\/blog\/wp-content\/uploads\/2015\/10\/Oui-Oui-carrito-patinete-quinny-longboardstroller-patinete-con-silla-de-ni%C3%B1o-3.jpg?resize=350%2C200&ssl=1","width":350,"height":200,"srcset":"https:\/\/i0.wp.com\/oui-oui.es\/blog\/wp-content\/uploads\/2015\/10\/Oui-Oui-carrito-patinete-quinny-longboardstroller-patinete-con-silla-de-ni%C3%B1o-3.jpg?resize=350%2C200&ssl=1 1x, https:\/\/i0.wp.com\/oui-oui.es\/blog\/wp-content\/uploads\/2015\/10\/Oui-Oui-carrito-patinete-quinny-longboardstroller-patinete-con-silla-de-ni%C3%B1o-3.jpg?resize=525%2C300&ssl=1 1.5x, https:\/\/i0.wp.com\/oui-oui.es\/blog\/wp-content\/uploads\/2015\/10\/Oui-Oui-carrito-patinete-quinny-longboardstroller-patinete-con-silla-de-ni%C3%B1o-3.jpg?resize=700%2C400&ssl=1 2x"},"classes":[]},{"id":3663,"url":"https:\/\/oui-oui.es\/blog\/la-wishlist-para-frida\/","url_meta":{"origin":3638,"position":5},"title":"La wishlist para Frida","author":"Mar\u00eda \u2665Oui Oui\u2665","date":"4 noviembre, 2015","format":false,"excerpt":"A\u00fan quedan un poco m\u00e1s de tres meses pero es ahora cuando empiezo a tener las ganas de ver y buscar cosas para Frida (as\u00ed se llamar\u00e1 la ni\u00f1a que esperamos para febrero!) as\u00ed que voy a ir recopil\u00e1ndolas en mis wishlist para que no se me olviden. Hay dos\u2026","rel":"","context":"En \u00abMATERNIDAD\u00bb","block_context":{"text":"MATERNIDAD","link":"https:\/\/oui-oui.es\/blog\/category\/maternidad\/"},"img":{"alt_text":"","src":"https:\/\/i0.wp.com\/oui-oui.es\/blog\/wp-content\/uploads\/2015\/11\/Oui-Oui-libro-frida-kahlo-ni%C3%B1os-coleccion-mujeres-cuentos-ni%C3%B1os-cuento-frida-ed-alba.jpg?resize=350%2C200&ssl=1","width":350,"height":200},"classes":[]}],"_links":{"self":[{"href":"https:\/\/oui-oui.es\/blog\/wp-json\/wp\/v2\/posts\/3638","targetHints":{"allow":["GET"]}}],"collection":[{"href":"https:\/\/oui-oui.es\/blog\/wp-json\/wp\/v2\/posts"}],"about":[{"href":"https:\/\/oui-oui.es\/blog\/wp-json\/wp\/v2\/types\/post"}],"author":[{"embeddable":true,"href":"https:\/\/oui-oui.es\/blog\/wp-json\/wp\/v2\/users\/1"}],"replies":[{"embeddable":true,"href":"https:\/\/oui-oui.es\/blog\/wp-json\/wp\/v2\/comments?post=3638"}],"version-history":[{"count":2,"href":"https:\/\/oui-oui.es\/blog\/wp-json\/wp\/v2\/posts\/3638\/revisions"}],"predecessor-version":[{"id":3642,"href":"https:\/\/oui-oui.es\/blog\/wp-json\/wp\/v2\/posts\/3638\/revisions\/3642"}],"wp:featuredmedia":[{"embeddable":true,"href":"https:\/\/oui-oui.es\/blog\/wp-json\/wp\/v2\/media\/3640"}],"wp:attachment":[{"href":"https:\/\/oui-oui.es\/blog\/wp-json\/wp\/v2\/media?parent=3638"}],"wp:term":[{"taxonomy":"category","embeddable":true,"href":"https:\/\/oui-oui.es\/blog\/wp-json\/wp\/v2\/categories?post=3638"},{"taxonomy":"post_tag","embeddable":true,"href":"https:\/\/oui-oui.es\/blog\/wp-json\/wp\/v2\/tags?post=3638"}],"curies":[{"name":"wp","href":"https:\/\/api.w.org\/{rel}","templated":true}]}}